{"id":13003,"date":"2023-04-24T12:52:58","date_gmt":"2023-04-24T10:52:58","guid":{"rendered":"https:\/\/www.asajacyl.com\/palencia\/?p=13003"},"modified":"2023-04-24T12:55:36","modified_gmt":"2023-04-24T10:55:36","slug":"el-gobierno-de-espana-preve-una-inversion-publico-privada-de-1-250-millones-de-e-en-regadios-hasta-2027","status":"publish","type":"post","link":"https:\/\/www.asajacyl.com\/palencia\/asaja-palencia-informa\/el-gobierno-de-espana-preve-una-inversion-publico-privada-de-1-250-millones-de-e-en-regadios-hasta-2027","title":{"rendered":"El Gobierno de Espa\u00f1a prev\u00e9 una inversi\u00f3n p\u00fablico-privada de 1.250 millones de \u20ac en regad\u00edos hasta 2027"},"content":{"rendered":"\n<h2 class=\"wp-block-heading\">El Ministerio de Agricultura reconoce que un regad\u00edo sostenible es clave para garantizar la autonom\u00eda alimentaria<\/h2>\n\n\n\n<p>El ministro de Agricultura, Pesca y Alimentaci\u00f3n, Luis Planas, ha presentado en Consejo de Ministros el Informe sobre la Pol\u00edtica de<br>Regad\u00edo Sostenible en el marco del Plan de Recuperaci\u00f3n, Transformaci\u00f3n y Resiliencia (PRTR), que apuesta por la sostenibilidad a trav\u00e9s de la modernizaci\u00f3n de los regad\u00edos y trata de dar respuesta coherente a la reducci\u00f3n de la disponibilidad de agua, con el fin de asegurar la autonom\u00eda alimentaria de Espa\u00f1a.<\/p>\n\n\n\n<p>El informe prev\u00e9 una inversi\u00f3n p\u00fablico-privada de m\u00e1s de 1.250 millones de euros en el PRTR entre los a\u00f1os 2022 y 2027 en colaboraci\u00f3n con 95 comunidades de regantes se van a modernizar 750.000 hect\u00e1reas para lograr una mayor eficiencia (se estima que se producir\u00e1 un ahorro del 10 % en el consumo de agua), reducir tambi\u00e9n el consumo energ\u00e9tico y el uso de productos fertilizantes y fitosanitarios.<\/p>\n\n\n\n<p>Planas afirma que el Gobierno est\u00e1 comprometido con el regad\u00edo sostenible y reconoce que resulta clave para afrontar los retos del<br>cambio clim\u00e1tico en la agricultura y potenciar un modelo de producci\u00f3n de alimentos que d\u00e9 respuesta a las demandas de la poblaci\u00f3n y contribuya as\u00ed a la seguridad alimentaria.<\/p>\n\n\n\n<p>En total, con las diferentes actuaciones, incluidas la programaci\u00f3n ordinaria del Ministerio de Agricultura, Pesca y Alimentaci\u00f3n al margen del PRTR, la inversi\u00f3n del Gobierno en regad\u00edos hasta 2027 ascender\u00e1 a 2.130 millones de euros.<\/p>\n\n\n\n<p><strong>IMPORTANCIA ESTRAT\u00c9GICA.<\/strong> De la importancia estrat\u00e9gica de la producci\u00f3n en regad\u00edos espa\u00f1ola da idea que, si bien apenas suponen el 23 % de la superficie total cultivada (3,8 millones de hect\u00e1reas), generan el 65 % de la producci\u00f3n vegetal. El regad\u00edo multiplica por seis la productividad agr\u00edcola, genera una renta cuatro veces superior a los agricultores, y el triple de empleo que las dem\u00e1s producciones, seg\u00fan destac\u00f3 el ministro.<\/p>\n\n\n\n<p>El plan para la modernizaci\u00f3n de regad\u00edos implica apostar por la transformaci\u00f3n digital del sector, mayor ambici\u00f3n ambiental con el uso de aguas no convencionales, ya sean desaladas o reutilizadas, e incorporar a\u00fan m\u00e1s las energ\u00edas renovables a los sistemas de riego. \/<\/p>\n","protected":false},"excerpt":{"rendered":"<p>El Ministerio de Agricultura reconoce que un regad\u00edo sostenible es clave para garantizar la autonom\u00eda alimentaria El ministro de Agricultura, Pesca y Alimentaci\u00f3n, Luis Planas, ha presentado en Consejo de Ministros el Informe sobre la Pol\u00edtica deRegad\u00edo Sostenible en el marco del Plan de Recuperaci\u00f3n, Transformaci\u00f3n y Resiliencia (PRTR), que apuesta por la sostenibilidad a [&hellip;]<\/p>\n","protected":false},"author":9,"featured_media":12832,"comment_status":"open","ping_status":"open","sticky":false,"template":"","format":"standard","meta":{"footnotes":""},"categories":[9,29,28],"tags":[58,132,110,55,131,93],"yoast_head":"<!-- This site is optimized with the Yoast SEO plugin v24.5 - https:\/\/yoast.com\/wordpress\/plugins\/seo\/ -->\n<title>El Gobierno de Espa\u00f1a prev\u00e9 una inversi\u00f3n p\u00fablico-privada de 1.250 millones de \u20ac en regad\u00edos hasta 2027 - ASAJA Palencia<\/title>\n<meta name=\"description\" content=\"El Ministerio de Agricultura reconoce que un regad\u00edo sostenible es clave para garantizar la autonom\u00eda alimentaria El ministro de Agricultura, Pesca y\" \/>\n<meta name=\"robots\" content=\"index, follow, max-snippet:-1, max-image-preview:large, max-video-preview:-1\" \/>\n<link rel=\"canonical\" href=\"https:\/\/www.asajacyl.com\/palencia\/asaja-palencia-informa\/el-gobierno-de-espana-preve-una-inversion-publico-privada-de-1-250-millones-de-e-en-regadios-hasta-2027\" \/>\n<meta property=\"og:locale\" content=\"es_ES\" \/>\n<meta property=\"og:type\" content=\"article\" \/>\n<meta property=\"og:title\" content=\"El Gobierno de Espa\u00f1a prev\u00e9 una inversi\u00f3n p\u00fablico-privada de 1.250 millones de \u20ac en regad\u00edos hasta 2027 - ASAJA Palencia\" \/>\n<meta property=\"og:description\" content=\"El Ministerio de Agricultura reconoce que un regad\u00edo sostenible es clave para garantizar la autonom\u00eda alimentaria El ministro de Agricultura, Pesca y\" \/>\n<meta property=\"og:url\" content=\"https:\/\/www.asajacyl.com\/palencia\/asaja-palencia-informa\/el-gobierno-de-espana-preve-una-inversion-publico-privada-de-1-250-millones-de-e-en-regadios-hasta-2027\" \/>\n<meta property=\"og:site_name\" content=\"ASAJA Palencia\" \/>\n<meta property=\"article:published_time\" content=\"2023-04-24T10:52:58+00:00\" \/>\n<meta property=\"article:modified_time\" content=\"2023-04-24T10:55:36+00:00\" \/>\n<meta property=\"og:image\" content=\"https:\/\/www.asajacyl.com\/palencia\/wp-content\/uploads\/sites\/3\/2023\/04\/REGADIO-2.jpg\" \/>\n\t<meta property=\"og:image:width\" content=\"2500\" \/>\n\t<meta property=\"og:image:height\" content=\"1650\" \/>\n\t<meta property=\"og:image:type\" content=\"image\/jpeg\" \/>\n<meta name=\"author\" content=\"Administrador\" \/>\n<meta name=\"twitter:card\" content=\"summary_large_image\" \/>\n<meta name=\"twitter:label1\" content=\"Escrito por\" \/>\n\t<meta name=\"twitter:data1\" content=\"Administrador\" \/>\n\t<meta name=\"twitter:label2\" content=\"Tiempo de lectura\" \/>\n\t<meta name=\"twitter:data2\" content=\"2 minutos\" \/>\n<script type=\"application\/ld+json\" class=\"yoast-schema-graph\">{\"@context\":\"https:\/\/schema.org\",\"@graph\":[{\"@type\":\"WebPage\",\"@id\":\"https:\/\/www.asajacyl.com\/palencia\/asaja-palencia-informa\/el-gobierno-de-espana-preve-una-inversion-publico-privada-de-1-250-millones-de-e-en-regadios-hasta-2027\",\"url\":\"https:\/\/www.asajacyl.com\/palencia\/asaja-palencia-informa\/el-gobierno-de-espana-preve-una-inversion-publico-privada-de-1-250-millones-de-e-en-regadios-hasta-2027\",\"name\":\"El Gobierno de Espa\u00f1a prev\u00e9 una inversi\u00f3n p\u00fablico-privada de 1.250 millones de \u20ac en regad\u00edos hasta 2027 - ASAJA Palencia\",\"isPartOf\":{\"@id\":\"https:\/\/www.asajacyl.com\/palencia\/#website\"},\"primaryImageOfPage\":{\"@id\":\"https:\/\/www.asajacyl.com\/palencia\/asaja-palencia-informa\/el-gobierno-de-espana-preve-una-inversion-publico-privada-de-1-250-millones-de-e-en-regadios-hasta-2027#primaryimage\"},\"image\":{\"@id\":\"https:\/\/www.asajacyl.com\/palencia\/asaja-palencia-informa\/el-gobierno-de-espana-preve-una-inversion-publico-privada-de-1-250-millones-de-e-en-regadios-hasta-2027#primaryimage\"},\"thumbnailUrl\":\"https:\/\/www.asajacyl.com\/palencia\/wp-content\/uploads\/sites\/3\/2023\/04\/REGADIO-2.jpg\",\"datePublished\":\"2023-04-24T10:52:58+00:00\",\"dateModified\":\"2023-04-24T10:55:36+00:00\",\"author\":{\"@id\":\"https:\/\/www.asajacyl.com\/palencia\/#\/schema\/person\/3ab17aeb03527485c317557fae64aab1\"},\"description\":\"El Ministerio de Agricultura reconoce que un regad\u00edo sostenible es clave para garantizar la autonom\u00eda alimentaria El ministro de Agricultura, Pesca y\",\"breadcrumb\":{\"@id\":\"https:\/\/www.asajacyl.com\/palencia\/asaja-palencia-informa\/el-gobierno-de-espana-preve-una-inversion-publico-privada-de-1-250-millones-de-e-en-regadios-hasta-2027#breadcrumb\"},\"inLanguage\":\"es\",\"potentialAction\":[{\"@type\":\"ReadAction\",\"target\":[\"https:\/\/www.asajacyl.com\/palencia\/asaja-palencia-informa\/el-gobierno-de-espana-preve-una-inversion-publico-privada-de-1-250-millones-de-e-en-regadios-hasta-2027\"]}]},{\"@type\":\"ImageObject\",\"inLanguage\":\"es\",\"@id\":\"https:\/\/www.asajacyl.com\/palencia\/asaja-palencia-informa\/el-gobierno-de-espana-preve-una-inversion-publico-privada-de-1-250-millones-de-e-en-regadios-hasta-2027#primaryimage\",\"url\":\"https:\/\/www.asajacyl.com\/palencia\/wp-content\/uploads\/sites\/3\/2023\/04\/REGADIO-2.jpg\",\"contentUrl\":\"https:\/\/www.asajacyl.com\/palencia\/wp-content\/uploads\/sites\/3\/2023\/04\/REGADIO-2.jpg\",\"width\":2500,\"height\":1650},{\"@type\":\"BreadcrumbList\",\"@id\":\"https:\/\/www.asajacyl.com\/palencia\/asaja-palencia-informa\/el-gobierno-de-espana-preve-una-inversion-publico-privada-de-1-250-millones-de-e-en-regadios-hasta-2027#breadcrumb\",\"itemListElement\":[{\"@type\":\"ListItem\",\"position\":1,\"name\":\"Portada\",\"item\":\"https:\/\/www.asajacyl.com\/palencia\/\"},{\"@type\":\"ListItem\",\"position\":2,\"name\":\"El Gobierno de Espa\u00f1a prev\u00e9 una inversi\u00f3n p\u00fablico-privada de 1.250 millones de \u20ac en regad\u00edos hasta 2027\"}]},{\"@type\":\"WebSite\",\"@id\":\"https:\/\/www.asajacyl.com\/palencia\/#website\",\"url\":\"https:\/\/www.asajacyl.com\/palencia\/\",\"name\":\"ASAJA Palencia\",\"description\":\"Otro sitio m\u00e1s de Provincias ASAJA Castilla y Le\u00f3n\",\"potentialAction\":[{\"@type\":\"SearchAction\",\"target\":{\"@type\":\"EntryPoint\",\"urlTemplate\":\"https:\/\/www.asajacyl.com\/palencia\/?s={search_term_string}\"},\"query-input\":{\"@type\":\"PropertyValueSpecification\",\"valueRequired\":true,\"valueName\":\"search_term_string\"}}],\"inLanguage\":\"es\"},{\"@type\":\"Person\",\"@id\":\"https:\/\/www.asajacyl.com\/palencia\/#\/schema\/person\/3ab17aeb03527485c317557fae64aab1\",\"name\":\"Administrador\",\"image\":{\"@type\":\"ImageObject\",\"inLanguage\":\"es\",\"@id\":\"https:\/\/www.asajacyl.com\/palencia\/#\/schema\/person\/image\/\",\"url\":\"https:\/\/secure.gravatar.com\/avatar\/517384810d242ca9e38c180f3c9fb973?s=96&d=mm&r=g\",\"contentUrl\":\"https:\/\/secure.gravatar.com\/avatar\/517384810d242ca9e38c180f3c9fb973?s=96&d=mm&r=g\",\"caption\":\"Administrador\"},\"url\":\"https:\/\/www.asajacyl.com\/palencia\/author\/carlosrm\"}]}<\/script>\n<!-- \/ Yoast SEO plugin. -->","yoast_head_json":{"title":"El Gobierno de Espa\u00f1a prev\u00e9 una inversi\u00f3n p\u00fablico-privada de 1.250 millones de \u20ac en regad\u00edos hasta 2027 - ASAJA Palencia","description":"El Ministerio de Agricultura reconoce que un regad\u00edo sostenible es clave para garantizar la autonom\u00eda alimentaria El ministro de Agricultura, Pesca y","robots":{"index":"index","follow":"follow","max-snippet":"max-snippet:-1","max-image-preview":"max-image-preview:large","max-video-preview":"max-video-preview:-1"},"canonical":"https:\/\/www.asajacyl.com\/palencia\/asaja-palencia-informa\/el-gobierno-de-espana-preve-una-inversion-publico-privada-de-1-250-millones-de-e-en-regadios-hasta-2027","og_locale":"es_ES","og_type":"article","og_title":"El Gobierno de Espa\u00f1a prev\u00e9 una inversi\u00f3n p\u00fablico-privada de 1.250 millones de \u20ac en regad\u00edos hasta 2027 - ASAJA Palencia","og_description":"El Ministerio de Agricultura reconoce que un regad\u00edo sostenible es clave para garantizar la autonom\u00eda alimentaria El ministro de Agricultura, Pesca y","og_url":"https:\/\/www.asajacyl.com\/palencia\/asaja-palencia-informa\/el-gobierno-de-espana-preve-una-inversion-publico-privada-de-1-250-millones-de-e-en-regadios-hasta-2027","og_site_name":"ASAJA Palencia","article_published_time":"2023-04-24T10:52:58+00:00","article_modified_time":"2023-04-24T10:55:36+00:00","og_image":[{"width":2500,"height":1650,"url":"https:\/\/www.asajacyl.com\/palencia\/wp-content\/uploads\/sites\/3\/2023\/04\/REGADIO-2.jpg","type":"image\/jpeg"}],"author":"Administrador","twitter_card":"summary_large_image","twitter_misc":{"Escrito por":"Administrador","Tiempo de lectura":"2 minutos"},"schema":{"@context":"https:\/\/schema.org","@graph":[{"@type":"WebPage","@id":"https:\/\/www.asajacyl.com\/palencia\/asaja-palencia-informa\/el-gobierno-de-espana-preve-una-inversion-publico-privada-de-1-250-millones-de-e-en-regadios-hasta-2027","url":"https:\/\/www.asajacyl.com\/palencia\/asaja-palencia-informa\/el-gobierno-de-espana-preve-una-inversion-publico-privada-de-1-250-millones-de-e-en-regadios-hasta-2027","name":"El Gobierno de Espa\u00f1a prev\u00e9 una inversi\u00f3n p\u00fablico-privada de 1.250 millones de \u20ac en regad\u00edos hasta 2027 - ASAJA Palencia","isPartOf":{"@id":"https:\/\/www.asajacyl.com\/palencia\/#website"},"primaryImageOfPage":{"@id":"https:\/\/www.asajacyl.com\/palencia\/asaja-palencia-informa\/el-gobierno-de-espana-preve-una-inversion-publico-privada-de-1-250-millones-de-e-en-regadios-hasta-2027#primaryimage"},"image":{"@id":"https:\/\/www.asajacyl.com\/palencia\/asaja-palencia-informa\/el-gobierno-de-espana-preve-una-inversion-publico-privada-de-1-250-millones-de-e-en-regadios-hasta-2027#primaryimage"},"thumbnailUrl":"https:\/\/www.asajacyl.com\/palencia\/wp-content\/uploads\/sites\/3\/2023\/04\/REGADIO-2.jpg","datePublished":"2023-04-24T10:52:58+00:00","dateModified":"2023-04-24T10:55:36+00:00","author":{"@id":"https:\/\/www.asajacyl.com\/palencia\/#\/schema\/person\/3ab17aeb03527485c317557fae64aab1"},"description":"El Ministerio de Agricultura reconoce que un regad\u00edo sostenible es clave para garantizar la autonom\u00eda alimentaria El ministro de Agricultura, Pesca y","breadcrumb":{"@id":"https:\/\/www.asajacyl.com\/palencia\/asaja-palencia-informa\/el-gobierno-de-espana-preve-una-inversion-publico-privada-de-1-250-millones-de-e-en-regadios-hasta-2027#breadcrumb"},"inLanguage":"es","potentialAction":[{"@type":"ReadAction","target":["https:\/\/www.asajacyl.com\/palencia\/asaja-palencia-informa\/el-gobierno-de-espana-preve-una-inversion-publico-privada-de-1-250-millones-de-e-en-regadios-hasta-2027"]}]},{"@type":"ImageObject","inLanguage":"es","@id":"https:\/\/www.asajacyl.com\/palencia\/asaja-palencia-informa\/el-gobierno-de-espana-preve-una-inversion-publico-privada-de-1-250-millones-de-e-en-regadios-hasta-2027#primaryimage","url":"https:\/\/www.asajacyl.com\/palencia\/wp-content\/uploads\/sites\/3\/2023\/04\/REGADIO-2.jpg","contentUrl":"https:\/\/www.asajacyl.com\/palencia\/wp-content\/uploads\/sites\/3\/2023\/04\/REGADIO-2.jpg","width":2500,"height":1650},{"@type":"BreadcrumbList","@id":"https:\/\/www.asajacyl.com\/palencia\/asaja-palencia-informa\/el-gobierno-de-espana-preve-una-inversion-publico-privada-de-1-250-millones-de-e-en-regadios-hasta-2027#breadcrumb","itemListElement":[{"@type":"ListItem","position":1,"name":"Portada","item":"https:\/\/www.asajacyl.com\/palencia\/"},{"@type":"ListItem","position":2,"name":"El Gobierno de Espa\u00f1a prev\u00e9 una inversi\u00f3n p\u00fablico-privada de 1.250 millones de \u20ac en regad\u00edos hasta 2027"}]},{"@type":"WebSite","@id":"https:\/\/www.asajacyl.com\/palencia\/#website","url":"https:\/\/www.asajacyl.com\/palencia\/","name":"ASAJA Palencia","description":"Otro sitio m\u00e1s de Provincias ASAJA Castilla y Le\u00f3n","potentialAction":[{"@type":"SearchAction","target":{"@type":"EntryPoint","urlTemplate":"https:\/\/www.asajacyl.com\/palencia\/?s={search_term_string}"},"query-input":{"@type":"PropertyValueSpecification","valueRequired":true,"valueName":"search_term_string"}}],"inLanguage":"es"},{"@type":"Person","@id":"https:\/\/www.asajacyl.com\/palencia\/#\/schema\/person\/3ab17aeb03527485c317557fae64aab1","name":"Administrador","image":{"@type":"ImageObject","inLanguage":"es","@id":"https:\/\/www.asajacyl.com\/palencia\/#\/schema\/person\/image\/","url":"https:\/\/secure.gravatar.com\/avatar\/517384810d242ca9e38c180f3c9fb973?s=96&d=mm&r=g","contentUrl":"https:\/\/secure.gravatar.com\/avatar\/517384810d242ca9e38c180f3c9fb973?s=96&d=mm&r=g","caption":"Administrador"},"url":"https:\/\/www.asajacyl.com\/palencia\/author\/carlosrm"}]}},"_links":{"self":[{"href":"https:\/\/www.asajacyl.com\/palencia\/wp-json\/wp\/v2\/posts\/13003"}],"collection":[{"href":"https:\/\/www.asajacyl.com\/palencia\/wp-json\/wp\/v2\/posts"}],"about":[{"href":"https:\/\/www.asajacyl.com\/palencia\/wp-json\/wp\/v2\/types\/post"}],"author":[{"embeddable":true,"href":"https:\/\/www.asajacyl.com\/palencia\/wp-json\/wp\/v2\/users\/9"}],"replies":[{"embeddable":true,"href":"https:\/\/www.asajacyl.com\/palencia\/wp-json\/wp\/v2\/comments?post=13003"}],"version-history":[{"count":4,"href":"https:\/\/www.asajacyl.com\/palencia\/wp-json\/wp\/v2\/posts\/13003\/revisions"}],"predecessor-version":[{"id":13007,"href":"https:\/\/www.asajacyl.com\/palencia\/wp-json\/wp\/v2\/posts\/13003\/revisions\/13007"}],"wp:featuredmedia":[{"embeddable":true,"href":"https:\/\/www.asajacyl.com\/palencia\/wp-json\/wp\/v2\/media\/12832"}],"wp:attachment":[{"href":"https:\/\/www.asajacyl.com\/palencia\/wp-json\/wp\/v2\/media?parent=13003"}],"wp:term":[{"taxonomy":"category","embeddable":true,"href":"https:\/\/www.asajacyl.com\/palencia\/wp-json\/wp\/v2\/categories?post=13003"},{"taxonomy":"post_tag","embeddable":true,"href":"https:\/\/www.asajacyl.com\/palencia\/wp-json\/wp\/v2\/tags?post=13003"}],"curies":[{"name":"wp","href":"https:\/\/api.w.org\/{rel}","templated":true}]}}