{"id":13015,"date":"2023-04-25T09:58:34","date_gmt":"2023-04-25T07:58:34","guid":{"rendered":"https:\/\/www.asajacyl.com\/palencia\/?p=13015"},"modified":"2023-04-25T11:56:30","modified_gmt":"2023-04-25T09:56:30","slug":"la-chd-confirma-a-los-regantes-las-asignaciones-de-la-actual-campana-condicionados-a-la-evolucion-meteorologica","status":"publish","type":"post","link":"https:\/\/www.asajacyl.com\/palencia\/asaja-palencia-informa\/la-chd-confirma-a-los-regantes-las-asignaciones-de-la-actual-campana-condicionados-a-la-evolucion-meteorologica","title":{"rendered":"La CHD confirma a los regantes las asignaciones de la actual campa\u00f1a, condicionadas a la evoluci\u00f3n meteorol\u00f3gica"},"content":{"rendered":"\n<h2 class=\"wp-block-heading\">Los embalses del sistema Carri\u00f3n han perdido en la \u00faltima semana 8,3 hect\u00f3metros c\u00fabicos de reserva, frente a los 4,3 hect\u00f3metros de descenso en los del Pisuerga, sistema que ya inici\u00f3 el a\u00f1o hidrol\u00f3gico con una de las cuatro peores situaciones de los \u00faltimos veinticinco a\u00f1os, y que se ha visto afectado por aportaciones muy inferiores tanto en marzo como en abril con respecto a los promedios de estos meses en el periodo 1990-2022.<\/h2>\n\n\n\n<p>La Confederaci\u00f3n Hidrogr\u00e1fica del Duero, organismo aut\u00f3nomo adscrito al Ministerio para la Transici\u00f3n Ecol\u00f3gica y el Reto Demogr\u00e1fico, ha mantenido esta semana reuniones con los regantes de los sistemas Pisuerga-Bajo Duero y Carri\u00f3n para analizar el inicio de la campa\u00f1a de riego, donde ha confirmado las asignaciones de 3.500 y 4.500 metros c\u00fabicos por hect\u00e1rea comunicadas hace unos d\u00edas.<\/p>\n\n\n\n<p>El organismo regulador mantiene estas reuniones para ofrecer un contacto permanente con los usuarios del agua en una campa\u00f1a de riego marcada por la escasez de precipitaciones en el final del invierno pasado y en la actual primavera, una situaci\u00f3n com\u00fan al conjunto del pa\u00eds. Seg\u00fan los datos de la Agencia Estatal de Meteorolog\u00eda, en m\u00e1s de la mitad de Espa\u00f1a no se registraron precipitaciones entre los d\u00edas 1 y 17 del mes de abril; y en el conjunto del pa\u00eds se registraron un promedio de tan solo cinco litros por metro cuadrado, lo que representa el 15% de la cantidad normal de esos primeros diecisiete d\u00edas de abril, cifras a todas luces insuficientes para las necesidades del campo en esta \u00e9poca del a\u00f1o.<\/p>\n\n\n\n<p><strong>MAL INICIO DEL A\u00d1O HIDROL\u00d3GICO. <\/strong>Similar comportamiento se ha registrado en la provincia de Palencia, con el agravante, por lo que respecta al sistema Pisuerga de que esta escasez de precipitaciones se a\u00f1ade a un mal inicio de a\u00f1o hidrol\u00f3gico, el cuarto peor arranque de los \u00faltimos veinticinco a\u00f1os para los embalses de Requejada, Cervera-Ruesga y Aguilar, con el 12% de reservas. Con una primera mitad de a\u00f1o hidrol\u00f3gico (1 de octubre de 2022-31 de marzo de 2023) muy seca, con aportaciones a esos embalses el 20% m\u00e1s bajas que las habituales, el panorama se presenta oscuro para los regantes.  Marzo aport\u00f3 al Pisuerga 33,3 hect\u00f3metros c\u00fabicos, sensiblemente por debajo de los 46,3 de promedio entre 1990 y 2022; y en las primeras tres semanas de abril se ha agravado el descenso, con una aportaci\u00f3n de 7,2 hm3, menos de la quinta parte de la media de los \u00faltimos treinta y dos a\u00f1os (38,3 hect\u00f3metros). <\/p>\n\n\n\n<p>Las aportaciones al sistema Carri\u00f3n no fueron tan relativamente bajas en marzo (34,6 hm<sup>3<\/sup>, frente a los 37,7 hm<sup>3<\/sup> de media entre 1990 y 2022), pero s\u00ed en las tres primeras semanas de abril, con una aportaci\u00f3n este a\u00f1o de tan solo 7,9 hm<sup>3<\/sup>, frente a los 36,8 hm<sup>3<\/sup> de media en ese hist\u00f3rico anterior de treinta y dos a\u00f1os, pr\u00e1cticamente tambi\u00e9n la quinta parte de ese promedio.<\/p>\n\n\n\n<p><strong>TODO EL SISTEMA. <\/strong>Como ya anunci\u00f3 la CHD el pasado 11 de abril, tras celebrarse la Junta de Gobierno, el sistema Pisuerga se ve afectado por la declaraci\u00f3n de situaci\u00f3n excepcional por sequ\u00eda extraordinaria y por las restricciones para el uso racional de agua que limita la dotaci\u00f3n m\u00e1xima para el riego a 3.500 metros c\u00fabicos por hect\u00e1rea. Por primera vez, seg\u00fan el organismo regulador, la medida incluye tanto a los regad\u00edos abastecidos a trav\u00e9s de los canales del Estado, como al resto de tomas de riego, es decir, todas las hect\u00e1reas de regad\u00edo del sistema.<\/p>\n\n\n\n<p>En el caso del Carri\u00f3n, la dotaci\u00f3n m\u00e1xima determinada a partir del volumen de embalse m\u00ednimo a disponer a final de a\u00f1o hidrol\u00f3gico es de 4.500 metros c\u00fabicos por hect\u00e1rea, pero en ambos sistemas los acuerdos de las Juntas de Explotaci\u00f3n y las medidas aprobadas por la CHD para la actual campa\u00f1a de riego podr\u00e1n revisarse en las pr\u00f3ximas semanas en funci\u00f3n de la evoluci\u00f3n de la primavera, que hasta la fecha no ha hecho sino oscurecer las perspectivas. <\/p>\n\n\n\n<p><strong>SEQU\u00cdA Y CALOR. <\/strong>Con estos antecedentes, la meteorolog\u00eda de mayo ser\u00e1 muy determinante para el desarrollo de la campa\u00f1a de 2023. La sequ\u00eda y el calor de estas primeras semanas de la campa\u00f1a de riego ha motivado que todos los sistemas de la cuenca del Duero hayan experimentado ya descenso en sus reservas (40 hect\u00f3metros c\u00fabicos en el conjunto de la cuenca), con 8,3 hm<sup>3<\/sup> de descensos en el sistema Carri\u00f3n; y de 4,5 hm3 en el sistema Pisuerga. <\/p>\n\n\n\n<p>La CHD destaca que el nivel de reservas global en los embalses de titularidad estatal que gestiona en toda la cuenca se sit\u00faa cerca del 75% (2.141,8 hm<sub><sup>3<\/sup><\/sub>), lo que se sit\u00faa ya diez puntos por debajo de la media. El m\u00e1ximo de reservas en la actual campa\u00f1a se alcanz\u00f3 a principios de abril, cuando lo habitual es que se produzca hacia finales de mayo. <\/p>\n\n\n\n<p>Las precipitaciones de importancia que pudieran producirse el pr\u00f3ximo mes ser\u00edan fundamentales para que la campa\u00f1a de riego pueda desarrollarse con mayor garant\u00eda en todos los sistemas de explotaci\u00f3n, reconoce el organismo, que recuerda que el marco legal vigente sit\u00faa el abastecimiento de la poblaci\u00f3n como el uso con preferencia absoluta sobre todos los dem\u00e1s, incluido el riego, criterio que rige el trabajo diario de la CHD, seg\u00fan ha se\u00f1alado la entidad en un comunicado tras reunirse con los regantes. <\/p>\n\n\n\n<figure class=\"wp-block-image size-large is-resized\"><img loading=\"lazy\" decoding=\"async\" src=\"https:\/\/www.asajacyl.com\/palencia\/wp-content\/uploads\/sites\/3\/2023\/04\/Sin-titulo-1-copia-1024x563.png\" alt=\"\" class=\"wp-image-13016\" width=\"1064\" height=\"586\" srcset=\"https:\/\/www.asajacyl.com\/palencia\/wp-content\/uploads\/sites\/3\/2023\/04\/Sin-titulo-1-copia-1024x563.png 1024w, https:\/\/www.asajacyl.com\/palencia\/wp-content\/uploads\/sites\/3\/2023\/04\/Sin-titulo-1-copia-300x165.png 300w, https:\/\/www.asajacyl.com\/palencia\/wp-content\/uploads\/sites\/3\/2023\/04\/Sin-titulo-1-copia-768x423.png 768w, https:\/\/www.asajacyl.com\/palencia\/wp-content\/uploads\/sites\/3\/2023\/04\/Sin-titulo-1-copia-696x383.png 696w, https:\/\/www.asajacyl.com\/palencia\/wp-content\/uploads\/sites\/3\/2023\/04\/Sin-titulo-1-copia-1068x588.png 1068w, https:\/\/www.asajacyl.com\/palencia\/wp-content\/uploads\/sites\/3\/2023\/04\/Sin-titulo-1-copia-763x420.png 763w, https:\/\/www.asajacyl.com\/palencia\/wp-content\/uploads\/sites\/3\/2023\/04\/Sin-titulo-1-copia.png 1423w\" sizes=\"(max-width: 1064px) 100vw, 1064px\" \/><figcaption class=\"wp-element-caption\">  FUENTE: CONFEDERACI\u00d3N HIDROGR\u00c1FICA DEL DUERO<\/figcaption><\/figure>\n","protected":false},"excerpt":{"rendered":"<p>Los embalses del sistema Carri\u00f3n han perdido en la \u00faltima semana 8,3 hect\u00f3metros c\u00fabicos de reserva, frente a los 4,3 hect\u00f3metros de descenso en los del Pisuerga, sistema que ya inici\u00f3 el a\u00f1o hidrol\u00f3gico con una de las cuatro peores situaciones de los \u00faltimos veinticinco a\u00f1os, y que se ha visto afectado por aportaciones muy [&hellip;]<\/p>\n","protected":false},"author":9,"featured_media":11302,"comment_status":"open","ping_status":"open","sticky":false,"template":"","format":"standard","meta":{"footnotes":""},"categories":[9,29,28],"tags":[58,83,134,92,55,93,136,135],"yoast_head":"<!-- This site is optimized with the Yoast SEO plugin v24.5 - https:\/\/yoast.com\/wordpress\/plugins\/seo\/ -->\n<title>La CHD confirma a los regantes las asignaciones de la actual campa\u00f1a, condicionadas a la evoluci\u00f3n meteorol\u00f3gica - ASAJA Palencia<\/title>\n<meta name=\"description\" content=\"Los embalses del sistema Carri\u00f3n han perdido en la \u00faltima semana 8,3 hect\u00f3metros c\u00fabicos de reserva, frente a los 4,3 hect\u00f3metros de descenso en los del\" \/>\n<meta name=\"robots\" content=\"index, follow, max-snippet:-1, max-image-preview:large, max-video-preview:-1\" \/>\n<link rel=\"canonical\" href=\"https:\/\/www.asajacyl.com\/palencia\/asaja-palencia-informa\/la-chd-confirma-a-los-regantes-las-asignaciones-de-la-actual-campana-condicionados-a-la-evolucion-meteorologica\" \/>\n<meta property=\"og:locale\" content=\"es_ES\" \/>\n<meta property=\"og:type\" content=\"article\" \/>\n<meta property=\"og:title\" content=\"La CHD confirma a los regantes las asignaciones de la actual campa\u00f1a, condicionadas a la evoluci\u00f3n meteorol\u00f3gica - ASAJA Palencia\" \/>\n<meta property=\"og:description\" content=\"Los embalses del sistema Carri\u00f3n han perdido en la \u00faltima semana 8,3 hect\u00f3metros c\u00fabicos de reserva, frente a los 4,3 hect\u00f3metros de descenso en los del\" \/>\n<meta property=\"og:url\" content=\"https:\/\/www.asajacyl.com\/palencia\/asaja-palencia-informa\/la-chd-confirma-a-los-regantes-las-asignaciones-de-la-actual-campana-condicionados-a-la-evolucion-meteorologica\" \/>\n<meta property=\"og:site_name\" content=\"ASAJA Palencia\" \/>\n<meta property=\"article:published_time\" content=\"2023-04-25T07:58:34+00:00\" \/>\n<meta property=\"article:modified_time\" content=\"2023-04-25T09:56:30+00:00\" \/>\n<meta property=\"og:image\" content=\"https:\/\/www.asajacyl.com\/palencia\/wp-content\/uploads\/sites\/3\/2022\/08\/EMBALSE-PALENCIA.jpg\" \/>\n\t<meta property=\"og:image:width\" content=\"1170\" \/>\n\t<meta property=\"og:image:height\" content=\"1535\" \/>\n\t<meta property=\"og:image:type\" content=\"image\/jpeg\" \/>\n<meta name=\"author\" content=\"Administrador\" \/>\n<meta name=\"twitter:card\" content=\"summary_large_image\" \/>\n<meta name=\"twitter:label1\" content=\"Escrito por\" \/>\n\t<meta name=\"twitter:data1\" content=\"Administrador\" \/>\n\t<meta name=\"twitter:label2\" content=\"Tiempo de lectura\" \/>\n\t<meta name=\"twitter:data2\" content=\"5 minutos\" \/>\n<script type=\"application\/ld+json\" class=\"yoast-schema-graph\">{\"@context\":\"https:\/\/schema.org\",\"@graph\":[{\"@type\":\"WebPage\",\"@id\":\"https:\/\/www.asajacyl.com\/palencia\/asaja-palencia-informa\/la-chd-confirma-a-los-regantes-las-asignaciones-de-la-actual-campana-condicionados-a-la-evolucion-meteorologica\",\"url\":\"https:\/\/www.asajacyl.com\/palencia\/asaja-palencia-informa\/la-chd-confirma-a-los-regantes-las-asignaciones-de-la-actual-campana-condicionados-a-la-evolucion-meteorologica\",\"name\":\"La CHD confirma a los regantes las asignaciones de la actual campa\u00f1a, condicionadas a la evoluci\u00f3n meteorol\u00f3gica - ASAJA Palencia\",\"isPartOf\":{\"@id\":\"https:\/\/www.asajacyl.com\/palencia\/#website\"},\"primaryImageOfPage\":{\"@id\":\"https:\/\/www.asajacyl.com\/palencia\/asaja-palencia-informa\/la-chd-confirma-a-los-regantes-las-asignaciones-de-la-actual-campana-condicionados-a-la-evolucion-meteorologica#primaryimage\"},\"image\":{\"@id\":\"https:\/\/www.asajacyl.com\/palencia\/asaja-palencia-informa\/la-chd-confirma-a-los-regantes-las-asignaciones-de-la-actual-campana-condicionados-a-la-evolucion-meteorologica#primaryimage\"},\"thumbnailUrl\":\"https:\/\/www.asajacyl.com\/palencia\/wp-content\/uploads\/sites\/3\/2022\/08\/EMBALSE-PALENCIA.jpg\",\"datePublished\":\"2023-04-25T07:58:34+00:00\",\"dateModified\":\"2023-04-25T09:56:30+00:00\",\"author\":{\"@id\":\"https:\/\/www.asajacyl.com\/palencia\/#\/schema\/person\/3ab17aeb03527485c317557fae64aab1\"},\"description\":\"Los embalses del sistema Carri\u00f3n han perdido en la \u00faltima semana 8,3 hect\u00f3metros c\u00fabicos de reserva, frente a los 4,3 hect\u00f3metros de descenso en los del\",\"breadcrumb\":{\"@id\":\"https:\/\/www.asajacyl.com\/palencia\/asaja-palencia-informa\/la-chd-confirma-a-los-regantes-las-asignaciones-de-la-actual-campana-condicionados-a-la-evolucion-meteorologica#breadcrumb\"},\"inLanguage\":\"es\",\"potentialAction\":[{\"@type\":\"ReadAction\",\"target\":[\"https:\/\/www.asajacyl.com\/palencia\/asaja-palencia-informa\/la-chd-confirma-a-los-regantes-las-asignaciones-de-la-actual-campana-condicionados-a-la-evolucion-meteorologica\"]}]},{\"@type\":\"ImageObject\",\"inLanguage\":\"es\",\"@id\":\"https:\/\/www.asajacyl.com\/palencia\/asaja-palencia-informa\/la-chd-confirma-a-los-regantes-las-asignaciones-de-la-actual-campana-condicionados-a-la-evolucion-meteorologica#primaryimage\",\"url\":\"https:\/\/www.asajacyl.com\/palencia\/wp-content\/uploads\/sites\/3\/2022\/08\/EMBALSE-PALENCIA.jpg\",\"contentUrl\":\"https:\/\/www.asajacyl.com\/palencia\/wp-content\/uploads\/sites\/3\/2022\/08\/EMBALSE-PALENCIA.jpg\",\"width\":1170,\"height\":1535},{\"@type\":\"BreadcrumbList\",\"@id\":\"https:\/\/www.asajacyl.com\/palencia\/asaja-palencia-informa\/la-chd-confirma-a-los-regantes-las-asignaciones-de-la-actual-campana-condicionados-a-la-evolucion-meteorologica#breadcrumb\",\"itemListElement\":[{\"@type\":\"ListItem\",\"position\":1,\"name\":\"Portada\",\"item\":\"https:\/\/www.asajacyl.com\/palencia\/\"},{\"@type\":\"ListItem\",\"position\":2,\"name\":\"La CHD confirma a los regantes las asignaciones de la actual campa\u00f1a, condicionadas a la evoluci\u00f3n meteorol\u00f3gica\"}]},{\"@type\":\"WebSite\",\"@id\":\"https:\/\/www.asajacyl.com\/palencia\/#website\",\"url\":\"https:\/\/www.asajacyl.com\/palencia\/\",\"name\":\"ASAJA Palencia\",\"description\":\"Otro sitio m\u00e1s de Provincias ASAJA Castilla y Le\u00f3n\",\"potentialAction\":[{\"@type\":\"SearchAction\",\"target\":{\"@type\":\"EntryPoint\",\"urlTemplate\":\"https:\/\/www.asajacyl.com\/palencia\/?s={search_term_string}\"},\"query-input\":{\"@type\":\"PropertyValueSpecification\",\"valueRequired\":true,\"valueName\":\"search_term_string\"}}],\"inLanguage\":\"es\"},{\"@type\":\"Person\",\"@id\":\"https:\/\/www.asajacyl.com\/palencia\/#\/schema\/person\/3ab17aeb03527485c317557fae64aab1\",\"name\":\"Administrador\",\"image\":{\"@type\":\"ImageObject\",\"inLanguage\":\"es\",\"@id\":\"https:\/\/www.asajacyl.com\/palencia\/#\/schema\/person\/image\/\",\"url\":\"https:\/\/secure.gravatar.com\/avatar\/517384810d242ca9e38c180f3c9fb973?s=96&d=mm&r=g\",\"contentUrl\":\"https:\/\/secure.gravatar.com\/avatar\/517384810d242ca9e38c180f3c9fb973?s=96&d=mm&r=g\",\"caption\":\"Administrador\"},\"url\":\"https:\/\/www.asajacyl.com\/palencia\/author\/carlosrm\"}]}<\/script>\n<!-- \/ Yoast SEO plugin. -->","yoast_head_json":{"title":"La CHD confirma a los regantes las asignaciones de la actual campa\u00f1a, condicionadas a la evoluci\u00f3n meteorol\u00f3gica - ASAJA Palencia","description":"Los embalses del sistema Carri\u00f3n han perdido en la \u00faltima semana 8,3 hect\u00f3metros c\u00fabicos de reserva, frente a los 4,3 hect\u00f3metros de descenso en los del","robots":{"index":"index","follow":"follow","max-snippet":"max-snippet:-1","max-image-preview":"max-image-preview:large","max-video-preview":"max-video-preview:-1"},"canonical":"https:\/\/www.asajacyl.com\/palencia\/asaja-palencia-informa\/la-chd-confirma-a-los-regantes-las-asignaciones-de-la-actual-campana-condicionados-a-la-evolucion-meteorologica","og_locale":"es_ES","og_type":"article","og_title":"La CHD confirma a los regantes las asignaciones de la actual campa\u00f1a, condicionadas a la evoluci\u00f3n meteorol\u00f3gica - ASAJA Palencia","og_description":"Los embalses del sistema Carri\u00f3n han perdido en la \u00faltima semana 8,3 hect\u00f3metros c\u00fabicos de reserva, frente a los 4,3 hect\u00f3metros de descenso en los del","og_url":"https:\/\/www.asajacyl.com\/palencia\/asaja-palencia-informa\/la-chd-confirma-a-los-regantes-las-asignaciones-de-la-actual-campana-condicionados-a-la-evolucion-meteorologica","og_site_name":"ASAJA Palencia","article_published_time":"2023-04-25T07:58:34+00:00","article_modified_time":"2023-04-25T09:56:30+00:00","og_image":[{"width":1170,"height":1535,"url":"https:\/\/www.asajacyl.com\/palencia\/wp-content\/uploads\/sites\/3\/2022\/08\/EMBALSE-PALENCIA.jpg","type":"image\/jpeg"}],"author":"Administrador","twitter_card":"summary_large_image","twitter_misc":{"Escrito por":"Administrador","Tiempo de lectura":"5 minutos"},"schema":{"@context":"https:\/\/schema.org","@graph":[{"@type":"WebPage","@id":"https:\/\/www.asajacyl.com\/palencia\/asaja-palencia-informa\/la-chd-confirma-a-los-regantes-las-asignaciones-de-la-actual-campana-condicionados-a-la-evolucion-meteorologica","url":"https:\/\/www.asajacyl.com\/palencia\/asaja-palencia-informa\/la-chd-confirma-a-los-regantes-las-asignaciones-de-la-actual-campana-condicionados-a-la-evolucion-meteorologica","name":"La CHD confirma a los regantes las asignaciones de la actual campa\u00f1a, condicionadas a la evoluci\u00f3n meteorol\u00f3gica - ASAJA Palencia","isPartOf":{"@id":"https:\/\/www.asajacyl.com\/palencia\/#website"},"primaryImageOfPage":{"@id":"https:\/\/www.asajacyl.com\/palencia\/asaja-palencia-informa\/la-chd-confirma-a-los-regantes-las-asignaciones-de-la-actual-campana-condicionados-a-la-evolucion-meteorologica#primaryimage"},"image":{"@id":"https:\/\/www.asajacyl.com\/palencia\/asaja-palencia-informa\/la-chd-confirma-a-los-regantes-las-asignaciones-de-la-actual-campana-condicionados-a-la-evolucion-meteorologica#primaryimage"},"thumbnailUrl":"https:\/\/www.asajacyl.com\/palencia\/wp-content\/uploads\/sites\/3\/2022\/08\/EMBALSE-PALENCIA.jpg","datePublished":"2023-04-25T07:58:34+00:00","dateModified":"2023-04-25T09:56:30+00:00","author":{"@id":"https:\/\/www.asajacyl.com\/palencia\/#\/schema\/person\/3ab17aeb03527485c317557fae64aab1"},"description":"Los embalses del sistema Carri\u00f3n han perdido en la \u00faltima semana 8,3 hect\u00f3metros c\u00fabicos de reserva, frente a los 4,3 hect\u00f3metros de descenso en los del","breadcrumb":{"@id":"https:\/\/www.asajacyl.com\/palencia\/asaja-palencia-informa\/la-chd-confirma-a-los-regantes-las-asignaciones-de-la-actual-campana-condicionados-a-la-evolucion-meteorologica#breadcrumb"},"inLanguage":"es","potentialAction":[{"@type":"ReadAction","target":["https:\/\/www.asajacyl.com\/palencia\/asaja-palencia-informa\/la-chd-confirma-a-los-regantes-las-asignaciones-de-la-actual-campana-condicionados-a-la-evolucion-meteorologica"]}]},{"@type":"ImageObject","inLanguage":"es","@id":"https:\/\/www.asajacyl.com\/palencia\/asaja-palencia-informa\/la-chd-confirma-a-los-regantes-las-asignaciones-de-la-actual-campana-condicionados-a-la-evolucion-meteorologica#primaryimage","url":"https:\/\/www.asajacyl.com\/palencia\/wp-content\/uploads\/sites\/3\/2022\/08\/EMBALSE-PALENCIA.jpg","contentUrl":"https:\/\/www.asajacyl.com\/palencia\/wp-content\/uploads\/sites\/3\/2022\/08\/EMBALSE-PALENCIA.jpg","width":1170,"height":1535},{"@type":"BreadcrumbList","@id":"https:\/\/www.asajacyl.com\/palencia\/asaja-palencia-informa\/la-chd-confirma-a-los-regantes-las-asignaciones-de-la-actual-campana-condicionados-a-la-evolucion-meteorologica#breadcrumb","itemListElement":[{"@type":"ListItem","position":1,"name":"Portada","item":"https:\/\/www.asajacyl.com\/palencia\/"},{"@type":"ListItem","position":2,"name":"La CHD confirma a los regantes las asignaciones de la actual campa\u00f1a, condicionadas a la evoluci\u00f3n meteorol\u00f3gica"}]},{"@type":"WebSite","@id":"https:\/\/www.asajacyl.com\/palencia\/#website","url":"https:\/\/www.asajacyl.com\/palencia\/","name":"ASAJA Palencia","description":"Otro sitio m\u00e1s de Provincias ASAJA Castilla y Le\u00f3n","potentialAction":[{"@type":"SearchAction","target":{"@type":"EntryPoint","urlTemplate":"https:\/\/www.asajacyl.com\/palencia\/?s={search_term_string}"},"query-input":{"@type":"PropertyValueSpecification","valueRequired":true,"valueName":"search_term_string"}}],"inLanguage":"es"},{"@type":"Person","@id":"https:\/\/www.asajacyl.com\/palencia\/#\/schema\/person\/3ab17aeb03527485c317557fae64aab1","name":"Administrador","image":{"@type":"ImageObject","inLanguage":"es","@id":"https:\/\/www.asajacyl.com\/palencia\/#\/schema\/person\/image\/","url":"https:\/\/secure.gravatar.com\/avatar\/517384810d242ca9e38c180f3c9fb973?s=96&d=mm&r=g","contentUrl":"https:\/\/secure.gravatar.com\/avatar\/517384810d242ca9e38c180f3c9fb973?s=96&d=mm&r=g","caption":"Administrador"},"url":"https:\/\/www.asajacyl.com\/palencia\/author\/carlosrm"}]}},"_links":{"self":[{"href":"https:\/\/www.asajacyl.com\/palencia\/wp-json\/wp\/v2\/posts\/13015"}],"collection":[{"href":"https:\/\/www.asajacyl.com\/palencia\/wp-json\/wp\/v2\/posts"}],"about":[{"href":"https:\/\/www.asajacyl.com\/palencia\/wp-json\/wp\/v2\/types\/post"}],"author":[{"embeddable":true,"href":"https:\/\/www.asajacyl.com\/palencia\/wp-json\/wp\/v2\/users\/9"}],"replies":[{"embeddable":true,"href":"https:\/\/www.asajacyl.com\/palencia\/wp-json\/wp\/v2\/comments?post=13015"}],"version-history":[{"count":7,"href":"https:\/\/www.asajacyl.com\/palencia\/wp-json\/wp\/v2\/posts\/13015\/revisions"}],"predecessor-version":[{"id":13023,"href":"https:\/\/www.asajacyl.com\/palencia\/wp-json\/wp\/v2\/posts\/13015\/revisions\/13023"}],"wp:featuredmedia":[{"embeddable":true,"href":"https:\/\/www.asajacyl.com\/palencia\/wp-json\/wp\/v2\/media\/11302"}],"wp:attachment":[{"href":"https:\/\/www.asajacyl.com\/palencia\/wp-json\/wp\/v2\/media?parent=13015"}],"wp:term":[{"taxonomy":"category","embeddable":true,"href":"https:\/\/www.asajacyl.com\/palencia\/wp-json\/wp\/v2\/categories?post=13015"},{"taxonomy":"post_tag","embeddable":true,"href":"https:\/\/www.asajacyl.com\/palencia\/wp-json\/wp\/v2\/tags?post=13015"}],"curies":[{"name":"wp","href":"https:\/\/api.w.org\/{rel}","templated":true}]}}