{"id":13027,"date":"2023-04-25T12:48:18","date_gmt":"2023-04-25T10:48:18","guid":{"rendered":"https:\/\/www.asajacyl.com\/palencia\/?p=13027"},"modified":"2023-04-25T12:50:07","modified_gmt":"2023-04-25T10:50:07","slug":"asaja-valora-la-revision-de-modulos-fiscales-para-el-campo-pero-lamenta-que-se-olvide-la-estimacion-directa","status":"publish","type":"post","link":"https:\/\/www.asajacyl.com\/palencia\/asaja-palencia-informa\/asaja-valora-la-revision-de-modulos-fiscales-para-el-campo-pero-lamenta-que-se-olvide-la-estimacion-directa","title":{"rendered":"ASAJA valora la revisi\u00f3n de m\u00f3dulos fiscales para el campo, pero lamenta que se olvide la estimaci\u00f3n directa"},"content":{"rendered":"\n<h2 class=\"wp-block-heading\">ASAJA de Castilla y Le\u00f3n ha recibido positivamente la revisi\u00f3n a la baja de los \u00edndices de rendimiento neto aplicables en el m\u00e9todo de Estimaci\u00f3n Objetiva (los denominados m\u00f3dulos) del Impuesto sobre la Renta de las Personas F\u00edsicas para actividades agr\u00edcolas y ganaderas en el periodo impositivo de 2022, publicados hoy por el Bolet\u00edn Oficial del Estado. No obstante, la organizaci\u00f3n profesional agraria critica que una vez m\u00e1s se queden al margen de estas reducciones fiscales quienes se encuentren en el r\u00e9gimen de estimaci\u00f3n directa.<\/h2>\n\n\n\n<p>Con la orden publicada hoy en el BOE, el Gobierno da respuesta a parte de las peticiones de\u00a0ASAJA, que ven\u00eda reclamando una reducci\u00f3n de la fiscalidad con motivo tanto de las inclemencias meteorol\u00f3gicas (principalmente la sequ\u00eda) como de circunstancias excepcionales, tales como las dificultades de mercado y el alza de los costes, que en 2022 afectaron a varias zonas y acarrearon p\u00e9rdidas en diversas producciones.<\/p>\n\n\n\n<p>ASAJA valora la reducci\u00f3n general sobre el rendimiento neto de m\u00f3dulos que estaba en el 15% y se eleva al 25% para las actividades agr\u00edcolas, ganaderas y forestales que determinen el rendimiento neto por el m\u00e9todo de estimaci\u00f3n objetiva.<\/p>\n\n\n\n<p>Tambi\u00e9n es positiva la reducci\u00f3n a la baja para toda Espa\u00f1a de los \u00edndices de todos los sectores ganaderos que han sufrido un importante aumento de los costes de producci\u00f3n, y muy particularmente se ha atendido a la apicultura, as\u00ed como de los cereales, leguminosas y oleaginosas, sin perjuicio de una reducci\u00f3n mayor en determinadas provincias y t\u00e9rminos municipales. Sin embargo, se han desatendido otras producciones agrarias, como los forrajes, frutales, l\u00fapulo, alubias o patatas, entre otros. La orden publicada hoy en el BOE incluye las reducciones que, con car\u00e1cter general, se aplican en todo el pa\u00eds, as\u00ed como las espec\u00edficas para Castilla y Le\u00f3n. <\/p>\n\n\n\n<p><strong>LOTER\u00cdA GEOGR\u00c1FICA.<\/strong> Adem\u00e1s, hay revisiones que tienen\u00a0car\u00e1cter provincial o municipal, en las que de nuevo se ha producido una especie de \u201cloter\u00eda\u201d donde situaciones similares se tratan de forma desigual. Tambi\u00e9n, ASAJA recuerda que es habitual una posterior publicaci\u00f3n de errores en la orden que regula esta materia, por lo que\u00a0la organizaci\u00f3n agraria revisar\u00e1 todas y cada una de las producciones para reclamar las cuestiones m\u00e1s importantes que no se hayan tenido en cuenta.<\/p>\n\n\n\n<p>El sistema fiscal de estimaci\u00f3n objetiva, m\u00e1s conocido como de m\u00f3dulos, es el mayoritario entre los profesionales del campo de Castilla y Le\u00f3n, pudiendo acogerse al mismo quienes tienen ingresos inferiores a 250.000 euros anuales. Este, junto con el simplificado del IVA, es el m\u00e9todo elegido por los agricultores debido a que tiene una menor carga burocr\u00e1tica y no obliga a llevar una contabilidad de gastos. <\/p>\n\n\n\n<p>Sin embargo, una parte importante obligatoriamente deben acogerse al sistema de estimaci\u00f3n directa, porque superan esos umbrales de ingresos, colectivo que sistem\u00e1ticamente resulta excluido de estas ventajas fiscales.<\/p>\n\n\n\n<p>Para cualquier consulta, ASAJA ofrece asesoramiento a los agricultores y ganaderos en su red de oficinas.<\/p>\n\n\n\n<p><strong>Con car\u00e1cter general, para todo el pa\u00eds se reducen los siguientes m\u00f3dulos:<\/strong><\/p>\n\n\n\n<p><strong>Sectores agr\u00edcolas:<\/strong><\/p>\n\n\n\n<ul>\n<li>Cereales de 0,26 a 0,18<\/li>\n\n\n\n<li>Leguminosas de 0,26 a 0,18<\/li>\n\n\n\n<li>Oleaginosas de 0,32 a 0,22<\/li>\n\n\n\n<li>Frutos secos: almendra de 0,26 a 0,13<\/li>\n\n\n\n<li>Frutos secos: casta\u00f1a de 0,26 a 0,18<\/li>\n\n\n\n<li>Productos del olivo de 0,26 a 0,13<\/li>\n\n\n\n<li>Frutos no c\u00edtricos: Albaricoque, melocot\u00f3n y nectarina de 0,37 a 0,26<\/li>\n<\/ul>\n\n\n\n<p><strong>Sectores ganaderos:<\/strong><\/p>\n\n\n\n<ul>\n<li>Bovino de carne de 0,13 a 0,09<\/li>\n\n\n\n<li>Bovino de cr\u00eda de 0,26 a 0,18<\/li>\n\n\n\n<li>Bovino de leche de 0,20 a 0,14<\/li>\n\n\n\n<li>Ovino y Caprino de carne de 0,13 a 0,09<\/li>\n\n\n\n<li>Ovino y caprino de leche de 0,26 a 0,18<\/li>\n\n\n\n<li>Porcino de carne de 0,13 a 0,09<\/li>\n\n\n\n<li>Porcino de cr\u00eda de 0,26 a 0,18<\/li>\n\n\n\n<li>Apicultura de 0,26 a 0,13<\/li>\n\n\n\n<li>Avicultura de 0,13 a 0,09<\/li>\n\n\n\n<li>Cunicultura de 0,13 a 0,09<\/li>\n\n\n\n<li>Equino de 0,32 a 0,22<\/li>\n<\/ul>\n\n\n\n<p><strong>En Castilla y Le\u00f3n se ha reducido:<\/strong><\/p>\n\n\n\n<ul>\n<li>El m\u00f3dulo de <strong>forrajes<\/strong>: <strong>veza<\/strong>, de 0,26 a 0,19 en <strong>Palencia <\/strong>y Zamora.<\/li>\n\n\n\n<li>El m\u00f3dulo de forrajes: alfalfa de 0,37 a 0,26 en Burgos y Zamora.<\/li>\n\n\n\n<li>Las leguminosas grano: lenteja de 0,26 a 0,05 en Soria; a 0,09 en \u00c1vila; y a 0,13 en Le\u00f3n.<\/li>\n\n\n\n<li>Las<strong> leguminosas grano<\/strong>: <strong>garbanzo <\/strong>de 0,26 a 0,13 en Le\u00f3n, <strong>Palencia<\/strong> y Soria.<\/li>\n\n\n\n<li>Las<strong> leguminosas grano<\/strong>: <strong>veza <\/strong>de 0,26 a 0,09 en \u00c1vila y <strong>Palencia<\/strong>; y de 0,13 en Valladolid.<\/li>\n\n\n\n<li>Leguminosas: guisantes secos de 0,26 a 0,13 en \u00c1vila.<\/li>\n\n\n\n<li>Los cereales: cebada de 0,26 a 0,13 en Zamora.<\/li>\n\n\n\n<li>Los cereales: trigo de 0,26 a 0,13 en Zamora.<\/li>\n\n\n\n<li>Los cereales: centeno de 0,26 a 0,13 en \u00c1vila, Soria y Zamora.<\/li>\n\n\n\n<li>Cereales: avena de 0,26 a 0,09 en Soria.<\/li>\n\n\n\n<li>Cereales: triticale de 0,26 a 0,13 en Soria.<\/li>\n\n\n\n<li>Oleaginosas: girasol de 0,32 a 0,16 en Segovia y Soria.<\/li>\n\n\n\n<li>Oleaginosa: colza de 0,32 a 0,16 en Soria.<\/li>\n\n\n\n<li>Productos hort\u00edcolas: puerro de 0,26 a 0,13 en \u00c1vila; y a 0,18 en Valladolid.<\/li>\n\n\n\n<li>Productos hort\u00edcolas: jud\u00eda verde de 0,26 a 0,05 en Valladolid.<\/li>\n\n\n\n<li>Productos hort\u00edcolas: guisantes verdes de 0,26 a 0,18 en Zamora.<\/li>\n\n\n\n<li>Productos hort\u00edcolas: calabaza de 0,26 a 0,05 en Zamora.<\/li>\n\n\n\n<li>El de frutos no c\u00edtricos: pera, de 0,37 a 0,19 en \u00c1vila y Salamanca y 0,26 en Zamora.<\/li>\n\n\n\n<li>El de frutos no c\u00edtricos: cereza, de 0,37 a 0,19 en \u00c1vila y Le\u00f3n y 0,13 en Salamanca.<\/li>\n\n\n\n<li>El de frutos no c\u00edtricos: ciruela, de 0,37 a 0,19 en \u00c1vila, 0,13 en Salamanca, 0,07 en Le\u00f3n<\/li>\n\n\n\n<li>Frutos no c\u00edtricos: manzana de 0,37 a 0,26 en Salamanca.<\/li>\n\n\n\n<li>El de frutos no c\u00edtricos: higo, de 0,37 a 0,13 en \u00c1vila<\/li>\n\n\n\n<li>Los frutos secos: nuez, de 0,26 a 0,05 en \u00c1vila y Zamora, 0,09 en Segovia.<\/li>\n\n\n\n<li>Frutos secos: casta\u00f1a de 0,26 a 0,09 en Le\u00f3n<\/li>\n\n\n\n<li>Frutos secos: almendra de 0,26 a 0,05 en Soria<\/li>\n\n\n\n<li>Productos del olivo, de 0,26 a 0,09 en \u00c1vila, Valladolid<\/li>\n<\/ul>\n","protected":false},"excerpt":{"rendered":"<p>ASAJA de Castilla y Le\u00f3n ha recibido positivamente la revisi\u00f3n a la baja de los \u00edndices de rendimiento neto aplicables en el m\u00e9todo de Estimaci\u00f3n Objetiva (los denominados m\u00f3dulos) del Impuesto sobre la Renta de las Personas F\u00edsicas para actividades agr\u00edcolas y ganaderas en el periodo impositivo de 2022, publicados hoy por el Bolet\u00edn Oficial [&hellip;]<\/p>\n","protected":false},"author":9,"featured_media":13025,"comment_status":"open","ping_status":"open","sticky":false,"template":"","format":"standard","meta":{"footnotes":""},"categories":[9,29,28],"tags":[58,128,77,110,139,93],"yoast_head":"<!-- This site is optimized with the Yoast SEO plugin v24.5 - https:\/\/yoast.com\/wordpress\/plugins\/seo\/ -->\n<title>ASAJA valora la revisi\u00f3n de m\u00f3dulos fiscales para el campo, pero lamenta que se olvide la estimaci\u00f3n directa - ASAJA Palencia<\/title>\n<meta name=\"description\" content=\"ASAJA de Castilla y Le\u00f3n ha recibido positivamente la revisi\u00f3n a la baja de los \u00edndices de rendimiento neto aplicables en el m\u00e9todo de Estimaci\u00f3n Objetiva\" \/>\n<meta name=\"robots\" content=\"index, follow, max-snippet:-1, max-image-preview:large, max-video-preview:-1\" \/>\n<link rel=\"canonical\" href=\"https:\/\/www.asajacyl.com\/palencia\/asaja-palencia-informa\/asaja-valora-la-revision-de-modulos-fiscales-para-el-campo-pero-lamenta-que-se-olvide-la-estimacion-directa\" \/>\n<meta property=\"og:locale\" content=\"es_ES\" \/>\n<meta property=\"og:type\" content=\"article\" \/>\n<meta property=\"og:title\" content=\"ASAJA valora la revisi\u00f3n de m\u00f3dulos fiscales para el campo, pero lamenta que se olvide la estimaci\u00f3n directa - ASAJA Palencia\" \/>\n<meta property=\"og:description\" content=\"ASAJA de Castilla y Le\u00f3n ha recibido positivamente la revisi\u00f3n a la baja de los \u00edndices de rendimiento neto aplicables en el m\u00e9todo de Estimaci\u00f3n Objetiva\" \/>\n<meta property=\"og:url\" content=\"https:\/\/www.asajacyl.com\/palencia\/asaja-palencia-informa\/asaja-valora-la-revision-de-modulos-fiscales-para-el-campo-pero-lamenta-que-se-olvide-la-estimacion-directa\" \/>\n<meta property=\"og:site_name\" content=\"ASAJA Palencia\" \/>\n<meta property=\"article:published_time\" content=\"2023-04-25T10:48:18+00:00\" \/>\n<meta property=\"article:modified_time\" content=\"2023-04-25T10:50:07+00:00\" \/>\n<meta property=\"og:image\" content=\"https:\/\/www.asajacyl.com\/palencia\/wp-content\/uploads\/sites\/3\/2023\/04\/Sequia-1.jpg\" \/>\n\t<meta property=\"og:image:width\" content=\"400\" \/>\n\t<meta property=\"og:image:height\" content=\"300\" \/>\n\t<meta property=\"og:image:type\" content=\"image\/jpeg\" \/>\n<meta name=\"author\" content=\"Administrador\" \/>\n<meta name=\"twitter:card\" content=\"summary_large_image\" \/>\n<meta name=\"twitter:label1\" content=\"Escrito por\" \/>\n\t<meta name=\"twitter:data1\" content=\"Administrador\" \/>\n\t<meta name=\"twitter:label2\" content=\"Tiempo de lectura\" \/>\n\t<meta name=\"twitter:data2\" content=\"5 minutos\" \/>\n<script type=\"application\/ld+json\" class=\"yoast-schema-graph\">{\"@context\":\"https:\/\/schema.org\",\"@graph\":[{\"@type\":\"WebPage\",\"@id\":\"https:\/\/www.asajacyl.com\/palencia\/asaja-palencia-informa\/asaja-valora-la-revision-de-modulos-fiscales-para-el-campo-pero-lamenta-que-se-olvide-la-estimacion-directa\",\"url\":\"https:\/\/www.asajacyl.com\/palencia\/asaja-palencia-informa\/asaja-valora-la-revision-de-modulos-fiscales-para-el-campo-pero-lamenta-que-se-olvide-la-estimacion-directa\",\"name\":\"ASAJA valora la revisi\u00f3n de m\u00f3dulos fiscales para el campo, pero lamenta que se olvide la estimaci\u00f3n directa - ASAJA Palencia\",\"isPartOf\":{\"@id\":\"https:\/\/www.asajacyl.com\/palencia\/#website\"},\"primaryImageOfPage\":{\"@id\":\"https:\/\/www.asajacyl.com\/palencia\/asaja-palencia-informa\/asaja-valora-la-revision-de-modulos-fiscales-para-el-campo-pero-lamenta-que-se-olvide-la-estimacion-directa#primaryimage\"},\"image\":{\"@id\":\"https:\/\/www.asajacyl.com\/palencia\/asaja-palencia-informa\/asaja-valora-la-revision-de-modulos-fiscales-para-el-campo-pero-lamenta-que-se-olvide-la-estimacion-directa#primaryimage\"},\"thumbnailUrl\":\"https:\/\/www.asajacyl.com\/palencia\/wp-content\/uploads\/sites\/3\/2023\/04\/Sequia-1.jpg\",\"datePublished\":\"2023-04-25T10:48:18+00:00\",\"dateModified\":\"2023-04-25T10:50:07+00:00\",\"author\":{\"@id\":\"https:\/\/www.asajacyl.com\/palencia\/#\/schema\/person\/3ab17aeb03527485c317557fae64aab1\"},\"description\":\"ASAJA de Castilla y Le\u00f3n ha recibido positivamente la revisi\u00f3n a la baja de los \u00edndices de rendimiento neto aplicables en el m\u00e9todo de Estimaci\u00f3n Objetiva\",\"breadcrumb\":{\"@id\":\"https:\/\/www.asajacyl.com\/palencia\/asaja-palencia-informa\/asaja-valora-la-revision-de-modulos-fiscales-para-el-campo-pero-lamenta-que-se-olvide-la-estimacion-directa#breadcrumb\"},\"inLanguage\":\"es\",\"potentialAction\":[{\"@type\":\"ReadAction\",\"target\":[\"https:\/\/www.asajacyl.com\/palencia\/asaja-palencia-informa\/asaja-valora-la-revision-de-modulos-fiscales-para-el-campo-pero-lamenta-que-se-olvide-la-estimacion-directa\"]}]},{\"@type\":\"ImageObject\",\"inLanguage\":\"es\",\"@id\":\"https:\/\/www.asajacyl.com\/palencia\/asaja-palencia-informa\/asaja-valora-la-revision-de-modulos-fiscales-para-el-campo-pero-lamenta-que-se-olvide-la-estimacion-directa#primaryimage\",\"url\":\"https:\/\/www.asajacyl.com\/palencia\/wp-content\/uploads\/sites\/3\/2023\/04\/Sequia-1.jpg\",\"contentUrl\":\"https:\/\/www.asajacyl.com\/palencia\/wp-content\/uploads\/sites\/3\/2023\/04\/Sequia-1.jpg\",\"width\":400,\"height\":300},{\"@type\":\"BreadcrumbList\",\"@id\":\"https:\/\/www.asajacyl.com\/palencia\/asaja-palencia-informa\/asaja-valora-la-revision-de-modulos-fiscales-para-el-campo-pero-lamenta-que-se-olvide-la-estimacion-directa#breadcrumb\",\"itemListElement\":[{\"@type\":\"ListItem\",\"position\":1,\"name\":\"Portada\",\"item\":\"https:\/\/www.asajacyl.com\/palencia\/\"},{\"@type\":\"ListItem\",\"position\":2,\"name\":\"ASAJA valora la revisi\u00f3n de m\u00f3dulos fiscales para el campo, pero lamenta que se olvide la estimaci\u00f3n directa\"}]},{\"@type\":\"WebSite\",\"@id\":\"https:\/\/www.asajacyl.com\/palencia\/#website\",\"url\":\"https:\/\/www.asajacyl.com\/palencia\/\",\"name\":\"ASAJA Palencia\",\"description\":\"Otro sitio m\u00e1s de Provincias ASAJA Castilla y Le\u00f3n\",\"potentialAction\":[{\"@type\":\"SearchAction\",\"target\":{\"@type\":\"EntryPoint\",\"urlTemplate\":\"https:\/\/www.asajacyl.com\/palencia\/?s={search_term_string}\"},\"query-input\":{\"@type\":\"PropertyValueSpecification\",\"valueRequired\":true,\"valueName\":\"search_term_string\"}}],\"inLanguage\":\"es\"},{\"@type\":\"Person\",\"@id\":\"https:\/\/www.asajacyl.com\/palencia\/#\/schema\/person\/3ab17aeb03527485c317557fae64aab1\",\"name\":\"Administrador\",\"image\":{\"@type\":\"ImageObject\",\"inLanguage\":\"es\",\"@id\":\"https:\/\/www.asajacyl.com\/palencia\/#\/schema\/person\/image\/\",\"url\":\"https:\/\/secure.gravatar.com\/avatar\/517384810d242ca9e38c180f3c9fb973?s=96&d=mm&r=g\",\"contentUrl\":\"https:\/\/secure.gravatar.com\/avatar\/517384810d242ca9e38c180f3c9fb973?s=96&d=mm&r=g\",\"caption\":\"Administrador\"},\"url\":\"https:\/\/www.asajacyl.com\/palencia\/author\/carlosrm\"}]}<\/script>\n<!-- \/ Yoast SEO plugin. -->","yoast_head_json":{"title":"ASAJA valora la revisi\u00f3n de m\u00f3dulos fiscales para el campo, pero lamenta que se olvide la estimaci\u00f3n directa - ASAJA Palencia","description":"ASAJA de Castilla y Le\u00f3n ha recibido positivamente la revisi\u00f3n a la baja de los \u00edndices de rendimiento neto aplicables en el m\u00e9todo de Estimaci\u00f3n Objetiva","robots":{"index":"index","follow":"follow","max-snippet":"max-snippet:-1","max-image-preview":"max-image-preview:large","max-video-preview":"max-video-preview:-1"},"canonical":"https:\/\/www.asajacyl.com\/palencia\/asaja-palencia-informa\/asaja-valora-la-revision-de-modulos-fiscales-para-el-campo-pero-lamenta-que-se-olvide-la-estimacion-directa","og_locale":"es_ES","og_type":"article","og_title":"ASAJA valora la revisi\u00f3n de m\u00f3dulos fiscales para el campo, pero lamenta que se olvide la estimaci\u00f3n directa - ASAJA Palencia","og_description":"ASAJA de Castilla y Le\u00f3n ha recibido positivamente la revisi\u00f3n a la baja de los \u00edndices de rendimiento neto aplicables en el m\u00e9todo de Estimaci\u00f3n Objetiva","og_url":"https:\/\/www.asajacyl.com\/palencia\/asaja-palencia-informa\/asaja-valora-la-revision-de-modulos-fiscales-para-el-campo-pero-lamenta-que-se-olvide-la-estimacion-directa","og_site_name":"ASAJA Palencia","article_published_time":"2023-04-25T10:48:18+00:00","article_modified_time":"2023-04-25T10:50:07+00:00","og_image":[{"width":400,"height":300,"url":"https:\/\/www.asajacyl.com\/palencia\/wp-content\/uploads\/sites\/3\/2023\/04\/Sequia-1.jpg","type":"image\/jpeg"}],"author":"Administrador","twitter_card":"summary_large_image","twitter_misc":{"Escrito por":"Administrador","Tiempo de lectura":"5 minutos"},"schema":{"@context":"https:\/\/schema.org","@graph":[{"@type":"WebPage","@id":"https:\/\/www.asajacyl.com\/palencia\/asaja-palencia-informa\/asaja-valora-la-revision-de-modulos-fiscales-para-el-campo-pero-lamenta-que-se-olvide-la-estimacion-directa","url":"https:\/\/www.asajacyl.com\/palencia\/asaja-palencia-informa\/asaja-valora-la-revision-de-modulos-fiscales-para-el-campo-pero-lamenta-que-se-olvide-la-estimacion-directa","name":"ASAJA valora la revisi\u00f3n de m\u00f3dulos fiscales para el campo, pero lamenta que se olvide la estimaci\u00f3n directa - ASAJA Palencia","isPartOf":{"@id":"https:\/\/www.asajacyl.com\/palencia\/#website"},"primaryImageOfPage":{"@id":"https:\/\/www.asajacyl.com\/palencia\/asaja-palencia-informa\/asaja-valora-la-revision-de-modulos-fiscales-para-el-campo-pero-lamenta-que-se-olvide-la-estimacion-directa#primaryimage"},"image":{"@id":"https:\/\/www.asajacyl.com\/palencia\/asaja-palencia-informa\/asaja-valora-la-revision-de-modulos-fiscales-para-el-campo-pero-lamenta-que-se-olvide-la-estimacion-directa#primaryimage"},"thumbnailUrl":"https:\/\/www.asajacyl.com\/palencia\/wp-content\/uploads\/sites\/3\/2023\/04\/Sequia-1.jpg","datePublished":"2023-04-25T10:48:18+00:00","dateModified":"2023-04-25T10:50:07+00:00","author":{"@id":"https:\/\/www.asajacyl.com\/palencia\/#\/schema\/person\/3ab17aeb03527485c317557fae64aab1"},"description":"ASAJA de Castilla y Le\u00f3n ha recibido positivamente la revisi\u00f3n a la baja de los \u00edndices de rendimiento neto aplicables en el m\u00e9todo de Estimaci\u00f3n Objetiva","breadcrumb":{"@id":"https:\/\/www.asajacyl.com\/palencia\/asaja-palencia-informa\/asaja-valora-la-revision-de-modulos-fiscales-para-el-campo-pero-lamenta-que-se-olvide-la-estimacion-directa#breadcrumb"},"inLanguage":"es","potentialAction":[{"@type":"ReadAction","target":["https:\/\/www.asajacyl.com\/palencia\/asaja-palencia-informa\/asaja-valora-la-revision-de-modulos-fiscales-para-el-campo-pero-lamenta-que-se-olvide-la-estimacion-directa"]}]},{"@type":"ImageObject","inLanguage":"es","@id":"https:\/\/www.asajacyl.com\/palencia\/asaja-palencia-informa\/asaja-valora-la-revision-de-modulos-fiscales-para-el-campo-pero-lamenta-que-se-olvide-la-estimacion-directa#primaryimage","url":"https:\/\/www.asajacyl.com\/palencia\/wp-content\/uploads\/sites\/3\/2023\/04\/Sequia-1.jpg","contentUrl":"https:\/\/www.asajacyl.com\/palencia\/wp-content\/uploads\/sites\/3\/2023\/04\/Sequia-1.jpg","width":400,"height":300},{"@type":"BreadcrumbList","@id":"https:\/\/www.asajacyl.com\/palencia\/asaja-palencia-informa\/asaja-valora-la-revision-de-modulos-fiscales-para-el-campo-pero-lamenta-que-se-olvide-la-estimacion-directa#breadcrumb","itemListElement":[{"@type":"ListItem","position":1,"name":"Portada","item":"https:\/\/www.asajacyl.com\/palencia\/"},{"@type":"ListItem","position":2,"name":"ASAJA valora la revisi\u00f3n de m\u00f3dulos fiscales para el campo, pero lamenta que se olvide la estimaci\u00f3n directa"}]},{"@type":"WebSite","@id":"https:\/\/www.asajacyl.com\/palencia\/#website","url":"https:\/\/www.asajacyl.com\/palencia\/","name":"ASAJA Palencia","description":"Otro sitio m\u00e1s de Provincias ASAJA Castilla y Le\u00f3n","potentialAction":[{"@type":"SearchAction","target":{"@type":"EntryPoint","urlTemplate":"https:\/\/www.asajacyl.com\/palencia\/?s={search_term_string}"},"query-input":{"@type":"PropertyValueSpecification","valueRequired":true,"valueName":"search_term_string"}}],"inLanguage":"es"},{"@type":"Person","@id":"https:\/\/www.asajacyl.com\/palencia\/#\/schema\/person\/3ab17aeb03527485c317557fae64aab1","name":"Administrador","image":{"@type":"ImageObject","inLanguage":"es","@id":"https:\/\/www.asajacyl.com\/palencia\/#\/schema\/person\/image\/","url":"https:\/\/secure.gravatar.com\/avatar\/517384810d242ca9e38c180f3c9fb973?s=96&d=mm&r=g","contentUrl":"https:\/\/secure.gravatar.com\/avatar\/517384810d242ca9e38c180f3c9fb973?s=96&d=mm&r=g","caption":"Administrador"},"url":"https:\/\/www.asajacyl.com\/palencia\/author\/carlosrm"}]}},"_links":{"self":[{"href":"https:\/\/www.asajacyl.com\/palencia\/wp-json\/wp\/v2\/posts\/13027"}],"collection":[{"href":"https:\/\/www.asajacyl.com\/palencia\/wp-json\/wp\/v2\/posts"}],"about":[{"href":"https:\/\/www.asajacyl.com\/palencia\/wp-json\/wp\/v2\/types\/post"}],"author":[{"embeddable":true,"href":"https:\/\/www.asajacyl.com\/palencia\/wp-json\/wp\/v2\/users\/9"}],"replies":[{"embeddable":true,"href":"https:\/\/www.asajacyl.com\/palencia\/wp-json\/wp\/v2\/comments?post=13027"}],"version-history":[{"count":1,"href":"https:\/\/www.asajacyl.com\/palencia\/wp-json\/wp\/v2\/posts\/13027\/revisions"}],"predecessor-version":[{"id":13028,"href":"https:\/\/www.asajacyl.com\/palencia\/wp-json\/wp\/v2\/posts\/13027\/revisions\/13028"}],"wp:featuredmedia":[{"embeddable":true,"href":"https:\/\/www.asajacyl.com\/palencia\/wp-json\/wp\/v2\/media\/13025"}],"wp:attachment":[{"href":"https:\/\/www.asajacyl.com\/palencia\/wp-json\/wp\/v2\/media?parent=13027"}],"wp:term":[{"taxonomy":"category","embeddable":true,"href":"https:\/\/www.asajacyl.com\/palencia\/wp-json\/wp\/v2\/categories?post=13027"},{"taxonomy":"post_tag","embeddable":true,"href":"https:\/\/www.asajacyl.com\/palencia\/wp-json\/wp\/v2\/tags?post=13027"}],"curies":[{"name":"wp","href":"https:\/\/api.w.org\/{rel}","templated":true}]}}