{"id":13049,"date":"2023-04-27T11:00:00","date_gmt":"2023-04-27T09:00:00","guid":{"rendered":"https:\/\/www.asajacyl.com\/palencia\/?p=13049"},"modified":"2023-04-27T09:52:53","modified_gmt":"2023-04-27T07:52:53","slug":"los-regantes-del-pisuerga-piden-a-la-chd-medidas-excepcionales-ante-una-situacion-excepcional","status":"publish","type":"post","link":"https:\/\/www.asajacyl.com\/palencia\/asaja-palencia-informa\/los-regantes-del-pisuerga-piden-a-la-chd-medidas-excepcionales-ante-una-situacion-excepcional","title":{"rendered":"Los regantes del Pisuerga piden a la CHD \u00abmedidas excepcionales ante una situaci\u00f3n excepcional\u00bb"},"content":{"rendered":"\n<h2 class=\"wp-block-heading\">Los regantes del sistema Pisuerga han reclamado a la Confederaci\u00f3n Hidrogr\u00e1fica del Duero (CHD) que aplique \u00abmedidas excepcionales ante una situaci\u00f3n excepcional\u00bb, derivada del hecho de que tres de los seis \u00faltimos a\u00f1os hayan sido de sequ\u00eda. La Junta de Explotaci\u00f3n que se celebr\u00f3 el lunes en la CHD constat\u00f3 que el sistema Pisuerga ha vivido el cuarto peor arranque de a\u00f1o hidrol\u00f3gico del \u00faltimo cuarto de siglo. <\/h2>\n\n\n\n<p><strong>Ante esta situaci\u00f3n, el presidente de la Comunidad de Regantes del Canal del Pisuerga, Luis Alberto Nebreda, reclama \u00abuna decisi\u00f3n pol\u00edtica\u00bb que afronte la actual sequ\u00eda mediante trasvases entre sistemas de explotaci\u00f3n de la cuenca del Duero, con agua procedente de otras zonas menos castigadas por la escasez de precipitaciones registrada en los \u00faltimos meses.<\/strong><\/p>\n\n\n\n<p>Para Nebreda, es \u00abde justicia\u00bb aplicar el principio de unidad de cuenca, que permita llevar agua procedente de \u00e1reas excedentarias a quienes se hallan en una situaci\u00f3n peor. \u00abEl agua es un bien p\u00fablico. Es de todos y, por lo tanto, ser\u00eda de justicia una aportaci\u00f3n de 20 \u00f3 30 hect\u00f3metros c\u00fabicos. Pero hasta ahora han hecho o\u00eddos sordos\u00bb, se lamenta.<\/p>\n\n\n\n<p>Si se analiza el mapa de la cuenca, se comprueba que el bajo Duero recibe agua de varios or\u00edgenes, como el alto Duero, el Arlanza, el Carri\u00f3n o el Esla. \u00abPor lo tanto, existe suficiente conexi\u00f3n para poder aportar agua a todo el sistema Pisuerga-Bajo Duero\u00bb, ha explicado Nebreda a la Agencia Ical.<\/p>\n\n\n\n<p><strong>PRIMAR EL AHORRO. <\/strong>La Comunidad de Regantes del Canal del Pisuerga tambi\u00e9n reclama a la CHD una garant\u00eda de aportaci\u00f3n de recursos en funci\u00f3n del consumo de cada agricultor, \u00abporque nos parece injusto que el agricultor que haya sacrificado un cultivo determinado, con un criterio de ahorro, reciba despu\u00e9s el mensaje de que no existe agua para \u00e9l\u00bb.<\/p>\n\n\n\n<p>Tambi\u00e9n exigen los regantes del Pisuerga garant\u00edas de que no habr\u00e1 desembalses masivos desde los pantanos de su sistema para atender carencias \u00abfruto de extracciones masivas e inadecuadas\u00bb efectuadas aguas abajo. Seg\u00fan Nebreda, ese proceder por parte de la CHD \u00abha sido habitual otros a\u00f1os y deja a las comunidades de regantes de cabecera a los pies de los caballos\u00bb, al disponer exclusivamente del agua del pantano.<\/p>\n\n\n\n<p><strong>REPERCUSI\u00d3N. <\/strong>El sistema Pisuerga-Bajo Duero abarca 55.000 hect\u00e1reas de regad\u00edo, de las que 25.000 se sit\u00faan en la cabecera. Alrededor de 3.000 profesionales de la agricultura mantienen la actividad en sus pueblos y sacan adelante producciones de elevado valor a\u00f1adido, como la patata, la remolacha o la alfalfa.\u00a0\u00abSon cultivos delicados \u2014comenta Nebreda\u2014, con una importante demanda de agua y con car\u00e1cter estrat\u00e9gico, ya que afectan al IPC. Por ejemplo, si se reduce la producci\u00f3n de cultivos forrajeros, cae el n\u00famero de cabezas de ganado, lo que repercute en los precios que pagan todos los espa\u00f1oles por el queso o la carne\u00bb.<\/p>\n\n\n\n<p>Con la situaci\u00f3n de escasez de precipitaciones, la Junta de Gobierno de la CHD aprob\u00f3 el 11 de abril restricciones \u00abpara el uso racional de agua\u00bb, limitada a una dotaci\u00f3n m\u00e1xima de 3.500 metros c\u00fabicos por hect\u00e1rea en el sistema Pisuerga-Bajo Duero, una medida que, por primera vez, afecta tanto a los regad\u00edos que se abastecen a trav\u00e9s de los canales del Estado como al resto de tomas de riego.\u00a0<\/p>\n\n\n\n<p>Tanto los acuerdos de las Juntas de Explotaci\u00f3n como las medidas aprobadas por la CHD para los sistemas de la cuenca durante la actual campa\u00f1a de riego pueden ser revisadas en las pr\u00f3ximas semanas en funci\u00f3n de la evoluci\u00f3n atmosf\u00e9rica.\u00a0\/<\/p>\n","protected":false},"excerpt":{"rendered":"<p>Los regantes del sistema Pisuerga han reclamado a la Confederaci\u00f3n Hidrogr\u00e1fica del Duero (CHD) que aplique \u00abmedidas excepcionales ante una situaci\u00f3n excepcional\u00bb, derivada del hecho de que tres de los seis \u00faltimos a\u00f1os hayan sido de sequ\u00eda. La Junta de Explotaci\u00f3n que se celebr\u00f3 el lunes en la CHD constat\u00f3 que el sistema Pisuerga ha [&hellip;]<\/p>\n","protected":false},"author":9,"featured_media":13050,"comment_status":"open","ping_status":"open","sticky":false,"template":"","format":"standard","meta":{"footnotes":""},"categories":[9,29,28],"tags":[58,46,83,99,147,55,131,54,135],"yoast_head":"<!-- This site is optimized with the Yoast SEO plugin v24.5 - https:\/\/yoast.com\/wordpress\/plugins\/seo\/ -->\n<title>Los regantes del Pisuerga piden a la CHD \u00abmedidas excepcionales ante una situaci\u00f3n excepcional\u00bb - ASAJA Palencia<\/title>\n<meta name=\"description\" content=\"Los regantes del sistema Pisuerga han reclamado a la Confederaci\u00f3n Hidrogr\u00e1fica del Duero (CHD) que aplique \u00abmedidas excepcionales ante una situaci\u00f3n\" \/>\n<meta name=\"robots\" content=\"index, follow, max-snippet:-1, max-image-preview:large, max-video-preview:-1\" \/>\n<link rel=\"canonical\" href=\"https:\/\/www.asajacyl.com\/palencia\/asaja-palencia-informa\/los-regantes-del-pisuerga-piden-a-la-chd-medidas-excepcionales-ante-una-situacion-excepcional\" \/>\n<meta property=\"og:locale\" content=\"es_ES\" \/>\n<meta property=\"og:type\" content=\"article\" \/>\n<meta property=\"og:title\" content=\"Los regantes del Pisuerga piden a la CHD \u00abmedidas excepcionales ante una situaci\u00f3n excepcional\u00bb - ASAJA Palencia\" \/>\n<meta property=\"og:description\" content=\"Los regantes del sistema Pisuerga han reclamado a la Confederaci\u00f3n Hidrogr\u00e1fica del Duero (CHD) que aplique \u00abmedidas excepcionales ante una situaci\u00f3n\" \/>\n<meta property=\"og:url\" content=\"https:\/\/www.asajacyl.com\/palencia\/asaja-palencia-informa\/los-regantes-del-pisuerga-piden-a-la-chd-medidas-excepcionales-ante-una-situacion-excepcional\" \/>\n<meta property=\"og:site_name\" content=\"ASAJA Palencia\" \/>\n<meta property=\"article:published_time\" content=\"2023-04-27T09:00:00+00:00\" \/>\n<meta property=\"og:image\" content=\"https:\/\/www.asajacyl.com\/palencia\/wp-content\/uploads\/sites\/3\/2023\/04\/Luis-Nebreda.jpg\" \/>\n\t<meta property=\"og:image:width\" content=\"1865\" \/>\n\t<meta property=\"og:image:height\" content=\"1239\" \/>\n\t<meta property=\"og:image:type\" content=\"image\/jpeg\" \/>\n<meta name=\"author\" content=\"Administrador\" \/>\n<meta name=\"twitter:card\" content=\"summary_large_image\" \/>\n<meta name=\"twitter:label1\" content=\"Escrito por\" \/>\n\t<meta name=\"twitter:data1\" content=\"Administrador\" \/>\n\t<meta name=\"twitter:label2\" content=\"Tiempo de lectura\" \/>\n\t<meta name=\"twitter:data2\" content=\"3 minutos\" \/>\n<script type=\"application\/ld+json\" class=\"yoast-schema-graph\">{\"@context\":\"https:\/\/schema.org\",\"@graph\":[{\"@type\":\"WebPage\",\"@id\":\"https:\/\/www.asajacyl.com\/palencia\/asaja-palencia-informa\/los-regantes-del-pisuerga-piden-a-la-chd-medidas-excepcionales-ante-una-situacion-excepcional\",\"url\":\"https:\/\/www.asajacyl.com\/palencia\/asaja-palencia-informa\/los-regantes-del-pisuerga-piden-a-la-chd-medidas-excepcionales-ante-una-situacion-excepcional\",\"name\":\"Los regantes del Pisuerga piden a la CHD \u00abmedidas excepcionales ante una situaci\u00f3n excepcional\u00bb - ASAJA Palencia\",\"isPartOf\":{\"@id\":\"https:\/\/www.asajacyl.com\/palencia\/#website\"},\"primaryImageOfPage\":{\"@id\":\"https:\/\/www.asajacyl.com\/palencia\/asaja-palencia-informa\/los-regantes-del-pisuerga-piden-a-la-chd-medidas-excepcionales-ante-una-situacion-excepcional#primaryimage\"},\"image\":{\"@id\":\"https:\/\/www.asajacyl.com\/palencia\/asaja-palencia-informa\/los-regantes-del-pisuerga-piden-a-la-chd-medidas-excepcionales-ante-una-situacion-excepcional#primaryimage\"},\"thumbnailUrl\":\"https:\/\/www.asajacyl.com\/palencia\/wp-content\/uploads\/sites\/3\/2023\/04\/Luis-Nebreda.jpg\",\"datePublished\":\"2023-04-27T09:00:00+00:00\",\"author\":{\"@id\":\"https:\/\/www.asajacyl.com\/palencia\/#\/schema\/person\/3ab17aeb03527485c317557fae64aab1\"},\"description\":\"Los regantes del sistema Pisuerga han reclamado a la Confederaci\u00f3n Hidrogr\u00e1fica del Duero (CHD) que aplique \u00abmedidas excepcionales ante una situaci\u00f3n\",\"breadcrumb\":{\"@id\":\"https:\/\/www.asajacyl.com\/palencia\/asaja-palencia-informa\/los-regantes-del-pisuerga-piden-a-la-chd-medidas-excepcionales-ante-una-situacion-excepcional#breadcrumb\"},\"inLanguage\":\"es\",\"potentialAction\":[{\"@type\":\"ReadAction\",\"target\":[\"https:\/\/www.asajacyl.com\/palencia\/asaja-palencia-informa\/los-regantes-del-pisuerga-piden-a-la-chd-medidas-excepcionales-ante-una-situacion-excepcional\"]}]},{\"@type\":\"ImageObject\",\"inLanguage\":\"es\",\"@id\":\"https:\/\/www.asajacyl.com\/palencia\/asaja-palencia-informa\/los-regantes-del-pisuerga-piden-a-la-chd-medidas-excepcionales-ante-una-situacion-excepcional#primaryimage\",\"url\":\"https:\/\/www.asajacyl.com\/palencia\/wp-content\/uploads\/sites\/3\/2023\/04\/Luis-Nebreda.jpg\",\"contentUrl\":\"https:\/\/www.asajacyl.com\/palencia\/wp-content\/uploads\/sites\/3\/2023\/04\/Luis-Nebreda.jpg\",\"width\":1865,\"height\":1239},{\"@type\":\"BreadcrumbList\",\"@id\":\"https:\/\/www.asajacyl.com\/palencia\/asaja-palencia-informa\/los-regantes-del-pisuerga-piden-a-la-chd-medidas-excepcionales-ante-una-situacion-excepcional#breadcrumb\",\"itemListElement\":[{\"@type\":\"ListItem\",\"position\":1,\"name\":\"Portada\",\"item\":\"https:\/\/www.asajacyl.com\/palencia\/\"},{\"@type\":\"ListItem\",\"position\":2,\"name\":\"Los regantes del Pisuerga piden a la CHD \u00abmedidas excepcionales ante una situaci\u00f3n excepcional\u00bb\"}]},{\"@type\":\"WebSite\",\"@id\":\"https:\/\/www.asajacyl.com\/palencia\/#website\",\"url\":\"https:\/\/www.asajacyl.com\/palencia\/\",\"name\":\"ASAJA Palencia\",\"description\":\"Otro sitio m\u00e1s de Provincias ASAJA Castilla y Le\u00f3n\",\"potentialAction\":[{\"@type\":\"SearchAction\",\"target\":{\"@type\":\"EntryPoint\",\"urlTemplate\":\"https:\/\/www.asajacyl.com\/palencia\/?s={search_term_string}\"},\"query-input\":{\"@type\":\"PropertyValueSpecification\",\"valueRequired\":true,\"valueName\":\"search_term_string\"}}],\"inLanguage\":\"es\"},{\"@type\":\"Person\",\"@id\":\"https:\/\/www.asajacyl.com\/palencia\/#\/schema\/person\/3ab17aeb03527485c317557fae64aab1\",\"name\":\"Administrador\",\"image\":{\"@type\":\"ImageObject\",\"inLanguage\":\"es\",\"@id\":\"https:\/\/www.asajacyl.com\/palencia\/#\/schema\/person\/image\/\",\"url\":\"https:\/\/secure.gravatar.com\/avatar\/517384810d242ca9e38c180f3c9fb973?s=96&d=mm&r=g\",\"contentUrl\":\"https:\/\/secure.gravatar.com\/avatar\/517384810d242ca9e38c180f3c9fb973?s=96&d=mm&r=g\",\"caption\":\"Administrador\"},\"url\":\"https:\/\/www.asajacyl.com\/palencia\/author\/carlosrm\"}]}<\/script>\n<!-- \/ Yoast SEO plugin. -->","yoast_head_json":{"title":"Los regantes del Pisuerga piden a la CHD \u00abmedidas excepcionales ante una situaci\u00f3n excepcional\u00bb - ASAJA Palencia","description":"Los regantes del sistema Pisuerga han reclamado a la Confederaci\u00f3n Hidrogr\u00e1fica del Duero (CHD) que aplique \u00abmedidas excepcionales ante una situaci\u00f3n","robots":{"index":"index","follow":"follow","max-snippet":"max-snippet:-1","max-image-preview":"max-image-preview:large","max-video-preview":"max-video-preview:-1"},"canonical":"https:\/\/www.asajacyl.com\/palencia\/asaja-palencia-informa\/los-regantes-del-pisuerga-piden-a-la-chd-medidas-excepcionales-ante-una-situacion-excepcional","og_locale":"es_ES","og_type":"article","og_title":"Los regantes del Pisuerga piden a la CHD \u00abmedidas excepcionales ante una situaci\u00f3n excepcional\u00bb - ASAJA Palencia","og_description":"Los regantes del sistema Pisuerga han reclamado a la Confederaci\u00f3n Hidrogr\u00e1fica del Duero (CHD) que aplique \u00abmedidas excepcionales ante una situaci\u00f3n","og_url":"https:\/\/www.asajacyl.com\/palencia\/asaja-palencia-informa\/los-regantes-del-pisuerga-piden-a-la-chd-medidas-excepcionales-ante-una-situacion-excepcional","og_site_name":"ASAJA Palencia","article_published_time":"2023-04-27T09:00:00+00:00","og_image":[{"width":1865,"height":1239,"url":"https:\/\/www.asajacyl.com\/palencia\/wp-content\/uploads\/sites\/3\/2023\/04\/Luis-Nebreda.jpg","type":"image\/jpeg"}],"author":"Administrador","twitter_card":"summary_large_image","twitter_misc":{"Escrito por":"Administrador","Tiempo de lectura":"3 minutos"},"schema":{"@context":"https:\/\/schema.org","@graph":[{"@type":"WebPage","@id":"https:\/\/www.asajacyl.com\/palencia\/asaja-palencia-informa\/los-regantes-del-pisuerga-piden-a-la-chd-medidas-excepcionales-ante-una-situacion-excepcional","url":"https:\/\/www.asajacyl.com\/palencia\/asaja-palencia-informa\/los-regantes-del-pisuerga-piden-a-la-chd-medidas-excepcionales-ante-una-situacion-excepcional","name":"Los regantes del Pisuerga piden a la CHD \u00abmedidas excepcionales ante una situaci\u00f3n excepcional\u00bb - ASAJA Palencia","isPartOf":{"@id":"https:\/\/www.asajacyl.com\/palencia\/#website"},"primaryImageOfPage":{"@id":"https:\/\/www.asajacyl.com\/palencia\/asaja-palencia-informa\/los-regantes-del-pisuerga-piden-a-la-chd-medidas-excepcionales-ante-una-situacion-excepcional#primaryimage"},"image":{"@id":"https:\/\/www.asajacyl.com\/palencia\/asaja-palencia-informa\/los-regantes-del-pisuerga-piden-a-la-chd-medidas-excepcionales-ante-una-situacion-excepcional#primaryimage"},"thumbnailUrl":"https:\/\/www.asajacyl.com\/palencia\/wp-content\/uploads\/sites\/3\/2023\/04\/Luis-Nebreda.jpg","datePublished":"2023-04-27T09:00:00+00:00","author":{"@id":"https:\/\/www.asajacyl.com\/palencia\/#\/schema\/person\/3ab17aeb03527485c317557fae64aab1"},"description":"Los regantes del sistema Pisuerga han reclamado a la Confederaci\u00f3n Hidrogr\u00e1fica del Duero (CHD) que aplique \u00abmedidas excepcionales ante una situaci\u00f3n","breadcrumb":{"@id":"https:\/\/www.asajacyl.com\/palencia\/asaja-palencia-informa\/los-regantes-del-pisuerga-piden-a-la-chd-medidas-excepcionales-ante-una-situacion-excepcional#breadcrumb"},"inLanguage":"es","potentialAction":[{"@type":"ReadAction","target":["https:\/\/www.asajacyl.com\/palencia\/asaja-palencia-informa\/los-regantes-del-pisuerga-piden-a-la-chd-medidas-excepcionales-ante-una-situacion-excepcional"]}]},{"@type":"ImageObject","inLanguage":"es","@id":"https:\/\/www.asajacyl.com\/palencia\/asaja-palencia-informa\/los-regantes-del-pisuerga-piden-a-la-chd-medidas-excepcionales-ante-una-situacion-excepcional#primaryimage","url":"https:\/\/www.asajacyl.com\/palencia\/wp-content\/uploads\/sites\/3\/2023\/04\/Luis-Nebreda.jpg","contentUrl":"https:\/\/www.asajacyl.com\/palencia\/wp-content\/uploads\/sites\/3\/2023\/04\/Luis-Nebreda.jpg","width":1865,"height":1239},{"@type":"BreadcrumbList","@id":"https:\/\/www.asajacyl.com\/palencia\/asaja-palencia-informa\/los-regantes-del-pisuerga-piden-a-la-chd-medidas-excepcionales-ante-una-situacion-excepcional#breadcrumb","itemListElement":[{"@type":"ListItem","position":1,"name":"Portada","item":"https:\/\/www.asajacyl.com\/palencia\/"},{"@type":"ListItem","position":2,"name":"Los regantes del Pisuerga piden a la CHD \u00abmedidas excepcionales ante una situaci\u00f3n excepcional\u00bb"}]},{"@type":"WebSite","@id":"https:\/\/www.asajacyl.com\/palencia\/#website","url":"https:\/\/www.asajacyl.com\/palencia\/","name":"ASAJA Palencia","description":"Otro sitio m\u00e1s de Provincias ASAJA Castilla y Le\u00f3n","potentialAction":[{"@type":"SearchAction","target":{"@type":"EntryPoint","urlTemplate":"https:\/\/www.asajacyl.com\/palencia\/?s={search_term_string}"},"query-input":{"@type":"PropertyValueSpecification","valueRequired":true,"valueName":"search_term_string"}}],"inLanguage":"es"},{"@type":"Person","@id":"https:\/\/www.asajacyl.com\/palencia\/#\/schema\/person\/3ab17aeb03527485c317557fae64aab1","name":"Administrador","image":{"@type":"ImageObject","inLanguage":"es","@id":"https:\/\/www.asajacyl.com\/palencia\/#\/schema\/person\/image\/","url":"https:\/\/secure.gravatar.com\/avatar\/517384810d242ca9e38c180f3c9fb973?s=96&d=mm&r=g","contentUrl":"https:\/\/secure.gravatar.com\/avatar\/517384810d242ca9e38c180f3c9fb973?s=96&d=mm&r=g","caption":"Administrador"},"url":"https:\/\/www.asajacyl.com\/palencia\/author\/carlosrm"}]}},"_links":{"self":[{"href":"https:\/\/www.asajacyl.com\/palencia\/wp-json\/wp\/v2\/posts\/13049"}],"collection":[{"href":"https:\/\/www.asajacyl.com\/palencia\/wp-json\/wp\/v2\/posts"}],"about":[{"href":"https:\/\/www.asajacyl.com\/palencia\/wp-json\/wp\/v2\/types\/post"}],"author":[{"embeddable":true,"href":"https:\/\/www.asajacyl.com\/palencia\/wp-json\/wp\/v2\/users\/9"}],"replies":[{"embeddable":true,"href":"https:\/\/www.asajacyl.com\/palencia\/wp-json\/wp\/v2\/comments?post=13049"}],"version-history":[{"count":1,"href":"https:\/\/www.asajacyl.com\/palencia\/wp-json\/wp\/v2\/posts\/13049\/revisions"}],"predecessor-version":[{"id":13051,"href":"https:\/\/www.asajacyl.com\/palencia\/wp-json\/wp\/v2\/posts\/13049\/revisions\/13051"}],"wp:featuredmedia":[{"embeddable":true,"href":"https:\/\/www.asajacyl.com\/palencia\/wp-json\/wp\/v2\/media\/13050"}],"wp:attachment":[{"href":"https:\/\/www.asajacyl.com\/palencia\/wp-json\/wp\/v2\/media?parent=13049"}],"wp:term":[{"taxonomy":"category","embeddable":true,"href":"https:\/\/www.asajacyl.com\/palencia\/wp-json\/wp\/v2\/categories?post=13049"},{"taxonomy":"post_tag","embeddable":true,"href":"https:\/\/www.asajacyl.com\/palencia\/wp-json\/wp\/v2\/tags?post=13049"}],"curies":[{"name":"wp","href":"https:\/\/api.w.org\/{rel}","templated":true}]}}