{"id":13052,"date":"2023-04-27T11:59:00","date_gmt":"2023-04-27T09:59:00","guid":{"rendered":"https:\/\/www.asajacyl.com\/palencia\/?p=13052"},"modified":"2023-04-27T12:05:27","modified_gmt":"2023-04-27T10:05:27","slug":"los-regantes-de-saldana-carrion-villamoronta-y-una-treintena-de-alcaldes-reclaman-inversiones-en-modernizacion","status":"publish","type":"post","link":"https:\/\/www.asajacyl.com\/palencia\/asaja-palencia-informa\/los-regantes-de-saldana-carrion-villamoronta-y-una-treintena-de-alcaldes-reclaman-inversiones-en-modernizacion","title":{"rendered":"Los regantes de Salda\u00f1a-Carri\u00f3n-Villamoronta y una treintena de alcaldes reclaman inversiones en modernizaci\u00f3n"},"content":{"rendered":"\n<h2 class=\"wp-block-heading\">La Comunidad de Regantes de Salda\u00f1a, Carri\u00f3n y Villamoronta, con el respaldo de una treintena de alcaldes de municipios de sus respectivas vegas, han difundido un comunicado en el que muestran su \u00abindignaci\u00f3n por la discriminaci\u00f3n y el enga\u00f1o constantes al que las administraciones, con sus pol\u00edticos al frente, tienen sometida a toda la vega del r\u00edo Carri\u00f3n, en la que a d\u00eda de hoy no se ha modernizado ni usa sola hect\u00e1rea\u00bb. La comunidad, que tiene prevista una reuni\u00f3n el pr\u00f3ximo 10 de mayo con el presidente de la empresa p\u00fablica SEIASA para abordar la cuesti\u00f3n, advierte que en caso de no resultar un encuentro satisfactorio, elevar\u00e1 su queja a la Comisi\u00f3n Europea.  <\/h2>\n\n\n\n<p>Los regantes de la vega del Carri\u00f3n recuerdan que hace siete a\u00f1os que aprobaron un proyecto de concentraci\u00f3n parcelaria de unas doce mil hect\u00e1reas y la modernizaci\u00f3n de sus regad\u00edos, unas inversiones que \u00abno solo est\u00e1n paralizadas, sino que nos deniegan asignaciones presupuestarias apalabradas en reuniones anteriores, como hicieron el a\u00f1o pasado con nuestros compa\u00f1eros de la Vega del Bajo Carri\u00f3n\u00bb, seg\u00fan denuncian en el comunicado. El colectivo teme que, \u00absi nadie lo remedia, ir\u00e1 pasando el tiempo con palabras huecas sin que se inicie ning\u00fan proyecto\u00bb.<\/p>\n\n\n\n<p>Desde esta comunidad de regantes se destaca que su proyecto de modernizaci\u00f3n de regad\u00edo \u00abes el m\u00e1s ecol\u00f3gico de toda Espa\u00f1a, ya que no precisa de otra energ\u00eda alternativa, no afecta a ning\u00fan ecosistema, es de f\u00e1cil ejecuci\u00f3n t\u00e9cnica y supondr\u00eda un ahorro considerable de agua\u00bb. <\/p>\n\n\n\n<p><strong>PASIVIDAD.<\/strong> Asimismo, lamentan que la falta de inversiones impida mejorar \u00abla zona con mayor potencial agroganadero de toda Espa\u00f1a\u00bb y acusan al Ministerio de Agricultura, Pesca y Alimentaci\u00f3n (MAPA) \u00abanunciar a\u00f1o tras a\u00f1o ayudas para la sequ\u00eda sin voluntad de terminar con el problema, que se solucionar\u00eda con menos del 10% de las ayudas anunciadas\u00bb.<\/p>\n\n\n\n<p>El colectivo asegura asistir \u00abat\u00f3nito\u00bb a \u00abla lucha de otros presidentes de comunidades aut\u00f3nomas por la defensa de sus regad\u00edos, provocando incluso la intervenci\u00f3n del presidente del Gobierno de Espa\u00f1a\u00bb, en referencia al reciente enfrentamiento vivido entre el Ejecutivo nacional y el regional de Andaluc\u00eda. \u00abSin embargo \u2014a\u00f1ade el comunicado\u2014, en nuestra comunidad nadie alza la voz para defender al sector m\u00e1s estrat\u00e9gico de Castilla y Le\u00f3n, condenando a toda la vega del r\u00edo Carri\u00f3n a convertirse a este ritmo en un desierto\u00bb.<\/p>\n\n\n\n<p>Los regantes esperan que se concreten y agilicen las inversiones en la pr\u00f3xima reuni\u00f3n con el presidente de SEIASA (Sociedad Mercantil Estatal de Infraestructuras Agrarias), entidad p\u00fablica que pertenece al grupo Patrimonio del Estado (Ministerio de Hacienda y Funci\u00f3n P\u00fablica), que es una empresa instrumental del MAPA, dependiente de la Direcci\u00f3n General de Desarrollo Rural, Innovaci\u00f3n y Formaci\u00f3n Agroalimentaria, para la modernizaci\u00f3n y consolidaci\u00f3n de los regad\u00edos que hayan sido declarados de inter\u00e9s general y que cumplan las condiciones establecidas en los planes y las leyes nacionales de la materia.<strong>\/<\/strong><\/p>\n","protected":false},"excerpt":{"rendered":"<p>La Comunidad de Regantes de Salda\u00f1a, Carri\u00f3n y Villamoronta, con el respaldo de una treintena de alcaldes de municipios de sus respectivas vegas, han difundido un comunicado en el que muestran su \u00abindignaci\u00f3n por la discriminaci\u00f3n y el enga\u00f1o constantes al que las administraciones, con sus pol\u00edticos al frente, tienen sometida a toda la vega [&hellip;]<\/p>\n","protected":false},"author":9,"featured_media":10373,"comment_status":"open","ping_status":"open","sticky":false,"template":"","format":"standard","meta":{"footnotes":""},"categories":[9,29,28],"tags":[58,110,55,131,150,149,93,136],"yoast_head":"<!-- This site is optimized with the Yoast SEO plugin v24.5 - https:\/\/yoast.com\/wordpress\/plugins\/seo\/ -->\n<title>Los regantes de Salda\u00f1a-Carri\u00f3n-Villamoronta y una treintena de alcaldes reclaman inversiones en modernizaci\u00f3n - ASAJA Palencia<\/title>\n<meta name=\"description\" content=\"La Comunidad de Regantes de Salda\u00f1a, Carri\u00f3n y Villamoronta, con el respaldo de una treintena de alcaldes de municipios de sus respectivas vegas, han\" \/>\n<meta name=\"robots\" content=\"index, follow, max-snippet:-1, max-image-preview:large, max-video-preview:-1\" \/>\n<link rel=\"canonical\" href=\"https:\/\/www.asajacyl.com\/palencia\/asaja-palencia-informa\/los-regantes-de-saldana-carrion-villamoronta-y-una-treintena-de-alcaldes-reclaman-inversiones-en-modernizacion\" \/>\n<meta property=\"og:locale\" content=\"es_ES\" \/>\n<meta property=\"og:type\" content=\"article\" \/>\n<meta property=\"og:title\" content=\"Los regantes de Salda\u00f1a-Carri\u00f3n-Villamoronta y una treintena de alcaldes reclaman inversiones en modernizaci\u00f3n - ASAJA Palencia\" \/>\n<meta property=\"og:description\" content=\"La Comunidad de Regantes de Salda\u00f1a, Carri\u00f3n y Villamoronta, con el respaldo de una treintena de alcaldes de municipios de sus respectivas vegas, han\" \/>\n<meta property=\"og:url\" content=\"https:\/\/www.asajacyl.com\/palencia\/asaja-palencia-informa\/los-regantes-de-saldana-carrion-villamoronta-y-una-treintena-de-alcaldes-reclaman-inversiones-en-modernizacion\" \/>\n<meta property=\"og:site_name\" content=\"ASAJA Palencia\" \/>\n<meta property=\"article:published_time\" content=\"2023-04-27T09:59:00+00:00\" \/>\n<meta property=\"article:modified_time\" content=\"2023-04-27T10:05:27+00:00\" \/>\n<meta property=\"og:image\" content=\"https:\/\/www.asajacyl.com\/palencia\/wp-content\/uploads\/sites\/3\/2022\/05\/CONCENTRACION-SALDANA.jpg\" \/>\n\t<meta property=\"og:image:width\" content=\"618\" \/>\n\t<meta property=\"og:image:height\" content=\"1244\" \/>\n\t<meta property=\"og:image:type\" content=\"image\/jpeg\" \/>\n<meta name=\"author\" content=\"Administrador\" \/>\n<meta name=\"twitter:card\" content=\"summary_large_image\" \/>\n<meta name=\"twitter:label1\" content=\"Escrito por\" \/>\n\t<meta name=\"twitter:data1\" content=\"Administrador\" \/>\n\t<meta name=\"twitter:label2\" content=\"Tiempo de lectura\" \/>\n\t<meta name=\"twitter:data2\" content=\"3 minutos\" \/>\n<script type=\"application\/ld+json\" class=\"yoast-schema-graph\">{\"@context\":\"https:\/\/schema.org\",\"@graph\":[{\"@type\":\"WebPage\",\"@id\":\"https:\/\/www.asajacyl.com\/palencia\/asaja-palencia-informa\/los-regantes-de-saldana-carrion-villamoronta-y-una-treintena-de-alcaldes-reclaman-inversiones-en-modernizacion\",\"url\":\"https:\/\/www.asajacyl.com\/palencia\/asaja-palencia-informa\/los-regantes-de-saldana-carrion-villamoronta-y-una-treintena-de-alcaldes-reclaman-inversiones-en-modernizacion\",\"name\":\"Los regantes de Salda\u00f1a-Carri\u00f3n-Villamoronta y una treintena de alcaldes reclaman inversiones en modernizaci\u00f3n - ASAJA Palencia\",\"isPartOf\":{\"@id\":\"https:\/\/www.asajacyl.com\/palencia\/#website\"},\"primaryImageOfPage\":{\"@id\":\"https:\/\/www.asajacyl.com\/palencia\/asaja-palencia-informa\/los-regantes-de-saldana-carrion-villamoronta-y-una-treintena-de-alcaldes-reclaman-inversiones-en-modernizacion#primaryimage\"},\"image\":{\"@id\":\"https:\/\/www.asajacyl.com\/palencia\/asaja-palencia-informa\/los-regantes-de-saldana-carrion-villamoronta-y-una-treintena-de-alcaldes-reclaman-inversiones-en-modernizacion#primaryimage\"},\"thumbnailUrl\":\"https:\/\/www.asajacyl.com\/palencia\/wp-content\/uploads\/sites\/3\/2022\/05\/CONCENTRACION-SALDANA.jpg\",\"datePublished\":\"2023-04-27T09:59:00+00:00\",\"dateModified\":\"2023-04-27T10:05:27+00:00\",\"author\":{\"@id\":\"https:\/\/www.asajacyl.com\/palencia\/#\/schema\/person\/3ab17aeb03527485c317557fae64aab1\"},\"description\":\"La Comunidad de Regantes de Salda\u00f1a, Carri\u00f3n y Villamoronta, con el respaldo de una treintena de alcaldes de municipios de sus respectivas vegas, han\",\"breadcrumb\":{\"@id\":\"https:\/\/www.asajacyl.com\/palencia\/asaja-palencia-informa\/los-regantes-de-saldana-carrion-villamoronta-y-una-treintena-de-alcaldes-reclaman-inversiones-en-modernizacion#breadcrumb\"},\"inLanguage\":\"es\",\"potentialAction\":[{\"@type\":\"ReadAction\",\"target\":[\"https:\/\/www.asajacyl.com\/palencia\/asaja-palencia-informa\/los-regantes-de-saldana-carrion-villamoronta-y-una-treintena-de-alcaldes-reclaman-inversiones-en-modernizacion\"]}]},{\"@type\":\"ImageObject\",\"inLanguage\":\"es\",\"@id\":\"https:\/\/www.asajacyl.com\/palencia\/asaja-palencia-informa\/los-regantes-de-saldana-carrion-villamoronta-y-una-treintena-de-alcaldes-reclaman-inversiones-en-modernizacion#primaryimage\",\"url\":\"https:\/\/www.asajacyl.com\/palencia\/wp-content\/uploads\/sites\/3\/2022\/05\/CONCENTRACION-SALDANA.jpg\",\"contentUrl\":\"https:\/\/www.asajacyl.com\/palencia\/wp-content\/uploads\/sites\/3\/2022\/05\/CONCENTRACION-SALDANA.jpg\",\"width\":618,\"height\":1244},{\"@type\":\"BreadcrumbList\",\"@id\":\"https:\/\/www.asajacyl.com\/palencia\/asaja-palencia-informa\/los-regantes-de-saldana-carrion-villamoronta-y-una-treintena-de-alcaldes-reclaman-inversiones-en-modernizacion#breadcrumb\",\"itemListElement\":[{\"@type\":\"ListItem\",\"position\":1,\"name\":\"Portada\",\"item\":\"https:\/\/www.asajacyl.com\/palencia\/\"},{\"@type\":\"ListItem\",\"position\":2,\"name\":\"Los regantes de Salda\u00f1a-Carri\u00f3n-Villamoronta y una treintena de alcaldes reclaman inversiones en modernizaci\u00f3n\"}]},{\"@type\":\"WebSite\",\"@id\":\"https:\/\/www.asajacyl.com\/palencia\/#website\",\"url\":\"https:\/\/www.asajacyl.com\/palencia\/\",\"name\":\"ASAJA Palencia\",\"description\":\"Otro sitio m\u00e1s de Provincias ASAJA Castilla y Le\u00f3n\",\"potentialAction\":[{\"@type\":\"SearchAction\",\"target\":{\"@type\":\"EntryPoint\",\"urlTemplate\":\"https:\/\/www.asajacyl.com\/palencia\/?s={search_term_string}\"},\"query-input\":{\"@type\":\"PropertyValueSpecification\",\"valueRequired\":true,\"valueName\":\"search_term_string\"}}],\"inLanguage\":\"es\"},{\"@type\":\"Person\",\"@id\":\"https:\/\/www.asajacyl.com\/palencia\/#\/schema\/person\/3ab17aeb03527485c317557fae64aab1\",\"name\":\"Administrador\",\"image\":{\"@type\":\"ImageObject\",\"inLanguage\":\"es\",\"@id\":\"https:\/\/www.asajacyl.com\/palencia\/#\/schema\/person\/image\/\",\"url\":\"https:\/\/secure.gravatar.com\/avatar\/517384810d242ca9e38c180f3c9fb973?s=96&d=mm&r=g\",\"contentUrl\":\"https:\/\/secure.gravatar.com\/avatar\/517384810d242ca9e38c180f3c9fb973?s=96&d=mm&r=g\",\"caption\":\"Administrador\"},\"url\":\"https:\/\/www.asajacyl.com\/palencia\/author\/carlosrm\"}]}<\/script>\n<!-- \/ Yoast SEO plugin. -->","yoast_head_json":{"title":"Los regantes de Salda\u00f1a-Carri\u00f3n-Villamoronta y una treintena de alcaldes reclaman inversiones en modernizaci\u00f3n - ASAJA Palencia","description":"La Comunidad de Regantes de Salda\u00f1a, Carri\u00f3n y Villamoronta, con el respaldo de una treintena de alcaldes de municipios de sus respectivas vegas, han","robots":{"index":"index","follow":"follow","max-snippet":"max-snippet:-1","max-image-preview":"max-image-preview:large","max-video-preview":"max-video-preview:-1"},"canonical":"https:\/\/www.asajacyl.com\/palencia\/asaja-palencia-informa\/los-regantes-de-saldana-carrion-villamoronta-y-una-treintena-de-alcaldes-reclaman-inversiones-en-modernizacion","og_locale":"es_ES","og_type":"article","og_title":"Los regantes de Salda\u00f1a-Carri\u00f3n-Villamoronta y una treintena de alcaldes reclaman inversiones en modernizaci\u00f3n - ASAJA Palencia","og_description":"La Comunidad de Regantes de Salda\u00f1a, Carri\u00f3n y Villamoronta, con el respaldo de una treintena de alcaldes de municipios de sus respectivas vegas, han","og_url":"https:\/\/www.asajacyl.com\/palencia\/asaja-palencia-informa\/los-regantes-de-saldana-carrion-villamoronta-y-una-treintena-de-alcaldes-reclaman-inversiones-en-modernizacion","og_site_name":"ASAJA Palencia","article_published_time":"2023-04-27T09:59:00+00:00","article_modified_time":"2023-04-27T10:05:27+00:00","og_image":[{"width":618,"height":1244,"url":"https:\/\/www.asajacyl.com\/palencia\/wp-content\/uploads\/sites\/3\/2022\/05\/CONCENTRACION-SALDANA.jpg","type":"image\/jpeg"}],"author":"Administrador","twitter_card":"summary_large_image","twitter_misc":{"Escrito por":"Administrador","Tiempo de lectura":"3 minutos"},"schema":{"@context":"https:\/\/schema.org","@graph":[{"@type":"WebPage","@id":"https:\/\/www.asajacyl.com\/palencia\/asaja-palencia-informa\/los-regantes-de-saldana-carrion-villamoronta-y-una-treintena-de-alcaldes-reclaman-inversiones-en-modernizacion","url":"https:\/\/www.asajacyl.com\/palencia\/asaja-palencia-informa\/los-regantes-de-saldana-carrion-villamoronta-y-una-treintena-de-alcaldes-reclaman-inversiones-en-modernizacion","name":"Los regantes de Salda\u00f1a-Carri\u00f3n-Villamoronta y una treintena de alcaldes reclaman inversiones en modernizaci\u00f3n - ASAJA Palencia","isPartOf":{"@id":"https:\/\/www.asajacyl.com\/palencia\/#website"},"primaryImageOfPage":{"@id":"https:\/\/www.asajacyl.com\/palencia\/asaja-palencia-informa\/los-regantes-de-saldana-carrion-villamoronta-y-una-treintena-de-alcaldes-reclaman-inversiones-en-modernizacion#primaryimage"},"image":{"@id":"https:\/\/www.asajacyl.com\/palencia\/asaja-palencia-informa\/los-regantes-de-saldana-carrion-villamoronta-y-una-treintena-de-alcaldes-reclaman-inversiones-en-modernizacion#primaryimage"},"thumbnailUrl":"https:\/\/www.asajacyl.com\/palencia\/wp-content\/uploads\/sites\/3\/2022\/05\/CONCENTRACION-SALDANA.jpg","datePublished":"2023-04-27T09:59:00+00:00","dateModified":"2023-04-27T10:05:27+00:00","author":{"@id":"https:\/\/www.asajacyl.com\/palencia\/#\/schema\/person\/3ab17aeb03527485c317557fae64aab1"},"description":"La Comunidad de Regantes de Salda\u00f1a, Carri\u00f3n y Villamoronta, con el respaldo de una treintena de alcaldes de municipios de sus respectivas vegas, han","breadcrumb":{"@id":"https:\/\/www.asajacyl.com\/palencia\/asaja-palencia-informa\/los-regantes-de-saldana-carrion-villamoronta-y-una-treintena-de-alcaldes-reclaman-inversiones-en-modernizacion#breadcrumb"},"inLanguage":"es","potentialAction":[{"@type":"ReadAction","target":["https:\/\/www.asajacyl.com\/palencia\/asaja-palencia-informa\/los-regantes-de-saldana-carrion-villamoronta-y-una-treintena-de-alcaldes-reclaman-inversiones-en-modernizacion"]}]},{"@type":"ImageObject","inLanguage":"es","@id":"https:\/\/www.asajacyl.com\/palencia\/asaja-palencia-informa\/los-regantes-de-saldana-carrion-villamoronta-y-una-treintena-de-alcaldes-reclaman-inversiones-en-modernizacion#primaryimage","url":"https:\/\/www.asajacyl.com\/palencia\/wp-content\/uploads\/sites\/3\/2022\/05\/CONCENTRACION-SALDANA.jpg","contentUrl":"https:\/\/www.asajacyl.com\/palencia\/wp-content\/uploads\/sites\/3\/2022\/05\/CONCENTRACION-SALDANA.jpg","width":618,"height":1244},{"@type":"BreadcrumbList","@id":"https:\/\/www.asajacyl.com\/palencia\/asaja-palencia-informa\/los-regantes-de-saldana-carrion-villamoronta-y-una-treintena-de-alcaldes-reclaman-inversiones-en-modernizacion#breadcrumb","itemListElement":[{"@type":"ListItem","position":1,"name":"Portada","item":"https:\/\/www.asajacyl.com\/palencia\/"},{"@type":"ListItem","position":2,"name":"Los regantes de Salda\u00f1a-Carri\u00f3n-Villamoronta y una treintena de alcaldes reclaman inversiones en modernizaci\u00f3n"}]},{"@type":"WebSite","@id":"https:\/\/www.asajacyl.com\/palencia\/#website","url":"https:\/\/www.asajacyl.com\/palencia\/","name":"ASAJA Palencia","description":"Otro sitio m\u00e1s de Provincias ASAJA Castilla y Le\u00f3n","potentialAction":[{"@type":"SearchAction","target":{"@type":"EntryPoint","urlTemplate":"https:\/\/www.asajacyl.com\/palencia\/?s={search_term_string}"},"query-input":{"@type":"PropertyValueSpecification","valueRequired":true,"valueName":"search_term_string"}}],"inLanguage":"es"},{"@type":"Person","@id":"https:\/\/www.asajacyl.com\/palencia\/#\/schema\/person\/3ab17aeb03527485c317557fae64aab1","name":"Administrador","image":{"@type":"ImageObject","inLanguage":"es","@id":"https:\/\/www.asajacyl.com\/palencia\/#\/schema\/person\/image\/","url":"https:\/\/secure.gravatar.com\/avatar\/517384810d242ca9e38c180f3c9fb973?s=96&d=mm&r=g","contentUrl":"https:\/\/secure.gravatar.com\/avatar\/517384810d242ca9e38c180f3c9fb973?s=96&d=mm&r=g","caption":"Administrador"},"url":"https:\/\/www.asajacyl.com\/palencia\/author\/carlosrm"}]}},"_links":{"self":[{"href":"https:\/\/www.asajacyl.com\/palencia\/wp-json\/wp\/v2\/posts\/13052"}],"collection":[{"href":"https:\/\/www.asajacyl.com\/palencia\/wp-json\/wp\/v2\/posts"}],"about":[{"href":"https:\/\/www.asajacyl.com\/palencia\/wp-json\/wp\/v2\/types\/post"}],"author":[{"embeddable":true,"href":"https:\/\/www.asajacyl.com\/palencia\/wp-json\/wp\/v2\/users\/9"}],"replies":[{"embeddable":true,"href":"https:\/\/www.asajacyl.com\/palencia\/wp-json\/wp\/v2\/comments?post=13052"}],"version-history":[{"count":1,"href":"https:\/\/www.asajacyl.com\/palencia\/wp-json\/wp\/v2\/posts\/13052\/revisions"}],"predecessor-version":[{"id":13053,"href":"https:\/\/www.asajacyl.com\/palencia\/wp-json\/wp\/v2\/posts\/13052\/revisions\/13053"}],"wp:featuredmedia":[{"embeddable":true,"href":"https:\/\/www.asajacyl.com\/palencia\/wp-json\/wp\/v2\/media\/10373"}],"wp:attachment":[{"href":"https:\/\/www.asajacyl.com\/palencia\/wp-json\/wp\/v2\/media?parent=13052"}],"wp:term":[{"taxonomy":"category","embeddable":true,"href":"https:\/\/www.asajacyl.com\/palencia\/wp-json\/wp\/v2\/categories?post=13052"},{"taxonomy":"post_tag","embeddable":true,"href":"https:\/\/www.asajacyl.com\/palencia\/wp-json\/wp\/v2\/tags?post=13052"}],"curies":[{"name":"wp","href":"https:\/\/api.w.org\/{rel}","templated":true}]}}