{"id":13074,"date":"2023-04-30T09:54:00","date_gmt":"2023-04-30T07:54:00","guid":{"rendered":"https:\/\/www.asajacyl.com\/palencia\/?p=13074"},"modified":"2023-04-28T13:14:51","modified_gmt":"2023-04-28T11:14:51","slug":"asaja-se-une-al-impulso-del-comite-ejecutivo-de-integracion-para-mejorar-las-condiciones-del-sector-de-carne-avicola-en-espana","status":"publish","type":"post","link":"https:\/\/www.asajacyl.com\/palencia\/asaja-palencia-informa\/asaja-se-une-al-impulso-del-comite-ejecutivo-de-integracion-para-mejorar-las-condiciones-del-sector-de-carne-avicola-en-espana","title":{"rendered":"ASAJA se une al impulso del Comit\u00e9 Ejecutivo de Integraci\u00f3n para mejorar el sector de carne av\u00edcola en Espa\u00f1a"},"content":{"rendered":"\n<h2 class=\"wp-block-heading\">Los representantes de las principales organizaciones agroganaderas nacionales, ASAJA, COAG y UPA, y AVIANZA, la asociaci\u00f3n mayoritaria del sector espa\u00f1ol de la avicultura de carne, que agrupa a m\u00e1s de sesenta y cinco empresas asociadas y representa a m\u00e1s del 90% de las compa\u00f1\u00edas vinculadas al sector de la carne de pollo, pavo y codorniz, han constituido de forma oficial el Comit\u00e9 Ejecutivo de Integraci\u00f3n que tendr\u00e1 como objetivo la revisi\u00f3n y actualizaci\u00f3n de las Bases del&nbsp;<strong>Contrato Tipo de Integraci\u00f3n<\/strong>, que establece las principales garant\u00edas y el marco de actuaci\u00f3n para la regulaci\u00f3n de la actividad entre las empresas productoras (integradoras) y sus integrados (granjas av\u00edcolas).<\/h2>\n\n\n\n<p>A tal efecto, sus representantes han formalizado tras la reuni\u00f3n mantenida el 14 de abril de 2023 en Madrid, una declaraci\u00f3n conjunta que trasladamos a continuaci\u00f3n:<\/p>\n\n\n\n<ul>\n<li>Constituimos este Comit\u00e9 Ejecutivo de Integraci\u00f3n como instrumento operativo para el debate constructivo y la negociaci\u00f3n proactiva de la relaci\u00f3n entre las empresas integradoras y los granjeros dedicados a la producci\u00f3n de carne av\u00edcola en Espa\u00f1a.<\/li>\n\n\n\n<li>M\u00e1s que nunca es imprescindible actuar de forma conjunta y coordinada para responder a los retos del sector av\u00edcola, tanto desde una posici\u00f3n firme de defensa de los derechos de todos los integrantes de la cadena de valor de \u00e9ste, como de respeto hacia la aportaci\u00f3n de cada uno de los pilares imprescindibles del mismo.<\/li>\n\n\n\n<li>Queremos actuar como una voz com\u00fan, firme y conciliadora a la vez, para avanzar en el fortalecimiento de un sector clave para la econom\u00eda espa\u00f1ola, con especial incidencia en zonas de la Espa\u00f1a vaciada, y generadora de m\u00e1s de 2.500 millones de euros de facturaci\u00f3n para el PIB nacional, as\u00ed como m\u00e1s de 40.000 puestos de trabajo directos e indirectos.<\/li>\n<\/ul>\n\n\n\n<ul>\n<li>Hasta la crisis socioecon\u00f3mica y sanitaria provocada por la pandemia de la COVID, nuestro sector hab\u00eda acometido uno de los mayores esfuerzos en modernizaci\u00f3n, profesionalizaci\u00f3n, capacidad de producci\u00f3n y de comercializaci\u00f3n jam\u00e1s realizados. Esto nos hab\u00eda permitido ganar por derecho propio ser uno de los tres principales mercados productores de carne av\u00edcola en Europa, con el reto de proyecci\u00f3n internacional por primera vez en nuestra historia.<\/li>\n\n\n\n<li>Sin embargo, desde 2020, el sector espa\u00f1ol de la carne av\u00edcola se ha visto sometido a un contexto permanente de presi\u00f3n y asfixia que han lastrado su capacidad de producci\u00f3n y de equilibrio de rentabilidad, y por consiguiente su viabilidad econ\u00f3mica.<\/li>\n\n\n\n<li>Llevamos m\u00e1s de tres a\u00f1os soportando en toda la cadena de valor, desde las granjas a los centros de procesado y producci\u00f3n, as\u00ed como las redes de comercializaci\u00f3n, las consecuencias del incremento de las materias primas (hasta duplicar o triplicar su precio), la escalada sin precedentes de la energ\u00eda (hasta seis veces m\u00e1s), de los insumos y materiales como cartonaje, pl\u00e1sticos, la presi\u00f3n de la inflaci\u00f3n, etc. Todo ello en un sector que por sus caracter\u00edsticas tiene ciclos mucho m\u00e1s cortos de producci\u00f3n que otros an\u00e1logos, y que le convierten en uno de los m\u00e1s vulnerables.<\/li>\n\n\n\n<li>Sin embargo, nuestra posici\u00f3n conjunta como sector ha sido siempre la de resiliencia y compromiso con la producci\u00f3n sin interrupciones de carne av\u00edcola para evitar cualquier desabastecimiento para las familias en Espa\u00f1a. D\u00eda tras d\u00eda, todos los profesionales del sector han mantenido su actividad y cumplido con su responsabilidad.<\/li>\n\n\n\n<li>En este contexto, hemos exigido corresponsabilidad a todos los integrantes de la cadena de valor para poder afrontar una situaci\u00f3n cr\u00edtica no solo para el sector, sino para la propia poblaci\u00f3n, pues la carne av\u00edcola es un pilar imprescindible de la alimentaci\u00f3n saludable y asequible de todos los espa\u00f1oles, especialmente para los m\u00e1s vulnerables.<\/li>\n\n\n\n<li><strong>Hemos demandado de forma expresa a la Distribuci\u00f3n la adaptaci\u00f3n de los contratos de comercializaci\u00f3n con la cadena de producci\u00f3n para evitar el colapso del sector en su conjunto, adapt\u00e1ndolos a los costes de producci\u00f3n en constante escalada. Una demanda que no ha tenido la respuesta r\u00e1pida y acorde a la realidad que necesit\u00e1bamos, generando con ello situaciones dram\u00e1ticas en granjas y empresas integradoras, algunas de las cuales no pudieron resistir la situaci\u00f3n provocada y se vieron abocados a su cierre.<\/strong><\/li>\n\n\n\n<li>Aun as\u00ed, el di\u00e1logo constructivo entre las principales organizaciones agroganaderas y las compa\u00f1\u00edas de integraci\u00f3n, con la intermediaci\u00f3n de AVIANZA, ha permitido progresivos acuerdos de actualizaci\u00f3n de los costes, que si bien segu\u00edan sin ser correspondidos con la Distribuci\u00f3n, permit\u00edan actuar de forma solidaria, una vez m\u00e1s, al sector de producci\u00f3n de carne av\u00edcola.<\/li>\n\n\n\n<li>Cabe rese\u00f1ar tambi\u00e9n que en este contexto hemos sufrido y se ciernen nuevas amenazas sobre el sector de carne av\u00edcola por la presi\u00f3n administrativa, tanto local como europea, para imponer una regulaci\u00f3n draconiana y ajena al contexto de modernizaci\u00f3n y valores impulsados por el propio sector.<\/li>\n\n\n\n<li>Reglamentos actuales y medidas en proceso de estudio en el marco de la Uni\u00f3n Europea apuntan a un nuevo ataque a la viabilidad de nuestro sector, reconocido por su apuesta por la sostenibilidad en todas sus vertientes, el compromiso con los objetivos de descarbonizaci\u00f3n y avances en energ\u00eda sostenible o bienestar animal.<\/li>\n<\/ul>\n\n\n\n<ul>\n<li>Ante estas amenazas, la importaci\u00f3n de carne de pa\u00edses ajenos a la Uni\u00f3n Europea ser\u00eda una realidad. Se importar\u00eda carne con unos est\u00e1ndares de calidad, sanidad, seguridad alimentaria y bienestar animal mucho m\u00e1s bajos, ya que tendr\u00edan un precio mucho m\u00e1s competitivo.<\/li>\n\n\n\n<li>Creemos<strong>&nbsp;imprescindible ser escuchados para evitar errores del pasado que abocaron a la desaparici\u00f3n de sectores completos de producci\u00f3n espa\u00f1oles, en detrimento de otros mercados que finalmente no supusieron ni cumplir los supuestos objetivos marcados ni el correspondiente beneficio en calidad (e incluso precio) para los consumidores. Exigimos por tanto a la Administraci\u00f3n nacional espa\u00f1ola que act\u00fae como defensor del sector de carne av\u00edcola espa\u00f1ol ante dichas administraciones.<\/strong><\/li>\n<\/ul>\n\n\n\n<p>Representantes del Comit\u00e9 de Integraci\u00f3n continuar\u00e1n su trabajo en las pr\u00f3ximas semanas para transmitir de forma constante sus avances. <strong>\/<\/strong><\/p>\n","protected":false},"excerpt":{"rendered":"<p>Los representantes de las principales organizaciones agroganaderas nacionales, ASAJA, COAG y UPA, y AVIANZA, la asociaci\u00f3n mayoritaria del sector espa\u00f1ol de la avicultura de carne, que agrupa a m\u00e1s de sesenta y cinco empresas asociadas y representa a m\u00e1s del 90% de las compa\u00f1\u00edas vinculadas al sector de la carne de pollo, pavo y codorniz, [&hellip;]<\/p>\n","protected":false},"author":9,"featured_media":13075,"comment_status":"open","ping_status":"open","sticky":false,"template":"","format":"standard","meta":{"footnotes":""},"categories":[9,29,28],"tags":[158,161,162,159,77],"yoast_head":"<!-- This site is optimized with the Yoast SEO plugin v24.5 - https:\/\/yoast.com\/wordpress\/plugins\/seo\/ -->\n<title>ASAJA se une al impulso del Comit\u00e9 Ejecutivo de Integraci\u00f3n para mejorar el sector de carne av\u00edcola en Espa\u00f1a - ASAJA Palencia<\/title>\n<meta name=\"description\" content=\"Los representantes de las principales organizaciones agroganaderas nacionales, ASAJA, COAG y UPA, y AVIANZA, la asociaci\u00f3n mayoritaria del sector espa\u00f1ol\" \/>\n<meta name=\"robots\" content=\"index, follow, max-snippet:-1, max-image-preview:large, max-video-preview:-1\" \/>\n<link rel=\"canonical\" href=\"https:\/\/www.asajacyl.com\/palencia\/asaja-palencia-informa\/asaja-se-une-al-impulso-del-comite-ejecutivo-de-integracion-para-mejorar-las-condiciones-del-sector-de-carne-avicola-en-espana\" \/>\n<meta property=\"og:locale\" content=\"es_ES\" \/>\n<meta property=\"og:type\" content=\"article\" \/>\n<meta property=\"og:title\" content=\"ASAJA se une al impulso del Comit\u00e9 Ejecutivo de Integraci\u00f3n para mejorar el sector de carne av\u00edcola en Espa\u00f1a - ASAJA Palencia\" \/>\n<meta property=\"og:description\" content=\"Los representantes de las principales organizaciones agroganaderas nacionales, ASAJA, COAG y UPA, y AVIANZA, la asociaci\u00f3n mayoritaria del sector espa\u00f1ol\" \/>\n<meta property=\"og:url\" content=\"https:\/\/www.asajacyl.com\/palencia\/asaja-palencia-informa\/asaja-se-une-al-impulso-del-comite-ejecutivo-de-integracion-para-mejorar-las-condiciones-del-sector-de-carne-avicola-en-espana\" \/>\n<meta property=\"og:site_name\" content=\"ASAJA Palencia\" \/>\n<meta property=\"article:published_time\" content=\"2023-04-30T07:54:00+00:00\" \/>\n<meta property=\"og:image\" content=\"https:\/\/www.asajacyl.com\/palencia\/wp-content\/uploads\/sites\/3\/2023\/04\/Avicultura.jpg\" \/>\n\t<meta property=\"og:image:width\" content=\"1072\" \/>\n\t<meta property=\"og:image:height\" content=\"770\" \/>\n\t<meta property=\"og:image:type\" content=\"image\/jpeg\" \/>\n<meta name=\"author\" content=\"Administrador\" \/>\n<meta name=\"twitter:card\" content=\"summary_large_image\" \/>\n<meta name=\"twitter:label1\" content=\"Escrito por\" \/>\n\t<meta name=\"twitter:data1\" content=\"Administrador\" \/>\n\t<meta name=\"twitter:label2\" content=\"Tiempo de lectura\" \/>\n\t<meta name=\"twitter:data2\" content=\"5 minutos\" \/>\n<script type=\"application\/ld+json\" class=\"yoast-schema-graph\">{\"@context\":\"https:\/\/schema.org\",\"@graph\":[{\"@type\":\"WebPage\",\"@id\":\"https:\/\/www.asajacyl.com\/palencia\/asaja-palencia-informa\/asaja-se-une-al-impulso-del-comite-ejecutivo-de-integracion-para-mejorar-las-condiciones-del-sector-de-carne-avicola-en-espana\",\"url\":\"https:\/\/www.asajacyl.com\/palencia\/asaja-palencia-informa\/asaja-se-une-al-impulso-del-comite-ejecutivo-de-integracion-para-mejorar-las-condiciones-del-sector-de-carne-avicola-en-espana\",\"name\":\"ASAJA se une al impulso del Comit\u00e9 Ejecutivo de Integraci\u00f3n para mejorar el sector de carne av\u00edcola en Espa\u00f1a - ASAJA Palencia\",\"isPartOf\":{\"@id\":\"https:\/\/www.asajacyl.com\/palencia\/#website\"},\"primaryImageOfPage\":{\"@id\":\"https:\/\/www.asajacyl.com\/palencia\/asaja-palencia-informa\/asaja-se-une-al-impulso-del-comite-ejecutivo-de-integracion-para-mejorar-las-condiciones-del-sector-de-carne-avicola-en-espana#primaryimage\"},\"image\":{\"@id\":\"https:\/\/www.asajacyl.com\/palencia\/asaja-palencia-informa\/asaja-se-une-al-impulso-del-comite-ejecutivo-de-integracion-para-mejorar-las-condiciones-del-sector-de-carne-avicola-en-espana#primaryimage\"},\"thumbnailUrl\":\"https:\/\/www.asajacyl.com\/palencia\/wp-content\/uploads\/sites\/3\/2023\/04\/Avicultura.jpg\",\"datePublished\":\"2023-04-30T07:54:00+00:00\",\"author\":{\"@id\":\"https:\/\/www.asajacyl.com\/palencia\/#\/schema\/person\/3ab17aeb03527485c317557fae64aab1\"},\"description\":\"Los representantes de las principales organizaciones agroganaderas nacionales, ASAJA, COAG y UPA, y AVIANZA, la asociaci\u00f3n mayoritaria del sector espa\u00f1ol\",\"breadcrumb\":{\"@id\":\"https:\/\/www.asajacyl.com\/palencia\/asaja-palencia-informa\/asaja-se-une-al-impulso-del-comite-ejecutivo-de-integracion-para-mejorar-las-condiciones-del-sector-de-carne-avicola-en-espana#breadcrumb\"},\"inLanguage\":\"es\",\"potentialAction\":[{\"@type\":\"ReadAction\",\"target\":[\"https:\/\/www.asajacyl.com\/palencia\/asaja-palencia-informa\/asaja-se-une-al-impulso-del-comite-ejecutivo-de-integracion-para-mejorar-las-condiciones-del-sector-de-carne-avicola-en-espana\"]}]},{\"@type\":\"ImageObject\",\"inLanguage\":\"es\",\"@id\":\"https:\/\/www.asajacyl.com\/palencia\/asaja-palencia-informa\/asaja-se-une-al-impulso-del-comite-ejecutivo-de-integracion-para-mejorar-las-condiciones-del-sector-de-carne-avicola-en-espana#primaryimage\",\"url\":\"https:\/\/www.asajacyl.com\/palencia\/wp-content\/uploads\/sites\/3\/2023\/04\/Avicultura.jpg\",\"contentUrl\":\"https:\/\/www.asajacyl.com\/palencia\/wp-content\/uploads\/sites\/3\/2023\/04\/Avicultura.jpg\",\"width\":1072,\"height\":770},{\"@type\":\"BreadcrumbList\",\"@id\":\"https:\/\/www.asajacyl.com\/palencia\/asaja-palencia-informa\/asaja-se-une-al-impulso-del-comite-ejecutivo-de-integracion-para-mejorar-las-condiciones-del-sector-de-carne-avicola-en-espana#breadcrumb\",\"itemListElement\":[{\"@type\":\"ListItem\",\"position\":1,\"name\":\"Portada\",\"item\":\"https:\/\/www.asajacyl.com\/palencia\/\"},{\"@type\":\"ListItem\",\"position\":2,\"name\":\"ASAJA se une al impulso del Comit\u00e9 Ejecutivo de Integraci\u00f3n para mejorar el sector de carne av\u00edcola en Espa\u00f1a\"}]},{\"@type\":\"WebSite\",\"@id\":\"https:\/\/www.asajacyl.com\/palencia\/#website\",\"url\":\"https:\/\/www.asajacyl.com\/palencia\/\",\"name\":\"ASAJA Palencia\",\"description\":\"Otro sitio m\u00e1s de Provincias ASAJA Castilla y Le\u00f3n\",\"potentialAction\":[{\"@type\":\"SearchAction\",\"target\":{\"@type\":\"EntryPoint\",\"urlTemplate\":\"https:\/\/www.asajacyl.com\/palencia\/?s={search_term_string}\"},\"query-input\":{\"@type\":\"PropertyValueSpecification\",\"valueRequired\":true,\"valueName\":\"search_term_string\"}}],\"inLanguage\":\"es\"},{\"@type\":\"Person\",\"@id\":\"https:\/\/www.asajacyl.com\/palencia\/#\/schema\/person\/3ab17aeb03527485c317557fae64aab1\",\"name\":\"Administrador\",\"image\":{\"@type\":\"ImageObject\",\"inLanguage\":\"es\",\"@id\":\"https:\/\/www.asajacyl.com\/palencia\/#\/schema\/person\/image\/\",\"url\":\"https:\/\/secure.gravatar.com\/avatar\/517384810d242ca9e38c180f3c9fb973?s=96&d=mm&r=g\",\"contentUrl\":\"https:\/\/secure.gravatar.com\/avatar\/517384810d242ca9e38c180f3c9fb973?s=96&d=mm&r=g\",\"caption\":\"Administrador\"},\"url\":\"https:\/\/www.asajacyl.com\/palencia\/author\/carlosrm\"}]}<\/script>\n<!-- \/ Yoast SEO plugin. -->","yoast_head_json":{"title":"ASAJA se une al impulso del Comit\u00e9 Ejecutivo de Integraci\u00f3n para mejorar el sector de carne av\u00edcola en Espa\u00f1a - ASAJA Palencia","description":"Los representantes de las principales organizaciones agroganaderas nacionales, ASAJA, COAG y UPA, y AVIANZA, la asociaci\u00f3n mayoritaria del sector espa\u00f1ol","robots":{"index":"index","follow":"follow","max-snippet":"max-snippet:-1","max-image-preview":"max-image-preview:large","max-video-preview":"max-video-preview:-1"},"canonical":"https:\/\/www.asajacyl.com\/palencia\/asaja-palencia-informa\/asaja-se-une-al-impulso-del-comite-ejecutivo-de-integracion-para-mejorar-las-condiciones-del-sector-de-carne-avicola-en-espana","og_locale":"es_ES","og_type":"article","og_title":"ASAJA se une al impulso del Comit\u00e9 Ejecutivo de Integraci\u00f3n para mejorar el sector de carne av\u00edcola en Espa\u00f1a - ASAJA Palencia","og_description":"Los representantes de las principales organizaciones agroganaderas nacionales, ASAJA, COAG y UPA, y AVIANZA, la asociaci\u00f3n mayoritaria del sector espa\u00f1ol","og_url":"https:\/\/www.asajacyl.com\/palencia\/asaja-palencia-informa\/asaja-se-une-al-impulso-del-comite-ejecutivo-de-integracion-para-mejorar-las-condiciones-del-sector-de-carne-avicola-en-espana","og_site_name":"ASAJA Palencia","article_published_time":"2023-04-30T07:54:00+00:00","og_image":[{"width":1072,"height":770,"url":"https:\/\/www.asajacyl.com\/palencia\/wp-content\/uploads\/sites\/3\/2023\/04\/Avicultura.jpg","type":"image\/jpeg"}],"author":"Administrador","twitter_card":"summary_large_image","twitter_misc":{"Escrito por":"Administrador","Tiempo de lectura":"5 minutos"},"schema":{"@context":"https:\/\/schema.org","@graph":[{"@type":"WebPage","@id":"https:\/\/www.asajacyl.com\/palencia\/asaja-palencia-informa\/asaja-se-une-al-impulso-del-comite-ejecutivo-de-integracion-para-mejorar-las-condiciones-del-sector-de-carne-avicola-en-espana","url":"https:\/\/www.asajacyl.com\/palencia\/asaja-palencia-informa\/asaja-se-une-al-impulso-del-comite-ejecutivo-de-integracion-para-mejorar-las-condiciones-del-sector-de-carne-avicola-en-espana","name":"ASAJA se une al impulso del Comit\u00e9 Ejecutivo de Integraci\u00f3n para mejorar el sector de carne av\u00edcola en Espa\u00f1a - ASAJA Palencia","isPartOf":{"@id":"https:\/\/www.asajacyl.com\/palencia\/#website"},"primaryImageOfPage":{"@id":"https:\/\/www.asajacyl.com\/palencia\/asaja-palencia-informa\/asaja-se-une-al-impulso-del-comite-ejecutivo-de-integracion-para-mejorar-las-condiciones-del-sector-de-carne-avicola-en-espana#primaryimage"},"image":{"@id":"https:\/\/www.asajacyl.com\/palencia\/asaja-palencia-informa\/asaja-se-une-al-impulso-del-comite-ejecutivo-de-integracion-para-mejorar-las-condiciones-del-sector-de-carne-avicola-en-espana#primaryimage"},"thumbnailUrl":"https:\/\/www.asajacyl.com\/palencia\/wp-content\/uploads\/sites\/3\/2023\/04\/Avicultura.jpg","datePublished":"2023-04-30T07:54:00+00:00","author":{"@id":"https:\/\/www.asajacyl.com\/palencia\/#\/schema\/person\/3ab17aeb03527485c317557fae64aab1"},"description":"Los representantes de las principales organizaciones agroganaderas nacionales, ASAJA, COAG y UPA, y AVIANZA, la asociaci\u00f3n mayoritaria del sector espa\u00f1ol","breadcrumb":{"@id":"https:\/\/www.asajacyl.com\/palencia\/asaja-palencia-informa\/asaja-se-une-al-impulso-del-comite-ejecutivo-de-integracion-para-mejorar-las-condiciones-del-sector-de-carne-avicola-en-espana#breadcrumb"},"inLanguage":"es","potentialAction":[{"@type":"ReadAction","target":["https:\/\/www.asajacyl.com\/palencia\/asaja-palencia-informa\/asaja-se-une-al-impulso-del-comite-ejecutivo-de-integracion-para-mejorar-las-condiciones-del-sector-de-carne-avicola-en-espana"]}]},{"@type":"ImageObject","inLanguage":"es","@id":"https:\/\/www.asajacyl.com\/palencia\/asaja-palencia-informa\/asaja-se-une-al-impulso-del-comite-ejecutivo-de-integracion-para-mejorar-las-condiciones-del-sector-de-carne-avicola-en-espana#primaryimage","url":"https:\/\/www.asajacyl.com\/palencia\/wp-content\/uploads\/sites\/3\/2023\/04\/Avicultura.jpg","contentUrl":"https:\/\/www.asajacyl.com\/palencia\/wp-content\/uploads\/sites\/3\/2023\/04\/Avicultura.jpg","width":1072,"height":770},{"@type":"BreadcrumbList","@id":"https:\/\/www.asajacyl.com\/palencia\/asaja-palencia-informa\/asaja-se-une-al-impulso-del-comite-ejecutivo-de-integracion-para-mejorar-las-condiciones-del-sector-de-carne-avicola-en-espana#breadcrumb","itemListElement":[{"@type":"ListItem","position":1,"name":"Portada","item":"https:\/\/www.asajacyl.com\/palencia\/"},{"@type":"ListItem","position":2,"name":"ASAJA se une al impulso del Comit\u00e9 Ejecutivo de Integraci\u00f3n para mejorar el sector de carne av\u00edcola en Espa\u00f1a"}]},{"@type":"WebSite","@id":"https:\/\/www.asajacyl.com\/palencia\/#website","url":"https:\/\/www.asajacyl.com\/palencia\/","name":"ASAJA Palencia","description":"Otro sitio m\u00e1s de Provincias ASAJA Castilla y Le\u00f3n","potentialAction":[{"@type":"SearchAction","target":{"@type":"EntryPoint","urlTemplate":"https:\/\/www.asajacyl.com\/palencia\/?s={search_term_string}"},"query-input":{"@type":"PropertyValueSpecification","valueRequired":true,"valueName":"search_term_string"}}],"inLanguage":"es"},{"@type":"Person","@id":"https:\/\/www.asajacyl.com\/palencia\/#\/schema\/person\/3ab17aeb03527485c317557fae64aab1","name":"Administrador","image":{"@type":"ImageObject","inLanguage":"es","@id":"https:\/\/www.asajacyl.com\/palencia\/#\/schema\/person\/image\/","url":"https:\/\/secure.gravatar.com\/avatar\/517384810d242ca9e38c180f3c9fb973?s=96&d=mm&r=g","contentUrl":"https:\/\/secure.gravatar.com\/avatar\/517384810d242ca9e38c180f3c9fb973?s=96&d=mm&r=g","caption":"Administrador"},"url":"https:\/\/www.asajacyl.com\/palencia\/author\/carlosrm"}]}},"_links":{"self":[{"href":"https:\/\/www.asajacyl.com\/palencia\/wp-json\/wp\/v2\/posts\/13074"}],"collection":[{"href":"https:\/\/www.asajacyl.com\/palencia\/wp-json\/wp\/v2\/posts"}],"about":[{"href":"https:\/\/www.asajacyl.com\/palencia\/wp-json\/wp\/v2\/types\/post"}],"author":[{"embeddable":true,"href":"https:\/\/www.asajacyl.com\/palencia\/wp-json\/wp\/v2\/users\/9"}],"replies":[{"embeddable":true,"href":"https:\/\/www.asajacyl.com\/palencia\/wp-json\/wp\/v2\/comments?post=13074"}],"version-history":[{"count":2,"href":"https:\/\/www.asajacyl.com\/palencia\/wp-json\/wp\/v2\/posts\/13074\/revisions"}],"predecessor-version":[{"id":13077,"href":"https:\/\/www.asajacyl.com\/palencia\/wp-json\/wp\/v2\/posts\/13074\/revisions\/13077"}],"wp:featuredmedia":[{"embeddable":true,"href":"https:\/\/www.asajacyl.com\/palencia\/wp-json\/wp\/v2\/media\/13075"}],"wp:attachment":[{"href":"https:\/\/www.asajacyl.com\/palencia\/wp-json\/wp\/v2\/media?parent=13074"}],"wp:term":[{"taxonomy":"category","embeddable":true,"href":"https:\/\/www.asajacyl.com\/palencia\/wp-json\/wp\/v2\/categories?post=13074"},{"taxonomy":"post_tag","embeddable":true,"href":"https:\/\/www.asajacyl.com\/palencia\/wp-json\/wp\/v2\/tags?post=13074"}],"curies":[{"name":"wp","href":"https:\/\/api.w.org\/{rel}","templated":true}]}}