{"id":13083,"date":"2023-05-01T21:30:00","date_gmt":"2023-05-01T19:30:00","guid":{"rendered":"https:\/\/www.asajacyl.com\/palencia\/?p=13083"},"modified":"2023-04-28T13:57:37","modified_gmt":"2023-04-28T11:57:37","slug":"asaja-critica-que-se-opte-por-la-alternativa-mas-danina-para-la-agricultura-en-el-ultimo-tramo-provincial-del-ave-a-cantabria","status":"publish","type":"post","link":"https:\/\/www.asajacyl.com\/palencia\/asaja-palencia-informa\/asaja-critica-que-se-opte-por-la-alternativa-mas-danina-para-la-agricultura-en-el-ultimo-tramo-provincial-del-ave-a-cantabria","title":{"rendered":"ASAJA critica que se opte por la alternativa m\u00e1s da\u00f1ina para la agricultura en el \u00faltimo tramo provincial del AVE a Cantabria"},"content":{"rendered":"\n<h2 class=\"wp-block-heading\">ASAJA-Palencia lamenta que, una vez m\u00e1s, el Ministerio de Transportes, Movilidad y Agenda Urbana, considere los da\u00f1os a la agricultura, y en especial a los sistemas y las parcelas de regad\u00edo, como un factor residual a la hora de elegir las diversas alternativas del trazado de la alta velocidad. En esta provincia ha vuelto a suceder con el \u00faltimo tramo antes de pasar a territorio a Cantabria: de las tres opciones posibles, el Ministerio ha optado por la que m\u00e1s afecci\u00f3n presenta para los regad\u00edos en los t\u00e9rminos municipales de Alar del Rey, Aguilar de Campoo y Pomar de Valdivia.<\/h2>\n\n\n\n<p>El Ministerio de Transportes, Movilidad y Agenda Urbana publicaba a primeros de abril (BOE del 5 de abril de 2023) el anuncio de la Subdirecci\u00f3n General de Planificaci\u00f3n Ferroviaria sobre la aprobaci\u00f3n del expediente de informaci\u00f3n p\u00fablica y audiencia y la aprobaci\u00f3n definitiva del \u00abEstudio Informativo de la L\u00ednea de Alta Velocidad Nogales de Pisuerga-Reinosa\u00bb, tramo que discurre ya por las provincias de Palencia y Cantabria.<\/p>\n\n\n\n<p>El anuncio indica las alternativas elegidas en los tres \u00e1mbitos del tramo: la Este para el \u00e1mbito 1 (Nogales de Pisuerga-Mataporquera, en su mayor\u00eda discurre por la provincia de Palencia); la Este para el \u00e1mbito 2 (Mataporquera) y la Oeste para el \u00e1mbito 3 (Mataporquera-Reinosa); estos dos \u00faltimos ya en territorio c\u00e1ntabro.<\/p>\n\n\n\n<p>Por lo que respecta al tramo palentino, se barajaban tres opciones y el Ministerio se ha inclinado finalmente por la alternativa Este, que afectar\u00e1 a cerca de noventa hect\u00e1reas de cultivo: unas 42,65 hect\u00e1reas de secano y 46,8 ha de regad\u00edo. Estas parcelas se sit\u00faan en los t\u00e9rminos municipales de Alar del Rey (13 hect\u00e1reas de secano y 5,6 de regad\u00edo), Aguilar de Campoo (21 hect\u00e1reas de secano y 24,4 de regad\u00edo) y Pomar de Valdivia (8,5 hect\u00e1reas de secano y 16,7 de regad\u00edo).<\/p>\n\n\n\n<p>ASAJA-Palencia lamenta que el Ministerio vuelva a considerar mucho m\u00e1s a otros factores a la hora de elegir sus alternativas para el trazado de la alta velocidad, como se demuestra en este tramo, donde las otras opciones desechadas \u2014por lo que respecta a este primer \u00e1mbito en la provincia de Palencia\u2014 conllevaban menos afecci\u00f3n a las tierras de labor. La alternativa Oeste afectaba a 31 hect\u00e1reas de secano y menos de 28 de regad\u00edo (aproximadamente un tercio menos que la alternativa Este elegida) y la alternativa Centro afectaba a menos de 40 hect\u00e1reas de secano y 38,6 de regad\u00edo, tambi\u00e9n sensiblemente inferior a la opci\u00f3n).<\/p>\n\n\n\n<p>Como el propio estudio de impacto ambiental revela, \u00ablas mayores superficies de ocupaci\u00f3n se producen sobre terrenos dedicados al sector agr\u00edcola, seguidas por los pastos y el dominio p\u00fablico\u00bb. <\/p>\n\n\n\n<p>ASAJA-Palencia ve c\u00f3mo, una vez m\u00e1s, el sector primario apenas cuenta entre los condicionantes ambientales para trazar las l\u00edneas de alta velocidad, frente a las que el Ministerio siempre considera prioritarias: n\u00facleos de poblaci\u00f3n, lugares de inter\u00e9s geol\u00f3gico, hidrolog\u00eda superficial, espacios naturales de inter\u00e9s (RED Natura 2000, Red de Espacios Naturales Protegidos, montes de utilidad p\u00fablica), zonas de inter\u00e9s para la fauna, patrimonio natural&#8230; <strong>\/<\/strong><\/p>\n\n\n\n<p><\/p>\n","protected":false},"excerpt":{"rendered":"<p>ASAJA-Palencia lamenta que, una vez m\u00e1s, el Ministerio de Transportes, Movilidad y Agenda Urbana, considere los da\u00f1os a la agricultura, y en especial a los sistemas y las parcelas de regad\u00edo, como un factor residual a la hora de elegir las diversas alternativas del trazado de la alta velocidad. En esta provincia ha vuelto a [&hellip;]<\/p>\n","protected":false},"author":9,"featured_media":12411,"comment_status":"open","ping_status":"open","sticky":false,"template":"","format":"standard","meta":{"footnotes":""},"categories":[9,29,28],"tags":[58,164,163,55],"yoast_head":"<!-- This site is optimized with the Yoast SEO plugin v24.5 - https:\/\/yoast.com\/wordpress\/plugins\/seo\/ -->\n<title>ASAJA critica que se opte por la alternativa m\u00e1s da\u00f1ina para la agricultura en el \u00faltimo tramo provincial del AVE a Cantabria - ASAJA Palencia<\/title>\n<meta name=\"description\" content=\"ASAJA-Palencia lamenta que, una vez m\u00e1s, el Ministerio de Transportes, Movilidad y Agenda Urbana, considere los da\u00f1os a la agricultura, y en especial a\" \/>\n<meta name=\"robots\" content=\"index, follow, max-snippet:-1, max-image-preview:large, max-video-preview:-1\" \/>\n<link rel=\"canonical\" href=\"https:\/\/www.asajacyl.com\/palencia\/asaja-palencia-informa\/asaja-critica-que-se-opte-por-la-alternativa-mas-danina-para-la-agricultura-en-el-ultimo-tramo-provincial-del-ave-a-cantabria\" \/>\n<meta property=\"og:locale\" content=\"es_ES\" \/>\n<meta property=\"og:type\" content=\"article\" \/>\n<meta property=\"og:title\" content=\"ASAJA critica que se opte por la alternativa m\u00e1s da\u00f1ina para la agricultura en el \u00faltimo tramo provincial del AVE a Cantabria - ASAJA Palencia\" \/>\n<meta property=\"og:description\" content=\"ASAJA-Palencia lamenta que, una vez m\u00e1s, el Ministerio de Transportes, Movilidad y Agenda Urbana, considere los da\u00f1os a la agricultura, y en especial a\" \/>\n<meta property=\"og:url\" content=\"https:\/\/www.asajacyl.com\/palencia\/asaja-palencia-informa\/asaja-critica-que-se-opte-por-la-alternativa-mas-danina-para-la-agricultura-en-el-ultimo-tramo-provincial-del-ave-a-cantabria\" \/>\n<meta property=\"og:site_name\" content=\"ASAJA Palencia\" \/>\n<meta property=\"article:published_time\" content=\"2023-05-01T19:30:00+00:00\" \/>\n<meta property=\"og:image\" content=\"https:\/\/www.asajacyl.com\/palencia\/wp-content\/uploads\/sites\/3\/2023\/02\/AVE-NOGALES-REINOSA.jpg\" \/>\n\t<meta property=\"og:image:width\" content=\"1043\" \/>\n\t<meta property=\"og:image:height\" content=\"710\" \/>\n\t<meta property=\"og:image:type\" content=\"image\/jpeg\" \/>\n<meta name=\"author\" content=\"Administrador\" \/>\n<meta name=\"twitter:card\" content=\"summary_large_image\" \/>\n<meta name=\"twitter:label1\" content=\"Escrito por\" \/>\n\t<meta name=\"twitter:data1\" content=\"Administrador\" \/>\n\t<meta name=\"twitter:label2\" content=\"Tiempo de lectura\" \/>\n\t<meta name=\"twitter:data2\" content=\"3 minutos\" \/>\n<script type=\"application\/ld+json\" class=\"yoast-schema-graph\">{\"@context\":\"https:\/\/schema.org\",\"@graph\":[{\"@type\":\"WebPage\",\"@id\":\"https:\/\/www.asajacyl.com\/palencia\/asaja-palencia-informa\/asaja-critica-que-se-opte-por-la-alternativa-mas-danina-para-la-agricultura-en-el-ultimo-tramo-provincial-del-ave-a-cantabria\",\"url\":\"https:\/\/www.asajacyl.com\/palencia\/asaja-palencia-informa\/asaja-critica-que-se-opte-por-la-alternativa-mas-danina-para-la-agricultura-en-el-ultimo-tramo-provincial-del-ave-a-cantabria\",\"name\":\"ASAJA critica que se opte por la alternativa m\u00e1s da\u00f1ina para la agricultura en el \u00faltimo tramo provincial del AVE a Cantabria - ASAJA Palencia\",\"isPartOf\":{\"@id\":\"https:\/\/www.asajacyl.com\/palencia\/#website\"},\"primaryImageOfPage\":{\"@id\":\"https:\/\/www.asajacyl.com\/palencia\/asaja-palencia-informa\/asaja-critica-que-se-opte-por-la-alternativa-mas-danina-para-la-agricultura-en-el-ultimo-tramo-provincial-del-ave-a-cantabria#primaryimage\"},\"image\":{\"@id\":\"https:\/\/www.asajacyl.com\/palencia\/asaja-palencia-informa\/asaja-critica-que-se-opte-por-la-alternativa-mas-danina-para-la-agricultura-en-el-ultimo-tramo-provincial-del-ave-a-cantabria#primaryimage\"},\"thumbnailUrl\":\"https:\/\/www.asajacyl.com\/palencia\/wp-content\/uploads\/sites\/3\/2023\/02\/AVE-NOGALES-REINOSA.jpg\",\"datePublished\":\"2023-05-01T19:30:00+00:00\",\"author\":{\"@id\":\"https:\/\/www.asajacyl.com\/palencia\/#\/schema\/person\/3ab17aeb03527485c317557fae64aab1\"},\"description\":\"ASAJA-Palencia lamenta que, una vez m\u00e1s, el Ministerio de Transportes, Movilidad y Agenda Urbana, considere los da\u00f1os a la agricultura, y en especial a\",\"breadcrumb\":{\"@id\":\"https:\/\/www.asajacyl.com\/palencia\/asaja-palencia-informa\/asaja-critica-que-se-opte-por-la-alternativa-mas-danina-para-la-agricultura-en-el-ultimo-tramo-provincial-del-ave-a-cantabria#breadcrumb\"},\"inLanguage\":\"es\",\"potentialAction\":[{\"@type\":\"ReadAction\",\"target\":[\"https:\/\/www.asajacyl.com\/palencia\/asaja-palencia-informa\/asaja-critica-que-se-opte-por-la-alternativa-mas-danina-para-la-agricultura-en-el-ultimo-tramo-provincial-del-ave-a-cantabria\"]}]},{\"@type\":\"ImageObject\",\"inLanguage\":\"es\",\"@id\":\"https:\/\/www.asajacyl.com\/palencia\/asaja-palencia-informa\/asaja-critica-que-se-opte-por-la-alternativa-mas-danina-para-la-agricultura-en-el-ultimo-tramo-provincial-del-ave-a-cantabria#primaryimage\",\"url\":\"https:\/\/www.asajacyl.com\/palencia\/wp-content\/uploads\/sites\/3\/2023\/02\/AVE-NOGALES-REINOSA.jpg\",\"contentUrl\":\"https:\/\/www.asajacyl.com\/palencia\/wp-content\/uploads\/sites\/3\/2023\/02\/AVE-NOGALES-REINOSA.jpg\",\"width\":1043,\"height\":710},{\"@type\":\"BreadcrumbList\",\"@id\":\"https:\/\/www.asajacyl.com\/palencia\/asaja-palencia-informa\/asaja-critica-que-se-opte-por-la-alternativa-mas-danina-para-la-agricultura-en-el-ultimo-tramo-provincial-del-ave-a-cantabria#breadcrumb\",\"itemListElement\":[{\"@type\":\"ListItem\",\"position\":1,\"name\":\"Portada\",\"item\":\"https:\/\/www.asajacyl.com\/palencia\/\"},{\"@type\":\"ListItem\",\"position\":2,\"name\":\"ASAJA critica que se opte por la alternativa m\u00e1s da\u00f1ina para la agricultura en el \u00faltimo tramo provincial del AVE a Cantabria\"}]},{\"@type\":\"WebSite\",\"@id\":\"https:\/\/www.asajacyl.com\/palencia\/#website\",\"url\":\"https:\/\/www.asajacyl.com\/palencia\/\",\"name\":\"ASAJA Palencia\",\"description\":\"Otro sitio m\u00e1s de Provincias ASAJA Castilla y Le\u00f3n\",\"potentialAction\":[{\"@type\":\"SearchAction\",\"target\":{\"@type\":\"EntryPoint\",\"urlTemplate\":\"https:\/\/www.asajacyl.com\/palencia\/?s={search_term_string}\"},\"query-input\":{\"@type\":\"PropertyValueSpecification\",\"valueRequired\":true,\"valueName\":\"search_term_string\"}}],\"inLanguage\":\"es\"},{\"@type\":\"Person\",\"@id\":\"https:\/\/www.asajacyl.com\/palencia\/#\/schema\/person\/3ab17aeb03527485c317557fae64aab1\",\"name\":\"Administrador\",\"image\":{\"@type\":\"ImageObject\",\"inLanguage\":\"es\",\"@id\":\"https:\/\/www.asajacyl.com\/palencia\/#\/schema\/person\/image\/\",\"url\":\"https:\/\/secure.gravatar.com\/avatar\/517384810d242ca9e38c180f3c9fb973?s=96&d=mm&r=g\",\"contentUrl\":\"https:\/\/secure.gravatar.com\/avatar\/517384810d242ca9e38c180f3c9fb973?s=96&d=mm&r=g\",\"caption\":\"Administrador\"},\"url\":\"https:\/\/www.asajacyl.com\/palencia\/author\/carlosrm\"}]}<\/script>\n<!-- \/ Yoast SEO plugin. -->","yoast_head_json":{"title":"ASAJA critica que se opte por la alternativa m\u00e1s da\u00f1ina para la agricultura en el \u00faltimo tramo provincial del AVE a Cantabria - ASAJA Palencia","description":"ASAJA-Palencia lamenta que, una vez m\u00e1s, el Ministerio de Transportes, Movilidad y Agenda Urbana, considere los da\u00f1os a la agricultura, y en especial a","robots":{"index":"index","follow":"follow","max-snippet":"max-snippet:-1","max-image-preview":"max-image-preview:large","max-video-preview":"max-video-preview:-1"},"canonical":"https:\/\/www.asajacyl.com\/palencia\/asaja-palencia-informa\/asaja-critica-que-se-opte-por-la-alternativa-mas-danina-para-la-agricultura-en-el-ultimo-tramo-provincial-del-ave-a-cantabria","og_locale":"es_ES","og_type":"article","og_title":"ASAJA critica que se opte por la alternativa m\u00e1s da\u00f1ina para la agricultura en el \u00faltimo tramo provincial del AVE a Cantabria - ASAJA Palencia","og_description":"ASAJA-Palencia lamenta que, una vez m\u00e1s, el Ministerio de Transportes, Movilidad y Agenda Urbana, considere los da\u00f1os a la agricultura, y en especial a","og_url":"https:\/\/www.asajacyl.com\/palencia\/asaja-palencia-informa\/asaja-critica-que-se-opte-por-la-alternativa-mas-danina-para-la-agricultura-en-el-ultimo-tramo-provincial-del-ave-a-cantabria","og_site_name":"ASAJA Palencia","article_published_time":"2023-05-01T19:30:00+00:00","og_image":[{"width":1043,"height":710,"url":"https:\/\/www.asajacyl.com\/palencia\/wp-content\/uploads\/sites\/3\/2023\/02\/AVE-NOGALES-REINOSA.jpg","type":"image\/jpeg"}],"author":"Administrador","twitter_card":"summary_large_image","twitter_misc":{"Escrito por":"Administrador","Tiempo de lectura":"3 minutos"},"schema":{"@context":"https:\/\/schema.org","@graph":[{"@type":"WebPage","@id":"https:\/\/www.asajacyl.com\/palencia\/asaja-palencia-informa\/asaja-critica-que-se-opte-por-la-alternativa-mas-danina-para-la-agricultura-en-el-ultimo-tramo-provincial-del-ave-a-cantabria","url":"https:\/\/www.asajacyl.com\/palencia\/asaja-palencia-informa\/asaja-critica-que-se-opte-por-la-alternativa-mas-danina-para-la-agricultura-en-el-ultimo-tramo-provincial-del-ave-a-cantabria","name":"ASAJA critica que se opte por la alternativa m\u00e1s da\u00f1ina para la agricultura en el \u00faltimo tramo provincial del AVE a Cantabria - ASAJA Palencia","isPartOf":{"@id":"https:\/\/www.asajacyl.com\/palencia\/#website"},"primaryImageOfPage":{"@id":"https:\/\/www.asajacyl.com\/palencia\/asaja-palencia-informa\/asaja-critica-que-se-opte-por-la-alternativa-mas-danina-para-la-agricultura-en-el-ultimo-tramo-provincial-del-ave-a-cantabria#primaryimage"},"image":{"@id":"https:\/\/www.asajacyl.com\/palencia\/asaja-palencia-informa\/asaja-critica-que-se-opte-por-la-alternativa-mas-danina-para-la-agricultura-en-el-ultimo-tramo-provincial-del-ave-a-cantabria#primaryimage"},"thumbnailUrl":"https:\/\/www.asajacyl.com\/palencia\/wp-content\/uploads\/sites\/3\/2023\/02\/AVE-NOGALES-REINOSA.jpg","datePublished":"2023-05-01T19:30:00+00:00","author":{"@id":"https:\/\/www.asajacyl.com\/palencia\/#\/schema\/person\/3ab17aeb03527485c317557fae64aab1"},"description":"ASAJA-Palencia lamenta que, una vez m\u00e1s, el Ministerio de Transportes, Movilidad y Agenda Urbana, considere los da\u00f1os a la agricultura, y en especial a","breadcrumb":{"@id":"https:\/\/www.asajacyl.com\/palencia\/asaja-palencia-informa\/asaja-critica-que-se-opte-por-la-alternativa-mas-danina-para-la-agricultura-en-el-ultimo-tramo-provincial-del-ave-a-cantabria#breadcrumb"},"inLanguage":"es","potentialAction":[{"@type":"ReadAction","target":["https:\/\/www.asajacyl.com\/palencia\/asaja-palencia-informa\/asaja-critica-que-se-opte-por-la-alternativa-mas-danina-para-la-agricultura-en-el-ultimo-tramo-provincial-del-ave-a-cantabria"]}]},{"@type":"ImageObject","inLanguage":"es","@id":"https:\/\/www.asajacyl.com\/palencia\/asaja-palencia-informa\/asaja-critica-que-se-opte-por-la-alternativa-mas-danina-para-la-agricultura-en-el-ultimo-tramo-provincial-del-ave-a-cantabria#primaryimage","url":"https:\/\/www.asajacyl.com\/palencia\/wp-content\/uploads\/sites\/3\/2023\/02\/AVE-NOGALES-REINOSA.jpg","contentUrl":"https:\/\/www.asajacyl.com\/palencia\/wp-content\/uploads\/sites\/3\/2023\/02\/AVE-NOGALES-REINOSA.jpg","width":1043,"height":710},{"@type":"BreadcrumbList","@id":"https:\/\/www.asajacyl.com\/palencia\/asaja-palencia-informa\/asaja-critica-que-se-opte-por-la-alternativa-mas-danina-para-la-agricultura-en-el-ultimo-tramo-provincial-del-ave-a-cantabria#breadcrumb","itemListElement":[{"@type":"ListItem","position":1,"name":"Portada","item":"https:\/\/www.asajacyl.com\/palencia\/"},{"@type":"ListItem","position":2,"name":"ASAJA critica que se opte por la alternativa m\u00e1s da\u00f1ina para la agricultura en el \u00faltimo tramo provincial del AVE a Cantabria"}]},{"@type":"WebSite","@id":"https:\/\/www.asajacyl.com\/palencia\/#website","url":"https:\/\/www.asajacyl.com\/palencia\/","name":"ASAJA Palencia","description":"Otro sitio m\u00e1s de Provincias ASAJA Castilla y Le\u00f3n","potentialAction":[{"@type":"SearchAction","target":{"@type":"EntryPoint","urlTemplate":"https:\/\/www.asajacyl.com\/palencia\/?s={search_term_string}"},"query-input":{"@type":"PropertyValueSpecification","valueRequired":true,"valueName":"search_term_string"}}],"inLanguage":"es"},{"@type":"Person","@id":"https:\/\/www.asajacyl.com\/palencia\/#\/schema\/person\/3ab17aeb03527485c317557fae64aab1","name":"Administrador","image":{"@type":"ImageObject","inLanguage":"es","@id":"https:\/\/www.asajacyl.com\/palencia\/#\/schema\/person\/image\/","url":"https:\/\/secure.gravatar.com\/avatar\/517384810d242ca9e38c180f3c9fb973?s=96&d=mm&r=g","contentUrl":"https:\/\/secure.gravatar.com\/avatar\/517384810d242ca9e38c180f3c9fb973?s=96&d=mm&r=g","caption":"Administrador"},"url":"https:\/\/www.asajacyl.com\/palencia\/author\/carlosrm"}]}},"_links":{"self":[{"href":"https:\/\/www.asajacyl.com\/palencia\/wp-json\/wp\/v2\/posts\/13083"}],"collection":[{"href":"https:\/\/www.asajacyl.com\/palencia\/wp-json\/wp\/v2\/posts"}],"about":[{"href":"https:\/\/www.asajacyl.com\/palencia\/wp-json\/wp\/v2\/types\/post"}],"author":[{"embeddable":true,"href":"https:\/\/www.asajacyl.com\/palencia\/wp-json\/wp\/v2\/users\/9"}],"replies":[{"embeddable":true,"href":"https:\/\/www.asajacyl.com\/palencia\/wp-json\/wp\/v2\/comments?post=13083"}],"version-history":[{"count":2,"href":"https:\/\/www.asajacyl.com\/palencia\/wp-json\/wp\/v2\/posts\/13083\/revisions"}],"predecessor-version":[{"id":13085,"href":"https:\/\/www.asajacyl.com\/palencia\/wp-json\/wp\/v2\/posts\/13083\/revisions\/13085"}],"wp:featuredmedia":[{"embeddable":true,"href":"https:\/\/www.asajacyl.com\/palencia\/wp-json\/wp\/v2\/media\/12411"}],"wp:attachment":[{"href":"https:\/\/www.asajacyl.com\/palencia\/wp-json\/wp\/v2\/media?parent=13083"}],"wp:term":[{"taxonomy":"category","embeddable":true,"href":"https:\/\/www.asajacyl.com\/palencia\/wp-json\/wp\/v2\/categories?post=13083"},{"taxonomy":"post_tag","embeddable":true,"href":"https:\/\/www.asajacyl.com\/palencia\/wp-json\/wp\/v2\/tags?post=13083"}],"curies":[{"name":"wp","href":"https:\/\/api.w.org\/{rel}","templated":true}]}}