{"id":13096,"date":"2023-05-03T11:35:07","date_gmt":"2023-05-03T09:35:07","guid":{"rendered":"https:\/\/www.asajacyl.com\/palencia\/?p=13096"},"modified":"2023-05-03T11:35:10","modified_gmt":"2023-05-03T09:35:10","slug":"el-observatorio-de-carralobo-registra-uno-de-los-cinco-meses-de-abril-mas-secos-desde-1959","status":"publish","type":"post","link":"https:\/\/www.asajacyl.com\/palencia\/asaja-palencia-informa\/el-observatorio-de-carralobo-registra-uno-de-los-cinco-meses-de-abril-mas-secos-desde-1959","title":{"rendered":"El Observatorio de Carralobo registra uno de los cinco meses de abril m\u00e1s secos desde 1959"},"content":{"rendered":"\n<h2 class=\"wp-block-heading\">La estaci\u00f3n meteorol\u00f3gica de Astudillo midi\u00f3 el d\u00eda 28 una m\u00e1xima de 30 grados, la temperatura m\u00e1s alta en un mes de abril de los \u00faltimos 38 a\u00f1os que tiene registrados. <\/h2>\n\n\n\n<p>El Observatorio Meteorol\u00f3gico de Carralobo, que gestiona Mariano Bustillo en la localidad de Astudillo, informa en su parte mensual de abril que el pasado mes ha sido uno de los m\u00e1s secos de los que se tiene constancia en la historia reciente. Tan solo se alcanzaron 13,3 litros por metro cuadrado en ese punto en todo el mes, con precipitaciones significativas solamente en dos jornadas: la del s\u00e1bado 29, con ocho litros por metro cuadrado; y la del viernes 21, con tres litros y medio. En los otros tres d\u00edas con algo de precipitaci\u00f3n cayeron cantidades poco relevantes: 0,8 litros los d\u00edas 13 y 23, y 0,2 litros el d\u00eda 12.<\/p>\n\n\n\n<p>Esos 13,3 litros por metro cuadrado figuran, seg\u00fan destaca Bustillo, entre las cinco menores cantidades de precipitaci\u00f3n total acumuladas en un mes de abril en la historia de la pluviometr\u00eda de Carralobo, que se inici\u00f3 en 1959. Esa cantidad no supone ni la d\u00e9cima parte de la lluvia que lleg\u00f3 a acumularse en abril de 1998, nada menos que 135,5 litros por metro cuadrado. Desde luego, el pasado mes se sald\u00f3 con unas precipitaciones extremadamente bajas para las necesidades del campo, m\u00e1xime si consideramos que suceden ya a unos meses de febrero y marzo que resultaron bastante secos, con 21,8 y 19,3 litros por metro cuadrado, respectivamente. <\/p>\n\n\n\n<p><strong>CALUROSO. <\/strong>Por lo que respecta a las temperaturas, la m\u00e1xima del pasado mes se alcanz\u00f3 el d\u00eda 28, con 30 grados, la m\u00e1s alta de un abril de los \u00faltimos 36 a\u00f1os que el Observatorio de Carralobo tiene registrados. Incluida esa jornada, el pasado mes se sald\u00f3 con seis d\u00edas que se lleg\u00f3 a los 25 grados o se super\u00f3 esa m\u00e1xima. La media del mes fue de 12,9 grados, la m\u00e1s alta desde 1988, si exceptuamos abril de 2017, en la que se alcanzaron los 13,2 grados de media. <\/p>\n\n\n\n<p>En cuanto a las m\u00ednimas, el d\u00eda 5 de abril baj\u00f3 el mercurio hasta los 4,5 grados bajo cero, que tambi\u00e9n se registr\u00f3 en abril del pasado a\u00f1o, muy cerca de los 4,8 grados bajo cero de ese mismo mes en 1994 y 1995, que son los registros m\u00ednimos hist\u00f3ricos de un mes de abril que ha medido este observatorio en esos 36 a\u00f1os. Esto arroja una oscilaci\u00f3n t\u00e9rmica mensual de 34,5 grados, horquilla que tambi\u00e9n constata c\u00f3mo nos hallamos lejos de las primaveras suaves que, adem\u00e1s de h\u00famedas, convienen a la agricultura castellana.<\/p>\n\n\n\n<p>\u00abAbril siempre fue ruin. Al principio, al medio y al fin\u00bb, resume el agricultor jubilado Mariano Bustillo con el refr\u00e1n que acompa\u00f1a tradicionalmente a su parte de resumen mensual de su observatorio. \/<\/p>\n\n\n\n<p><\/p>\n\n\n\n<p><\/p>\n\n\n\n<p><\/p>\n","protected":false},"excerpt":{"rendered":"<p>La estaci\u00f3n meteorol\u00f3gica de Astudillo midi\u00f3 el d\u00eda 28 una m\u00e1xima de 30 grados, la temperatura m\u00e1s alta en un mes de abril de los \u00faltimos 38 a\u00f1os que tiene registrados. El Observatorio Meteorol\u00f3gico de Carralobo, que gestiona Mariano Bustillo en la localidad de Astudillo, informa en su parte mensual de abril que el pasado [&hellip;]<\/p>\n","protected":false},"author":9,"featured_media":13097,"comment_status":"open","ping_status":"open","sticky":false,"template":"","format":"standard","meta":{"footnotes":""},"categories":[9,29,28],"tags":[58,77,92,93],"yoast_head":"<!-- This site is optimized with the Yoast SEO plugin v24.5 - https:\/\/yoast.com\/wordpress\/plugins\/seo\/ -->\n<title>El Observatorio de Carralobo registra uno de los cinco meses de abril m\u00e1s secos desde 1959 - ASAJA Palencia<\/title>\n<meta name=\"description\" content=\"La estaci\u00f3n meteorol\u00f3gica de Astudillo midi\u00f3 el d\u00eda 28 una m\u00e1xima de 30 grados, la temperatura m\u00e1s alta en un mes de abril de los \u00faltimos 38 a\u00f1os que\" \/>\n<meta name=\"robots\" content=\"index, follow, max-snippet:-1, max-image-preview:large, max-video-preview:-1\" \/>\n<link rel=\"canonical\" href=\"https:\/\/www.asajacyl.com\/palencia\/asaja-palencia-informa\/el-observatorio-de-carralobo-registra-uno-de-los-cinco-meses-de-abril-mas-secos-desde-1959\" \/>\n<meta property=\"og:locale\" content=\"es_ES\" \/>\n<meta property=\"og:type\" content=\"article\" \/>\n<meta property=\"og:title\" content=\"El Observatorio de Carralobo registra uno de los cinco meses de abril m\u00e1s secos desde 1959 - ASAJA Palencia\" \/>\n<meta property=\"og:description\" content=\"La estaci\u00f3n meteorol\u00f3gica de Astudillo midi\u00f3 el d\u00eda 28 una m\u00e1xima de 30 grados, la temperatura m\u00e1s alta en un mes de abril de los \u00faltimos 38 a\u00f1os que\" \/>\n<meta property=\"og:url\" content=\"https:\/\/www.asajacyl.com\/palencia\/asaja-palencia-informa\/el-observatorio-de-carralobo-registra-uno-de-los-cinco-meses-de-abril-mas-secos-desde-1959\" \/>\n<meta property=\"og:site_name\" content=\"ASAJA Palencia\" \/>\n<meta property=\"article:published_time\" content=\"2023-05-03T09:35:07+00:00\" \/>\n<meta property=\"article:modified_time\" content=\"2023-05-03T09:35:10+00:00\" \/>\n<meta property=\"og:image\" content=\"https:\/\/www.asajacyl.com\/palencia\/wp-content\/uploads\/sites\/3\/2023\/05\/Mariano-Bustillo-horiz.jpg\" \/>\n\t<meta property=\"og:image:width\" content=\"1072\" \/>\n\t<meta property=\"og:image:height\" content=\"770\" \/>\n\t<meta property=\"og:image:type\" content=\"image\/jpeg\" \/>\n<meta name=\"author\" content=\"Administrador\" \/>\n<meta name=\"twitter:card\" content=\"summary_large_image\" \/>\n<meta name=\"twitter:label1\" content=\"Escrito por\" \/>\n\t<meta name=\"twitter:data1\" content=\"Administrador\" \/>\n\t<meta name=\"twitter:label2\" content=\"Tiempo de lectura\" \/>\n\t<meta name=\"twitter:data2\" content=\"3 minutos\" \/>\n<script type=\"application\/ld+json\" class=\"yoast-schema-graph\">{\"@context\":\"https:\/\/schema.org\",\"@graph\":[{\"@type\":\"WebPage\",\"@id\":\"https:\/\/www.asajacyl.com\/palencia\/asaja-palencia-informa\/el-observatorio-de-carralobo-registra-uno-de-los-cinco-meses-de-abril-mas-secos-desde-1959\",\"url\":\"https:\/\/www.asajacyl.com\/palencia\/asaja-palencia-informa\/el-observatorio-de-carralobo-registra-uno-de-los-cinco-meses-de-abril-mas-secos-desde-1959\",\"name\":\"El Observatorio de Carralobo registra uno de los cinco meses de abril m\u00e1s secos desde 1959 - ASAJA Palencia\",\"isPartOf\":{\"@id\":\"https:\/\/www.asajacyl.com\/palencia\/#website\"},\"primaryImageOfPage\":{\"@id\":\"https:\/\/www.asajacyl.com\/palencia\/asaja-palencia-informa\/el-observatorio-de-carralobo-registra-uno-de-los-cinco-meses-de-abril-mas-secos-desde-1959#primaryimage\"},\"image\":{\"@id\":\"https:\/\/www.asajacyl.com\/palencia\/asaja-palencia-informa\/el-observatorio-de-carralobo-registra-uno-de-los-cinco-meses-de-abril-mas-secos-desde-1959#primaryimage\"},\"thumbnailUrl\":\"https:\/\/www.asajacyl.com\/palencia\/wp-content\/uploads\/sites\/3\/2023\/05\/Mariano-Bustillo-horiz.jpg\",\"datePublished\":\"2023-05-03T09:35:07+00:00\",\"dateModified\":\"2023-05-03T09:35:10+00:00\",\"author\":{\"@id\":\"https:\/\/www.asajacyl.com\/palencia\/#\/schema\/person\/3ab17aeb03527485c317557fae64aab1\"},\"description\":\"La estaci\u00f3n meteorol\u00f3gica de Astudillo midi\u00f3 el d\u00eda 28 una m\u00e1xima de 30 grados, la temperatura m\u00e1s alta en un mes de abril de los \u00faltimos 38 a\u00f1os que\",\"breadcrumb\":{\"@id\":\"https:\/\/www.asajacyl.com\/palencia\/asaja-palencia-informa\/el-observatorio-de-carralobo-registra-uno-de-los-cinco-meses-de-abril-mas-secos-desde-1959#breadcrumb\"},\"inLanguage\":\"es\",\"potentialAction\":[{\"@type\":\"ReadAction\",\"target\":[\"https:\/\/www.asajacyl.com\/palencia\/asaja-palencia-informa\/el-observatorio-de-carralobo-registra-uno-de-los-cinco-meses-de-abril-mas-secos-desde-1959\"]}]},{\"@type\":\"ImageObject\",\"inLanguage\":\"es\",\"@id\":\"https:\/\/www.asajacyl.com\/palencia\/asaja-palencia-informa\/el-observatorio-de-carralobo-registra-uno-de-los-cinco-meses-de-abril-mas-secos-desde-1959#primaryimage\",\"url\":\"https:\/\/www.asajacyl.com\/palencia\/wp-content\/uploads\/sites\/3\/2023\/05\/Mariano-Bustillo-horiz.jpg\",\"contentUrl\":\"https:\/\/www.asajacyl.com\/palencia\/wp-content\/uploads\/sites\/3\/2023\/05\/Mariano-Bustillo-horiz.jpg\",\"width\":1072,\"height\":770},{\"@type\":\"BreadcrumbList\",\"@id\":\"https:\/\/www.asajacyl.com\/palencia\/asaja-palencia-informa\/el-observatorio-de-carralobo-registra-uno-de-los-cinco-meses-de-abril-mas-secos-desde-1959#breadcrumb\",\"itemListElement\":[{\"@type\":\"ListItem\",\"position\":1,\"name\":\"Portada\",\"item\":\"https:\/\/www.asajacyl.com\/palencia\/\"},{\"@type\":\"ListItem\",\"position\":2,\"name\":\"El Observatorio de Carralobo registra uno de los cinco meses de abril m\u00e1s secos desde 1959\"}]},{\"@type\":\"WebSite\",\"@id\":\"https:\/\/www.asajacyl.com\/palencia\/#website\",\"url\":\"https:\/\/www.asajacyl.com\/palencia\/\",\"name\":\"ASAJA Palencia\",\"description\":\"Otro sitio m\u00e1s de Provincias ASAJA Castilla y Le\u00f3n\",\"potentialAction\":[{\"@type\":\"SearchAction\",\"target\":{\"@type\":\"EntryPoint\",\"urlTemplate\":\"https:\/\/www.asajacyl.com\/palencia\/?s={search_term_string}\"},\"query-input\":{\"@type\":\"PropertyValueSpecification\",\"valueRequired\":true,\"valueName\":\"search_term_string\"}}],\"inLanguage\":\"es\"},{\"@type\":\"Person\",\"@id\":\"https:\/\/www.asajacyl.com\/palencia\/#\/schema\/person\/3ab17aeb03527485c317557fae64aab1\",\"name\":\"Administrador\",\"image\":{\"@type\":\"ImageObject\",\"inLanguage\":\"es\",\"@id\":\"https:\/\/www.asajacyl.com\/palencia\/#\/schema\/person\/image\/\",\"url\":\"https:\/\/secure.gravatar.com\/avatar\/517384810d242ca9e38c180f3c9fb973?s=96&d=mm&r=g\",\"contentUrl\":\"https:\/\/secure.gravatar.com\/avatar\/517384810d242ca9e38c180f3c9fb973?s=96&d=mm&r=g\",\"caption\":\"Administrador\"},\"url\":\"https:\/\/www.asajacyl.com\/palencia\/author\/carlosrm\"}]}<\/script>\n<!-- \/ Yoast SEO plugin. -->","yoast_head_json":{"title":"El Observatorio de Carralobo registra uno de los cinco meses de abril m\u00e1s secos desde 1959 - ASAJA Palencia","description":"La estaci\u00f3n meteorol\u00f3gica de Astudillo midi\u00f3 el d\u00eda 28 una m\u00e1xima de 30 grados, la temperatura m\u00e1s alta en un mes de abril de los \u00faltimos 38 a\u00f1os que","robots":{"index":"index","follow":"follow","max-snippet":"max-snippet:-1","max-image-preview":"max-image-preview:large","max-video-preview":"max-video-preview:-1"},"canonical":"https:\/\/www.asajacyl.com\/palencia\/asaja-palencia-informa\/el-observatorio-de-carralobo-registra-uno-de-los-cinco-meses-de-abril-mas-secos-desde-1959","og_locale":"es_ES","og_type":"article","og_title":"El Observatorio de Carralobo registra uno de los cinco meses de abril m\u00e1s secos desde 1959 - ASAJA Palencia","og_description":"La estaci\u00f3n meteorol\u00f3gica de Astudillo midi\u00f3 el d\u00eda 28 una m\u00e1xima de 30 grados, la temperatura m\u00e1s alta en un mes de abril de los \u00faltimos 38 a\u00f1os que","og_url":"https:\/\/www.asajacyl.com\/palencia\/asaja-palencia-informa\/el-observatorio-de-carralobo-registra-uno-de-los-cinco-meses-de-abril-mas-secos-desde-1959","og_site_name":"ASAJA Palencia","article_published_time":"2023-05-03T09:35:07+00:00","article_modified_time":"2023-05-03T09:35:10+00:00","og_image":[{"width":1072,"height":770,"url":"https:\/\/www.asajacyl.com\/palencia\/wp-content\/uploads\/sites\/3\/2023\/05\/Mariano-Bustillo-horiz.jpg","type":"image\/jpeg"}],"author":"Administrador","twitter_card":"summary_large_image","twitter_misc":{"Escrito por":"Administrador","Tiempo de lectura":"3 minutos"},"schema":{"@context":"https:\/\/schema.org","@graph":[{"@type":"WebPage","@id":"https:\/\/www.asajacyl.com\/palencia\/asaja-palencia-informa\/el-observatorio-de-carralobo-registra-uno-de-los-cinco-meses-de-abril-mas-secos-desde-1959","url":"https:\/\/www.asajacyl.com\/palencia\/asaja-palencia-informa\/el-observatorio-de-carralobo-registra-uno-de-los-cinco-meses-de-abril-mas-secos-desde-1959","name":"El Observatorio de Carralobo registra uno de los cinco meses de abril m\u00e1s secos desde 1959 - ASAJA Palencia","isPartOf":{"@id":"https:\/\/www.asajacyl.com\/palencia\/#website"},"primaryImageOfPage":{"@id":"https:\/\/www.asajacyl.com\/palencia\/asaja-palencia-informa\/el-observatorio-de-carralobo-registra-uno-de-los-cinco-meses-de-abril-mas-secos-desde-1959#primaryimage"},"image":{"@id":"https:\/\/www.asajacyl.com\/palencia\/asaja-palencia-informa\/el-observatorio-de-carralobo-registra-uno-de-los-cinco-meses-de-abril-mas-secos-desde-1959#primaryimage"},"thumbnailUrl":"https:\/\/www.asajacyl.com\/palencia\/wp-content\/uploads\/sites\/3\/2023\/05\/Mariano-Bustillo-horiz.jpg","datePublished":"2023-05-03T09:35:07+00:00","dateModified":"2023-05-03T09:35:10+00:00","author":{"@id":"https:\/\/www.asajacyl.com\/palencia\/#\/schema\/person\/3ab17aeb03527485c317557fae64aab1"},"description":"La estaci\u00f3n meteorol\u00f3gica de Astudillo midi\u00f3 el d\u00eda 28 una m\u00e1xima de 30 grados, la temperatura m\u00e1s alta en un mes de abril de los \u00faltimos 38 a\u00f1os que","breadcrumb":{"@id":"https:\/\/www.asajacyl.com\/palencia\/asaja-palencia-informa\/el-observatorio-de-carralobo-registra-uno-de-los-cinco-meses-de-abril-mas-secos-desde-1959#breadcrumb"},"inLanguage":"es","potentialAction":[{"@type":"ReadAction","target":["https:\/\/www.asajacyl.com\/palencia\/asaja-palencia-informa\/el-observatorio-de-carralobo-registra-uno-de-los-cinco-meses-de-abril-mas-secos-desde-1959"]}]},{"@type":"ImageObject","inLanguage":"es","@id":"https:\/\/www.asajacyl.com\/palencia\/asaja-palencia-informa\/el-observatorio-de-carralobo-registra-uno-de-los-cinco-meses-de-abril-mas-secos-desde-1959#primaryimage","url":"https:\/\/www.asajacyl.com\/palencia\/wp-content\/uploads\/sites\/3\/2023\/05\/Mariano-Bustillo-horiz.jpg","contentUrl":"https:\/\/www.asajacyl.com\/palencia\/wp-content\/uploads\/sites\/3\/2023\/05\/Mariano-Bustillo-horiz.jpg","width":1072,"height":770},{"@type":"BreadcrumbList","@id":"https:\/\/www.asajacyl.com\/palencia\/asaja-palencia-informa\/el-observatorio-de-carralobo-registra-uno-de-los-cinco-meses-de-abril-mas-secos-desde-1959#breadcrumb","itemListElement":[{"@type":"ListItem","position":1,"name":"Portada","item":"https:\/\/www.asajacyl.com\/palencia\/"},{"@type":"ListItem","position":2,"name":"El Observatorio de Carralobo registra uno de los cinco meses de abril m\u00e1s secos desde 1959"}]},{"@type":"WebSite","@id":"https:\/\/www.asajacyl.com\/palencia\/#website","url":"https:\/\/www.asajacyl.com\/palencia\/","name":"ASAJA Palencia","description":"Otro sitio m\u00e1s de Provincias ASAJA Castilla y Le\u00f3n","potentialAction":[{"@type":"SearchAction","target":{"@type":"EntryPoint","urlTemplate":"https:\/\/www.asajacyl.com\/palencia\/?s={search_term_string}"},"query-input":{"@type":"PropertyValueSpecification","valueRequired":true,"valueName":"search_term_string"}}],"inLanguage":"es"},{"@type":"Person","@id":"https:\/\/www.asajacyl.com\/palencia\/#\/schema\/person\/3ab17aeb03527485c317557fae64aab1","name":"Administrador","image":{"@type":"ImageObject","inLanguage":"es","@id":"https:\/\/www.asajacyl.com\/palencia\/#\/schema\/person\/image\/","url":"https:\/\/secure.gravatar.com\/avatar\/517384810d242ca9e38c180f3c9fb973?s=96&d=mm&r=g","contentUrl":"https:\/\/secure.gravatar.com\/avatar\/517384810d242ca9e38c180f3c9fb973?s=96&d=mm&r=g","caption":"Administrador"},"url":"https:\/\/www.asajacyl.com\/palencia\/author\/carlosrm"}]}},"_links":{"self":[{"href":"https:\/\/www.asajacyl.com\/palencia\/wp-json\/wp\/v2\/posts\/13096"}],"collection":[{"href":"https:\/\/www.asajacyl.com\/palencia\/wp-json\/wp\/v2\/posts"}],"about":[{"href":"https:\/\/www.asajacyl.com\/palencia\/wp-json\/wp\/v2\/types\/post"}],"author":[{"embeddable":true,"href":"https:\/\/www.asajacyl.com\/palencia\/wp-json\/wp\/v2\/users\/9"}],"replies":[{"embeddable":true,"href":"https:\/\/www.asajacyl.com\/palencia\/wp-json\/wp\/v2\/comments?post=13096"}],"version-history":[{"count":2,"href":"https:\/\/www.asajacyl.com\/palencia\/wp-json\/wp\/v2\/posts\/13096\/revisions"}],"predecessor-version":[{"id":13099,"href":"https:\/\/www.asajacyl.com\/palencia\/wp-json\/wp\/v2\/posts\/13096\/revisions\/13099"}],"wp:featuredmedia":[{"embeddable":true,"href":"https:\/\/www.asajacyl.com\/palencia\/wp-json\/wp\/v2\/media\/13097"}],"wp:attachment":[{"href":"https:\/\/www.asajacyl.com\/palencia\/wp-json\/wp\/v2\/media?parent=13096"}],"wp:term":[{"taxonomy":"category","embeddable":true,"href":"https:\/\/www.asajacyl.com\/palencia\/wp-json\/wp\/v2\/categories?post=13096"},{"taxonomy":"post_tag","embeddable":true,"href":"https:\/\/www.asajacyl.com\/palencia\/wp-json\/wp\/v2\/tags?post=13096"}],"curies":[{"name":"wp","href":"https:\/\/api.w.org\/{rel}","templated":true}]}}