{"id":13111,"date":"2023-05-04T13:32:47","date_gmt":"2023-05-04T11:32:47","guid":{"rendered":"https:\/\/www.asajacyl.com\/palencia\/?p=13111"},"modified":"2023-05-04T13:32:48","modified_gmt":"2023-05-04T11:32:48","slug":"la-junta-declara-de-utilidad-publica-y-urgente-ejecucion-la-concentracion-parcelaria-en-todo-santoyo-y-parte-de-boadilla-del-camino-y-fromista","status":"publish","type":"post","link":"https:\/\/www.asajacyl.com\/palencia\/asaja-palencia-informa\/la-junta-declara-de-utilidad-publica-y-urgente-ejecucion-la-concentracion-parcelaria-en-todo-santoyo-y-parte-de-boadilla-del-camino-y-fromista","title":{"rendered":"La Junta declara de utilidad p\u00fablica y urgente ejecuci\u00f3n la concentraci\u00f3n parcelaria en todo Santoyo y parte de Boadilla del Camino y Fr\u00f3mista"},"content":{"rendered":"\n<h2 class=\"wp-block-heading\">El acuerdo de la Consejer\u00eda de Agricultura, Ganader\u00eda y Desarrollo Rural, con un presupuesto de licitaci\u00f3n que supera ligeramente los 4,2 millones de euros, afecta a unos setecientos propietarios y una superficie total que supera las cuatro mil hect\u00e1reas, donde pasar\u00e1n de contar con parcelas de un promedio inferior a 1,8 hect\u00e1reas a disponer de terrenos con una superficie media cercana a las 4,8 hect\u00e1reas. <\/h2>\n\n\n\n<p>El Consejo de Gobierno de la Junta de Castilla y Le\u00f3n ha aprobado este jueves 4 de mayo la declaraci\u00f3n de utilidad p\u00fablica y urgente ejecuci\u00f3n las concentraciones parcelarias de las zonas de Santoyo, Boadilla del Camino y Fr\u00f3mista II (Palencia), as\u00ed como las de Palazuelo de Sayago, en la provincia de Zamora.<\/p>\n\n\n\n<p>El objetivo es dotar a estos procesos de concentraci\u00f3n parcelaria de las herramientas jur\u00eddicas que permitan actuar a la Administraci\u00f3n para la ordenaci\u00f3n de la propiedad y en las infraestructuras necesarias que mejoren la competitividad y la productividad de las explotaciones agrarias, gracias a un redimensionamiento que incrementa su rentabilidad. Asimismo, la concentraci\u00f3n reduce los desplazamientos entre fincas y el tiempo de ejecuci\u00f3n de labores, ya que resultan terrenos de mayor tama\u00f1o y de forma m\u00e1s regulares, con el consiguiente ahorro de combustible, la reducci\u00f3n de emisiones de CO2 y el aumento de la vida \u00fatil de la maquinaria.<\/p>\n\n\n\n<p>Por lo que respecta a la zona de Palencia, se corresponde con la totalidad del t\u00e9rmino municipal de Santoyo y parte de los t\u00e9rminos municipales de Boadilla del Camino y Fr\u00f3mista, todos ellos situados en la parte oriental del centro de la provincia.<\/p>\n\n\n\n<p><strong>M\u00c1S DE 4.000 HECT\u00c1REAS. <\/strong>El presupuesto de licitaci\u00f3n previsto para la ejecuci\u00f3n de esta concentraci\u00f3n parcelaria es de 4.213.319 euros. El objetivo es que los setecientos propietarios actuales pasen de contar con parcelas de 1,79 hect\u00e1reas a terrenos de labor con una media de 4,77 hect\u00e1reas. La superficie afectada es de 4.054 hect\u00e1reas, distribuida en 2.263 parcelas. Cuando finalicen los trabajos, el n\u00famero de fincas se reducir\u00e1 a 850. Seg\u00fan los c\u00e1lculos de la Consejer\u00eda, se estima que cada propietario pasar\u00e1 de tener un promedio de 3,23 parcelas a poseer 1,21 fincas.<\/p>\n\n\n\n<p>Las obras incluyen actuaciones en m\u00e1s de ochenta kil\u00f3metros de caminos y dieciocho de desag\u00fces de nuevo trazado, as\u00ed como la limpieza de 62,5 kil\u00f3metros de arroyos y desag\u00fces. Tambi\u00e9n se incluye en el proyecto la instalaci\u00f3n de pasos, ca\u00f1os y salvacunetas para el correcto uso y conservaci\u00f3n de la red de infraestructuras dise\u00f1ada, adem\u00e1s del pertinente proyecto de restauraci\u00f3n del medio natural.<strong>\/<\/strong><\/p>\n","protected":false},"excerpt":{"rendered":"<p>El acuerdo de la Consejer\u00eda de Agricultura, Ganader\u00eda y Desarrollo Rural, con un presupuesto de licitaci\u00f3n que supera ligeramente los 4,2 millones de euros, afecta a unos setecientos propietarios y una superficie total que supera las cuatro mil hect\u00e1reas, donde pasar\u00e1n de contar con parcelas de un promedio inferior a 1,8 hect\u00e1reas a disponer de [&hellip;]<\/p>\n","protected":false},"author":9,"featured_media":13112,"comment_status":"open","ping_status":"open","sticky":false,"template":"","format":"standard","meta":{"footnotes":""},"categories":[9,29,28],"tags":[58,172,169,142,170,66,171],"yoast_head":"<!-- This site is optimized with the Yoast SEO plugin v24.5 - https:\/\/yoast.com\/wordpress\/plugins\/seo\/ -->\n<title>La Junta declara de utilidad p\u00fablica y urgente ejecuci\u00f3n la concentraci\u00f3n parcelaria en todo Santoyo y parte de Boadilla del Camino y Fr\u00f3mista - ASAJA Palencia<\/title>\n<meta name=\"description\" content=\"El acuerdo de la Consejer\u00eda de Agricultura, Ganader\u00eda y Desarrollo Rural, con un presupuesto de licitaci\u00f3n que supera ligeramente los 4,2 millones de\" \/>\n<meta name=\"robots\" content=\"index, follow, max-snippet:-1, max-image-preview:large, max-video-preview:-1\" \/>\n<link rel=\"canonical\" href=\"https:\/\/www.asajacyl.com\/palencia\/asaja-palencia-informa\/la-junta-declara-de-utilidad-publica-y-urgente-ejecucion-la-concentracion-parcelaria-en-todo-santoyo-y-parte-de-boadilla-del-camino-y-fromista\" \/>\n<meta property=\"og:locale\" content=\"es_ES\" \/>\n<meta property=\"og:type\" content=\"article\" \/>\n<meta property=\"og:title\" content=\"La Junta declara de utilidad p\u00fablica y urgente ejecuci\u00f3n la concentraci\u00f3n parcelaria en todo Santoyo y parte de Boadilla del Camino y Fr\u00f3mista - ASAJA Palencia\" \/>\n<meta property=\"og:description\" content=\"El acuerdo de la Consejer\u00eda de Agricultura, Ganader\u00eda y Desarrollo Rural, con un presupuesto de licitaci\u00f3n que supera ligeramente los 4,2 millones de\" \/>\n<meta property=\"og:url\" content=\"https:\/\/www.asajacyl.com\/palencia\/asaja-palencia-informa\/la-junta-declara-de-utilidad-publica-y-urgente-ejecucion-la-concentracion-parcelaria-en-todo-santoyo-y-parte-de-boadilla-del-camino-y-fromista\" \/>\n<meta property=\"og:site_name\" content=\"ASAJA Palencia\" \/>\n<meta property=\"article:published_time\" content=\"2023-05-04T11:32:47+00:00\" \/>\n<meta property=\"article:modified_time\" content=\"2023-05-04T11:32:48+00:00\" \/>\n<meta property=\"og:image\" content=\"https:\/\/www.asajacyl.com\/palencia\/wp-content\/uploads\/sites\/3\/2023\/05\/Mapa-Santoyo-Boadilla-Fromista.jpg\" \/>\n\t<meta property=\"og:image:width\" content=\"2500\" \/>\n\t<meta property=\"og:image:height\" content=\"1749\" \/>\n\t<meta property=\"og:image:type\" content=\"image\/jpeg\" \/>\n<meta name=\"author\" content=\"Administrador\" \/>\n<meta name=\"twitter:card\" content=\"summary_large_image\" \/>\n<meta name=\"twitter:label1\" content=\"Escrito por\" \/>\n\t<meta name=\"twitter:data1\" content=\"Administrador\" \/>\n\t<meta name=\"twitter:label2\" content=\"Tiempo de lectura\" \/>\n\t<meta name=\"twitter:data2\" content=\"2 minutos\" \/>\n<script type=\"application\/ld+json\" class=\"yoast-schema-graph\">{\"@context\":\"https:\/\/schema.org\",\"@graph\":[{\"@type\":\"WebPage\",\"@id\":\"https:\/\/www.asajacyl.com\/palencia\/asaja-palencia-informa\/la-junta-declara-de-utilidad-publica-y-urgente-ejecucion-la-concentracion-parcelaria-en-todo-santoyo-y-parte-de-boadilla-del-camino-y-fromista\",\"url\":\"https:\/\/www.asajacyl.com\/palencia\/asaja-palencia-informa\/la-junta-declara-de-utilidad-publica-y-urgente-ejecucion-la-concentracion-parcelaria-en-todo-santoyo-y-parte-de-boadilla-del-camino-y-fromista\",\"name\":\"La Junta declara de utilidad p\u00fablica y urgente ejecuci\u00f3n la concentraci\u00f3n parcelaria en todo Santoyo y parte de Boadilla del Camino y Fr\u00f3mista - ASAJA Palencia\",\"isPartOf\":{\"@id\":\"https:\/\/www.asajacyl.com\/palencia\/#website\"},\"primaryImageOfPage\":{\"@id\":\"https:\/\/www.asajacyl.com\/palencia\/asaja-palencia-informa\/la-junta-declara-de-utilidad-publica-y-urgente-ejecucion-la-concentracion-parcelaria-en-todo-santoyo-y-parte-de-boadilla-del-camino-y-fromista#primaryimage\"},\"image\":{\"@id\":\"https:\/\/www.asajacyl.com\/palencia\/asaja-palencia-informa\/la-junta-declara-de-utilidad-publica-y-urgente-ejecucion-la-concentracion-parcelaria-en-todo-santoyo-y-parte-de-boadilla-del-camino-y-fromista#primaryimage\"},\"thumbnailUrl\":\"https:\/\/www.asajacyl.com\/palencia\/wp-content\/uploads\/sites\/3\/2023\/05\/Mapa-Santoyo-Boadilla-Fromista.jpg\",\"datePublished\":\"2023-05-04T11:32:47+00:00\",\"dateModified\":\"2023-05-04T11:32:48+00:00\",\"author\":{\"@id\":\"https:\/\/www.asajacyl.com\/palencia\/#\/schema\/person\/3ab17aeb03527485c317557fae64aab1\"},\"description\":\"El acuerdo de la Consejer\u00eda de Agricultura, Ganader\u00eda y Desarrollo Rural, con un presupuesto de licitaci\u00f3n que supera ligeramente los 4,2 millones de\",\"breadcrumb\":{\"@id\":\"https:\/\/www.asajacyl.com\/palencia\/asaja-palencia-informa\/la-junta-declara-de-utilidad-publica-y-urgente-ejecucion-la-concentracion-parcelaria-en-todo-santoyo-y-parte-de-boadilla-del-camino-y-fromista#breadcrumb\"},\"inLanguage\":\"es\",\"potentialAction\":[{\"@type\":\"ReadAction\",\"target\":[\"https:\/\/www.asajacyl.com\/palencia\/asaja-palencia-informa\/la-junta-declara-de-utilidad-publica-y-urgente-ejecucion-la-concentracion-parcelaria-en-todo-santoyo-y-parte-de-boadilla-del-camino-y-fromista\"]}]},{\"@type\":\"ImageObject\",\"inLanguage\":\"es\",\"@id\":\"https:\/\/www.asajacyl.com\/palencia\/asaja-palencia-informa\/la-junta-declara-de-utilidad-publica-y-urgente-ejecucion-la-concentracion-parcelaria-en-todo-santoyo-y-parte-de-boadilla-del-camino-y-fromista#primaryimage\",\"url\":\"https:\/\/www.asajacyl.com\/palencia\/wp-content\/uploads\/sites\/3\/2023\/05\/Mapa-Santoyo-Boadilla-Fromista.jpg\",\"contentUrl\":\"https:\/\/www.asajacyl.com\/palencia\/wp-content\/uploads\/sites\/3\/2023\/05\/Mapa-Santoyo-Boadilla-Fromista.jpg\",\"width\":2500,\"height\":1749},{\"@type\":\"BreadcrumbList\",\"@id\":\"https:\/\/www.asajacyl.com\/palencia\/asaja-palencia-informa\/la-junta-declara-de-utilidad-publica-y-urgente-ejecucion-la-concentracion-parcelaria-en-todo-santoyo-y-parte-de-boadilla-del-camino-y-fromista#breadcrumb\",\"itemListElement\":[{\"@type\":\"ListItem\",\"position\":1,\"name\":\"Portada\",\"item\":\"https:\/\/www.asajacyl.com\/palencia\/\"},{\"@type\":\"ListItem\",\"position\":2,\"name\":\"La Junta declara de utilidad p\u00fablica y urgente ejecuci\u00f3n la concentraci\u00f3n parcelaria en todo Santoyo y parte de Boadilla del Camino y Fr\u00f3mista\"}]},{\"@type\":\"WebSite\",\"@id\":\"https:\/\/www.asajacyl.com\/palencia\/#website\",\"url\":\"https:\/\/www.asajacyl.com\/palencia\/\",\"name\":\"ASAJA Palencia\",\"description\":\"Otro sitio m\u00e1s de Provincias ASAJA Castilla y Le\u00f3n\",\"potentialAction\":[{\"@type\":\"SearchAction\",\"target\":{\"@type\":\"EntryPoint\",\"urlTemplate\":\"https:\/\/www.asajacyl.com\/palencia\/?s={search_term_string}\"},\"query-input\":{\"@type\":\"PropertyValueSpecification\",\"valueRequired\":true,\"valueName\":\"search_term_string\"}}],\"inLanguage\":\"es\"},{\"@type\":\"Person\",\"@id\":\"https:\/\/www.asajacyl.com\/palencia\/#\/schema\/person\/3ab17aeb03527485c317557fae64aab1\",\"name\":\"Administrador\",\"image\":{\"@type\":\"ImageObject\",\"inLanguage\":\"es\",\"@id\":\"https:\/\/www.asajacyl.com\/palencia\/#\/schema\/person\/image\/\",\"url\":\"https:\/\/secure.gravatar.com\/avatar\/517384810d242ca9e38c180f3c9fb973?s=96&d=mm&r=g\",\"contentUrl\":\"https:\/\/secure.gravatar.com\/avatar\/517384810d242ca9e38c180f3c9fb973?s=96&d=mm&r=g\",\"caption\":\"Administrador\"},\"url\":\"https:\/\/www.asajacyl.com\/palencia\/author\/carlosrm\"}]}<\/script>\n<!-- \/ Yoast SEO plugin. -->","yoast_head_json":{"title":"La Junta declara de utilidad p\u00fablica y urgente ejecuci\u00f3n la concentraci\u00f3n parcelaria en todo Santoyo y parte de Boadilla del Camino y Fr\u00f3mista - ASAJA Palencia","description":"El acuerdo de la Consejer\u00eda de Agricultura, Ganader\u00eda y Desarrollo Rural, con un presupuesto de licitaci\u00f3n que supera ligeramente los 4,2 millones de","robots":{"index":"index","follow":"follow","max-snippet":"max-snippet:-1","max-image-preview":"max-image-preview:large","max-video-preview":"max-video-preview:-1"},"canonical":"https:\/\/www.asajacyl.com\/palencia\/asaja-palencia-informa\/la-junta-declara-de-utilidad-publica-y-urgente-ejecucion-la-concentracion-parcelaria-en-todo-santoyo-y-parte-de-boadilla-del-camino-y-fromista","og_locale":"es_ES","og_type":"article","og_title":"La Junta declara de utilidad p\u00fablica y urgente ejecuci\u00f3n la concentraci\u00f3n parcelaria en todo Santoyo y parte de Boadilla del Camino y Fr\u00f3mista - ASAJA Palencia","og_description":"El acuerdo de la Consejer\u00eda de Agricultura, Ganader\u00eda y Desarrollo Rural, con un presupuesto de licitaci\u00f3n que supera ligeramente los 4,2 millones de","og_url":"https:\/\/www.asajacyl.com\/palencia\/asaja-palencia-informa\/la-junta-declara-de-utilidad-publica-y-urgente-ejecucion-la-concentracion-parcelaria-en-todo-santoyo-y-parte-de-boadilla-del-camino-y-fromista","og_site_name":"ASAJA Palencia","article_published_time":"2023-05-04T11:32:47+00:00","article_modified_time":"2023-05-04T11:32:48+00:00","og_image":[{"width":2500,"height":1749,"url":"https:\/\/www.asajacyl.com\/palencia\/wp-content\/uploads\/sites\/3\/2023\/05\/Mapa-Santoyo-Boadilla-Fromista.jpg","type":"image\/jpeg"}],"author":"Administrador","twitter_card":"summary_large_image","twitter_misc":{"Escrito por":"Administrador","Tiempo de lectura":"2 minutos"},"schema":{"@context":"https:\/\/schema.org","@graph":[{"@type":"WebPage","@id":"https:\/\/www.asajacyl.com\/palencia\/asaja-palencia-informa\/la-junta-declara-de-utilidad-publica-y-urgente-ejecucion-la-concentracion-parcelaria-en-todo-santoyo-y-parte-de-boadilla-del-camino-y-fromista","url":"https:\/\/www.asajacyl.com\/palencia\/asaja-palencia-informa\/la-junta-declara-de-utilidad-publica-y-urgente-ejecucion-la-concentracion-parcelaria-en-todo-santoyo-y-parte-de-boadilla-del-camino-y-fromista","name":"La Junta declara de utilidad p\u00fablica y urgente ejecuci\u00f3n la concentraci\u00f3n parcelaria en todo Santoyo y parte de Boadilla del Camino y Fr\u00f3mista - ASAJA Palencia","isPartOf":{"@id":"https:\/\/www.asajacyl.com\/palencia\/#website"},"primaryImageOfPage":{"@id":"https:\/\/www.asajacyl.com\/palencia\/asaja-palencia-informa\/la-junta-declara-de-utilidad-publica-y-urgente-ejecucion-la-concentracion-parcelaria-en-todo-santoyo-y-parte-de-boadilla-del-camino-y-fromista#primaryimage"},"image":{"@id":"https:\/\/www.asajacyl.com\/palencia\/asaja-palencia-informa\/la-junta-declara-de-utilidad-publica-y-urgente-ejecucion-la-concentracion-parcelaria-en-todo-santoyo-y-parte-de-boadilla-del-camino-y-fromista#primaryimage"},"thumbnailUrl":"https:\/\/www.asajacyl.com\/palencia\/wp-content\/uploads\/sites\/3\/2023\/05\/Mapa-Santoyo-Boadilla-Fromista.jpg","datePublished":"2023-05-04T11:32:47+00:00","dateModified":"2023-05-04T11:32:48+00:00","author":{"@id":"https:\/\/www.asajacyl.com\/palencia\/#\/schema\/person\/3ab17aeb03527485c317557fae64aab1"},"description":"El acuerdo de la Consejer\u00eda de Agricultura, Ganader\u00eda y Desarrollo Rural, con un presupuesto de licitaci\u00f3n que supera ligeramente los 4,2 millones de","breadcrumb":{"@id":"https:\/\/www.asajacyl.com\/palencia\/asaja-palencia-informa\/la-junta-declara-de-utilidad-publica-y-urgente-ejecucion-la-concentracion-parcelaria-en-todo-santoyo-y-parte-de-boadilla-del-camino-y-fromista#breadcrumb"},"inLanguage":"es","potentialAction":[{"@type":"ReadAction","target":["https:\/\/www.asajacyl.com\/palencia\/asaja-palencia-informa\/la-junta-declara-de-utilidad-publica-y-urgente-ejecucion-la-concentracion-parcelaria-en-todo-santoyo-y-parte-de-boadilla-del-camino-y-fromista"]}]},{"@type":"ImageObject","inLanguage":"es","@id":"https:\/\/www.asajacyl.com\/palencia\/asaja-palencia-informa\/la-junta-declara-de-utilidad-publica-y-urgente-ejecucion-la-concentracion-parcelaria-en-todo-santoyo-y-parte-de-boadilla-del-camino-y-fromista#primaryimage","url":"https:\/\/www.asajacyl.com\/palencia\/wp-content\/uploads\/sites\/3\/2023\/05\/Mapa-Santoyo-Boadilla-Fromista.jpg","contentUrl":"https:\/\/www.asajacyl.com\/palencia\/wp-content\/uploads\/sites\/3\/2023\/05\/Mapa-Santoyo-Boadilla-Fromista.jpg","width":2500,"height":1749},{"@type":"BreadcrumbList","@id":"https:\/\/www.asajacyl.com\/palencia\/asaja-palencia-informa\/la-junta-declara-de-utilidad-publica-y-urgente-ejecucion-la-concentracion-parcelaria-en-todo-santoyo-y-parte-de-boadilla-del-camino-y-fromista#breadcrumb","itemListElement":[{"@type":"ListItem","position":1,"name":"Portada","item":"https:\/\/www.asajacyl.com\/palencia\/"},{"@type":"ListItem","position":2,"name":"La Junta declara de utilidad p\u00fablica y urgente ejecuci\u00f3n la concentraci\u00f3n parcelaria en todo Santoyo y parte de Boadilla del Camino y Fr\u00f3mista"}]},{"@type":"WebSite","@id":"https:\/\/www.asajacyl.com\/palencia\/#website","url":"https:\/\/www.asajacyl.com\/palencia\/","name":"ASAJA Palencia","description":"Otro sitio m\u00e1s de Provincias ASAJA Castilla y Le\u00f3n","potentialAction":[{"@type":"SearchAction","target":{"@type":"EntryPoint","urlTemplate":"https:\/\/www.asajacyl.com\/palencia\/?s={search_term_string}"},"query-input":{"@type":"PropertyValueSpecification","valueRequired":true,"valueName":"search_term_string"}}],"inLanguage":"es"},{"@type":"Person","@id":"https:\/\/www.asajacyl.com\/palencia\/#\/schema\/person\/3ab17aeb03527485c317557fae64aab1","name":"Administrador","image":{"@type":"ImageObject","inLanguage":"es","@id":"https:\/\/www.asajacyl.com\/palencia\/#\/schema\/person\/image\/","url":"https:\/\/secure.gravatar.com\/avatar\/517384810d242ca9e38c180f3c9fb973?s=96&d=mm&r=g","contentUrl":"https:\/\/secure.gravatar.com\/avatar\/517384810d242ca9e38c180f3c9fb973?s=96&d=mm&r=g","caption":"Administrador"},"url":"https:\/\/www.asajacyl.com\/palencia\/author\/carlosrm"}]}},"_links":{"self":[{"href":"https:\/\/www.asajacyl.com\/palencia\/wp-json\/wp\/v2\/posts\/13111"}],"collection":[{"href":"https:\/\/www.asajacyl.com\/palencia\/wp-json\/wp\/v2\/posts"}],"about":[{"href":"https:\/\/www.asajacyl.com\/palencia\/wp-json\/wp\/v2\/types\/post"}],"author":[{"embeddable":true,"href":"https:\/\/www.asajacyl.com\/palencia\/wp-json\/wp\/v2\/users\/9"}],"replies":[{"embeddable":true,"href":"https:\/\/www.asajacyl.com\/palencia\/wp-json\/wp\/v2\/comments?post=13111"}],"version-history":[{"count":1,"href":"https:\/\/www.asajacyl.com\/palencia\/wp-json\/wp\/v2\/posts\/13111\/revisions"}],"predecessor-version":[{"id":13113,"href":"https:\/\/www.asajacyl.com\/palencia\/wp-json\/wp\/v2\/posts\/13111\/revisions\/13113"}],"wp:featuredmedia":[{"embeddable":true,"href":"https:\/\/www.asajacyl.com\/palencia\/wp-json\/wp\/v2\/media\/13112"}],"wp:attachment":[{"href":"https:\/\/www.asajacyl.com\/palencia\/wp-json\/wp\/v2\/media?parent=13111"}],"wp:term":[{"taxonomy":"category","embeddable":true,"href":"https:\/\/www.asajacyl.com\/palencia\/wp-json\/wp\/v2\/categories?post=13111"},{"taxonomy":"post_tag","embeddable":true,"href":"https:\/\/www.asajacyl.com\/palencia\/wp-json\/wp\/v2\/tags?post=13111"}],"curies":[{"name":"wp","href":"https:\/\/api.w.org\/{rel}","templated":true}]}}