{"id":13125,"date":"2023-05-06T11:02:34","date_gmt":"2023-05-06T09:02:34","guid":{"rendered":"https:\/\/www.asajacyl.com\/palencia\/?p=13125"},"modified":"2023-05-05T12:41:35","modified_gmt":"2023-05-05T10:41:35","slug":"la-junta-calcula-que-este-ano-tendra-listas-las-bases-de-la-concentracion-de-saldana-carrion-villamoronta-ii","status":"publish","type":"post","link":"https:\/\/www.asajacyl.com\/palencia\/asaja-palencia-informa\/la-junta-calcula-que-este-ano-tendra-listas-las-bases-de-la-concentracion-de-saldana-carrion-villamoronta-ii","title":{"rendered":"La Junta calcula que este a\u00f1o tendr\u00e1 listas las bases de la concentraci\u00f3n de Salda\u00f1a-Carri\u00f3n-Villamoronta II"},"content":{"rendered":"\n<h2 class=\"wp-block-heading\">La Comunidad de Regantes de Salda\u00f1a, Carri\u00f3n y Villamoronta se re\u00fane con el consejero de Agricultura, Ganader\u00eda y Desarrollo Rural, Gerardo Due\u00f1as, para abordar los planes de modernizaci\u00f3n integral de esta zona de regad\u00edo, que implica la renovaci\u00f3n de los sistemas de riego y la concentraci\u00f3n parcelaria en doce mil hect\u00e1reas de terreno de labor distribuidas en trece municipios de la zona. <\/h2>\n\n\n\n<p>El consejero de Agricultura ha vuelto a transmitir a los regantes el firme apoyo de su departamento a la modernizaci\u00f3n integral de la zona de regad\u00edo y, con respecto a la necesaria concentraci\u00f3n parcelaria para ese plan, ha informado a los regantes que el Instituto Tecnol\u00f3gico Agrario de Castilla y Le\u00f3n (ITACyL) est\u00e1 trabajando con un equipo integrado por t\u00e9cnicos en concentraci\u00f3n, jur\u00eddico, personal de delineaci\u00f3n y administrativo, como es habitual en estos procedimientos, seg\u00fan ha informado la propia administraci\u00f3n auton\u00f3mica.<\/p>\n\n\n\n<p>La concentraci\u00f3n parcelaria, que abarca terrenos de regad\u00edo en trece municipios, se halla actualmente en fase de alegaciones de las bases provisionales modificadas, que se publicaron el pasado 20 de abril, por lo que el plazo para alegar concluye el pr\u00f3ximo 20 de mayo. La Consejer\u00eda de Agricultura estima que dispondr\u00e1 de las bases definitivas a finales de a\u00f1o, lo que permitir\u00e1  avanzar en el desarrollo del proyecto de modernizaci\u00f3n. La Junta calcula que estas actuaciones relativas a la concentraci\u00f3n no van a retrasar las obras.<\/p>\n\n\n\n<p><strong>FASES Y FINANCIACI\u00d3N. <\/strong>El consejero ha comentado que, dada la amplitud de la zona, con unas 12.000 hect\u00e1reas, es imposible realizar todas las actuaciones de manera simult\u00e1nea, por lo que se ejecutar\u00e1n las infraestructuras a medida que el Ministerio de Agricultura, Pesca y Alimentaci\u00f3n vaya dotando de fondos a la empresa estatal Seiasa para realizar las obras. <\/p>\n\n\n\n<p>En concreto, el per\u00edmetro de la zona de concentraci\u00f3n parcelaria de Vegas de Salda\u00f1a-Carri\u00f3n-Vilamoronta II afecta a una superficie de 12.264 hect\u00e1reas, aportadas por 2.129 propietarios, en 12.339 parcelas (es decir, la superficie media de la parcela en la zona ronda la hect\u00e1rea). Los terrenos se encuentran en los t\u00e9rminos municipales de Villaluenga de la Vega, Santerv\u00e1s de la Vega, Salda\u00f1a, Pedrosa de la Vega, Bustillo de la Vega, Renedo de la Vega, Villamoronta, Villaturde, La Serna, Nogal de las Huertas, Villarrab\u00e9, Carri\u00f3n de los Condes y Calzada de los Molinos.<\/p>\n\n\n\n<p>Seg\u00fan inform\u00f3 Gerardo Due\u00f1as a los regantes, la Junta dispone de dotaci\u00f3n presupuestaria y su consejer\u00eda est\u00e1 dispuesta a aportar financiaci\u00f3n para los sectores de riego de las zonas que promueva SEIASA, con el mismo sistema de financiaci\u00f3n que en el resto de zonas regables en Castilla y Le\u00f3n.<\/p>\n\n\n\n<p>En ese sentido, Due\u00f1as vuelve a demandar al Ministerio que disponga de fondos, bien con el convenio cl\u00e1sico de SEIASA o con el Plan de Recuperaci\u00f3n, Transformaci\u00f3n y Resiliencia (PRTR) para continuar con la modernizaci\u00f3n de esta zona. Hasta la fecha s\u00f3lo se ha firmado un convenio cl\u00e1sico tripartito (SEIASA, ITACYL y comunidad de regantes) de la Fase I, que podr\u00eda ejecutarse cuando el Ministerio para la Transici\u00f3n Ecol\u00f3gica y el Reto Demogr\u00e1fico resuelva la tramitaci\u00f3n ambiental.<\/p>\n\n\n\n<p><strong>LA CHD Y LA RALENTIZACI\u00d3N DE LAS CUEZAS. <\/strong>El consejero inform\u00f3 a la Comunidad de Regantes de Salda\u00f1a, Carri\u00f3n y Villamoronta que ha solicitado una reuni\u00f3n a la Confederaci\u00f3n Hidrogr\u00e1fica del Duero para conocer la situaci\u00f3n del procedimiento ambiental de las infraestructuras de almacenamiento de Las Cuezas, proyecto iniciado hace m\u00e1s de ocho a\u00f1os, que incluye la infraestructura de transporte compartida de un azud en el r\u00edo Carri\u00f3n, balsa y tuber\u00eda doble de dos metros de di\u00e1metro. ASAJA-Palencia se suma al malestar y a la denuncia por la incomprensible ralentizaci\u00f3n burocr\u00e1tica de este procedimiento, que encadena ejercicio tras ejercicio sin avanzar.<\/p>\n\n\n\n<p>Seg\u00fan indica el comunicado emitido por la Consejer\u00eda al t\u00e9rmino de la reuni\u00f3n, \u00abesa circunstancia genera dificultades a\u00f1adidas para realizar la modernizaci\u00f3n de la zona a coste cero, por lo que se est\u00e1n buscando alternativas para poder abordar las siguientes fases y, en ese sentido, se informa que ya se envi\u00f3 un proyecto a Seiasa, que incluye las tuber\u00edas de transporte de la parte a compartir con la Confederaci\u00f3n necesarias para la modernizaci\u00f3n, en la que evidentemente la Consejer\u00eda realizar\u00e1 la aportaci\u00f3n necesaria para que los regantes tengan las mismas condiciones de financiaci\u00f3n que el resto de zonas modernizadas en Castilla y Le\u00f3n\u00bb.<strong>\/<\/strong><\/p>\n","protected":false},"excerpt":{"rendered":"<p>La Comunidad de Regantes de Salda\u00f1a, Carri\u00f3n y Villamoronta se re\u00fane con el consejero de Agricultura, Ganader\u00eda y Desarrollo Rural, Gerardo Due\u00f1as, para abordar los planes de modernizaci\u00f3n integral de esta zona de regad\u00edo, que implica la renovaci\u00f3n de los sistemas de riego y la concentraci\u00f3n parcelaria en doce mil hect\u00e1reas de terreno de labor [&hellip;]<\/p>\n","protected":false},"author":9,"featured_media":10373,"comment_status":"open","ping_status":"open","sticky":false,"template":"","format":"standard","meta":{"footnotes":""},"categories":[9,29,28],"tags":[58,169,142,66,55,131,150],"yoast_head":"<!-- This site is optimized with the Yoast SEO plugin v24.5 - https:\/\/yoast.com\/wordpress\/plugins\/seo\/ -->\n<title>La Junta calcula que este a\u00f1o tendr\u00e1 listas las bases de la concentraci\u00f3n de Salda\u00f1a-Carri\u00f3n-Villamoronta II - ASAJA Palencia<\/title>\n<meta name=\"description\" content=\"La Comunidad de Regantes de Salda\u00f1a, Carri\u00f3n y Villamoronta se re\u00fane con el consejero de Agricultura, Ganader\u00eda y Desarrollo Rural, Gerardo Due\u00f1as, para\" \/>\n<meta name=\"robots\" content=\"index, follow, max-snippet:-1, max-image-preview:large, max-video-preview:-1\" \/>\n<link rel=\"canonical\" href=\"https:\/\/www.asajacyl.com\/palencia\/asaja-palencia-informa\/la-junta-calcula-que-este-ano-tendra-listas-las-bases-de-la-concentracion-de-saldana-carrion-villamoronta-ii\" \/>\n<meta property=\"og:locale\" content=\"es_ES\" \/>\n<meta property=\"og:type\" content=\"article\" \/>\n<meta property=\"og:title\" content=\"La Junta calcula que este a\u00f1o tendr\u00e1 listas las bases de la concentraci\u00f3n de Salda\u00f1a-Carri\u00f3n-Villamoronta II - ASAJA Palencia\" \/>\n<meta property=\"og:description\" content=\"La Comunidad de Regantes de Salda\u00f1a, Carri\u00f3n y Villamoronta se re\u00fane con el consejero de Agricultura, Ganader\u00eda y Desarrollo Rural, Gerardo Due\u00f1as, para\" \/>\n<meta property=\"og:url\" content=\"https:\/\/www.asajacyl.com\/palencia\/asaja-palencia-informa\/la-junta-calcula-que-este-ano-tendra-listas-las-bases-de-la-concentracion-de-saldana-carrion-villamoronta-ii\" \/>\n<meta property=\"og:site_name\" content=\"ASAJA Palencia\" \/>\n<meta property=\"article:published_time\" content=\"2023-05-06T09:02:34+00:00\" \/>\n<meta property=\"og:image\" content=\"https:\/\/www.asajacyl.com\/palencia\/wp-content\/uploads\/sites\/3\/2022\/05\/CONCENTRACION-SALDANA.jpg\" \/>\n\t<meta property=\"og:image:width\" content=\"618\" \/>\n\t<meta property=\"og:image:height\" content=\"1244\" \/>\n\t<meta property=\"og:image:type\" content=\"image\/jpeg\" \/>\n<meta name=\"author\" content=\"Administrador\" \/>\n<meta name=\"twitter:card\" content=\"summary_large_image\" \/>\n<meta name=\"twitter:label1\" content=\"Escrito por\" \/>\n\t<meta name=\"twitter:data1\" content=\"Administrador\" \/>\n\t<meta name=\"twitter:label2\" content=\"Tiempo de lectura\" \/>\n\t<meta name=\"twitter:data2\" content=\"4 minutos\" \/>\n<script type=\"application\/ld+json\" class=\"yoast-schema-graph\">{\"@context\":\"https:\/\/schema.org\",\"@graph\":[{\"@type\":\"WebPage\",\"@id\":\"https:\/\/www.asajacyl.com\/palencia\/asaja-palencia-informa\/la-junta-calcula-que-este-ano-tendra-listas-las-bases-de-la-concentracion-de-saldana-carrion-villamoronta-ii\",\"url\":\"https:\/\/www.asajacyl.com\/palencia\/asaja-palencia-informa\/la-junta-calcula-que-este-ano-tendra-listas-las-bases-de-la-concentracion-de-saldana-carrion-villamoronta-ii\",\"name\":\"La Junta calcula que este a\u00f1o tendr\u00e1 listas las bases de la concentraci\u00f3n de Salda\u00f1a-Carri\u00f3n-Villamoronta II - ASAJA Palencia\",\"isPartOf\":{\"@id\":\"https:\/\/www.asajacyl.com\/palencia\/#website\"},\"primaryImageOfPage\":{\"@id\":\"https:\/\/www.asajacyl.com\/palencia\/asaja-palencia-informa\/la-junta-calcula-que-este-ano-tendra-listas-las-bases-de-la-concentracion-de-saldana-carrion-villamoronta-ii#primaryimage\"},\"image\":{\"@id\":\"https:\/\/www.asajacyl.com\/palencia\/asaja-palencia-informa\/la-junta-calcula-que-este-ano-tendra-listas-las-bases-de-la-concentracion-de-saldana-carrion-villamoronta-ii#primaryimage\"},\"thumbnailUrl\":\"https:\/\/www.asajacyl.com\/palencia\/wp-content\/uploads\/sites\/3\/2022\/05\/CONCENTRACION-SALDANA.jpg\",\"datePublished\":\"2023-05-06T09:02:34+00:00\",\"author\":{\"@id\":\"https:\/\/www.asajacyl.com\/palencia\/#\/schema\/person\/3ab17aeb03527485c317557fae64aab1\"},\"description\":\"La Comunidad de Regantes de Salda\u00f1a, Carri\u00f3n y Villamoronta se re\u00fane con el consejero de Agricultura, Ganader\u00eda y Desarrollo Rural, Gerardo Due\u00f1as, para\",\"breadcrumb\":{\"@id\":\"https:\/\/www.asajacyl.com\/palencia\/asaja-palencia-informa\/la-junta-calcula-que-este-ano-tendra-listas-las-bases-de-la-concentracion-de-saldana-carrion-villamoronta-ii#breadcrumb\"},\"inLanguage\":\"es\",\"potentialAction\":[{\"@type\":\"ReadAction\",\"target\":[\"https:\/\/www.asajacyl.com\/palencia\/asaja-palencia-informa\/la-junta-calcula-que-este-ano-tendra-listas-las-bases-de-la-concentracion-de-saldana-carrion-villamoronta-ii\"]}]},{\"@type\":\"ImageObject\",\"inLanguage\":\"es\",\"@id\":\"https:\/\/www.asajacyl.com\/palencia\/asaja-palencia-informa\/la-junta-calcula-que-este-ano-tendra-listas-las-bases-de-la-concentracion-de-saldana-carrion-villamoronta-ii#primaryimage\",\"url\":\"https:\/\/www.asajacyl.com\/palencia\/wp-content\/uploads\/sites\/3\/2022\/05\/CONCENTRACION-SALDANA.jpg\",\"contentUrl\":\"https:\/\/www.asajacyl.com\/palencia\/wp-content\/uploads\/sites\/3\/2022\/05\/CONCENTRACION-SALDANA.jpg\",\"width\":618,\"height\":1244},{\"@type\":\"BreadcrumbList\",\"@id\":\"https:\/\/www.asajacyl.com\/palencia\/asaja-palencia-informa\/la-junta-calcula-que-este-ano-tendra-listas-las-bases-de-la-concentracion-de-saldana-carrion-villamoronta-ii#breadcrumb\",\"itemListElement\":[{\"@type\":\"ListItem\",\"position\":1,\"name\":\"Portada\",\"item\":\"https:\/\/www.asajacyl.com\/palencia\/\"},{\"@type\":\"ListItem\",\"position\":2,\"name\":\"La Junta calcula que este a\u00f1o tendr\u00e1 listas las bases de la concentraci\u00f3n de Salda\u00f1a-Carri\u00f3n-Villamoronta II\"}]},{\"@type\":\"WebSite\",\"@id\":\"https:\/\/www.asajacyl.com\/palencia\/#website\",\"url\":\"https:\/\/www.asajacyl.com\/palencia\/\",\"name\":\"ASAJA Palencia\",\"description\":\"Otro sitio m\u00e1s de Provincias ASAJA Castilla y Le\u00f3n\",\"potentialAction\":[{\"@type\":\"SearchAction\",\"target\":{\"@type\":\"EntryPoint\",\"urlTemplate\":\"https:\/\/www.asajacyl.com\/palencia\/?s={search_term_string}\"},\"query-input\":{\"@type\":\"PropertyValueSpecification\",\"valueRequired\":true,\"valueName\":\"search_term_string\"}}],\"inLanguage\":\"es\"},{\"@type\":\"Person\",\"@id\":\"https:\/\/www.asajacyl.com\/palencia\/#\/schema\/person\/3ab17aeb03527485c317557fae64aab1\",\"name\":\"Administrador\",\"image\":{\"@type\":\"ImageObject\",\"inLanguage\":\"es\",\"@id\":\"https:\/\/www.asajacyl.com\/palencia\/#\/schema\/person\/image\/\",\"url\":\"https:\/\/secure.gravatar.com\/avatar\/517384810d242ca9e38c180f3c9fb973?s=96&d=mm&r=g\",\"contentUrl\":\"https:\/\/secure.gravatar.com\/avatar\/517384810d242ca9e38c180f3c9fb973?s=96&d=mm&r=g\",\"caption\":\"Administrador\"},\"url\":\"https:\/\/www.asajacyl.com\/palencia\/author\/carlosrm\"}]}<\/script>\n<!-- \/ Yoast SEO plugin. -->","yoast_head_json":{"title":"La Junta calcula que este a\u00f1o tendr\u00e1 listas las bases de la concentraci\u00f3n de Salda\u00f1a-Carri\u00f3n-Villamoronta II - ASAJA Palencia","description":"La Comunidad de Regantes de Salda\u00f1a, Carri\u00f3n y Villamoronta se re\u00fane con el consejero de Agricultura, Ganader\u00eda y Desarrollo Rural, Gerardo Due\u00f1as, para","robots":{"index":"index","follow":"follow","max-snippet":"max-snippet:-1","max-image-preview":"max-image-preview:large","max-video-preview":"max-video-preview:-1"},"canonical":"https:\/\/www.asajacyl.com\/palencia\/asaja-palencia-informa\/la-junta-calcula-que-este-ano-tendra-listas-las-bases-de-la-concentracion-de-saldana-carrion-villamoronta-ii","og_locale":"es_ES","og_type":"article","og_title":"La Junta calcula que este a\u00f1o tendr\u00e1 listas las bases de la concentraci\u00f3n de Salda\u00f1a-Carri\u00f3n-Villamoronta II - ASAJA Palencia","og_description":"La Comunidad de Regantes de Salda\u00f1a, Carri\u00f3n y Villamoronta se re\u00fane con el consejero de Agricultura, Ganader\u00eda y Desarrollo Rural, Gerardo Due\u00f1as, para","og_url":"https:\/\/www.asajacyl.com\/palencia\/asaja-palencia-informa\/la-junta-calcula-que-este-ano-tendra-listas-las-bases-de-la-concentracion-de-saldana-carrion-villamoronta-ii","og_site_name":"ASAJA Palencia","article_published_time":"2023-05-06T09:02:34+00:00","og_image":[{"width":618,"height":1244,"url":"https:\/\/www.asajacyl.com\/palencia\/wp-content\/uploads\/sites\/3\/2022\/05\/CONCENTRACION-SALDANA.jpg","type":"image\/jpeg"}],"author":"Administrador","twitter_card":"summary_large_image","twitter_misc":{"Escrito por":"Administrador","Tiempo de lectura":"4 minutos"},"schema":{"@context":"https:\/\/schema.org","@graph":[{"@type":"WebPage","@id":"https:\/\/www.asajacyl.com\/palencia\/asaja-palencia-informa\/la-junta-calcula-que-este-ano-tendra-listas-las-bases-de-la-concentracion-de-saldana-carrion-villamoronta-ii","url":"https:\/\/www.asajacyl.com\/palencia\/asaja-palencia-informa\/la-junta-calcula-que-este-ano-tendra-listas-las-bases-de-la-concentracion-de-saldana-carrion-villamoronta-ii","name":"La Junta calcula que este a\u00f1o tendr\u00e1 listas las bases de la concentraci\u00f3n de Salda\u00f1a-Carri\u00f3n-Villamoronta II - ASAJA Palencia","isPartOf":{"@id":"https:\/\/www.asajacyl.com\/palencia\/#website"},"primaryImageOfPage":{"@id":"https:\/\/www.asajacyl.com\/palencia\/asaja-palencia-informa\/la-junta-calcula-que-este-ano-tendra-listas-las-bases-de-la-concentracion-de-saldana-carrion-villamoronta-ii#primaryimage"},"image":{"@id":"https:\/\/www.asajacyl.com\/palencia\/asaja-palencia-informa\/la-junta-calcula-que-este-ano-tendra-listas-las-bases-de-la-concentracion-de-saldana-carrion-villamoronta-ii#primaryimage"},"thumbnailUrl":"https:\/\/www.asajacyl.com\/palencia\/wp-content\/uploads\/sites\/3\/2022\/05\/CONCENTRACION-SALDANA.jpg","datePublished":"2023-05-06T09:02:34+00:00","author":{"@id":"https:\/\/www.asajacyl.com\/palencia\/#\/schema\/person\/3ab17aeb03527485c317557fae64aab1"},"description":"La Comunidad de Regantes de Salda\u00f1a, Carri\u00f3n y Villamoronta se re\u00fane con el consejero de Agricultura, Ganader\u00eda y Desarrollo Rural, Gerardo Due\u00f1as, para","breadcrumb":{"@id":"https:\/\/www.asajacyl.com\/palencia\/asaja-palencia-informa\/la-junta-calcula-que-este-ano-tendra-listas-las-bases-de-la-concentracion-de-saldana-carrion-villamoronta-ii#breadcrumb"},"inLanguage":"es","potentialAction":[{"@type":"ReadAction","target":["https:\/\/www.asajacyl.com\/palencia\/asaja-palencia-informa\/la-junta-calcula-que-este-ano-tendra-listas-las-bases-de-la-concentracion-de-saldana-carrion-villamoronta-ii"]}]},{"@type":"ImageObject","inLanguage":"es","@id":"https:\/\/www.asajacyl.com\/palencia\/asaja-palencia-informa\/la-junta-calcula-que-este-ano-tendra-listas-las-bases-de-la-concentracion-de-saldana-carrion-villamoronta-ii#primaryimage","url":"https:\/\/www.asajacyl.com\/palencia\/wp-content\/uploads\/sites\/3\/2022\/05\/CONCENTRACION-SALDANA.jpg","contentUrl":"https:\/\/www.asajacyl.com\/palencia\/wp-content\/uploads\/sites\/3\/2022\/05\/CONCENTRACION-SALDANA.jpg","width":618,"height":1244},{"@type":"BreadcrumbList","@id":"https:\/\/www.asajacyl.com\/palencia\/asaja-palencia-informa\/la-junta-calcula-que-este-ano-tendra-listas-las-bases-de-la-concentracion-de-saldana-carrion-villamoronta-ii#breadcrumb","itemListElement":[{"@type":"ListItem","position":1,"name":"Portada","item":"https:\/\/www.asajacyl.com\/palencia\/"},{"@type":"ListItem","position":2,"name":"La Junta calcula que este a\u00f1o tendr\u00e1 listas las bases de la concentraci\u00f3n de Salda\u00f1a-Carri\u00f3n-Villamoronta II"}]},{"@type":"WebSite","@id":"https:\/\/www.asajacyl.com\/palencia\/#website","url":"https:\/\/www.asajacyl.com\/palencia\/","name":"ASAJA Palencia","description":"Otro sitio m\u00e1s de Provincias ASAJA Castilla y Le\u00f3n","potentialAction":[{"@type":"SearchAction","target":{"@type":"EntryPoint","urlTemplate":"https:\/\/www.asajacyl.com\/palencia\/?s={search_term_string}"},"query-input":{"@type":"PropertyValueSpecification","valueRequired":true,"valueName":"search_term_string"}}],"inLanguage":"es"},{"@type":"Person","@id":"https:\/\/www.asajacyl.com\/palencia\/#\/schema\/person\/3ab17aeb03527485c317557fae64aab1","name":"Administrador","image":{"@type":"ImageObject","inLanguage":"es","@id":"https:\/\/www.asajacyl.com\/palencia\/#\/schema\/person\/image\/","url":"https:\/\/secure.gravatar.com\/avatar\/517384810d242ca9e38c180f3c9fb973?s=96&d=mm&r=g","contentUrl":"https:\/\/secure.gravatar.com\/avatar\/517384810d242ca9e38c180f3c9fb973?s=96&d=mm&r=g","caption":"Administrador"},"url":"https:\/\/www.asajacyl.com\/palencia\/author\/carlosrm"}]}},"_links":{"self":[{"href":"https:\/\/www.asajacyl.com\/palencia\/wp-json\/wp\/v2\/posts\/13125"}],"collection":[{"href":"https:\/\/www.asajacyl.com\/palencia\/wp-json\/wp\/v2\/posts"}],"about":[{"href":"https:\/\/www.asajacyl.com\/palencia\/wp-json\/wp\/v2\/types\/post"}],"author":[{"embeddable":true,"href":"https:\/\/www.asajacyl.com\/palencia\/wp-json\/wp\/v2\/users\/9"}],"replies":[{"embeddable":true,"href":"https:\/\/www.asajacyl.com\/palencia\/wp-json\/wp\/v2\/comments?post=13125"}],"version-history":[{"count":3,"href":"https:\/\/www.asajacyl.com\/palencia\/wp-json\/wp\/v2\/posts\/13125\/revisions"}],"predecessor-version":[{"id":13130,"href":"https:\/\/www.asajacyl.com\/palencia\/wp-json\/wp\/v2\/posts\/13125\/revisions\/13130"}],"wp:featuredmedia":[{"embeddable":true,"href":"https:\/\/www.asajacyl.com\/palencia\/wp-json\/wp\/v2\/media\/10373"}],"wp:attachment":[{"href":"https:\/\/www.asajacyl.com\/palencia\/wp-json\/wp\/v2\/media?parent=13125"}],"wp:term":[{"taxonomy":"category","embeddable":true,"href":"https:\/\/www.asajacyl.com\/palencia\/wp-json\/wp\/v2\/categories?post=13125"},{"taxonomy":"post_tag","embeddable":true,"href":"https:\/\/www.asajacyl.com\/palencia\/wp-json\/wp\/v2\/tags?post=13125"}],"curies":[{"name":"wp","href":"https:\/\/api.w.org\/{rel}","templated":true}]}}