{"id":13142,"date":"2023-05-05T14:27:49","date_gmt":"2023-05-05T12:27:49","guid":{"rendered":"https:\/\/www.asajacyl.com\/palencia\/?p=13142"},"modified":"2023-05-05T14:27:51","modified_gmt":"2023-05-05T12:27:51","slug":"asaja-insta-al-mapa-a-que-facilite-el-suministro-de-paja-a-las-ganaderias","status":"publish","type":"post","link":"https:\/\/www.asajacyl.com\/palencia\/asaja-palencia-informa\/asaja-insta-al-mapa-a-que-facilite-el-suministro-de-paja-a-las-ganaderias","title":{"rendered":"ASAJA insta al MAPA a que facilite el suministro de paja a las ganader\u00edas"},"content":{"rendered":"\n<p class=\"has-vivid-green-cyan-color has-text-color\"><strong><em>Ante la situaci\u00f3n de extrema de carest\u00eda de alimento para el ganado, como consecuencia de la sequ\u00eda<\/em><\/strong><\/p>\n\n\n\n<p>El presidente de ASAJA, Pedro Barato se ha dirigido hoy al ministro de Agricultura, Luis Planas, para pedirle que la paja que en estos momentos se est\u00e1 empleando en la producci\u00f3n de energ\u00eda a partir de biomasa, deje, de forma temporal, de tener este destino y vaya dirigida a paliar la carest\u00eda de alimento que sufre el ganado como consecuencia de la sequ\u00eda.<\/p>\n\n\n\n<p>La grave situaci\u00f3n de sequ\u00eda que padecemos, unida al aumento inusual de las temperaturas, est\u00e1 provocando muchos problemas en el desarrollo vegetativo de los cultivos, y en especial en los cereales y forrajes destinados a la producci\u00f3n de materia prima para la alimentaci\u00f3n animal.<\/p>\n\n\n\n<p>A la baja producci\u00f3n de la campa\u00f1a pasada se le une ahora unas previsiones de cosecha francamente dram\u00e1ticas y las existencias de forraje resultan claramente insuficientes para abastecer a la caba\u00f1a ganadera. Esta situaci\u00f3n est\u00e1 causando estragos en las explotaciones, con especial incidencia en las de ganado vacuno de carne, y ovino. La ausencia de paja y forraje para alimentar al ganado se est\u00e1 convirtiendo en una aut\u00e9ntica pesadilla para los ganaderos que ven c\u00f3mo se vac\u00edan sus almacenes y no hay paja en el mercado.<\/p>\n\n\n\n<p>Ante esta situaci\u00f3n de extrema necesidad y para que se puedan mantener los animales con vida, el presidente de ASAJA, ha cursado una petici\u00f3n urgente al m\u00e1ximo titular de Agricultura para que, de forma excepcional, se detenga el suministro de paja a las empresas que se dedican a la producci\u00f3n de energ\u00eda a partir de biomasa con este producto y as\u00ed facilitar la entrada de paja en el mercado para que los ganaderos puedan atender las necesidades de alimentaci\u00f3n de sus animales.<\/p>\n\n\n\n<p>Desde ASAJA entendemos que, ante una situaci\u00f3n excepcional como es \u00e9sta, el mantenimiento de nuestra ganader\u00eda debe tener prioridad sobre otros usos distintos de este producto, y las empresas energ\u00e9ticas podr\u00edan encontrar otras alternativas para su producci\u00f3n a partir de biomasa.<\/p>\n","protected":false},"excerpt":{"rendered":"<p>Ante la situaci\u00f3n de extrema de carest\u00eda de alimento para el ganado, como consecuencia de la sequ\u00eda El presidente de ASAJA, Pedro Barato se ha dirigido hoy al ministro de Agricultura, Luis Planas, para pedirle que la paja que en estos momentos se est\u00e1 empleando en la producci\u00f3n de energ\u00eda a partir de biomasa, deje, [&hellip;]<\/p>\n","protected":false},"author":9,"featured_media":11470,"comment_status":"open","ping_status":"open","sticky":false,"template":"","format":"standard","meta":{"footnotes":""},"categories":[9,29,28],"tags":[],"yoast_head":"<!-- This site is optimized with the Yoast SEO plugin v24.5 - https:\/\/yoast.com\/wordpress\/plugins\/seo\/ -->\n<title>ASAJA insta al MAPA a que facilite el suministro de paja a las ganader\u00edas - ASAJA Palencia<\/title>\n<meta name=\"description\" content=\"Ante la situaci\u00f3n de extrema de carest\u00eda de alimento para el ganado, como consecuencia de la sequ\u00eda El presidente de ASAJA, Pedro Barato se ha dirigido\" \/>\n<meta name=\"robots\" content=\"index, follow, max-snippet:-1, max-image-preview:large, max-video-preview:-1\" \/>\n<link rel=\"canonical\" href=\"https:\/\/www.asajacyl.com\/palencia\/asaja-palencia-informa\/asaja-insta-al-mapa-a-que-facilite-el-suministro-de-paja-a-las-ganaderias\" \/>\n<meta property=\"og:locale\" content=\"es_ES\" \/>\n<meta property=\"og:type\" content=\"article\" \/>\n<meta property=\"og:title\" content=\"ASAJA insta al MAPA a que facilite el suministro de paja a las ganader\u00edas - ASAJA Palencia\" \/>\n<meta property=\"og:description\" content=\"Ante la situaci\u00f3n de extrema de carest\u00eda de alimento para el ganado, como consecuencia de la sequ\u00eda El presidente de ASAJA, Pedro Barato se ha dirigido\" \/>\n<meta property=\"og:url\" content=\"https:\/\/www.asajacyl.com\/palencia\/asaja-palencia-informa\/asaja-insta-al-mapa-a-que-facilite-el-suministro-de-paja-a-las-ganaderias\" \/>\n<meta property=\"og:site_name\" content=\"ASAJA Palencia\" \/>\n<meta property=\"article:published_time\" content=\"2023-05-05T12:27:49+00:00\" \/>\n<meta property=\"article:modified_time\" content=\"2023-05-05T12:27:51+00:00\" \/>\n<meta property=\"og:image\" content=\"https:\/\/www.asajacyl.com\/palencia\/wp-content\/uploads\/sites\/3\/2022\/09\/PAJA-FORRAJE.jpg\" \/>\n\t<meta property=\"og:image:width\" content=\"2048\" \/>\n\t<meta property=\"og:image:height\" content=\"1536\" \/>\n\t<meta property=\"og:image:type\" content=\"image\/jpeg\" \/>\n<meta name=\"author\" content=\"Administrador\" \/>\n<meta name=\"twitter:card\" content=\"summary_large_image\" \/>\n<meta name=\"twitter:label1\" content=\"Escrito por\" \/>\n\t<meta name=\"twitter:data1\" content=\"Administrador\" \/>\n\t<meta name=\"twitter:label2\" content=\"Tiempo de lectura\" \/>\n\t<meta name=\"twitter:data2\" content=\"2 minutos\" \/>\n<script type=\"application\/ld+json\" class=\"yoast-schema-graph\">{\"@context\":\"https:\/\/schema.org\",\"@graph\":[{\"@type\":\"WebPage\",\"@id\":\"https:\/\/www.asajacyl.com\/palencia\/asaja-palencia-informa\/asaja-insta-al-mapa-a-que-facilite-el-suministro-de-paja-a-las-ganaderias\",\"url\":\"https:\/\/www.asajacyl.com\/palencia\/asaja-palencia-informa\/asaja-insta-al-mapa-a-que-facilite-el-suministro-de-paja-a-las-ganaderias\",\"name\":\"ASAJA insta al MAPA a que facilite el suministro de paja a las ganader\u00edas - ASAJA Palencia\",\"isPartOf\":{\"@id\":\"https:\/\/www.asajacyl.com\/palencia\/#website\"},\"primaryImageOfPage\":{\"@id\":\"https:\/\/www.asajacyl.com\/palencia\/asaja-palencia-informa\/asaja-insta-al-mapa-a-que-facilite-el-suministro-de-paja-a-las-ganaderias#primaryimage\"},\"image\":{\"@id\":\"https:\/\/www.asajacyl.com\/palencia\/asaja-palencia-informa\/asaja-insta-al-mapa-a-que-facilite-el-suministro-de-paja-a-las-ganaderias#primaryimage\"},\"thumbnailUrl\":\"https:\/\/www.asajacyl.com\/palencia\/wp-content\/uploads\/sites\/3\/2022\/09\/PAJA-FORRAJE.jpg\",\"datePublished\":\"2023-05-05T12:27:49+00:00\",\"dateModified\":\"2023-05-05T12:27:51+00:00\",\"author\":{\"@id\":\"https:\/\/www.asajacyl.com\/palencia\/#\/schema\/person\/3ab17aeb03527485c317557fae64aab1\"},\"description\":\"Ante la situaci\u00f3n de extrema de carest\u00eda de alimento para el ganado, como consecuencia de la sequ\u00eda El presidente de ASAJA, Pedro Barato se ha dirigido\",\"breadcrumb\":{\"@id\":\"https:\/\/www.asajacyl.com\/palencia\/asaja-palencia-informa\/asaja-insta-al-mapa-a-que-facilite-el-suministro-de-paja-a-las-ganaderias#breadcrumb\"},\"inLanguage\":\"es\",\"potentialAction\":[{\"@type\":\"ReadAction\",\"target\":[\"https:\/\/www.asajacyl.com\/palencia\/asaja-palencia-informa\/asaja-insta-al-mapa-a-que-facilite-el-suministro-de-paja-a-las-ganaderias\"]}]},{\"@type\":\"ImageObject\",\"inLanguage\":\"es\",\"@id\":\"https:\/\/www.asajacyl.com\/palencia\/asaja-palencia-informa\/asaja-insta-al-mapa-a-que-facilite-el-suministro-de-paja-a-las-ganaderias#primaryimage\",\"url\":\"https:\/\/www.asajacyl.com\/palencia\/wp-content\/uploads\/sites\/3\/2022\/09\/PAJA-FORRAJE.jpg\",\"contentUrl\":\"https:\/\/www.asajacyl.com\/palencia\/wp-content\/uploads\/sites\/3\/2022\/09\/PAJA-FORRAJE.jpg\",\"width\":2048,\"height\":1536},{\"@type\":\"BreadcrumbList\",\"@id\":\"https:\/\/www.asajacyl.com\/palencia\/asaja-palencia-informa\/asaja-insta-al-mapa-a-que-facilite-el-suministro-de-paja-a-las-ganaderias#breadcrumb\",\"itemListElement\":[{\"@type\":\"ListItem\",\"position\":1,\"name\":\"Portada\",\"item\":\"https:\/\/www.asajacyl.com\/palencia\/\"},{\"@type\":\"ListItem\",\"position\":2,\"name\":\"ASAJA insta al MAPA a que facilite el suministro de paja a las ganader\u00edas\"}]},{\"@type\":\"WebSite\",\"@id\":\"https:\/\/www.asajacyl.com\/palencia\/#website\",\"url\":\"https:\/\/www.asajacyl.com\/palencia\/\",\"name\":\"ASAJA Palencia\",\"description\":\"Otro sitio m\u00e1s de Provincias ASAJA Castilla y Le\u00f3n\",\"potentialAction\":[{\"@type\":\"SearchAction\",\"target\":{\"@type\":\"EntryPoint\",\"urlTemplate\":\"https:\/\/www.asajacyl.com\/palencia\/?s={search_term_string}\"},\"query-input\":{\"@type\":\"PropertyValueSpecification\",\"valueRequired\":true,\"valueName\":\"search_term_string\"}}],\"inLanguage\":\"es\"},{\"@type\":\"Person\",\"@id\":\"https:\/\/www.asajacyl.com\/palencia\/#\/schema\/person\/3ab17aeb03527485c317557fae64aab1\",\"name\":\"Administrador\",\"image\":{\"@type\":\"ImageObject\",\"inLanguage\":\"es\",\"@id\":\"https:\/\/www.asajacyl.com\/palencia\/#\/schema\/person\/image\/\",\"url\":\"https:\/\/secure.gravatar.com\/avatar\/517384810d242ca9e38c180f3c9fb973?s=96&d=mm&r=g\",\"contentUrl\":\"https:\/\/secure.gravatar.com\/avatar\/517384810d242ca9e38c180f3c9fb973?s=96&d=mm&r=g\",\"caption\":\"Administrador\"},\"url\":\"https:\/\/www.asajacyl.com\/palencia\/author\/carlosrm\"}]}<\/script>\n<!-- \/ Yoast SEO plugin. -->","yoast_head_json":{"title":"ASAJA insta al MAPA a que facilite el suministro de paja a las ganader\u00edas - ASAJA Palencia","description":"Ante la situaci\u00f3n de extrema de carest\u00eda de alimento para el ganado, como consecuencia de la sequ\u00eda El presidente de ASAJA, Pedro Barato se ha dirigido","robots":{"index":"index","follow":"follow","max-snippet":"max-snippet:-1","max-image-preview":"max-image-preview:large","max-video-preview":"max-video-preview:-1"},"canonical":"https:\/\/www.asajacyl.com\/palencia\/asaja-palencia-informa\/asaja-insta-al-mapa-a-que-facilite-el-suministro-de-paja-a-las-ganaderias","og_locale":"es_ES","og_type":"article","og_title":"ASAJA insta al MAPA a que facilite el suministro de paja a las ganader\u00edas - ASAJA Palencia","og_description":"Ante la situaci\u00f3n de extrema de carest\u00eda de alimento para el ganado, como consecuencia de la sequ\u00eda El presidente de ASAJA, Pedro Barato se ha dirigido","og_url":"https:\/\/www.asajacyl.com\/palencia\/asaja-palencia-informa\/asaja-insta-al-mapa-a-que-facilite-el-suministro-de-paja-a-las-ganaderias","og_site_name":"ASAJA Palencia","article_published_time":"2023-05-05T12:27:49+00:00","article_modified_time":"2023-05-05T12:27:51+00:00","og_image":[{"width":2048,"height":1536,"url":"https:\/\/www.asajacyl.com\/palencia\/wp-content\/uploads\/sites\/3\/2022\/09\/PAJA-FORRAJE.jpg","type":"image\/jpeg"}],"author":"Administrador","twitter_card":"summary_large_image","twitter_misc":{"Escrito por":"Administrador","Tiempo de lectura":"2 minutos"},"schema":{"@context":"https:\/\/schema.org","@graph":[{"@type":"WebPage","@id":"https:\/\/www.asajacyl.com\/palencia\/asaja-palencia-informa\/asaja-insta-al-mapa-a-que-facilite-el-suministro-de-paja-a-las-ganaderias","url":"https:\/\/www.asajacyl.com\/palencia\/asaja-palencia-informa\/asaja-insta-al-mapa-a-que-facilite-el-suministro-de-paja-a-las-ganaderias","name":"ASAJA insta al MAPA a que facilite el suministro de paja a las ganader\u00edas - ASAJA Palencia","isPartOf":{"@id":"https:\/\/www.asajacyl.com\/palencia\/#website"},"primaryImageOfPage":{"@id":"https:\/\/www.asajacyl.com\/palencia\/asaja-palencia-informa\/asaja-insta-al-mapa-a-que-facilite-el-suministro-de-paja-a-las-ganaderias#primaryimage"},"image":{"@id":"https:\/\/www.asajacyl.com\/palencia\/asaja-palencia-informa\/asaja-insta-al-mapa-a-que-facilite-el-suministro-de-paja-a-las-ganaderias#primaryimage"},"thumbnailUrl":"https:\/\/www.asajacyl.com\/palencia\/wp-content\/uploads\/sites\/3\/2022\/09\/PAJA-FORRAJE.jpg","datePublished":"2023-05-05T12:27:49+00:00","dateModified":"2023-05-05T12:27:51+00:00","author":{"@id":"https:\/\/www.asajacyl.com\/palencia\/#\/schema\/person\/3ab17aeb03527485c317557fae64aab1"},"description":"Ante la situaci\u00f3n de extrema de carest\u00eda de alimento para el ganado, como consecuencia de la sequ\u00eda El presidente de ASAJA, Pedro Barato se ha dirigido","breadcrumb":{"@id":"https:\/\/www.asajacyl.com\/palencia\/asaja-palencia-informa\/asaja-insta-al-mapa-a-que-facilite-el-suministro-de-paja-a-las-ganaderias#breadcrumb"},"inLanguage":"es","potentialAction":[{"@type":"ReadAction","target":["https:\/\/www.asajacyl.com\/palencia\/asaja-palencia-informa\/asaja-insta-al-mapa-a-que-facilite-el-suministro-de-paja-a-las-ganaderias"]}]},{"@type":"ImageObject","inLanguage":"es","@id":"https:\/\/www.asajacyl.com\/palencia\/asaja-palencia-informa\/asaja-insta-al-mapa-a-que-facilite-el-suministro-de-paja-a-las-ganaderias#primaryimage","url":"https:\/\/www.asajacyl.com\/palencia\/wp-content\/uploads\/sites\/3\/2022\/09\/PAJA-FORRAJE.jpg","contentUrl":"https:\/\/www.asajacyl.com\/palencia\/wp-content\/uploads\/sites\/3\/2022\/09\/PAJA-FORRAJE.jpg","width":2048,"height":1536},{"@type":"BreadcrumbList","@id":"https:\/\/www.asajacyl.com\/palencia\/asaja-palencia-informa\/asaja-insta-al-mapa-a-que-facilite-el-suministro-de-paja-a-las-ganaderias#breadcrumb","itemListElement":[{"@type":"ListItem","position":1,"name":"Portada","item":"https:\/\/www.asajacyl.com\/palencia\/"},{"@type":"ListItem","position":2,"name":"ASAJA insta al MAPA a que facilite el suministro de paja a las ganader\u00edas"}]},{"@type":"WebSite","@id":"https:\/\/www.asajacyl.com\/palencia\/#website","url":"https:\/\/www.asajacyl.com\/palencia\/","name":"ASAJA Palencia","description":"Otro sitio m\u00e1s de Provincias ASAJA Castilla y Le\u00f3n","potentialAction":[{"@type":"SearchAction","target":{"@type":"EntryPoint","urlTemplate":"https:\/\/www.asajacyl.com\/palencia\/?s={search_term_string}"},"query-input":{"@type":"PropertyValueSpecification","valueRequired":true,"valueName":"search_term_string"}}],"inLanguage":"es"},{"@type":"Person","@id":"https:\/\/www.asajacyl.com\/palencia\/#\/schema\/person\/3ab17aeb03527485c317557fae64aab1","name":"Administrador","image":{"@type":"ImageObject","inLanguage":"es","@id":"https:\/\/www.asajacyl.com\/palencia\/#\/schema\/person\/image\/","url":"https:\/\/secure.gravatar.com\/avatar\/517384810d242ca9e38c180f3c9fb973?s=96&d=mm&r=g","contentUrl":"https:\/\/secure.gravatar.com\/avatar\/517384810d242ca9e38c180f3c9fb973?s=96&d=mm&r=g","caption":"Administrador"},"url":"https:\/\/www.asajacyl.com\/palencia\/author\/carlosrm"}]}},"_links":{"self":[{"href":"https:\/\/www.asajacyl.com\/palencia\/wp-json\/wp\/v2\/posts\/13142"}],"collection":[{"href":"https:\/\/www.asajacyl.com\/palencia\/wp-json\/wp\/v2\/posts"}],"about":[{"href":"https:\/\/www.asajacyl.com\/palencia\/wp-json\/wp\/v2\/types\/post"}],"author":[{"embeddable":true,"href":"https:\/\/www.asajacyl.com\/palencia\/wp-json\/wp\/v2\/users\/9"}],"replies":[{"embeddable":true,"href":"https:\/\/www.asajacyl.com\/palencia\/wp-json\/wp\/v2\/comments?post=13142"}],"version-history":[{"count":1,"href":"https:\/\/www.asajacyl.com\/palencia\/wp-json\/wp\/v2\/posts\/13142\/revisions"}],"predecessor-version":[{"id":13143,"href":"https:\/\/www.asajacyl.com\/palencia\/wp-json\/wp\/v2\/posts\/13142\/revisions\/13143"}],"wp:featuredmedia":[{"embeddable":true,"href":"https:\/\/www.asajacyl.com\/palencia\/wp-json\/wp\/v2\/media\/11470"}],"wp:attachment":[{"href":"https:\/\/www.asajacyl.com\/palencia\/wp-json\/wp\/v2\/media?parent=13142"}],"wp:term":[{"taxonomy":"category","embeddable":true,"href":"https:\/\/www.asajacyl.com\/palencia\/wp-json\/wp\/v2\/categories?post=13142"},{"taxonomy":"post_tag","embeddable":true,"href":"https:\/\/www.asajacyl.com\/palencia\/wp-json\/wp\/v2\/tags?post=13142"}],"curies":[{"name":"wp","href":"https:\/\/api.w.org\/{rel}","templated":true}]}}