{"id":13154,"date":"2023-05-10T10:58:34","date_gmt":"2023-05-10T08:58:34","guid":{"rendered":"https:\/\/www.asajacyl.com\/palencia\/?p=13154"},"modified":"2023-05-09T11:12:28","modified_gmt":"2023-05-09T09:12:28","slug":"nueva-convocatoria-de-las-subvenciones-para-obtencion-de-avales-de-saeca-por-titulares-de-explotaciones-agrarias","status":"publish","type":"post","link":"https:\/\/www.asajacyl.com\/palencia\/asaja-palencia-informa\/nueva-convocatoria-de-las-subvenciones-para-obtencion-de-avales-de-saeca-por-titulares-de-explotaciones-agrarias","title":{"rendered":"Nueva convocatoria de las subvenciones para obtenci\u00f3n de avales de SAECA por titulares de explotaciones agrarias"},"content":{"rendered":"\n<p>Ya est\u00e1 en marcha la nueva convocatoria de subvenciones destinadas a la obtenci\u00f3n de avales de SAECA por titulares de explotaciones agrarias, sector pesquero o industrias agroalimentarias que garanticen pr\u00e9stamos para su financiaci\u00f3n.<\/p>\n\n\n\n<p>Podr\u00e1n ser beneficiarios:<br>\u2013 Titulares de explotaciones agrarias inscritos en REGA o REGEPA con 25% de ingresos de actividades agrarias en el a\u00f1o anterior al de la presentaci\u00f3n de la solicitud, o en los 3 a\u00f1os anteriores (no aplicable a titulares que hayan iniciado su actividad agraria dentro de los tres a\u00f1os anteriores a la convocatoria).<br>\u2013 Entidades asociativas (sus miembros podr\u00e1n ser beneficiarios individualmente).<br>\u2013 PYMES con actividad en la industria de la alimentaci\u00f3n y fabricaci\u00f3n de bebidas (CNAE C10 y C11).<\/p>\n\n\n\n<p>Las ayudas financiar\u00e1n el importe total de la comisi\u00f3n del aval de SAECA y la comisi\u00f3n de estudio del aval de SAECA en los siguientes casos:<br>\u2013 Titulares de explotaci\u00f3n agraria asegurados en el marco del Plan de Seguros Agrarios Combinados.<br>\u2013 Titulares de explotaci\u00f3n agraria que sean j\u00f3venes agricultores.<br>\u2013 Solicitantes integrados en una entidad asociativa prioritaria de car\u00e1cter agroalimentario o en una organizaci\u00f3n de productores reconocida.<br>\u2013 Explotaciones agrarias ubicadas en \u00e1mbitos declarados zona afectada gravemente por una emergencia de protecci\u00f3n civil.<\/p>\n\n\n\n<p>El coste de los avales objeto de subvenci\u00f3n ser\u00e1:<br>\u2013 Para la comisi\u00f3n de estudio, el 0,50 % del importe avalado, por una sola vez a la formalizaci\u00f3n del pr\u00e9stamo<br>\u2013 Para la comisi\u00f3n del aval, el 1,15 % anual sobre el saldo vivo del pr\u00e9stamo avalado.<\/p>\n\n\n\n<p>El presupuesto global asignado a estas ayudas es de 1.754.000 \u20ac. Se subvencionar\u00e1n los costes de avales por un importe m\u00e1ximo de:<br>\u2013 75.000\u20ac y hasta un plazo de 6 a\u00f1os (se puede incluir 1 a\u00f1o de carencia).<br>\u2013 Para PYMES con actividad en la industria de la alimentaci\u00f3n y fabricaci\u00f3n de bebidas hasta 120.000\u20ac, por un plazo de seis a\u00f1os (se puede incluir 1 a\u00f1o de carencia).<\/p>\n\n\n\n<p>El plazo de presentaci\u00f3n de solicitudes ya est\u00e1 abierto y finaliza el 15\/10\/2023.<\/p>\n","protected":false},"excerpt":{"rendered":"<p>Ya est\u00e1 en marcha la nueva convocatoria de subvenciones destinadas a la obtenci\u00f3n de avales de SAECA por titulares de explotaciones agrarias, sector pesquero o industrias agroalimentarias que garanticen pr\u00e9stamos para su financiaci\u00f3n. Podr\u00e1n ser beneficiarios:\u2013 Titulares de explotaciones agrarias inscritos en REGA o REGEPA con 25% de ingresos de actividades agrarias en el a\u00f1o [&hellip;]<\/p>\n","protected":false},"author":9,"featured_media":12663,"comment_status":"open","ping_status":"open","sticky":false,"template":"","format":"standard","meta":{"footnotes":""},"categories":[9,29,28],"tags":[],"yoast_head":"<!-- This site is optimized with the Yoast SEO plugin v24.5 - https:\/\/yoast.com\/wordpress\/plugins\/seo\/ -->\n<title>Nueva convocatoria de las subvenciones para obtenci\u00f3n de avales de SAECA por titulares de explotaciones agrarias - ASAJA Palencia<\/title>\n<meta name=\"description\" content=\"Ya est\u00e1 en marcha la nueva convocatoria de subvenciones destinadas a la obtenci\u00f3n de avales de SAECA por titulares de explotaciones agrarias, sector\" \/>\n<meta name=\"robots\" content=\"index, follow, max-snippet:-1, max-image-preview:large, max-video-preview:-1\" \/>\n<link rel=\"canonical\" href=\"https:\/\/www.asajacyl.com\/palencia\/asaja-palencia-informa\/nueva-convocatoria-de-las-subvenciones-para-obtencion-de-avales-de-saeca-por-titulares-de-explotaciones-agrarias\" \/>\n<meta property=\"og:locale\" content=\"es_ES\" \/>\n<meta property=\"og:type\" content=\"article\" \/>\n<meta property=\"og:title\" content=\"Nueva convocatoria de las subvenciones para obtenci\u00f3n de avales de SAECA por titulares de explotaciones agrarias - ASAJA Palencia\" \/>\n<meta property=\"og:description\" content=\"Ya est\u00e1 en marcha la nueva convocatoria de subvenciones destinadas a la obtenci\u00f3n de avales de SAECA por titulares de explotaciones agrarias, sector\" \/>\n<meta property=\"og:url\" content=\"https:\/\/www.asajacyl.com\/palencia\/asaja-palencia-informa\/nueva-convocatoria-de-las-subvenciones-para-obtencion-de-avales-de-saeca-por-titulares-de-explotaciones-agrarias\" \/>\n<meta property=\"og:site_name\" content=\"ASAJA Palencia\" \/>\n<meta property=\"article:published_time\" content=\"2023-05-10T08:58:34+00:00\" \/>\n<meta property=\"og:image\" content=\"https:\/\/www.asajacyl.com\/palencia\/wp-content\/uploads\/sites\/3\/2023\/03\/FITO-HERBICIDA.jpg\" \/>\n\t<meta property=\"og:image:width\" content=\"1024\" \/>\n\t<meta property=\"og:image:height\" content=\"768\" \/>\n\t<meta property=\"og:image:type\" content=\"image\/jpeg\" \/>\n<meta name=\"author\" content=\"Administrador\" \/>\n<meta name=\"twitter:card\" content=\"summary_large_image\" \/>\n<meta name=\"twitter:label1\" content=\"Escrito por\" \/>\n\t<meta name=\"twitter:data1\" content=\"Administrador\" \/>\n\t<meta name=\"twitter:label2\" content=\"Tiempo de lectura\" \/>\n\t<meta name=\"twitter:data2\" content=\"2 minutos\" \/>\n<script type=\"application\/ld+json\" class=\"yoast-schema-graph\">{\"@context\":\"https:\/\/schema.org\",\"@graph\":[{\"@type\":\"WebPage\",\"@id\":\"https:\/\/www.asajacyl.com\/palencia\/asaja-palencia-informa\/nueva-convocatoria-de-las-subvenciones-para-obtencion-de-avales-de-saeca-por-titulares-de-explotaciones-agrarias\",\"url\":\"https:\/\/www.asajacyl.com\/palencia\/asaja-palencia-informa\/nueva-convocatoria-de-las-subvenciones-para-obtencion-de-avales-de-saeca-por-titulares-de-explotaciones-agrarias\",\"name\":\"Nueva convocatoria de las subvenciones para obtenci\u00f3n de avales de SAECA por titulares de explotaciones agrarias - ASAJA Palencia\",\"isPartOf\":{\"@id\":\"https:\/\/www.asajacyl.com\/palencia\/#website\"},\"primaryImageOfPage\":{\"@id\":\"https:\/\/www.asajacyl.com\/palencia\/asaja-palencia-informa\/nueva-convocatoria-de-las-subvenciones-para-obtencion-de-avales-de-saeca-por-titulares-de-explotaciones-agrarias#primaryimage\"},\"image\":{\"@id\":\"https:\/\/www.asajacyl.com\/palencia\/asaja-palencia-informa\/nueva-convocatoria-de-las-subvenciones-para-obtencion-de-avales-de-saeca-por-titulares-de-explotaciones-agrarias#primaryimage\"},\"thumbnailUrl\":\"https:\/\/www.asajacyl.com\/palencia\/wp-content\/uploads\/sites\/3\/2023\/03\/FITO-HERBICIDA.jpg\",\"datePublished\":\"2023-05-10T08:58:34+00:00\",\"author\":{\"@id\":\"https:\/\/www.asajacyl.com\/palencia\/#\/schema\/person\/3ab17aeb03527485c317557fae64aab1\"},\"description\":\"Ya est\u00e1 en marcha la nueva convocatoria de subvenciones destinadas a la obtenci\u00f3n de avales de SAECA por titulares de explotaciones agrarias, sector\",\"breadcrumb\":{\"@id\":\"https:\/\/www.asajacyl.com\/palencia\/asaja-palencia-informa\/nueva-convocatoria-de-las-subvenciones-para-obtencion-de-avales-de-saeca-por-titulares-de-explotaciones-agrarias#breadcrumb\"},\"inLanguage\":\"es\",\"potentialAction\":[{\"@type\":\"ReadAction\",\"target\":[\"https:\/\/www.asajacyl.com\/palencia\/asaja-palencia-informa\/nueva-convocatoria-de-las-subvenciones-para-obtencion-de-avales-de-saeca-por-titulares-de-explotaciones-agrarias\"]}]},{\"@type\":\"ImageObject\",\"inLanguage\":\"es\",\"@id\":\"https:\/\/www.asajacyl.com\/palencia\/asaja-palencia-informa\/nueva-convocatoria-de-las-subvenciones-para-obtencion-de-avales-de-saeca-por-titulares-de-explotaciones-agrarias#primaryimage\",\"url\":\"https:\/\/www.asajacyl.com\/palencia\/wp-content\/uploads\/sites\/3\/2023\/03\/FITO-HERBICIDA.jpg\",\"contentUrl\":\"https:\/\/www.asajacyl.com\/palencia\/wp-content\/uploads\/sites\/3\/2023\/03\/FITO-HERBICIDA.jpg\",\"width\":1024,\"height\":768},{\"@type\":\"BreadcrumbList\",\"@id\":\"https:\/\/www.asajacyl.com\/palencia\/asaja-palencia-informa\/nueva-convocatoria-de-las-subvenciones-para-obtencion-de-avales-de-saeca-por-titulares-de-explotaciones-agrarias#breadcrumb\",\"itemListElement\":[{\"@type\":\"ListItem\",\"position\":1,\"name\":\"Portada\",\"item\":\"https:\/\/www.asajacyl.com\/palencia\/\"},{\"@type\":\"ListItem\",\"position\":2,\"name\":\"Nueva convocatoria de las subvenciones para obtenci\u00f3n de avales de SAECA por titulares de explotaciones agrarias\"}]},{\"@type\":\"WebSite\",\"@id\":\"https:\/\/www.asajacyl.com\/palencia\/#website\",\"url\":\"https:\/\/www.asajacyl.com\/palencia\/\",\"name\":\"ASAJA Palencia\",\"description\":\"Otro sitio m\u00e1s de Provincias ASAJA Castilla y Le\u00f3n\",\"potentialAction\":[{\"@type\":\"SearchAction\",\"target\":{\"@type\":\"EntryPoint\",\"urlTemplate\":\"https:\/\/www.asajacyl.com\/palencia\/?s={search_term_string}\"},\"query-input\":{\"@type\":\"PropertyValueSpecification\",\"valueRequired\":true,\"valueName\":\"search_term_string\"}}],\"inLanguage\":\"es\"},{\"@type\":\"Person\",\"@id\":\"https:\/\/www.asajacyl.com\/palencia\/#\/schema\/person\/3ab17aeb03527485c317557fae64aab1\",\"name\":\"Administrador\",\"image\":{\"@type\":\"ImageObject\",\"inLanguage\":\"es\",\"@id\":\"https:\/\/www.asajacyl.com\/palencia\/#\/schema\/person\/image\/\",\"url\":\"https:\/\/secure.gravatar.com\/avatar\/517384810d242ca9e38c180f3c9fb973?s=96&d=mm&r=g\",\"contentUrl\":\"https:\/\/secure.gravatar.com\/avatar\/517384810d242ca9e38c180f3c9fb973?s=96&d=mm&r=g\",\"caption\":\"Administrador\"},\"url\":\"https:\/\/www.asajacyl.com\/palencia\/author\/carlosrm\"}]}<\/script>\n<!-- \/ Yoast SEO plugin. -->","yoast_head_json":{"title":"Nueva convocatoria de las subvenciones para obtenci\u00f3n de avales de SAECA por titulares de explotaciones agrarias - ASAJA Palencia","description":"Ya est\u00e1 en marcha la nueva convocatoria de subvenciones destinadas a la obtenci\u00f3n de avales de SAECA por titulares de explotaciones agrarias, sector","robots":{"index":"index","follow":"follow","max-snippet":"max-snippet:-1","max-image-preview":"max-image-preview:large","max-video-preview":"max-video-preview:-1"},"canonical":"https:\/\/www.asajacyl.com\/palencia\/asaja-palencia-informa\/nueva-convocatoria-de-las-subvenciones-para-obtencion-de-avales-de-saeca-por-titulares-de-explotaciones-agrarias","og_locale":"es_ES","og_type":"article","og_title":"Nueva convocatoria de las subvenciones para obtenci\u00f3n de avales de SAECA por titulares de explotaciones agrarias - ASAJA Palencia","og_description":"Ya est\u00e1 en marcha la nueva convocatoria de subvenciones destinadas a la obtenci\u00f3n de avales de SAECA por titulares de explotaciones agrarias, sector","og_url":"https:\/\/www.asajacyl.com\/palencia\/asaja-palencia-informa\/nueva-convocatoria-de-las-subvenciones-para-obtencion-de-avales-de-saeca-por-titulares-de-explotaciones-agrarias","og_site_name":"ASAJA Palencia","article_published_time":"2023-05-10T08:58:34+00:00","og_image":[{"width":1024,"height":768,"url":"https:\/\/www.asajacyl.com\/palencia\/wp-content\/uploads\/sites\/3\/2023\/03\/FITO-HERBICIDA.jpg","type":"image\/jpeg"}],"author":"Administrador","twitter_card":"summary_large_image","twitter_misc":{"Escrito por":"Administrador","Tiempo de lectura":"2 minutos"},"schema":{"@context":"https:\/\/schema.org","@graph":[{"@type":"WebPage","@id":"https:\/\/www.asajacyl.com\/palencia\/asaja-palencia-informa\/nueva-convocatoria-de-las-subvenciones-para-obtencion-de-avales-de-saeca-por-titulares-de-explotaciones-agrarias","url":"https:\/\/www.asajacyl.com\/palencia\/asaja-palencia-informa\/nueva-convocatoria-de-las-subvenciones-para-obtencion-de-avales-de-saeca-por-titulares-de-explotaciones-agrarias","name":"Nueva convocatoria de las subvenciones para obtenci\u00f3n de avales de SAECA por titulares de explotaciones agrarias - ASAJA Palencia","isPartOf":{"@id":"https:\/\/www.asajacyl.com\/palencia\/#website"},"primaryImageOfPage":{"@id":"https:\/\/www.asajacyl.com\/palencia\/asaja-palencia-informa\/nueva-convocatoria-de-las-subvenciones-para-obtencion-de-avales-de-saeca-por-titulares-de-explotaciones-agrarias#primaryimage"},"image":{"@id":"https:\/\/www.asajacyl.com\/palencia\/asaja-palencia-informa\/nueva-convocatoria-de-las-subvenciones-para-obtencion-de-avales-de-saeca-por-titulares-de-explotaciones-agrarias#primaryimage"},"thumbnailUrl":"https:\/\/www.asajacyl.com\/palencia\/wp-content\/uploads\/sites\/3\/2023\/03\/FITO-HERBICIDA.jpg","datePublished":"2023-05-10T08:58:34+00:00","author":{"@id":"https:\/\/www.asajacyl.com\/palencia\/#\/schema\/person\/3ab17aeb03527485c317557fae64aab1"},"description":"Ya est\u00e1 en marcha la nueva convocatoria de subvenciones destinadas a la obtenci\u00f3n de avales de SAECA por titulares de explotaciones agrarias, sector","breadcrumb":{"@id":"https:\/\/www.asajacyl.com\/palencia\/asaja-palencia-informa\/nueva-convocatoria-de-las-subvenciones-para-obtencion-de-avales-de-saeca-por-titulares-de-explotaciones-agrarias#breadcrumb"},"inLanguage":"es","potentialAction":[{"@type":"ReadAction","target":["https:\/\/www.asajacyl.com\/palencia\/asaja-palencia-informa\/nueva-convocatoria-de-las-subvenciones-para-obtencion-de-avales-de-saeca-por-titulares-de-explotaciones-agrarias"]}]},{"@type":"ImageObject","inLanguage":"es","@id":"https:\/\/www.asajacyl.com\/palencia\/asaja-palencia-informa\/nueva-convocatoria-de-las-subvenciones-para-obtencion-de-avales-de-saeca-por-titulares-de-explotaciones-agrarias#primaryimage","url":"https:\/\/www.asajacyl.com\/palencia\/wp-content\/uploads\/sites\/3\/2023\/03\/FITO-HERBICIDA.jpg","contentUrl":"https:\/\/www.asajacyl.com\/palencia\/wp-content\/uploads\/sites\/3\/2023\/03\/FITO-HERBICIDA.jpg","width":1024,"height":768},{"@type":"BreadcrumbList","@id":"https:\/\/www.asajacyl.com\/palencia\/asaja-palencia-informa\/nueva-convocatoria-de-las-subvenciones-para-obtencion-de-avales-de-saeca-por-titulares-de-explotaciones-agrarias#breadcrumb","itemListElement":[{"@type":"ListItem","position":1,"name":"Portada","item":"https:\/\/www.asajacyl.com\/palencia\/"},{"@type":"ListItem","position":2,"name":"Nueva convocatoria de las subvenciones para obtenci\u00f3n de avales de SAECA por titulares de explotaciones agrarias"}]},{"@type":"WebSite","@id":"https:\/\/www.asajacyl.com\/palencia\/#website","url":"https:\/\/www.asajacyl.com\/palencia\/","name":"ASAJA Palencia","description":"Otro sitio m\u00e1s de Provincias ASAJA Castilla y Le\u00f3n","potentialAction":[{"@type":"SearchAction","target":{"@type":"EntryPoint","urlTemplate":"https:\/\/www.asajacyl.com\/palencia\/?s={search_term_string}"},"query-input":{"@type":"PropertyValueSpecification","valueRequired":true,"valueName":"search_term_string"}}],"inLanguage":"es"},{"@type":"Person","@id":"https:\/\/www.asajacyl.com\/palencia\/#\/schema\/person\/3ab17aeb03527485c317557fae64aab1","name":"Administrador","image":{"@type":"ImageObject","inLanguage":"es","@id":"https:\/\/www.asajacyl.com\/palencia\/#\/schema\/person\/image\/","url":"https:\/\/secure.gravatar.com\/avatar\/517384810d242ca9e38c180f3c9fb973?s=96&d=mm&r=g","contentUrl":"https:\/\/secure.gravatar.com\/avatar\/517384810d242ca9e38c180f3c9fb973?s=96&d=mm&r=g","caption":"Administrador"},"url":"https:\/\/www.asajacyl.com\/palencia\/author\/carlosrm"}]}},"_links":{"self":[{"href":"https:\/\/www.asajacyl.com\/palencia\/wp-json\/wp\/v2\/posts\/13154"}],"collection":[{"href":"https:\/\/www.asajacyl.com\/palencia\/wp-json\/wp\/v2\/posts"}],"about":[{"href":"https:\/\/www.asajacyl.com\/palencia\/wp-json\/wp\/v2\/types\/post"}],"author":[{"embeddable":true,"href":"https:\/\/www.asajacyl.com\/palencia\/wp-json\/wp\/v2\/users\/9"}],"replies":[{"embeddable":true,"href":"https:\/\/www.asajacyl.com\/palencia\/wp-json\/wp\/v2\/comments?post=13154"}],"version-history":[{"count":1,"href":"https:\/\/www.asajacyl.com\/palencia\/wp-json\/wp\/v2\/posts\/13154\/revisions"}],"predecessor-version":[{"id":13155,"href":"https:\/\/www.asajacyl.com\/palencia\/wp-json\/wp\/v2\/posts\/13154\/revisions\/13155"}],"wp:featuredmedia":[{"embeddable":true,"href":"https:\/\/www.asajacyl.com\/palencia\/wp-json\/wp\/v2\/media\/12663"}],"wp:attachment":[{"href":"https:\/\/www.asajacyl.com\/palencia\/wp-json\/wp\/v2\/media?parent=13154"}],"wp:term":[{"taxonomy":"category","embeddable":true,"href":"https:\/\/www.asajacyl.com\/palencia\/wp-json\/wp\/v2\/categories?post=13154"},{"taxonomy":"post_tag","embeddable":true,"href":"https:\/\/www.asajacyl.com\/palencia\/wp-json\/wp\/v2\/tags?post=13154"}],"curies":[{"name":"wp","href":"https:\/\/api.w.org\/{rel}","templated":true}]}}