{"id":13175,"date":"2023-05-12T09:11:00","date_gmt":"2023-05-12T07:11:00","guid":{"rendered":"https:\/\/www.asajacyl.com\/palencia\/?p=13175"},"modified":"2023-05-11T11:17:42","modified_gmt":"2023-05-11T09:17:42","slug":"asaja-contara-con-un-expositor-en-demoagro-2023-23-25-de-mayo-en-rueda-valladolid","status":"publish","type":"post","link":"https:\/\/www.asajacyl.com\/palencia\/asaja-palencia-informa\/asaja-contara-con-un-expositor-en-demoagro-2023-23-25-de-mayo-en-rueda-valladolid","title":{"rendered":"ASAJA contar\u00e1 con un expositor en Demoagro 2023 (23-25 de mayo), en Rueda (Valladolid)"},"content":{"rendered":"\n<h1 class=\"wp-block-heading\">Creada hace una d\u00e9cada, la feria nacional de demostraciones de maquinaria celebr\u00f3 su primera edici\u00f3n en La Ventosilla (Burgos) y vuelve a celebrarse en Castilla y Le\u00f3n, tras pasar por Cuenca, Huesca y Valencia, y despu\u00e9s de una versi\u00f3n telem\u00e1tica en 2021 debido a la pandemia.<\/h1>\n\n\n\n<p>El primer Demoagro, all\u00e1 por 2013, trajo un nuevo concepto a la tradicional feria de maquinaria, dando protagonismo a las demostraciones en tierra. Desde aquella primera edici\u00f3n, celebrada en Burgos, la feria, concebida como bienal, pas\u00f3 tambi\u00e9n por Cuenca, Huesca y Valencia; incluso hubo en 2021 una versi\u00f3n online, que en tiempos de pandemia era la \u00fanica posible de realizar.<\/p>\n\n\n\n<h4 class=\"wp-block-heading\"><img loading=\"lazy\" decoding=\"async\" src=\"https:\/\/www.asajacyl.com\/wp-content\/uploads\/2023\/05\/demoagro-asaja-2023.jpg\" alt=\"\" width=\"1080\" height=\"1080\"><\/h4>\n\n\n\n<p>Con la quinta edici\u00f3n de Demoagro, organizada como siempre por&nbsp;<a href=\"https:\/\/www.ansemat.org\/\">ANSEMAT<\/a>, la Asociaci\u00f3n Nacional de Maquinaria Agropecuaria, Forestal y de Espacios Verdes, se recupera el trato personal. Ser\u00e1 el 23, 24 y 25 de este mes de mayo, en horario de 10 a 19 horas.<\/p>\n\n\n\n<p>La finca elegida, \u201cLa Plaza\u201d, muy cercana al municipio vallisoletano de Rueda, cuenta con 80 hect\u00e1reas que albergar\u00e1 a m\u00e1s de 70 parcelas demostrativas (un 30% m\u00e1s que la edici\u00f3n de Huesca) en las que las empresas participantes llevar\u00e1n a cabo los trabajos de recolecci\u00f3n y laboreo, con las \u00faltimas tecnolog\u00edas en mecanizaci\u00f3n. Esta iniciativa que tuvo lugar por primera vez en la anterior edici\u00f3n de Demoagro, despierta gran inter\u00e9s entre el p\u00fablico visitante, ya que permite comparar en el mismo lugar y tiempo los distintos equipos que participan.&nbsp;<\/p>\n\n\n\n<p>Adem\u00e1s, en esta ocasi\u00f3n, se contar\u00e1 con la colaboraci\u00f3n de las&nbsp;Bodegas de Ram\u00f3n Bilbao, en cuyos vi\u00f1edos se realizar\u00e1n las demostraciones de maquinaria para cultivos especiales. Y se incorpora una nueva \u00e1rea destinada a&nbsp;Exposici\u00f3n Est\u00e1tica,&nbsp;con 23 parcelas de 200 m2, situada en la zona central del recinto, donde las empresas de maquinaria cuyo producto no se ajuste al cultivo presente en los principales sectores de demostraci\u00f3n tendr\u00e1n la oportunidad de estar presentes.<\/p>\n\n\n\n<p>Toda la informaci\u00f3n est\u00e1 disponible en la&nbsp;<a href=\"https:\/\/demoagro.es\/\">web de Demoagro<\/a>, donde pueden conseguirse gratuitamente las entradas tras registrarse.<\/p>\n\n\n\n<p><strong>Nos vemos en la carpa de ASAJA<\/strong><\/p>\n\n\n\n<p>Como en anteriores ocasiones se dispondr\u00e1 en la entrada al recinto de un espacio destinado a Patrocinadores, Colaboradores y Prensa, que completar\u00e1n la oferta que el sector ofrece al visitante de Demoagro. Ah\u00ed se ubicar\u00e1 tambi\u00e9n ASAJA, con una carpa a la que invitamos a todos nuestros socios y simpatizantes.<strong>\/<\/strong><\/p>\n","protected":false},"excerpt":{"rendered":"<p>Creada hace una d\u00e9cada, la feria nacional de demostraciones de maquinaria celebr\u00f3 su primera edici\u00f3n en La Ventosilla (Burgos) y vuelve a celebrarse en Castilla y Le\u00f3n, tras pasar por Cuenca, Huesca y Valencia, y despu\u00e9s de una versi\u00f3n telem\u00e1tica en 2021 debido a la pandemia. El primer Demoagro, all\u00e1 por 2013, trajo un nuevo [&hellip;]<\/p>\n","protected":false},"author":9,"featured_media":13062,"comment_status":"open","ping_status":"open","sticky":false,"template":"","format":"standard","meta":{"footnotes":""},"categories":[9,29,28],"tags":[58,77,153],"yoast_head":"<!-- This site is optimized with the Yoast SEO plugin v24.5 - https:\/\/yoast.com\/wordpress\/plugins\/seo\/ -->\n<title>ASAJA contar\u00e1 con un expositor en Demoagro 2023 (23-25 de mayo), en Rueda (Valladolid) - ASAJA Palencia<\/title>\n<meta name=\"description\" content=\"Creada hace una d\u00e9cada, la feria nacional de demostraciones de maquinaria celebr\u00f3 su primera edici\u00f3n en La Ventosilla (Burgos) y vuelve a celebrarse en\" \/>\n<meta name=\"robots\" content=\"index, follow, max-snippet:-1, max-image-preview:large, max-video-preview:-1\" \/>\n<link rel=\"canonical\" href=\"https:\/\/www.asajacyl.com\/palencia\/asaja-palencia-informa\/asaja-contara-con-un-expositor-en-demoagro-2023-23-25-de-mayo-en-rueda-valladolid\" \/>\n<meta property=\"og:locale\" content=\"es_ES\" \/>\n<meta property=\"og:type\" content=\"article\" \/>\n<meta property=\"og:title\" content=\"ASAJA contar\u00e1 con un expositor en Demoagro 2023 (23-25 de mayo), en Rueda (Valladolid) - ASAJA Palencia\" \/>\n<meta property=\"og:description\" content=\"Creada hace una d\u00e9cada, la feria nacional de demostraciones de maquinaria celebr\u00f3 su primera edici\u00f3n en La Ventosilla (Burgos) y vuelve a celebrarse en\" \/>\n<meta property=\"og:url\" content=\"https:\/\/www.asajacyl.com\/palencia\/asaja-palencia-informa\/asaja-contara-con-un-expositor-en-demoagro-2023-23-25-de-mayo-en-rueda-valladolid\" \/>\n<meta property=\"og:site_name\" content=\"ASAJA Palencia\" \/>\n<meta property=\"article:published_time\" content=\"2023-05-12T07:11:00+00:00\" \/>\n<meta property=\"og:image\" content=\"https:\/\/www.asajacyl.com\/palencia\/wp-content\/uploads\/sites\/3\/2023\/04\/demoagro-recoleccion.jpg\" \/>\n\t<meta property=\"og:image:width\" content=\"400\" \/>\n\t<meta property=\"og:image:height\" content=\"332\" \/>\n\t<meta property=\"og:image:type\" content=\"image\/jpeg\" \/>\n<meta name=\"author\" content=\"Administrador\" \/>\n<meta name=\"twitter:card\" content=\"summary_large_image\" \/>\n<meta name=\"twitter:label1\" content=\"Escrito por\" \/>\n\t<meta name=\"twitter:data1\" content=\"Administrador\" \/>\n\t<meta name=\"twitter:label2\" content=\"Tiempo de lectura\" \/>\n\t<meta name=\"twitter:data2\" content=\"2 minutos\" \/>\n<script type=\"application\/ld+json\" class=\"yoast-schema-graph\">{\"@context\":\"https:\/\/schema.org\",\"@graph\":[{\"@type\":\"WebPage\",\"@id\":\"https:\/\/www.asajacyl.com\/palencia\/asaja-palencia-informa\/asaja-contara-con-un-expositor-en-demoagro-2023-23-25-de-mayo-en-rueda-valladolid\",\"url\":\"https:\/\/www.asajacyl.com\/palencia\/asaja-palencia-informa\/asaja-contara-con-un-expositor-en-demoagro-2023-23-25-de-mayo-en-rueda-valladolid\",\"name\":\"ASAJA contar\u00e1 con un expositor en Demoagro 2023 (23-25 de mayo), en Rueda (Valladolid) - ASAJA Palencia\",\"isPartOf\":{\"@id\":\"https:\/\/www.asajacyl.com\/palencia\/#website\"},\"primaryImageOfPage\":{\"@id\":\"https:\/\/www.asajacyl.com\/palencia\/asaja-palencia-informa\/asaja-contara-con-un-expositor-en-demoagro-2023-23-25-de-mayo-en-rueda-valladolid#primaryimage\"},\"image\":{\"@id\":\"https:\/\/www.asajacyl.com\/palencia\/asaja-palencia-informa\/asaja-contara-con-un-expositor-en-demoagro-2023-23-25-de-mayo-en-rueda-valladolid#primaryimage\"},\"thumbnailUrl\":\"https:\/\/www.asajacyl.com\/palencia\/wp-content\/uploads\/sites\/3\/2023\/04\/demoagro-recoleccion.jpg\",\"datePublished\":\"2023-05-12T07:11:00+00:00\",\"author\":{\"@id\":\"https:\/\/www.asajacyl.com\/palencia\/#\/schema\/person\/3ab17aeb03527485c317557fae64aab1\"},\"description\":\"Creada hace una d\u00e9cada, la feria nacional de demostraciones de maquinaria celebr\u00f3 su primera edici\u00f3n en La Ventosilla (Burgos) y vuelve a celebrarse en\",\"breadcrumb\":{\"@id\":\"https:\/\/www.asajacyl.com\/palencia\/asaja-palencia-informa\/asaja-contara-con-un-expositor-en-demoagro-2023-23-25-de-mayo-en-rueda-valladolid#breadcrumb\"},\"inLanguage\":\"es\",\"potentialAction\":[{\"@type\":\"ReadAction\",\"target\":[\"https:\/\/www.asajacyl.com\/palencia\/asaja-palencia-informa\/asaja-contara-con-un-expositor-en-demoagro-2023-23-25-de-mayo-en-rueda-valladolid\"]}]},{\"@type\":\"ImageObject\",\"inLanguage\":\"es\",\"@id\":\"https:\/\/www.asajacyl.com\/palencia\/asaja-palencia-informa\/asaja-contara-con-un-expositor-en-demoagro-2023-23-25-de-mayo-en-rueda-valladolid#primaryimage\",\"url\":\"https:\/\/www.asajacyl.com\/palencia\/wp-content\/uploads\/sites\/3\/2023\/04\/demoagro-recoleccion.jpg\",\"contentUrl\":\"https:\/\/www.asajacyl.com\/palencia\/wp-content\/uploads\/sites\/3\/2023\/04\/demoagro-recoleccion.jpg\",\"width\":400,\"height\":332},{\"@type\":\"BreadcrumbList\",\"@id\":\"https:\/\/www.asajacyl.com\/palencia\/asaja-palencia-informa\/asaja-contara-con-un-expositor-en-demoagro-2023-23-25-de-mayo-en-rueda-valladolid#breadcrumb\",\"itemListElement\":[{\"@type\":\"ListItem\",\"position\":1,\"name\":\"Portada\",\"item\":\"https:\/\/www.asajacyl.com\/palencia\/\"},{\"@type\":\"ListItem\",\"position\":2,\"name\":\"ASAJA contar\u00e1 con un expositor en Demoagro 2023 (23-25 de mayo), en Rueda (Valladolid)\"}]},{\"@type\":\"WebSite\",\"@id\":\"https:\/\/www.asajacyl.com\/palencia\/#website\",\"url\":\"https:\/\/www.asajacyl.com\/palencia\/\",\"name\":\"ASAJA Palencia\",\"description\":\"Otro sitio m\u00e1s de Provincias ASAJA Castilla y Le\u00f3n\",\"potentialAction\":[{\"@type\":\"SearchAction\",\"target\":{\"@type\":\"EntryPoint\",\"urlTemplate\":\"https:\/\/www.asajacyl.com\/palencia\/?s={search_term_string}\"},\"query-input\":{\"@type\":\"PropertyValueSpecification\",\"valueRequired\":true,\"valueName\":\"search_term_string\"}}],\"inLanguage\":\"es\"},{\"@type\":\"Person\",\"@id\":\"https:\/\/www.asajacyl.com\/palencia\/#\/schema\/person\/3ab17aeb03527485c317557fae64aab1\",\"name\":\"Administrador\",\"image\":{\"@type\":\"ImageObject\",\"inLanguage\":\"es\",\"@id\":\"https:\/\/www.asajacyl.com\/palencia\/#\/schema\/person\/image\/\",\"url\":\"https:\/\/secure.gravatar.com\/avatar\/517384810d242ca9e38c180f3c9fb973?s=96&d=mm&r=g\",\"contentUrl\":\"https:\/\/secure.gravatar.com\/avatar\/517384810d242ca9e38c180f3c9fb973?s=96&d=mm&r=g\",\"caption\":\"Administrador\"},\"url\":\"https:\/\/www.asajacyl.com\/palencia\/author\/carlosrm\"}]}<\/script>\n<!-- \/ Yoast SEO plugin. -->","yoast_head_json":{"title":"ASAJA contar\u00e1 con un expositor en Demoagro 2023 (23-25 de mayo), en Rueda (Valladolid) - ASAJA Palencia","description":"Creada hace una d\u00e9cada, la feria nacional de demostraciones de maquinaria celebr\u00f3 su primera edici\u00f3n en La Ventosilla (Burgos) y vuelve a celebrarse en","robots":{"index":"index","follow":"follow","max-snippet":"max-snippet:-1","max-image-preview":"max-image-preview:large","max-video-preview":"max-video-preview:-1"},"canonical":"https:\/\/www.asajacyl.com\/palencia\/asaja-palencia-informa\/asaja-contara-con-un-expositor-en-demoagro-2023-23-25-de-mayo-en-rueda-valladolid","og_locale":"es_ES","og_type":"article","og_title":"ASAJA contar\u00e1 con un expositor en Demoagro 2023 (23-25 de mayo), en Rueda (Valladolid) - ASAJA Palencia","og_description":"Creada hace una d\u00e9cada, la feria nacional de demostraciones de maquinaria celebr\u00f3 su primera edici\u00f3n en La Ventosilla (Burgos) y vuelve a celebrarse en","og_url":"https:\/\/www.asajacyl.com\/palencia\/asaja-palencia-informa\/asaja-contara-con-un-expositor-en-demoagro-2023-23-25-de-mayo-en-rueda-valladolid","og_site_name":"ASAJA Palencia","article_published_time":"2023-05-12T07:11:00+00:00","og_image":[{"width":400,"height":332,"url":"https:\/\/www.asajacyl.com\/palencia\/wp-content\/uploads\/sites\/3\/2023\/04\/demoagro-recoleccion.jpg","type":"image\/jpeg"}],"author":"Administrador","twitter_card":"summary_large_image","twitter_misc":{"Escrito por":"Administrador","Tiempo de lectura":"2 minutos"},"schema":{"@context":"https:\/\/schema.org","@graph":[{"@type":"WebPage","@id":"https:\/\/www.asajacyl.com\/palencia\/asaja-palencia-informa\/asaja-contara-con-un-expositor-en-demoagro-2023-23-25-de-mayo-en-rueda-valladolid","url":"https:\/\/www.asajacyl.com\/palencia\/asaja-palencia-informa\/asaja-contara-con-un-expositor-en-demoagro-2023-23-25-de-mayo-en-rueda-valladolid","name":"ASAJA contar\u00e1 con un expositor en Demoagro 2023 (23-25 de mayo), en Rueda (Valladolid) - ASAJA Palencia","isPartOf":{"@id":"https:\/\/www.asajacyl.com\/palencia\/#website"},"primaryImageOfPage":{"@id":"https:\/\/www.asajacyl.com\/palencia\/asaja-palencia-informa\/asaja-contara-con-un-expositor-en-demoagro-2023-23-25-de-mayo-en-rueda-valladolid#primaryimage"},"image":{"@id":"https:\/\/www.asajacyl.com\/palencia\/asaja-palencia-informa\/asaja-contara-con-un-expositor-en-demoagro-2023-23-25-de-mayo-en-rueda-valladolid#primaryimage"},"thumbnailUrl":"https:\/\/www.asajacyl.com\/palencia\/wp-content\/uploads\/sites\/3\/2023\/04\/demoagro-recoleccion.jpg","datePublished":"2023-05-12T07:11:00+00:00","author":{"@id":"https:\/\/www.asajacyl.com\/palencia\/#\/schema\/person\/3ab17aeb03527485c317557fae64aab1"},"description":"Creada hace una d\u00e9cada, la feria nacional de demostraciones de maquinaria celebr\u00f3 su primera edici\u00f3n en La Ventosilla (Burgos) y vuelve a celebrarse en","breadcrumb":{"@id":"https:\/\/www.asajacyl.com\/palencia\/asaja-palencia-informa\/asaja-contara-con-un-expositor-en-demoagro-2023-23-25-de-mayo-en-rueda-valladolid#breadcrumb"},"inLanguage":"es","potentialAction":[{"@type":"ReadAction","target":["https:\/\/www.asajacyl.com\/palencia\/asaja-palencia-informa\/asaja-contara-con-un-expositor-en-demoagro-2023-23-25-de-mayo-en-rueda-valladolid"]}]},{"@type":"ImageObject","inLanguage":"es","@id":"https:\/\/www.asajacyl.com\/palencia\/asaja-palencia-informa\/asaja-contara-con-un-expositor-en-demoagro-2023-23-25-de-mayo-en-rueda-valladolid#primaryimage","url":"https:\/\/www.asajacyl.com\/palencia\/wp-content\/uploads\/sites\/3\/2023\/04\/demoagro-recoleccion.jpg","contentUrl":"https:\/\/www.asajacyl.com\/palencia\/wp-content\/uploads\/sites\/3\/2023\/04\/demoagro-recoleccion.jpg","width":400,"height":332},{"@type":"BreadcrumbList","@id":"https:\/\/www.asajacyl.com\/palencia\/asaja-palencia-informa\/asaja-contara-con-un-expositor-en-demoagro-2023-23-25-de-mayo-en-rueda-valladolid#breadcrumb","itemListElement":[{"@type":"ListItem","position":1,"name":"Portada","item":"https:\/\/www.asajacyl.com\/palencia\/"},{"@type":"ListItem","position":2,"name":"ASAJA contar\u00e1 con un expositor en Demoagro 2023 (23-25 de mayo), en Rueda (Valladolid)"}]},{"@type":"WebSite","@id":"https:\/\/www.asajacyl.com\/palencia\/#website","url":"https:\/\/www.asajacyl.com\/palencia\/","name":"ASAJA Palencia","description":"Otro sitio m\u00e1s de Provincias ASAJA Castilla y Le\u00f3n","potentialAction":[{"@type":"SearchAction","target":{"@type":"EntryPoint","urlTemplate":"https:\/\/www.asajacyl.com\/palencia\/?s={search_term_string}"},"query-input":{"@type":"PropertyValueSpecification","valueRequired":true,"valueName":"search_term_string"}}],"inLanguage":"es"},{"@type":"Person","@id":"https:\/\/www.asajacyl.com\/palencia\/#\/schema\/person\/3ab17aeb03527485c317557fae64aab1","name":"Administrador","image":{"@type":"ImageObject","inLanguage":"es","@id":"https:\/\/www.asajacyl.com\/palencia\/#\/schema\/person\/image\/","url":"https:\/\/secure.gravatar.com\/avatar\/517384810d242ca9e38c180f3c9fb973?s=96&d=mm&r=g","contentUrl":"https:\/\/secure.gravatar.com\/avatar\/517384810d242ca9e38c180f3c9fb973?s=96&d=mm&r=g","caption":"Administrador"},"url":"https:\/\/www.asajacyl.com\/palencia\/author\/carlosrm"}]}},"_links":{"self":[{"href":"https:\/\/www.asajacyl.com\/palencia\/wp-json\/wp\/v2\/posts\/13175"}],"collection":[{"href":"https:\/\/www.asajacyl.com\/palencia\/wp-json\/wp\/v2\/posts"}],"about":[{"href":"https:\/\/www.asajacyl.com\/palencia\/wp-json\/wp\/v2\/types\/post"}],"author":[{"embeddable":true,"href":"https:\/\/www.asajacyl.com\/palencia\/wp-json\/wp\/v2\/users\/9"}],"replies":[{"embeddable":true,"href":"https:\/\/www.asajacyl.com\/palencia\/wp-json\/wp\/v2\/comments?post=13175"}],"version-history":[{"count":2,"href":"https:\/\/www.asajacyl.com\/palencia\/wp-json\/wp\/v2\/posts\/13175\/revisions"}],"predecessor-version":[{"id":13177,"href":"https:\/\/www.asajacyl.com\/palencia\/wp-json\/wp\/v2\/posts\/13175\/revisions\/13177"}],"wp:featuredmedia":[{"embeddable":true,"href":"https:\/\/www.asajacyl.com\/palencia\/wp-json\/wp\/v2\/media\/13062"}],"wp:attachment":[{"href":"https:\/\/www.asajacyl.com\/palencia\/wp-json\/wp\/v2\/media?parent=13175"}],"wp:term":[{"taxonomy":"category","embeddable":true,"href":"https:\/\/www.asajacyl.com\/palencia\/wp-json\/wp\/v2\/categories?post=13175"},{"taxonomy":"post_tag","embeddable":true,"href":"https:\/\/www.asajacyl.com\/palencia\/wp-json\/wp\/v2\/tags?post=13175"}],"curies":[{"name":"wp","href":"https:\/\/api.w.org\/{rel}","templated":true}]}}