{"id":13189,"date":"2023-05-12T14:10:00","date_gmt":"2023-05-12T12:10:00","guid":{"rendered":"https:\/\/www.asajacyl.com\/palencia\/?p=13189"},"modified":"2023-05-12T14:10:54","modified_gmt":"2023-05-12T12:10:54","slug":"asaja-castilla-y-leon-califica-de-arbitrario-el-reparto-de-las-ayudas-por-sequia-aprobado-por-el-gobierno","status":"publish","type":"post","link":"https:\/\/www.asajacyl.com\/palencia\/asaja-palencia-informa\/asaja-castilla-y-leon-califica-de-arbitrario-el-reparto-de-las-ayudas-por-sequia-aprobado-por-el-gobierno","title":{"rendered":"ASAJA-Castilla y Le\u00f3n califica de \u00abarbitrario\u00bb el reparto de las ayudas por sequ\u00eda aprobado por el Gobierno"},"content":{"rendered":"\n<h2 class=\"wp-block-heading\">La organizaci\u00f3n agraria ha analizado en rueda de prensa, celebrada hoy en la sede de ASAJA \u00c1vila, la repercusi\u00f3n de las medidas anunciadas ayer por el ministro de Agricultura, Luis Planas, \u00abcuyas declaraciones distan mucho de lo que hoy hemos podido comprobar en el Bolet\u00edn Oficial del Estado, puesto que no se\u00f1al\u00f3 en ning\u00fan momento que una vaca, una oveja o una cabra de Castilla y Le\u00f3n va a recibir justo la mitad que la mayor\u00eda de Espa\u00f1a\u00bb, ha subrayado Donaciano Dujo, que ha estado acompa\u00f1ado por Joaqu\u00edn Antonio Pino, presidente provincial de ASAJA \u00c1vila. Dujo tambi\u00e9n ha criticado la \u00aborfandad de tutela por parte de la Junta de Castilla y Le\u00f3n\u00bb y ha pedido al presidente de la comunidad y al consejero de Agricultura que abanderen la defensa del campo regional. <\/h2>\n\n\n\n<p><a href=\"http:\/\/casagutier.com\/tienda\/\" target=\"_blank\" rel=\"noreferrer noopener\"><\/a>Para el responsable regional, \u00abhay un error de partida en las medidas, que es calibrar sin pisar nuestra tierra que el impacto de la sequ\u00eda en Castilla y Le\u00f3n es medio, cuando vamos sin freno hacia una cosecha por debajo de tres millones de toneladas, tan catastr\u00f3fica como la de 2017, y el ganado no encuentra pastos y el forraje es escaso y muy caro\u00bb. <\/p>\n\n\n\n<p>ASAJA exige del Ministerio \u00abuna rectificaci\u00f3n, porque no hay criterios objetivos para separar a Castilla y Le\u00f3n del resto de comunidades con afecci\u00f3n alta de sequ\u00eda que recibir\u00e1n el doble de ayudas, salvo que sea que aqu\u00ed no hay elecciones auton\u00f3micas el 28 de mayo\u00bb.\u00a0<\/p>\n\n\n\n<p><strong>2.000 MILLONES DE P\u00c9RDIDAS. <\/strong>ASAJA calcula que las p\u00e9rdidas por sequ\u00eda en Castilla y Le\u00f3n, en una campa\u00f1a de enormes costes de producci\u00f3n, superar\u00e1n los 2.000 millones de euros, y pide que las administraciones, de forma conjunta, \u00abaporten ayudas por al menos la mitad, 1.000 millones. Repartidas entre los 40.000 profesionales de la agricultura y ganader\u00eda de la Comunidad Aut\u00f3noma, estar\u00edamos hablando de alrededor de 25.000 euros por explotaci\u00f3n, que deber\u00edan cubrirse de forma conjunta por el Estado espa\u00f1ol, el fondo de crisis de la Uni\u00f3n Europea y la Junta de Castilla y Le\u00f3n\u00bb. <\/p>\n\n\n\n<p>En este punto, Donaciano Dujo dijo que \u00abel campo de Castilla y Le\u00f3n est\u00e1 hu\u00e9rfano de tutela por parte de la Junta, que ni siquiera critica las ayudas del gobierno\u00bb, e hizo un llamamiento \u00abtanto al presidente Ma\u00f1ueco como al consejero Due\u00f1as, para que abanderen la defensa del sector en un momento cr\u00edtico,\u00a0porque si somos el granero de Espa\u00f1a y tenemos los mayores censos ganaderos, somos tambi\u00e9n los que m\u00e1s p\u00e9rdidas vamos a soportar\u00bb.\u00a0<\/p>\n\n\n\n<p><strong>GANADO EXTENSIVO. <\/strong>Adem\u00e1s de las imprescindibles ayudas directas, ASAJA aboga por un seguimiento continuo de las necesidades espec\u00edficas de cada sector, comenzando por el ganado de extensivo, que ya tiene dificultades para contar con paja o abastecerse de agua, y\u00a0siguiendo por el resto de\u00a0las producciones. Especialmente, hay que tener en cuenta que el real decreto-ley no aclara c\u00f3mo se ayudar\u00e1 a la agricultura, y Castilla y Le\u00f3n es la comunidad aut\u00f3noma con m\u00e1s superficie de secano del pa\u00eds y por tanto la que va a estar m\u00e1s perjudicada.\u00a0<\/p>\n\n\n\n<p>La distancia entre las ayudas anunciadas en ganader\u00eda y las p\u00e9rdidas reales es enorme. As\u00ed, para una explotaci\u00f3n media de\u00a0100 vacas\u00a0de\u00a0carne\u00a0la ayuda ser\u00eda de\u00a07.800 euros; una de ovino de carne de\u00a0800 ovejas, de\u00a07.200 euros; una de vacuno de leche (unas\u00a0120\u00a0vacas), unos\u00a03.700\u00a0euros, y una explotaci\u00f3n media de\u00a0leche\u00a0de\u00a0ovino-caprino\u00a0(unas 550 ovejas), percibir\u00eda\u00a0unos 3.000 euros\u00a0de ayuda. Sin embargo, el sobrecoste estimado de alimentaci\u00f3n y costes de producci\u00f3n oscila entre 20.000 y 30.000 euros por explotaci\u00f3n.\u00a0<\/p>\n\n\n\n<p><strong>REFORMULAR EL SEGURO. <\/strong>Respecto a otras medidas complementarias, ASAJA se\u00f1ala que es importante el incremento de subvenci\u00f3n del seguro agrario, aunque sigue pendiente una reformulaci\u00f3n del seguro, para que cubra realmente los rendimientos a precios reales de la agricultura de Castilla y Le\u00f3n, algo que penaliza especialmente a las provincias del sur de la Comunidad Aut\u00f3noma.\u00a0<\/p>\n\n\n\n<p>En cuanto a las medidas de financiaci\u00f3n, \u00abse quedan muy cortas, el campo necesita un plan de financiaci\u00f3n a largo plazo, que aporte liquidez, porque los intereses est\u00e1n muy altos y las explotaciones no aguantan m\u00e1s endeudamiento. Necesitamos pr\u00e9stamos a largo plazo, con dos a\u00f1os de carencia, inter\u00e9s cero y ayudas para amortizar el capital en los primeros a\u00f1os\u00bb.<\/p>\n\n\n\n<p>Finalmente,\u00a0Dujo\u00a0valor\u00f3 el paquete de medidas fiscales y rebajas de m\u00f3dulos, \u00abaunque no resuelve el problema porque, si no tenemos ingresos, \u00bfqu\u00e9 vamos a pagar?\u00a0Y\u00a0lo mismo ocurre con el aplazamiento de la Seguridad Social, lo que necesitamos es condonaci\u00f3n\u00bb.\u00a0<strong>\/<\/strong><\/p>\n","protected":false},"excerpt":{"rendered":"<p>La organizaci\u00f3n agraria ha analizado en rueda de prensa, celebrada hoy en la sede de ASAJA \u00c1vila, la repercusi\u00f3n de las medidas anunciadas ayer por el ministro de Agricultura, Luis Planas, \u00abcuyas declaraciones distan mucho de lo que hoy hemos podido comprobar en el Bolet\u00edn Oficial del Estado, puesto que no se\u00f1al\u00f3 en ning\u00fan momento [&hellip;]<\/p>\n","protected":false},"author":9,"featured_media":13190,"comment_status":"open","ping_status":"open","sticky":false,"template":"","format":"standard","meta":{"footnotes":""},"categories":[9,29,28],"tags":[58,77,66,110,182],"yoast_head":"<!-- This site is optimized with the Yoast SEO plugin v24.5 - https:\/\/yoast.com\/wordpress\/plugins\/seo\/ -->\n<title>ASAJA-Castilla y Le\u00f3n califica de \u00abarbitrario\u00bb el reparto de las ayudas por sequ\u00eda aprobado por el Gobierno - ASAJA Palencia<\/title>\n<meta name=\"description\" content=\"La organizaci\u00f3n agraria ha analizado en rueda de prensa, celebrada hoy en la sede de ASAJA \u00c1vila, la repercusi\u00f3n de las medidas anunciadas ayer por el\" \/>\n<meta name=\"robots\" content=\"index, follow, max-snippet:-1, max-image-preview:large, max-video-preview:-1\" \/>\n<link rel=\"canonical\" href=\"https:\/\/www.asajacyl.com\/palencia\/asaja-palencia-informa\/asaja-castilla-y-leon-califica-de-arbitrario-el-reparto-de-las-ayudas-por-sequia-aprobado-por-el-gobierno\" \/>\n<meta property=\"og:locale\" content=\"es_ES\" \/>\n<meta property=\"og:type\" content=\"article\" \/>\n<meta property=\"og:title\" content=\"ASAJA-Castilla y Le\u00f3n califica de \u00abarbitrario\u00bb el reparto de las ayudas por sequ\u00eda aprobado por el Gobierno - ASAJA Palencia\" \/>\n<meta property=\"og:description\" content=\"La organizaci\u00f3n agraria ha analizado en rueda de prensa, celebrada hoy en la sede de ASAJA \u00c1vila, la repercusi\u00f3n de las medidas anunciadas ayer por el\" \/>\n<meta property=\"og:url\" content=\"https:\/\/www.asajacyl.com\/palencia\/asaja-palencia-informa\/asaja-castilla-y-leon-califica-de-arbitrario-el-reparto-de-las-ayudas-por-sequia-aprobado-por-el-gobierno\" \/>\n<meta property=\"og:site_name\" content=\"ASAJA Palencia\" \/>\n<meta property=\"article:published_time\" content=\"2023-05-12T12:10:00+00:00\" \/>\n<meta property=\"article:modified_time\" content=\"2023-05-12T12:10:54+00:00\" \/>\n<meta property=\"og:image\" content=\"https:\/\/www.asajacyl.com\/palencia\/wp-content\/uploads\/sites\/3\/2023\/05\/12052023135822_donaciano-con-joaquin.jpg\" \/>\n\t<meta property=\"og:image:width\" content=\"1600\" \/>\n\t<meta property=\"og:image:height\" content=\"1200\" \/>\n\t<meta property=\"og:image:type\" content=\"image\/jpeg\" \/>\n<meta name=\"author\" content=\"Administrador\" \/>\n<meta name=\"twitter:card\" content=\"summary_large_image\" \/>\n<meta name=\"twitter:label1\" content=\"Escrito por\" \/>\n\t<meta name=\"twitter:data1\" content=\"Administrador\" \/>\n\t<meta name=\"twitter:label2\" content=\"Tiempo de lectura\" \/>\n\t<meta name=\"twitter:data2\" content=\"4 minutos\" \/>\n<script type=\"application\/ld+json\" class=\"yoast-schema-graph\">{\"@context\":\"https:\/\/schema.org\",\"@graph\":[{\"@type\":\"WebPage\",\"@id\":\"https:\/\/www.asajacyl.com\/palencia\/asaja-palencia-informa\/asaja-castilla-y-leon-califica-de-arbitrario-el-reparto-de-las-ayudas-por-sequia-aprobado-por-el-gobierno\",\"url\":\"https:\/\/www.asajacyl.com\/palencia\/asaja-palencia-informa\/asaja-castilla-y-leon-califica-de-arbitrario-el-reparto-de-las-ayudas-por-sequia-aprobado-por-el-gobierno\",\"name\":\"ASAJA-Castilla y Le\u00f3n califica de \u00abarbitrario\u00bb el reparto de las ayudas por sequ\u00eda aprobado por el Gobierno - ASAJA Palencia\",\"isPartOf\":{\"@id\":\"https:\/\/www.asajacyl.com\/palencia\/#website\"},\"primaryImageOfPage\":{\"@id\":\"https:\/\/www.asajacyl.com\/palencia\/asaja-palencia-informa\/asaja-castilla-y-leon-califica-de-arbitrario-el-reparto-de-las-ayudas-por-sequia-aprobado-por-el-gobierno#primaryimage\"},\"image\":{\"@id\":\"https:\/\/www.asajacyl.com\/palencia\/asaja-palencia-informa\/asaja-castilla-y-leon-califica-de-arbitrario-el-reparto-de-las-ayudas-por-sequia-aprobado-por-el-gobierno#primaryimage\"},\"thumbnailUrl\":\"https:\/\/www.asajacyl.com\/palencia\/wp-content\/uploads\/sites\/3\/2023\/05\/12052023135822_donaciano-con-joaquin.jpg\",\"datePublished\":\"2023-05-12T12:10:00+00:00\",\"dateModified\":\"2023-05-12T12:10:54+00:00\",\"author\":{\"@id\":\"https:\/\/www.asajacyl.com\/palencia\/#\/schema\/person\/3ab17aeb03527485c317557fae64aab1\"},\"description\":\"La organizaci\u00f3n agraria ha analizado en rueda de prensa, celebrada hoy en la sede de ASAJA \u00c1vila, la repercusi\u00f3n de las medidas anunciadas ayer por el\",\"breadcrumb\":{\"@id\":\"https:\/\/www.asajacyl.com\/palencia\/asaja-palencia-informa\/asaja-castilla-y-leon-califica-de-arbitrario-el-reparto-de-las-ayudas-por-sequia-aprobado-por-el-gobierno#breadcrumb\"},\"inLanguage\":\"es\",\"potentialAction\":[{\"@type\":\"ReadAction\",\"target\":[\"https:\/\/www.asajacyl.com\/palencia\/asaja-palencia-informa\/asaja-castilla-y-leon-califica-de-arbitrario-el-reparto-de-las-ayudas-por-sequia-aprobado-por-el-gobierno\"]}]},{\"@type\":\"ImageObject\",\"inLanguage\":\"es\",\"@id\":\"https:\/\/www.asajacyl.com\/palencia\/asaja-palencia-informa\/asaja-castilla-y-leon-califica-de-arbitrario-el-reparto-de-las-ayudas-por-sequia-aprobado-por-el-gobierno#primaryimage\",\"url\":\"https:\/\/www.asajacyl.com\/palencia\/wp-content\/uploads\/sites\/3\/2023\/05\/12052023135822_donaciano-con-joaquin.jpg\",\"contentUrl\":\"https:\/\/www.asajacyl.com\/palencia\/wp-content\/uploads\/sites\/3\/2023\/05\/12052023135822_donaciano-con-joaquin.jpg\",\"width\":1600,\"height\":1200},{\"@type\":\"BreadcrumbList\",\"@id\":\"https:\/\/www.asajacyl.com\/palencia\/asaja-palencia-informa\/asaja-castilla-y-leon-califica-de-arbitrario-el-reparto-de-las-ayudas-por-sequia-aprobado-por-el-gobierno#breadcrumb\",\"itemListElement\":[{\"@type\":\"ListItem\",\"position\":1,\"name\":\"Portada\",\"item\":\"https:\/\/www.asajacyl.com\/palencia\/\"},{\"@type\":\"ListItem\",\"position\":2,\"name\":\"ASAJA-Castilla y Le\u00f3n califica de \u00abarbitrario\u00bb el reparto de las ayudas por sequ\u00eda aprobado por el Gobierno\"}]},{\"@type\":\"WebSite\",\"@id\":\"https:\/\/www.asajacyl.com\/palencia\/#website\",\"url\":\"https:\/\/www.asajacyl.com\/palencia\/\",\"name\":\"ASAJA Palencia\",\"description\":\"Otro sitio m\u00e1s de Provincias ASAJA Castilla y Le\u00f3n\",\"potentialAction\":[{\"@type\":\"SearchAction\",\"target\":{\"@type\":\"EntryPoint\",\"urlTemplate\":\"https:\/\/www.asajacyl.com\/palencia\/?s={search_term_string}\"},\"query-input\":{\"@type\":\"PropertyValueSpecification\",\"valueRequired\":true,\"valueName\":\"search_term_string\"}}],\"inLanguage\":\"es\"},{\"@type\":\"Person\",\"@id\":\"https:\/\/www.asajacyl.com\/palencia\/#\/schema\/person\/3ab17aeb03527485c317557fae64aab1\",\"name\":\"Administrador\",\"image\":{\"@type\":\"ImageObject\",\"inLanguage\":\"es\",\"@id\":\"https:\/\/www.asajacyl.com\/palencia\/#\/schema\/person\/image\/\",\"url\":\"https:\/\/secure.gravatar.com\/avatar\/517384810d242ca9e38c180f3c9fb973?s=96&d=mm&r=g\",\"contentUrl\":\"https:\/\/secure.gravatar.com\/avatar\/517384810d242ca9e38c180f3c9fb973?s=96&d=mm&r=g\",\"caption\":\"Administrador\"},\"url\":\"https:\/\/www.asajacyl.com\/palencia\/author\/carlosrm\"}]}<\/script>\n<!-- \/ Yoast SEO plugin. -->","yoast_head_json":{"title":"ASAJA-Castilla y Le\u00f3n califica de \u00abarbitrario\u00bb el reparto de las ayudas por sequ\u00eda aprobado por el Gobierno - ASAJA Palencia","description":"La organizaci\u00f3n agraria ha analizado en rueda de prensa, celebrada hoy en la sede de ASAJA \u00c1vila, la repercusi\u00f3n de las medidas anunciadas ayer por el","robots":{"index":"index","follow":"follow","max-snippet":"max-snippet:-1","max-image-preview":"max-image-preview:large","max-video-preview":"max-video-preview:-1"},"canonical":"https:\/\/www.asajacyl.com\/palencia\/asaja-palencia-informa\/asaja-castilla-y-leon-califica-de-arbitrario-el-reparto-de-las-ayudas-por-sequia-aprobado-por-el-gobierno","og_locale":"es_ES","og_type":"article","og_title":"ASAJA-Castilla y Le\u00f3n califica de \u00abarbitrario\u00bb el reparto de las ayudas por sequ\u00eda aprobado por el Gobierno - ASAJA Palencia","og_description":"La organizaci\u00f3n agraria ha analizado en rueda de prensa, celebrada hoy en la sede de ASAJA \u00c1vila, la repercusi\u00f3n de las medidas anunciadas ayer por el","og_url":"https:\/\/www.asajacyl.com\/palencia\/asaja-palencia-informa\/asaja-castilla-y-leon-califica-de-arbitrario-el-reparto-de-las-ayudas-por-sequia-aprobado-por-el-gobierno","og_site_name":"ASAJA Palencia","article_published_time":"2023-05-12T12:10:00+00:00","article_modified_time":"2023-05-12T12:10:54+00:00","og_image":[{"width":1600,"height":1200,"url":"https:\/\/www.asajacyl.com\/palencia\/wp-content\/uploads\/sites\/3\/2023\/05\/12052023135822_donaciano-con-joaquin.jpg","type":"image\/jpeg"}],"author":"Administrador","twitter_card":"summary_large_image","twitter_misc":{"Escrito por":"Administrador","Tiempo de lectura":"4 minutos"},"schema":{"@context":"https:\/\/schema.org","@graph":[{"@type":"WebPage","@id":"https:\/\/www.asajacyl.com\/palencia\/asaja-palencia-informa\/asaja-castilla-y-leon-califica-de-arbitrario-el-reparto-de-las-ayudas-por-sequia-aprobado-por-el-gobierno","url":"https:\/\/www.asajacyl.com\/palencia\/asaja-palencia-informa\/asaja-castilla-y-leon-califica-de-arbitrario-el-reparto-de-las-ayudas-por-sequia-aprobado-por-el-gobierno","name":"ASAJA-Castilla y Le\u00f3n califica de \u00abarbitrario\u00bb el reparto de las ayudas por sequ\u00eda aprobado por el Gobierno - ASAJA Palencia","isPartOf":{"@id":"https:\/\/www.asajacyl.com\/palencia\/#website"},"primaryImageOfPage":{"@id":"https:\/\/www.asajacyl.com\/palencia\/asaja-palencia-informa\/asaja-castilla-y-leon-califica-de-arbitrario-el-reparto-de-las-ayudas-por-sequia-aprobado-por-el-gobierno#primaryimage"},"image":{"@id":"https:\/\/www.asajacyl.com\/palencia\/asaja-palencia-informa\/asaja-castilla-y-leon-califica-de-arbitrario-el-reparto-de-las-ayudas-por-sequia-aprobado-por-el-gobierno#primaryimage"},"thumbnailUrl":"https:\/\/www.asajacyl.com\/palencia\/wp-content\/uploads\/sites\/3\/2023\/05\/12052023135822_donaciano-con-joaquin.jpg","datePublished":"2023-05-12T12:10:00+00:00","dateModified":"2023-05-12T12:10:54+00:00","author":{"@id":"https:\/\/www.asajacyl.com\/palencia\/#\/schema\/person\/3ab17aeb03527485c317557fae64aab1"},"description":"La organizaci\u00f3n agraria ha analizado en rueda de prensa, celebrada hoy en la sede de ASAJA \u00c1vila, la repercusi\u00f3n de las medidas anunciadas ayer por el","breadcrumb":{"@id":"https:\/\/www.asajacyl.com\/palencia\/asaja-palencia-informa\/asaja-castilla-y-leon-califica-de-arbitrario-el-reparto-de-las-ayudas-por-sequia-aprobado-por-el-gobierno#breadcrumb"},"inLanguage":"es","potentialAction":[{"@type":"ReadAction","target":["https:\/\/www.asajacyl.com\/palencia\/asaja-palencia-informa\/asaja-castilla-y-leon-califica-de-arbitrario-el-reparto-de-las-ayudas-por-sequia-aprobado-por-el-gobierno"]}]},{"@type":"ImageObject","inLanguage":"es","@id":"https:\/\/www.asajacyl.com\/palencia\/asaja-palencia-informa\/asaja-castilla-y-leon-califica-de-arbitrario-el-reparto-de-las-ayudas-por-sequia-aprobado-por-el-gobierno#primaryimage","url":"https:\/\/www.asajacyl.com\/palencia\/wp-content\/uploads\/sites\/3\/2023\/05\/12052023135822_donaciano-con-joaquin.jpg","contentUrl":"https:\/\/www.asajacyl.com\/palencia\/wp-content\/uploads\/sites\/3\/2023\/05\/12052023135822_donaciano-con-joaquin.jpg","width":1600,"height":1200},{"@type":"BreadcrumbList","@id":"https:\/\/www.asajacyl.com\/palencia\/asaja-palencia-informa\/asaja-castilla-y-leon-califica-de-arbitrario-el-reparto-de-las-ayudas-por-sequia-aprobado-por-el-gobierno#breadcrumb","itemListElement":[{"@type":"ListItem","position":1,"name":"Portada","item":"https:\/\/www.asajacyl.com\/palencia\/"},{"@type":"ListItem","position":2,"name":"ASAJA-Castilla y Le\u00f3n califica de \u00abarbitrario\u00bb el reparto de las ayudas por sequ\u00eda aprobado por el Gobierno"}]},{"@type":"WebSite","@id":"https:\/\/www.asajacyl.com\/palencia\/#website","url":"https:\/\/www.asajacyl.com\/palencia\/","name":"ASAJA Palencia","description":"Otro sitio m\u00e1s de Provincias ASAJA Castilla y Le\u00f3n","potentialAction":[{"@type":"SearchAction","target":{"@type":"EntryPoint","urlTemplate":"https:\/\/www.asajacyl.com\/palencia\/?s={search_term_string}"},"query-input":{"@type":"PropertyValueSpecification","valueRequired":true,"valueName":"search_term_string"}}],"inLanguage":"es"},{"@type":"Person","@id":"https:\/\/www.asajacyl.com\/palencia\/#\/schema\/person\/3ab17aeb03527485c317557fae64aab1","name":"Administrador","image":{"@type":"ImageObject","inLanguage":"es","@id":"https:\/\/www.asajacyl.com\/palencia\/#\/schema\/person\/image\/","url":"https:\/\/secure.gravatar.com\/avatar\/517384810d242ca9e38c180f3c9fb973?s=96&d=mm&r=g","contentUrl":"https:\/\/secure.gravatar.com\/avatar\/517384810d242ca9e38c180f3c9fb973?s=96&d=mm&r=g","caption":"Administrador"},"url":"https:\/\/www.asajacyl.com\/palencia\/author\/carlosrm"}]}},"_links":{"self":[{"href":"https:\/\/www.asajacyl.com\/palencia\/wp-json\/wp\/v2\/posts\/13189"}],"collection":[{"href":"https:\/\/www.asajacyl.com\/palencia\/wp-json\/wp\/v2\/posts"}],"about":[{"href":"https:\/\/www.asajacyl.com\/palencia\/wp-json\/wp\/v2\/types\/post"}],"author":[{"embeddable":true,"href":"https:\/\/www.asajacyl.com\/palencia\/wp-json\/wp\/v2\/users\/9"}],"replies":[{"embeddable":true,"href":"https:\/\/www.asajacyl.com\/palencia\/wp-json\/wp\/v2\/comments?post=13189"}],"version-history":[{"count":3,"href":"https:\/\/www.asajacyl.com\/palencia\/wp-json\/wp\/v2\/posts\/13189\/revisions"}],"predecessor-version":[{"id":13193,"href":"https:\/\/www.asajacyl.com\/palencia\/wp-json\/wp\/v2\/posts\/13189\/revisions\/13193"}],"wp:featuredmedia":[{"embeddable":true,"href":"https:\/\/www.asajacyl.com\/palencia\/wp-json\/wp\/v2\/media\/13190"}],"wp:attachment":[{"href":"https:\/\/www.asajacyl.com\/palencia\/wp-json\/wp\/v2\/media?parent=13189"}],"wp:term":[{"taxonomy":"category","embeddable":true,"href":"https:\/\/www.asajacyl.com\/palencia\/wp-json\/wp\/v2\/categories?post=13189"},{"taxonomy":"post_tag","embeddable":true,"href":"https:\/\/www.asajacyl.com\/palencia\/wp-json\/wp\/v2\/tags?post=13189"}],"curies":[{"name":"wp","href":"https:\/\/api.w.org\/{rel}","templated":true}]}}