{"id":13206,"date":"2023-05-15T10:06:21","date_gmt":"2023-05-15T08:06:21","guid":{"rendered":"https:\/\/www.asajacyl.com\/palencia\/?p=13206"},"modified":"2023-05-15T10:06:23","modified_gmt":"2023-05-15T08:06:23","slug":"san-isidro-2023-el-campo-de-castilla-y-leon-pide-lluvias-que-alivien-los-regadios-y-algunos-pastos-aunque-sea-tarde-para-la-mayor-parte-del-cereal","status":"publish","type":"post","link":"https:\/\/www.asajacyl.com\/palencia\/asaja-palencia-informa\/san-isidro-2023-el-campo-de-castilla-y-leon-pide-lluvias-que-alivien-los-regadios-y-algunos-pastos-aunque-sea-tarde-para-la-mayor-parte-del-cereal","title":{"rendered":"San Isidro 2023: el campo de Castilla y Le\u00f3n pide lluvias que alivien los regad\u00edos y algunos pastos, aunque sea tarde para la mayor parte del cereal"},"content":{"rendered":"\n<p>Poco que celebrar en este San Isidro de 2023. La sequ\u00eda arrastrada desde hace meses f\u00eda poco ya a las lluvias que puedan caer a partir del 15 de mayo, aunque todav\u00eda podr\u00edan ser un alivio para parte del secano, para las reservas de regad\u00edo y para los agotados pastos frescos. \u201cDe la lluvia que pudiera venir depende que la cosecha de 2023 se hunda m\u00e1s todav\u00eda y supere el triste r\u00e9cord de la de 2017, o que quede ligeramente por encima. En todo caso, ser\u00e1 la segunda peor de la d\u00e9cada\u201d, resumen Donaciano Dujo, presidente de ASAJA de Castilla y Le\u00f3n.<\/p>\n\n\n\n<p>La primavera extraordinariamente seca, tras un invierno parco igualmente en precipitaciones, con nieves casi ausentes, y especialmente el mes de abril, el m\u00e1s \u00e1rido desde 1951, han llevado la campa\u00f1a a un callej\u00f3n sin salida. Las predicciones de rendimientos elaboradas por el Instituto Tecnol\u00f3gico Agrario de Castilla y Le\u00f3n sobre datos de la AEMET, confirman num\u00e9ricamente lo que los agricultores y ganaderos llevan constatando muchas semanas: rendimientos muy por debajo de la media en trigo y a\u00fan m\u00e1s en cebada en todas las provincias, y peores a\u00fan en una franja amplia de intensa sequ\u00eda que abarca provincias del sur pero que se extiende tambi\u00e9n hacia el este e incluso el norte de la regi\u00f3n.<\/p>\n\n\n\n<p>Esta pertinaz falta de agua, unida a un suelo seco, temperaturas inusualmente elevadas y escasas reservas, arrastradas de tiempo atr\u00e1s, dejan poca esperanza en el pron\u00f3stico para las semanas que faltan para la ya inminente recolecci\u00f3n. Porque adem\u00e1s se observa un adelanto importante de las fechas de cosecha, en torno a quince d\u00edas. Esta es la raz\u00f3n por la que muchos agricultores est\u00e9n dando parte a Agroseguro para poder cambiar sus parcelas y segar en verde lo poco que hay, destinando la producci\u00f3n a un forraje que escasea y que complica enormemente la situaci\u00f3n de los ganaderos.<\/p>\n\n\n\n<p>Con este panorama, \u201cel campo de Castilla y Le\u00f3n camina a un a\u00f1o cr\u00edtico de p\u00e9rdidas y una falta de liquidez que se hace insoportable, porque venimos de otra cosecha mala, como fue la de 2022, y encima en la campa\u00f1a de costes de producci\u00f3n m\u00e1s alta de la historia\u201d, subraya Donaciano Dujo. \u201cLas administraciones, tanto auton\u00f3mica, como nacional y europea, tienen que dar la cara por el sector que alimenta la sociedad, porque la situaci\u00f3n es muy grave y est\u00e1 en juego la supervivencia de muchas explotaciones\u201d, recalca.<\/p>\n\n\n\n<p>Aunque la situaci\u00f3n es ya muy complicada para la mayor\u00eda del cereal, el campo de Castilla y Le\u00f3n pide lluvia en sus procesiones de San Isidro, \u201cporque siempre es necesaria para todos, y m\u00e1s que nunca ahora, para reverdecer pastizales y asegurar riegos\u201d, apunta Donaciano Dujo, que a\u00f1ade que, \u201cpese al zarpazo de la sequ\u00eda y de la despoblaci\u00f3n, la celebraci\u00f3n del Patr\u00f3n siempre es importante en nuestros pueblos, una jornada de reuni\u00f3n y hermandad entre todos los agricultores y ganaderos, que dejamos aparcados unas horas los problemas para compartir el orgullo por nuestra profesi\u00f3n\u201d.<\/p>\n","protected":false},"excerpt":{"rendered":"<p>Poco que celebrar en este San Isidro de 2023. La sequ\u00eda arrastrada desde hace meses f\u00eda poco ya a las lluvias que puedan caer a partir del 15 de mayo, aunque todav\u00eda podr\u00edan ser un alivio para parte del secano, para las reservas de regad\u00edo y para los agotados pastos frescos. \u201cDe la lluvia que [&hellip;]<\/p>\n","protected":false},"author":9,"featured_media":13207,"comment_status":"open","ping_status":"open","sticky":false,"template":"","format":"standard","meta":{"footnotes":""},"categories":[9,29,28],"tags":[],"yoast_head":"<!-- This site is optimized with the Yoast SEO plugin v24.5 - https:\/\/yoast.com\/wordpress\/plugins\/seo\/ -->\n<title>San Isidro 2023: el campo de Castilla y Le\u00f3n pide lluvias que alivien los regad\u00edos y algunos pastos, aunque sea tarde para la mayor parte del cereal - ASAJA Palencia<\/title>\n<meta name=\"description\" content=\"Poco que celebrar en este San Isidro de 2023. La sequ\u00eda arrastrada desde hace meses f\u00eda poco ya a las lluvias que puedan caer a partir del 15 de mayo,\" \/>\n<meta name=\"robots\" content=\"index, follow, max-snippet:-1, max-image-preview:large, max-video-preview:-1\" \/>\n<link rel=\"canonical\" href=\"https:\/\/www.asajacyl.com\/palencia\/asaja-palencia-informa\/san-isidro-2023-el-campo-de-castilla-y-leon-pide-lluvias-que-alivien-los-regadios-y-algunos-pastos-aunque-sea-tarde-para-la-mayor-parte-del-cereal\" \/>\n<meta property=\"og:locale\" content=\"es_ES\" \/>\n<meta property=\"og:type\" content=\"article\" \/>\n<meta property=\"og:title\" content=\"San Isidro 2023: el campo de Castilla y Le\u00f3n pide lluvias que alivien los regad\u00edos y algunos pastos, aunque sea tarde para la mayor parte del cereal - ASAJA Palencia\" \/>\n<meta property=\"og:description\" content=\"Poco que celebrar en este San Isidro de 2023. La sequ\u00eda arrastrada desde hace meses f\u00eda poco ya a las lluvias que puedan caer a partir del 15 de mayo,\" \/>\n<meta property=\"og:url\" content=\"https:\/\/www.asajacyl.com\/palencia\/asaja-palencia-informa\/san-isidro-2023-el-campo-de-castilla-y-leon-pide-lluvias-que-alivien-los-regadios-y-algunos-pastos-aunque-sea-tarde-para-la-mayor-parte-del-cereal\" \/>\n<meta property=\"og:site_name\" content=\"ASAJA Palencia\" \/>\n<meta property=\"article:published_time\" content=\"2023-05-15T08:06:21+00:00\" \/>\n<meta property=\"article:modified_time\" content=\"2023-05-15T08:06:23+00:00\" \/>\n<meta property=\"og:image\" content=\"https:\/\/www.asajacyl.com\/palencia\/wp-content\/uploads\/sites\/3\/2023\/05\/SAN-ISIDRO-TORQUEMADA.jpg\" \/>\n\t<meta property=\"og:image:width\" content=\"768\" \/>\n\t<meta property=\"og:image:height\" content=\"1006\" \/>\n\t<meta property=\"og:image:type\" content=\"image\/jpeg\" \/>\n<meta name=\"author\" content=\"Administrador\" \/>\n<meta name=\"twitter:card\" content=\"summary_large_image\" \/>\n<meta name=\"twitter:label1\" content=\"Escrito por\" \/>\n\t<meta name=\"twitter:data1\" content=\"Administrador\" \/>\n\t<meta name=\"twitter:label2\" content=\"Tiempo de lectura\" \/>\n\t<meta name=\"twitter:data2\" content=\"3 minutos\" \/>\n<script type=\"application\/ld+json\" class=\"yoast-schema-graph\">{\"@context\":\"https:\/\/schema.org\",\"@graph\":[{\"@type\":\"WebPage\",\"@id\":\"https:\/\/www.asajacyl.com\/palencia\/asaja-palencia-informa\/san-isidro-2023-el-campo-de-castilla-y-leon-pide-lluvias-que-alivien-los-regadios-y-algunos-pastos-aunque-sea-tarde-para-la-mayor-parte-del-cereal\",\"url\":\"https:\/\/www.asajacyl.com\/palencia\/asaja-palencia-informa\/san-isidro-2023-el-campo-de-castilla-y-leon-pide-lluvias-que-alivien-los-regadios-y-algunos-pastos-aunque-sea-tarde-para-la-mayor-parte-del-cereal\",\"name\":\"San Isidro 2023: el campo de Castilla y Le\u00f3n pide lluvias que alivien los regad\u00edos y algunos pastos, aunque sea tarde para la mayor parte del cereal - ASAJA Palencia\",\"isPartOf\":{\"@id\":\"https:\/\/www.asajacyl.com\/palencia\/#website\"},\"primaryImageOfPage\":{\"@id\":\"https:\/\/www.asajacyl.com\/palencia\/asaja-palencia-informa\/san-isidro-2023-el-campo-de-castilla-y-leon-pide-lluvias-que-alivien-los-regadios-y-algunos-pastos-aunque-sea-tarde-para-la-mayor-parte-del-cereal#primaryimage\"},\"image\":{\"@id\":\"https:\/\/www.asajacyl.com\/palencia\/asaja-palencia-informa\/san-isidro-2023-el-campo-de-castilla-y-leon-pide-lluvias-que-alivien-los-regadios-y-algunos-pastos-aunque-sea-tarde-para-la-mayor-parte-del-cereal#primaryimage\"},\"thumbnailUrl\":\"https:\/\/www.asajacyl.com\/palencia\/wp-content\/uploads\/sites\/3\/2023\/05\/SAN-ISIDRO-TORQUEMADA.jpg\",\"datePublished\":\"2023-05-15T08:06:21+00:00\",\"dateModified\":\"2023-05-15T08:06:23+00:00\",\"author\":{\"@id\":\"https:\/\/www.asajacyl.com\/palencia\/#\/schema\/person\/3ab17aeb03527485c317557fae64aab1\"},\"description\":\"Poco que celebrar en este San Isidro de 2023. La sequ\u00eda arrastrada desde hace meses f\u00eda poco ya a las lluvias que puedan caer a partir del 15 de mayo,\",\"breadcrumb\":{\"@id\":\"https:\/\/www.asajacyl.com\/palencia\/asaja-palencia-informa\/san-isidro-2023-el-campo-de-castilla-y-leon-pide-lluvias-que-alivien-los-regadios-y-algunos-pastos-aunque-sea-tarde-para-la-mayor-parte-del-cereal#breadcrumb\"},\"inLanguage\":\"es\",\"potentialAction\":[{\"@type\":\"ReadAction\",\"target\":[\"https:\/\/www.asajacyl.com\/palencia\/asaja-palencia-informa\/san-isidro-2023-el-campo-de-castilla-y-leon-pide-lluvias-que-alivien-los-regadios-y-algunos-pastos-aunque-sea-tarde-para-la-mayor-parte-del-cereal\"]}]},{\"@type\":\"ImageObject\",\"inLanguage\":\"es\",\"@id\":\"https:\/\/www.asajacyl.com\/palencia\/asaja-palencia-informa\/san-isidro-2023-el-campo-de-castilla-y-leon-pide-lluvias-que-alivien-los-regadios-y-algunos-pastos-aunque-sea-tarde-para-la-mayor-parte-del-cereal#primaryimage\",\"url\":\"https:\/\/www.asajacyl.com\/palencia\/wp-content\/uploads\/sites\/3\/2023\/05\/SAN-ISIDRO-TORQUEMADA.jpg\",\"contentUrl\":\"https:\/\/www.asajacyl.com\/palencia\/wp-content\/uploads\/sites\/3\/2023\/05\/SAN-ISIDRO-TORQUEMADA.jpg\",\"width\":768,\"height\":1006},{\"@type\":\"BreadcrumbList\",\"@id\":\"https:\/\/www.asajacyl.com\/palencia\/asaja-palencia-informa\/san-isidro-2023-el-campo-de-castilla-y-leon-pide-lluvias-que-alivien-los-regadios-y-algunos-pastos-aunque-sea-tarde-para-la-mayor-parte-del-cereal#breadcrumb\",\"itemListElement\":[{\"@type\":\"ListItem\",\"position\":1,\"name\":\"Portada\",\"item\":\"https:\/\/www.asajacyl.com\/palencia\/\"},{\"@type\":\"ListItem\",\"position\":2,\"name\":\"San Isidro 2023: el campo de Castilla y Le\u00f3n pide lluvias que alivien los regad\u00edos y algunos pastos, aunque sea tarde para la mayor parte del cereal\"}]},{\"@type\":\"WebSite\",\"@id\":\"https:\/\/www.asajacyl.com\/palencia\/#website\",\"url\":\"https:\/\/www.asajacyl.com\/palencia\/\",\"name\":\"ASAJA Palencia\",\"description\":\"Otro sitio m\u00e1s de Provincias ASAJA Castilla y Le\u00f3n\",\"potentialAction\":[{\"@type\":\"SearchAction\",\"target\":{\"@type\":\"EntryPoint\",\"urlTemplate\":\"https:\/\/www.asajacyl.com\/palencia\/?s={search_term_string}\"},\"query-input\":{\"@type\":\"PropertyValueSpecification\",\"valueRequired\":true,\"valueName\":\"search_term_string\"}}],\"inLanguage\":\"es\"},{\"@type\":\"Person\",\"@id\":\"https:\/\/www.asajacyl.com\/palencia\/#\/schema\/person\/3ab17aeb03527485c317557fae64aab1\",\"name\":\"Administrador\",\"image\":{\"@type\":\"ImageObject\",\"inLanguage\":\"es\",\"@id\":\"https:\/\/www.asajacyl.com\/palencia\/#\/schema\/person\/image\/\",\"url\":\"https:\/\/secure.gravatar.com\/avatar\/517384810d242ca9e38c180f3c9fb973?s=96&d=mm&r=g\",\"contentUrl\":\"https:\/\/secure.gravatar.com\/avatar\/517384810d242ca9e38c180f3c9fb973?s=96&d=mm&r=g\",\"caption\":\"Administrador\"},\"url\":\"https:\/\/www.asajacyl.com\/palencia\/author\/carlosrm\"}]}<\/script>\n<!-- \/ Yoast SEO plugin. -->","yoast_head_json":{"title":"San Isidro 2023: el campo de Castilla y Le\u00f3n pide lluvias que alivien los regad\u00edos y algunos pastos, aunque sea tarde para la mayor parte del cereal - ASAJA Palencia","description":"Poco que celebrar en este San Isidro de 2023. La sequ\u00eda arrastrada desde hace meses f\u00eda poco ya a las lluvias que puedan caer a partir del 15 de mayo,","robots":{"index":"index","follow":"follow","max-snippet":"max-snippet:-1","max-image-preview":"max-image-preview:large","max-video-preview":"max-video-preview:-1"},"canonical":"https:\/\/www.asajacyl.com\/palencia\/asaja-palencia-informa\/san-isidro-2023-el-campo-de-castilla-y-leon-pide-lluvias-que-alivien-los-regadios-y-algunos-pastos-aunque-sea-tarde-para-la-mayor-parte-del-cereal","og_locale":"es_ES","og_type":"article","og_title":"San Isidro 2023: el campo de Castilla y Le\u00f3n pide lluvias que alivien los regad\u00edos y algunos pastos, aunque sea tarde para la mayor parte del cereal - ASAJA Palencia","og_description":"Poco que celebrar en este San Isidro de 2023. La sequ\u00eda arrastrada desde hace meses f\u00eda poco ya a las lluvias que puedan caer a partir del 15 de mayo,","og_url":"https:\/\/www.asajacyl.com\/palencia\/asaja-palencia-informa\/san-isidro-2023-el-campo-de-castilla-y-leon-pide-lluvias-que-alivien-los-regadios-y-algunos-pastos-aunque-sea-tarde-para-la-mayor-parte-del-cereal","og_site_name":"ASAJA Palencia","article_published_time":"2023-05-15T08:06:21+00:00","article_modified_time":"2023-05-15T08:06:23+00:00","og_image":[{"width":768,"height":1006,"url":"https:\/\/www.asajacyl.com\/palencia\/wp-content\/uploads\/sites\/3\/2023\/05\/SAN-ISIDRO-TORQUEMADA.jpg","type":"image\/jpeg"}],"author":"Administrador","twitter_card":"summary_large_image","twitter_misc":{"Escrito por":"Administrador","Tiempo de lectura":"3 minutos"},"schema":{"@context":"https:\/\/schema.org","@graph":[{"@type":"WebPage","@id":"https:\/\/www.asajacyl.com\/palencia\/asaja-palencia-informa\/san-isidro-2023-el-campo-de-castilla-y-leon-pide-lluvias-que-alivien-los-regadios-y-algunos-pastos-aunque-sea-tarde-para-la-mayor-parte-del-cereal","url":"https:\/\/www.asajacyl.com\/palencia\/asaja-palencia-informa\/san-isidro-2023-el-campo-de-castilla-y-leon-pide-lluvias-que-alivien-los-regadios-y-algunos-pastos-aunque-sea-tarde-para-la-mayor-parte-del-cereal","name":"San Isidro 2023: el campo de Castilla y Le\u00f3n pide lluvias que alivien los regad\u00edos y algunos pastos, aunque sea tarde para la mayor parte del cereal - ASAJA Palencia","isPartOf":{"@id":"https:\/\/www.asajacyl.com\/palencia\/#website"},"primaryImageOfPage":{"@id":"https:\/\/www.asajacyl.com\/palencia\/asaja-palencia-informa\/san-isidro-2023-el-campo-de-castilla-y-leon-pide-lluvias-que-alivien-los-regadios-y-algunos-pastos-aunque-sea-tarde-para-la-mayor-parte-del-cereal#primaryimage"},"image":{"@id":"https:\/\/www.asajacyl.com\/palencia\/asaja-palencia-informa\/san-isidro-2023-el-campo-de-castilla-y-leon-pide-lluvias-que-alivien-los-regadios-y-algunos-pastos-aunque-sea-tarde-para-la-mayor-parte-del-cereal#primaryimage"},"thumbnailUrl":"https:\/\/www.asajacyl.com\/palencia\/wp-content\/uploads\/sites\/3\/2023\/05\/SAN-ISIDRO-TORQUEMADA.jpg","datePublished":"2023-05-15T08:06:21+00:00","dateModified":"2023-05-15T08:06:23+00:00","author":{"@id":"https:\/\/www.asajacyl.com\/palencia\/#\/schema\/person\/3ab17aeb03527485c317557fae64aab1"},"description":"Poco que celebrar en este San Isidro de 2023. La sequ\u00eda arrastrada desde hace meses f\u00eda poco ya a las lluvias que puedan caer a partir del 15 de mayo,","breadcrumb":{"@id":"https:\/\/www.asajacyl.com\/palencia\/asaja-palencia-informa\/san-isidro-2023-el-campo-de-castilla-y-leon-pide-lluvias-que-alivien-los-regadios-y-algunos-pastos-aunque-sea-tarde-para-la-mayor-parte-del-cereal#breadcrumb"},"inLanguage":"es","potentialAction":[{"@type":"ReadAction","target":["https:\/\/www.asajacyl.com\/palencia\/asaja-palencia-informa\/san-isidro-2023-el-campo-de-castilla-y-leon-pide-lluvias-que-alivien-los-regadios-y-algunos-pastos-aunque-sea-tarde-para-la-mayor-parte-del-cereal"]}]},{"@type":"ImageObject","inLanguage":"es","@id":"https:\/\/www.asajacyl.com\/palencia\/asaja-palencia-informa\/san-isidro-2023-el-campo-de-castilla-y-leon-pide-lluvias-que-alivien-los-regadios-y-algunos-pastos-aunque-sea-tarde-para-la-mayor-parte-del-cereal#primaryimage","url":"https:\/\/www.asajacyl.com\/palencia\/wp-content\/uploads\/sites\/3\/2023\/05\/SAN-ISIDRO-TORQUEMADA.jpg","contentUrl":"https:\/\/www.asajacyl.com\/palencia\/wp-content\/uploads\/sites\/3\/2023\/05\/SAN-ISIDRO-TORQUEMADA.jpg","width":768,"height":1006},{"@type":"BreadcrumbList","@id":"https:\/\/www.asajacyl.com\/palencia\/asaja-palencia-informa\/san-isidro-2023-el-campo-de-castilla-y-leon-pide-lluvias-que-alivien-los-regadios-y-algunos-pastos-aunque-sea-tarde-para-la-mayor-parte-del-cereal#breadcrumb","itemListElement":[{"@type":"ListItem","position":1,"name":"Portada","item":"https:\/\/www.asajacyl.com\/palencia\/"},{"@type":"ListItem","position":2,"name":"San Isidro 2023: el campo de Castilla y Le\u00f3n pide lluvias que alivien los regad\u00edos y algunos pastos, aunque sea tarde para la mayor parte del cereal"}]},{"@type":"WebSite","@id":"https:\/\/www.asajacyl.com\/palencia\/#website","url":"https:\/\/www.asajacyl.com\/palencia\/","name":"ASAJA Palencia","description":"Otro sitio m\u00e1s de Provincias ASAJA Castilla y Le\u00f3n","potentialAction":[{"@type":"SearchAction","target":{"@type":"EntryPoint","urlTemplate":"https:\/\/www.asajacyl.com\/palencia\/?s={search_term_string}"},"query-input":{"@type":"PropertyValueSpecification","valueRequired":true,"valueName":"search_term_string"}}],"inLanguage":"es"},{"@type":"Person","@id":"https:\/\/www.asajacyl.com\/palencia\/#\/schema\/person\/3ab17aeb03527485c317557fae64aab1","name":"Administrador","image":{"@type":"ImageObject","inLanguage":"es","@id":"https:\/\/www.asajacyl.com\/palencia\/#\/schema\/person\/image\/","url":"https:\/\/secure.gravatar.com\/avatar\/517384810d242ca9e38c180f3c9fb973?s=96&d=mm&r=g","contentUrl":"https:\/\/secure.gravatar.com\/avatar\/517384810d242ca9e38c180f3c9fb973?s=96&d=mm&r=g","caption":"Administrador"},"url":"https:\/\/www.asajacyl.com\/palencia\/author\/carlosrm"}]}},"_links":{"self":[{"href":"https:\/\/www.asajacyl.com\/palencia\/wp-json\/wp\/v2\/posts\/13206"}],"collection":[{"href":"https:\/\/www.asajacyl.com\/palencia\/wp-json\/wp\/v2\/posts"}],"about":[{"href":"https:\/\/www.asajacyl.com\/palencia\/wp-json\/wp\/v2\/types\/post"}],"author":[{"embeddable":true,"href":"https:\/\/www.asajacyl.com\/palencia\/wp-json\/wp\/v2\/users\/9"}],"replies":[{"embeddable":true,"href":"https:\/\/www.asajacyl.com\/palencia\/wp-json\/wp\/v2\/comments?post=13206"}],"version-history":[{"count":1,"href":"https:\/\/www.asajacyl.com\/palencia\/wp-json\/wp\/v2\/posts\/13206\/revisions"}],"predecessor-version":[{"id":13208,"href":"https:\/\/www.asajacyl.com\/palencia\/wp-json\/wp\/v2\/posts\/13206\/revisions\/13208"}],"wp:featuredmedia":[{"embeddable":true,"href":"https:\/\/www.asajacyl.com\/palencia\/wp-json\/wp\/v2\/media\/13207"}],"wp:attachment":[{"href":"https:\/\/www.asajacyl.com\/palencia\/wp-json\/wp\/v2\/media?parent=13206"}],"wp:term":[{"taxonomy":"category","embeddable":true,"href":"https:\/\/www.asajacyl.com\/palencia\/wp-json\/wp\/v2\/categories?post=13206"},{"taxonomy":"post_tag","embeddable":true,"href":"https:\/\/www.asajacyl.com\/palencia\/wp-json\/wp\/v2\/tags?post=13206"}],"curies":[{"name":"wp","href":"https:\/\/api.w.org\/{rel}","templated":true}]}}