{"id":13214,"date":"2023-05-16T13:26:12","date_gmt":"2023-05-16T11:26:12","guid":{"rendered":"https:\/\/www.asajacyl.com\/palencia\/?p=13214"},"modified":"2023-05-16T13:26:14","modified_gmt":"2023-05-16T11:26:14","slug":"una-fiesta-de-san-isidro-entre-rogativas-y-reclamaciones-a-las-administraciones-publicas-por-la-sequia","status":"publish","type":"post","link":"https:\/\/www.asajacyl.com\/palencia\/asaja-palencia-informa\/una-fiesta-de-san-isidro-entre-rogativas-y-reclamaciones-a-las-administraciones-publicas-por-la-sequia","title":{"rendered":"Una fiesta de San Isidro entre rogativas y reclamaciones a las administraciones p\u00fablicas por la sequ\u00eda"},"content":{"rendered":"\n<h2 class=\"wp-block-heading\">Encabezada por sus m\u00e1ximos dirigentes regional \u2014Donaciano Dujo\u2014 y provincial \u2014Jos\u00e9 Luis Marcos\u2014, ASAJA se sum\u00f3 a la celebraci\u00f3n en la capital palentina de San Isidro Labrador, patr\u00f3n de los agricultores, con las tradicionales misas, procesiones y rogativas, que este a\u00f1o revest\u00edan m\u00e1s necesidad si cabe por la grav\u00edsima sequ\u00eda que amenaza la rentabilidad de las explotaciones agrarias, pero tambi\u00e9n de las ganaderas, por la carest\u00eda en la alimentaci\u00f3n animal. A los actos religiosos se han sumado las reivindicaciones a las administraciones p\u00fablicas, para que ayuden al sector a paliar los da\u00f1os, con una llamada de atenci\u00f3n en especial a la Junta de Castilla y Le\u00f3n, que hasta la fecha no ha movido ficha, como s\u00ed hizo el Gobierno de Espa\u00f1a, aun con un decreto manifiestamente mejorable. Adem\u00e1s de esta celebraci\u00f3n en la ciudad, en numerosos pueblos de la provincia participaron los agricultores palentinos en las misas y procesiones en honr de San Isidro Labrador.<\/h2>\n\n\n\n<figure class=\"wp-block-image size-large\"><img loading=\"lazy\" decoding=\"async\" width=\"743\" height=\"1024\" src=\"https:\/\/www.asajacyl.com\/palencia\/wp-content\/uploads\/sites\/3\/2023\/05\/San-Isidro-2023-Villatoquite-Lorenzo-Valenceja-1-743x1024.jpg\" alt=\"\" class=\"wp-image-13219\" srcset=\"https:\/\/www.asajacyl.com\/palencia\/wp-content\/uploads\/sites\/3\/2023\/05\/San-Isidro-2023-Villatoquite-Lorenzo-Valenceja-1-743x1024.jpg 743w, https:\/\/www.asajacyl.com\/palencia\/wp-content\/uploads\/sites\/3\/2023\/05\/San-Isidro-2023-Villatoquite-Lorenzo-Valenceja-1-218x300.jpg 218w, https:\/\/www.asajacyl.com\/palencia\/wp-content\/uploads\/sites\/3\/2023\/05\/San-Isidro-2023-Villatoquite-Lorenzo-Valenceja-1-768x1058.jpg 768w, https:\/\/www.asajacyl.com\/palencia\/wp-content\/uploads\/sites\/3\/2023\/05\/San-Isidro-2023-Villatoquite-Lorenzo-Valenceja-1-696x959.jpg 696w, https:\/\/www.asajacyl.com\/palencia\/wp-content\/uploads\/sites\/3\/2023\/05\/San-Isidro-2023-Villatoquite-Lorenzo-Valenceja-1-305x420.jpg 305w, https:\/\/www.asajacyl.com\/palencia\/wp-content\/uploads\/sites\/3\/2023\/05\/San-Isidro-2023-Villatoquite-Lorenzo-Valenceja-1.jpg 1029w\" sizes=\"(max-width: 743px) 100vw, 743px\" \/><figcaption class=\"wp-element-caption\">Procesi\u00f3n de San Isidro Labrador en Villatoquite<\/figcaption><\/figure>\n\n\n\n<figure class=\"wp-block-image size-large\"><img loading=\"lazy\" decoding=\"async\" width=\"1024\" height=\"877\" src=\"https:\/\/www.asajacyl.com\/palencia\/wp-content\/uploads\/sites\/3\/2023\/05\/San-Isidro-2023-Alba-de-Cerrato--1024x877.jpg\" alt=\"\" class=\"wp-image-13222\" srcset=\"https:\/\/www.asajacyl.com\/palencia\/wp-content\/uploads\/sites\/3\/2023\/05\/San-Isidro-2023-Alba-de-Cerrato--1024x877.jpg 1024w, https:\/\/www.asajacyl.com\/palencia\/wp-content\/uploads\/sites\/3\/2023\/05\/San-Isidro-2023-Alba-de-Cerrato--300x257.jpg 300w, https:\/\/www.asajacyl.com\/palencia\/wp-content\/uploads\/sites\/3\/2023\/05\/San-Isidro-2023-Alba-de-Cerrato--768x658.jpg 768w, https:\/\/www.asajacyl.com\/palencia\/wp-content\/uploads\/sites\/3\/2023\/05\/San-Isidro-2023-Alba-de-Cerrato--696x596.jpg 696w, https:\/\/www.asajacyl.com\/palencia\/wp-content\/uploads\/sites\/3\/2023\/05\/San-Isidro-2023-Alba-de-Cerrato--1068x915.jpg 1068w, https:\/\/www.asajacyl.com\/palencia\/wp-content\/uploads\/sites\/3\/2023\/05\/San-Isidro-2023-Alba-de-Cerrato--490x420.jpg 490w, https:\/\/www.asajacyl.com\/palencia\/wp-content\/uploads\/sites\/3\/2023\/05\/San-Isidro-2023-Alba-de-Cerrato-.jpg 1166w\" sizes=\"(max-width: 1024px) 100vw, 1024px\" \/><figcaption class=\"wp-element-caption\">Misa y procesi\u00f3n de San Isidro Labrador en Alba de Cerrato<\/figcaption><\/figure>\n\n\n\n<figure class=\"wp-block-image size-large\"><img loading=\"lazy\" decoding=\"async\" width=\"1024\" height=\"612\" src=\"https:\/\/www.asajacyl.com\/palencia\/wp-content\/uploads\/sites\/3\/2023\/05\/San-Isidro2-2023-Alba-de-Cerrato--1024x612.jpg\" alt=\"\" class=\"wp-image-13221\" srcset=\"https:\/\/www.asajacyl.com\/palencia\/wp-content\/uploads\/sites\/3\/2023\/05\/San-Isidro2-2023-Alba-de-Cerrato--1024x612.jpg 1024w, https:\/\/www.asajacyl.com\/palencia\/wp-content\/uploads\/sites\/3\/2023\/05\/San-Isidro2-2023-Alba-de-Cerrato--300x179.jpg 300w, https:\/\/www.asajacyl.com\/palencia\/wp-content\/uploads\/sites\/3\/2023\/05\/San-Isidro2-2023-Alba-de-Cerrato--768x459.jpg 768w, https:\/\/www.asajacyl.com\/palencia\/wp-content\/uploads\/sites\/3\/2023\/05\/San-Isidro2-2023-Alba-de-Cerrato--1536x918.jpg 1536w, https:\/\/www.asajacyl.com\/palencia\/wp-content\/uploads\/sites\/3\/2023\/05\/San-Isidro2-2023-Alba-de-Cerrato--696x416.jpg 696w, https:\/\/www.asajacyl.com\/palencia\/wp-content\/uploads\/sites\/3\/2023\/05\/San-Isidro2-2023-Alba-de-Cerrato--1068x638.jpg 1068w, https:\/\/www.asajacyl.com\/palencia\/wp-content\/uploads\/sites\/3\/2023\/05\/San-Isidro2-2023-Alba-de-Cerrato--703x420.jpg 703w, https:\/\/www.asajacyl.com\/palencia\/wp-content\/uploads\/sites\/3\/2023\/05\/San-Isidro2-2023-Alba-de-Cerrato-.jpg 1555w\" sizes=\"(max-width: 1024px) 100vw, 1024px\" \/><\/figure>\n\n\n\n<p>Sin merma de la sincera devoci\u00f3n, pero en un clima de l\u00f3gico pesimismo, no exento de resignaci\u00f3n, se celebr\u00f3 este lunes en la Catedral de Palencia, con una nutrida asistencia de agricultores en ejercicio y jubilados, acompa\u00f1ados por sus familias, la misa en honor de San Isidro Labrador, patr\u00f3n de los agricultores, seguida de una procesi\u00f3n por el centro de la ciudad. <\/p>\n\n\n\n<p>A estos actos religiosos, oficiados por el can\u00f3nigo \u00c1ngel de la Torre, han acudido los m\u00e1ximos responsables regional y provincial de ASAJA, Donaciano Dujo y Jos\u00e9 Luis Marcos, respectivamente, que han coincido en manifestar la tristeza y la pesadumbre con la que los profesionales del campo afrontaban la fiesta patronal, y en reclamar las ayudas de las administraciones p\u00fablicas para paliar los da\u00f1os de una campa\u00f1a que se presenta desastrosa para la agricultura y para la ganader\u00eda.<\/p>\n\n\n\n<figure class=\"wp-block-image size-large\"><img loading=\"lazy\" decoding=\"async\" width=\"1024\" height=\"512\" src=\"https:\/\/www.asajacyl.com\/palencia\/wp-content\/uploads\/sites\/3\/2023\/05\/San-Isidro2-Palencia-15may2023-1-1024x512.jpg\" alt=\"\" class=\"wp-image-13220\" srcset=\"https:\/\/www.asajacyl.com\/palencia\/wp-content\/uploads\/sites\/3\/2023\/05\/San-Isidro2-Palencia-15may2023-1-1024x512.jpg 1024w, https:\/\/www.asajacyl.com\/palencia\/wp-content\/uploads\/sites\/3\/2023\/05\/San-Isidro2-Palencia-15may2023-1-300x150.jpg 300w, https:\/\/www.asajacyl.com\/palencia\/wp-content\/uploads\/sites\/3\/2023\/05\/San-Isidro2-Palencia-15may2023-1-768x384.jpg 768w, https:\/\/www.asajacyl.com\/palencia\/wp-content\/uploads\/sites\/3\/2023\/05\/San-Isidro2-Palencia-15may2023-1-1536x767.jpg 1536w, https:\/\/www.asajacyl.com\/palencia\/wp-content\/uploads\/sites\/3\/2023\/05\/San-Isidro2-Palencia-15may2023-1-2048x1023.jpg 2048w, https:\/\/www.asajacyl.com\/palencia\/wp-content\/uploads\/sites\/3\/2023\/05\/San-Isidro2-Palencia-15may2023-1-696x348.jpg 696w, https:\/\/www.asajacyl.com\/palencia\/wp-content\/uploads\/sites\/3\/2023\/05\/San-Isidro2-Palencia-15may2023-1-1068x534.jpg 1068w, https:\/\/www.asajacyl.com\/palencia\/wp-content\/uploads\/sites\/3\/2023\/05\/San-Isidro2-Palencia-15may2023-1-1920x959.jpg 1920w, https:\/\/www.asajacyl.com\/palencia\/wp-content\/uploads\/sites\/3\/2023\/05\/San-Isidro2-Palencia-15may2023-1-841x420.jpg 841w\" sizes=\"(max-width: 1024px) 100vw, 1024px\" \/><\/figure>\n\n\n\n<p>Jos\u00e9 Luis Marcos ha reclamado a la Junta de Castilla y Le\u00f3n medidas urgentes para paliar los da\u00f1os que ya sufre el campo palentino, tanto en la agricultura, severamente afectado por la actual sequ\u00eda, como en la ganader\u00eda, por la repercusi\u00f3n en la falta de de pastos y en los elevados precios del forraje y de la escasa paja que van a generarse en la actual campa\u00f1a. <\/p>\n\n\n\n<p>Marcos tambi\u00e9n ha recordado que este desastre ha llegado tras la sementera m\u00e1s cara de la historia, por el alto coste de semillas, fertilizantes y combustibles soportado para iniciar la campa\u00f1a. <\/p>\n\n\n\n<p><strong>LA JUNTA, PARALIZADA. <\/strong>\u00abLa Administraci\u00f3n Central del Estado ya ha tomado unas medidas, que estamos analizando para ver c\u00f3mo repercuten en cada sector, aunque ya vemos que en muchos casos se quedan cortas para la gravedad de las p\u00e9rdidas, o se compensan de modo arbitrario e irregular. Pero al menos el Gobierno de Espa\u00f1a ha actuado. Pero la Junta est\u00e1 paralizada, no sabemos a\u00fan nada, ni est\u00e1 ni se la espera\u00bb, ha afirmado Marcos.<\/p>\n\n\n\n<p>\u00abLos profesionales del campo estamos hoy tristes \u2014a\u00f1adi\u00f3 Marcos\u2014, pese a que sea un d\u00eda de fiesta, porque se ha perdido mucho y, aunque llueva ahora, apenas se recuperar\u00e1 el campo, porque llevamos todo abril y medio mayo sin lluvias\u00bb. En ese sentido, pidi\u00f3 a San Isidro que llueva, \u00abporque es bueno para todo en general y puede mejorar la cosecha en alg\u00fan lugar puntualmente, pero que al menos si cae no a\u00f1ada m\u00e1s perjuicios, por venir en fuertes tormentas y con granizo, y podamos recoger el poco fruto que hay\u00bb.<\/p>\n\n\n\n<p><strong>VIABILIDAD EN PELIGRO.<\/strong> Por su parte, Donaciano Dujo, tambi\u00e9n coincidi\u00f3 en la necesidad de lluvias que no solucionan apenas los da\u00f1os ya ocasionados, pero no van a empeorar. El presidente de ASAJA-Castilla y Le\u00f3n, reclam\u00f3 \u00aba la sociedad, a los pol\u00edticos y a las administraciones p\u00fablicas que nos ayuden, porque peligra la viabilidad de much\u00edsimas explotaciones, no solo agrarias, tambi\u00e9n ganaderas\u00bb.<br>Dujo afirm\u00f3 que \u00abel sector ha hecho mucho por el empleo y la econom\u00eda regionales, y es un momento duro, en el que necesitamos ayuda para paliar da\u00f1os muy cuantiosos, de dos mil millones de euros en el conjunto de Castilla y Le\u00f3n\u00bb. <strong>\/<\/strong><\/p>\n\n\n\n<figure class=\"wp-block-image size-large\"><img loading=\"lazy\" decoding=\"async\" width=\"1024\" height=\"539\" src=\"https:\/\/www.asajacyl.com\/palencia\/wp-content\/uploads\/sites\/3\/2023\/05\/San-Isidro1-Palencia-15may2023-1024x539.jpg\" alt=\"\" class=\"wp-image-13216\" srcset=\"https:\/\/www.asajacyl.com\/palencia\/wp-content\/uploads\/sites\/3\/2023\/05\/San-Isidro1-Palencia-15may2023-1024x539.jpg 1024w, https:\/\/www.asajacyl.com\/palencia\/wp-content\/uploads\/sites\/3\/2023\/05\/San-Isidro1-Palencia-15may2023-300x158.jpg 300w, https:\/\/www.asajacyl.com\/palencia\/wp-content\/uploads\/sites\/3\/2023\/05\/San-Isidro1-Palencia-15may2023-768x404.jpg 768w, https:\/\/www.asajacyl.com\/palencia\/wp-content\/uploads\/sites\/3\/2023\/05\/San-Isidro1-Palencia-15may2023-1536x809.jpg 1536w, https:\/\/www.asajacyl.com\/palencia\/wp-content\/uploads\/sites\/3\/2023\/05\/San-Isidro1-Palencia-15may2023-2048x1078.jpg 2048w, https:\/\/www.asajacyl.com\/palencia\/wp-content\/uploads\/sites\/3\/2023\/05\/San-Isidro1-Palencia-15may2023-696x366.jpg 696w, https:\/\/www.asajacyl.com\/palencia\/wp-content\/uploads\/sites\/3\/2023\/05\/San-Isidro1-Palencia-15may2023-1068x562.jpg 1068w, https:\/\/www.asajacyl.com\/palencia\/wp-content\/uploads\/sites\/3\/2023\/05\/San-Isidro1-Palencia-15may2023-1920x1011.jpg 1920w, https:\/\/www.asajacyl.com\/palencia\/wp-content\/uploads\/sites\/3\/2023\/05\/San-Isidro1-Palencia-15may2023-798x420.jpg 798w\" sizes=\"(max-width: 1024px) 100vw, 1024px\" \/><\/figure>\n","protected":false},"excerpt":{"rendered":"<p>Encabezada por sus m\u00e1ximos dirigentes regional \u2014Donaciano Dujo\u2014 y provincial \u2014Jos\u00e9 Luis Marcos\u2014, ASAJA se sum\u00f3 a la celebraci\u00f3n en la capital palentina de San Isidro Labrador, patr\u00f3n de los agricultores, con las tradicionales misas, procesiones y rogativas, que este a\u00f1o revest\u00edan m\u00e1s necesidad si cabe por la grav\u00edsima sequ\u00eda que amenaza la rentabilidad de [&hellip;]<\/p>\n","protected":false},"author":9,"featured_media":13218,"comment_status":"open","ping_status":"open","sticky":false,"template":"","format":"standard","meta":{"footnotes":""},"categories":[9,29,28],"tags":[58,59,46,77,66,92,110,93],"yoast_head":"<!-- This site is optimized with the Yoast SEO plugin v24.5 - https:\/\/yoast.com\/wordpress\/plugins\/seo\/ -->\n<title>Una fiesta de San Isidro entre rogativas y reclamaciones a las administraciones p\u00fablicas por la sequ\u00eda - ASAJA Palencia<\/title>\n<meta name=\"description\" content=\"Encabezada por sus m\u00e1ximos dirigentes regional \u2014Donaciano Dujo\u2014 y provincial \u2014Jos\u00e9 Luis Marcos\u2014, ASAJA se sum\u00f3 a la celebraci\u00f3n en la capital palentina de\" \/>\n<meta name=\"robots\" content=\"index, follow, max-snippet:-1, max-image-preview:large, max-video-preview:-1\" \/>\n<link rel=\"canonical\" href=\"https:\/\/www.asajacyl.com\/palencia\/asaja-palencia-informa\/una-fiesta-de-san-isidro-entre-rogativas-y-reclamaciones-a-las-administraciones-publicas-por-la-sequia\" \/>\n<meta property=\"og:locale\" content=\"es_ES\" \/>\n<meta property=\"og:type\" content=\"article\" \/>\n<meta property=\"og:title\" content=\"Una fiesta de San Isidro entre rogativas y reclamaciones a las administraciones p\u00fablicas por la sequ\u00eda - ASAJA Palencia\" \/>\n<meta property=\"og:description\" content=\"Encabezada por sus m\u00e1ximos dirigentes regional \u2014Donaciano Dujo\u2014 y provincial \u2014Jos\u00e9 Luis Marcos\u2014, ASAJA se sum\u00f3 a la celebraci\u00f3n en la capital palentina de\" \/>\n<meta property=\"og:url\" content=\"https:\/\/www.asajacyl.com\/palencia\/asaja-palencia-informa\/una-fiesta-de-san-isidro-entre-rogativas-y-reclamaciones-a-las-administraciones-publicas-por-la-sequia\" \/>\n<meta property=\"og:site_name\" content=\"ASAJA Palencia\" \/>\n<meta property=\"article:published_time\" content=\"2023-05-16T11:26:12+00:00\" \/>\n<meta property=\"article:modified_time\" content=\"2023-05-16T11:26:14+00:00\" \/>\n<meta property=\"og:image\" content=\"https:\/\/www.asajacyl.com\/palencia\/wp-content\/uploads\/sites\/3\/2023\/05\/San-Isidro3-Palencia-15may2023.jpg\" \/>\n\t<meta property=\"og:image:width\" content=\"2500\" \/>\n\t<meta property=\"og:image:height\" content=\"1413\" \/>\n\t<meta property=\"og:image:type\" content=\"image\/jpeg\" \/>\n<meta name=\"author\" content=\"Administrador\" \/>\n<meta name=\"twitter:card\" content=\"summary_large_image\" \/>\n<meta name=\"twitter:label1\" content=\"Escrito por\" \/>\n\t<meta name=\"twitter:data1\" content=\"Administrador\" \/>\n\t<meta name=\"twitter:label2\" content=\"Tiempo de lectura\" \/>\n\t<meta name=\"twitter:data2\" content=\"5 minutos\" \/>\n<script type=\"application\/ld+json\" class=\"yoast-schema-graph\">{\"@context\":\"https:\/\/schema.org\",\"@graph\":[{\"@type\":\"WebPage\",\"@id\":\"https:\/\/www.asajacyl.com\/palencia\/asaja-palencia-informa\/una-fiesta-de-san-isidro-entre-rogativas-y-reclamaciones-a-las-administraciones-publicas-por-la-sequia\",\"url\":\"https:\/\/www.asajacyl.com\/palencia\/asaja-palencia-informa\/una-fiesta-de-san-isidro-entre-rogativas-y-reclamaciones-a-las-administraciones-publicas-por-la-sequia\",\"name\":\"Una fiesta de San Isidro entre rogativas y reclamaciones a las administraciones p\u00fablicas por la sequ\u00eda - ASAJA Palencia\",\"isPartOf\":{\"@id\":\"https:\/\/www.asajacyl.com\/palencia\/#website\"},\"primaryImageOfPage\":{\"@id\":\"https:\/\/www.asajacyl.com\/palencia\/asaja-palencia-informa\/una-fiesta-de-san-isidro-entre-rogativas-y-reclamaciones-a-las-administraciones-publicas-por-la-sequia#primaryimage\"},\"image\":{\"@id\":\"https:\/\/www.asajacyl.com\/palencia\/asaja-palencia-informa\/una-fiesta-de-san-isidro-entre-rogativas-y-reclamaciones-a-las-administraciones-publicas-por-la-sequia#primaryimage\"},\"thumbnailUrl\":\"https:\/\/www.asajacyl.com\/palencia\/wp-content\/uploads\/sites\/3\/2023\/05\/San-Isidro3-Palencia-15may2023.jpg\",\"datePublished\":\"2023-05-16T11:26:12+00:00\",\"dateModified\":\"2023-05-16T11:26:14+00:00\",\"author\":{\"@id\":\"https:\/\/www.asajacyl.com\/palencia\/#\/schema\/person\/3ab17aeb03527485c317557fae64aab1\"},\"description\":\"Encabezada por sus m\u00e1ximos dirigentes regional \u2014Donaciano Dujo\u2014 y provincial \u2014Jos\u00e9 Luis Marcos\u2014, ASAJA se sum\u00f3 a la celebraci\u00f3n en la capital palentina de\",\"breadcrumb\":{\"@id\":\"https:\/\/www.asajacyl.com\/palencia\/asaja-palencia-informa\/una-fiesta-de-san-isidro-entre-rogativas-y-reclamaciones-a-las-administraciones-publicas-por-la-sequia#breadcrumb\"},\"inLanguage\":\"es\",\"potentialAction\":[{\"@type\":\"ReadAction\",\"target\":[\"https:\/\/www.asajacyl.com\/palencia\/asaja-palencia-informa\/una-fiesta-de-san-isidro-entre-rogativas-y-reclamaciones-a-las-administraciones-publicas-por-la-sequia\"]}]},{\"@type\":\"ImageObject\",\"inLanguage\":\"es\",\"@id\":\"https:\/\/www.asajacyl.com\/palencia\/asaja-palencia-informa\/una-fiesta-de-san-isidro-entre-rogativas-y-reclamaciones-a-las-administraciones-publicas-por-la-sequia#primaryimage\",\"url\":\"https:\/\/www.asajacyl.com\/palencia\/wp-content\/uploads\/sites\/3\/2023\/05\/San-Isidro3-Palencia-15may2023.jpg\",\"contentUrl\":\"https:\/\/www.asajacyl.com\/palencia\/wp-content\/uploads\/sites\/3\/2023\/05\/San-Isidro3-Palencia-15may2023.jpg\",\"width\":2500,\"height\":1413},{\"@type\":\"BreadcrumbList\",\"@id\":\"https:\/\/www.asajacyl.com\/palencia\/asaja-palencia-informa\/una-fiesta-de-san-isidro-entre-rogativas-y-reclamaciones-a-las-administraciones-publicas-por-la-sequia#breadcrumb\",\"itemListElement\":[{\"@type\":\"ListItem\",\"position\":1,\"name\":\"Portada\",\"item\":\"https:\/\/www.asajacyl.com\/palencia\/\"},{\"@type\":\"ListItem\",\"position\":2,\"name\":\"Una fiesta de San Isidro entre rogativas y reclamaciones a las administraciones p\u00fablicas por la sequ\u00eda\"}]},{\"@type\":\"WebSite\",\"@id\":\"https:\/\/www.asajacyl.com\/palencia\/#website\",\"url\":\"https:\/\/www.asajacyl.com\/palencia\/\",\"name\":\"ASAJA Palencia\",\"description\":\"Otro sitio m\u00e1s de Provincias ASAJA Castilla y Le\u00f3n\",\"potentialAction\":[{\"@type\":\"SearchAction\",\"target\":{\"@type\":\"EntryPoint\",\"urlTemplate\":\"https:\/\/www.asajacyl.com\/palencia\/?s={search_term_string}\"},\"query-input\":{\"@type\":\"PropertyValueSpecification\",\"valueRequired\":true,\"valueName\":\"search_term_string\"}}],\"inLanguage\":\"es\"},{\"@type\":\"Person\",\"@id\":\"https:\/\/www.asajacyl.com\/palencia\/#\/schema\/person\/3ab17aeb03527485c317557fae64aab1\",\"name\":\"Administrador\",\"image\":{\"@type\":\"ImageObject\",\"inLanguage\":\"es\",\"@id\":\"https:\/\/www.asajacyl.com\/palencia\/#\/schema\/person\/image\/\",\"url\":\"https:\/\/secure.gravatar.com\/avatar\/517384810d242ca9e38c180f3c9fb973?s=96&d=mm&r=g\",\"contentUrl\":\"https:\/\/secure.gravatar.com\/avatar\/517384810d242ca9e38c180f3c9fb973?s=96&d=mm&r=g\",\"caption\":\"Administrador\"},\"url\":\"https:\/\/www.asajacyl.com\/palencia\/author\/carlosrm\"}]}<\/script>\n<!-- \/ Yoast SEO plugin. -->","yoast_head_json":{"title":"Una fiesta de San Isidro entre rogativas y reclamaciones a las administraciones p\u00fablicas por la sequ\u00eda - ASAJA Palencia","description":"Encabezada por sus m\u00e1ximos dirigentes regional \u2014Donaciano Dujo\u2014 y provincial \u2014Jos\u00e9 Luis Marcos\u2014, ASAJA se sum\u00f3 a la celebraci\u00f3n en la capital palentina de","robots":{"index":"index","follow":"follow","max-snippet":"max-snippet:-1","max-image-preview":"max-image-preview:large","max-video-preview":"max-video-preview:-1"},"canonical":"https:\/\/www.asajacyl.com\/palencia\/asaja-palencia-informa\/una-fiesta-de-san-isidro-entre-rogativas-y-reclamaciones-a-las-administraciones-publicas-por-la-sequia","og_locale":"es_ES","og_type":"article","og_title":"Una fiesta de San Isidro entre rogativas y reclamaciones a las administraciones p\u00fablicas por la sequ\u00eda - ASAJA Palencia","og_description":"Encabezada por sus m\u00e1ximos dirigentes regional \u2014Donaciano Dujo\u2014 y provincial \u2014Jos\u00e9 Luis Marcos\u2014, ASAJA se sum\u00f3 a la celebraci\u00f3n en la capital palentina de","og_url":"https:\/\/www.asajacyl.com\/palencia\/asaja-palencia-informa\/una-fiesta-de-san-isidro-entre-rogativas-y-reclamaciones-a-las-administraciones-publicas-por-la-sequia","og_site_name":"ASAJA Palencia","article_published_time":"2023-05-16T11:26:12+00:00","article_modified_time":"2023-05-16T11:26:14+00:00","og_image":[{"width":2500,"height":1413,"url":"https:\/\/www.asajacyl.com\/palencia\/wp-content\/uploads\/sites\/3\/2023\/05\/San-Isidro3-Palencia-15may2023.jpg","type":"image\/jpeg"}],"author":"Administrador","twitter_card":"summary_large_image","twitter_misc":{"Escrito por":"Administrador","Tiempo de lectura":"5 minutos"},"schema":{"@context":"https:\/\/schema.org","@graph":[{"@type":"WebPage","@id":"https:\/\/www.asajacyl.com\/palencia\/asaja-palencia-informa\/una-fiesta-de-san-isidro-entre-rogativas-y-reclamaciones-a-las-administraciones-publicas-por-la-sequia","url":"https:\/\/www.asajacyl.com\/palencia\/asaja-palencia-informa\/una-fiesta-de-san-isidro-entre-rogativas-y-reclamaciones-a-las-administraciones-publicas-por-la-sequia","name":"Una fiesta de San Isidro entre rogativas y reclamaciones a las administraciones p\u00fablicas por la sequ\u00eda - ASAJA Palencia","isPartOf":{"@id":"https:\/\/www.asajacyl.com\/palencia\/#website"},"primaryImageOfPage":{"@id":"https:\/\/www.asajacyl.com\/palencia\/asaja-palencia-informa\/una-fiesta-de-san-isidro-entre-rogativas-y-reclamaciones-a-las-administraciones-publicas-por-la-sequia#primaryimage"},"image":{"@id":"https:\/\/www.asajacyl.com\/palencia\/asaja-palencia-informa\/una-fiesta-de-san-isidro-entre-rogativas-y-reclamaciones-a-las-administraciones-publicas-por-la-sequia#primaryimage"},"thumbnailUrl":"https:\/\/www.asajacyl.com\/palencia\/wp-content\/uploads\/sites\/3\/2023\/05\/San-Isidro3-Palencia-15may2023.jpg","datePublished":"2023-05-16T11:26:12+00:00","dateModified":"2023-05-16T11:26:14+00:00","author":{"@id":"https:\/\/www.asajacyl.com\/palencia\/#\/schema\/person\/3ab17aeb03527485c317557fae64aab1"},"description":"Encabezada por sus m\u00e1ximos dirigentes regional \u2014Donaciano Dujo\u2014 y provincial \u2014Jos\u00e9 Luis Marcos\u2014, ASAJA se sum\u00f3 a la celebraci\u00f3n en la capital palentina de","breadcrumb":{"@id":"https:\/\/www.asajacyl.com\/palencia\/asaja-palencia-informa\/una-fiesta-de-san-isidro-entre-rogativas-y-reclamaciones-a-las-administraciones-publicas-por-la-sequia#breadcrumb"},"inLanguage":"es","potentialAction":[{"@type":"ReadAction","target":["https:\/\/www.asajacyl.com\/palencia\/asaja-palencia-informa\/una-fiesta-de-san-isidro-entre-rogativas-y-reclamaciones-a-las-administraciones-publicas-por-la-sequia"]}]},{"@type":"ImageObject","inLanguage":"es","@id":"https:\/\/www.asajacyl.com\/palencia\/asaja-palencia-informa\/una-fiesta-de-san-isidro-entre-rogativas-y-reclamaciones-a-las-administraciones-publicas-por-la-sequia#primaryimage","url":"https:\/\/www.asajacyl.com\/palencia\/wp-content\/uploads\/sites\/3\/2023\/05\/San-Isidro3-Palencia-15may2023.jpg","contentUrl":"https:\/\/www.asajacyl.com\/palencia\/wp-content\/uploads\/sites\/3\/2023\/05\/San-Isidro3-Palencia-15may2023.jpg","width":2500,"height":1413},{"@type":"BreadcrumbList","@id":"https:\/\/www.asajacyl.com\/palencia\/asaja-palencia-informa\/una-fiesta-de-san-isidro-entre-rogativas-y-reclamaciones-a-las-administraciones-publicas-por-la-sequia#breadcrumb","itemListElement":[{"@type":"ListItem","position":1,"name":"Portada","item":"https:\/\/www.asajacyl.com\/palencia\/"},{"@type":"ListItem","position":2,"name":"Una fiesta de San Isidro entre rogativas y reclamaciones a las administraciones p\u00fablicas por la sequ\u00eda"}]},{"@type":"WebSite","@id":"https:\/\/www.asajacyl.com\/palencia\/#website","url":"https:\/\/www.asajacyl.com\/palencia\/","name":"ASAJA Palencia","description":"Otro sitio m\u00e1s de Provincias ASAJA Castilla y Le\u00f3n","potentialAction":[{"@type":"SearchAction","target":{"@type":"EntryPoint","urlTemplate":"https:\/\/www.asajacyl.com\/palencia\/?s={search_term_string}"},"query-input":{"@type":"PropertyValueSpecification","valueRequired":true,"valueName":"search_term_string"}}],"inLanguage":"es"},{"@type":"Person","@id":"https:\/\/www.asajacyl.com\/palencia\/#\/schema\/person\/3ab17aeb03527485c317557fae64aab1","name":"Administrador","image":{"@type":"ImageObject","inLanguage":"es","@id":"https:\/\/www.asajacyl.com\/palencia\/#\/schema\/person\/image\/","url":"https:\/\/secure.gravatar.com\/avatar\/517384810d242ca9e38c180f3c9fb973?s=96&d=mm&r=g","contentUrl":"https:\/\/secure.gravatar.com\/avatar\/517384810d242ca9e38c180f3c9fb973?s=96&d=mm&r=g","caption":"Administrador"},"url":"https:\/\/www.asajacyl.com\/palencia\/author\/carlosrm"}]}},"_links":{"self":[{"href":"https:\/\/www.asajacyl.com\/palencia\/wp-json\/wp\/v2\/posts\/13214"}],"collection":[{"href":"https:\/\/www.asajacyl.com\/palencia\/wp-json\/wp\/v2\/posts"}],"about":[{"href":"https:\/\/www.asajacyl.com\/palencia\/wp-json\/wp\/v2\/types\/post"}],"author":[{"embeddable":true,"href":"https:\/\/www.asajacyl.com\/palencia\/wp-json\/wp\/v2\/users\/9"}],"replies":[{"embeddable":true,"href":"https:\/\/www.asajacyl.com\/palencia\/wp-json\/wp\/v2\/comments?post=13214"}],"version-history":[{"count":2,"href":"https:\/\/www.asajacyl.com\/palencia\/wp-json\/wp\/v2\/posts\/13214\/revisions"}],"predecessor-version":[{"id":13224,"href":"https:\/\/www.asajacyl.com\/palencia\/wp-json\/wp\/v2\/posts\/13214\/revisions\/13224"}],"wp:featuredmedia":[{"embeddable":true,"href":"https:\/\/www.asajacyl.com\/palencia\/wp-json\/wp\/v2\/media\/13218"}],"wp:attachment":[{"href":"https:\/\/www.asajacyl.com\/palencia\/wp-json\/wp\/v2\/media?parent=13214"}],"wp:term":[{"taxonomy":"category","embeddable":true,"href":"https:\/\/www.asajacyl.com\/palencia\/wp-json\/wp\/v2\/categories?post=13214"},{"taxonomy":"post_tag","embeddable":true,"href":"https:\/\/www.asajacyl.com\/palencia\/wp-json\/wp\/v2\/tags?post=13214"}],"curies":[{"name":"wp","href":"https:\/\/api.w.org\/{rel}","templated":true}]}}