{"id":13235,"date":"2023-05-19T09:44:04","date_gmt":"2023-05-19T07:44:04","guid":{"rendered":"https:\/\/www.asajacyl.com\/palencia\/?p=13235"},"modified":"2023-05-19T09:44:06","modified_gmt":"2023-05-19T07:44:06","slug":"asaja-critica-que-la-junta-se-presente-con-las-manos-vacias-al-consejo-agrario-con-un-campo-de-castilla-y-leon-en-situacion-critica","status":"publish","type":"post","link":"https:\/\/www.asajacyl.com\/palencia\/asaja-palencia-informa\/asaja-critica-que-la-junta-se-presente-con-las-manos-vacias-al-consejo-agrario-con-un-campo-de-castilla-y-leon-en-situacion-critica","title":{"rendered":"ASAJA critica que la Junta se presente con las manos vac\u00edas al Consejo Agrario con un campo de Castilla y Le\u00f3n en situaci\u00f3n cr\u00edtica"},"content":{"rendered":"\n<h2 class=\"wp-block-heading\">Donaciano Dujo, presidente de ASAJA-Castilla y Le\u00f3n, ha lamentado que la sequ\u00eda se convierta en \u00abcombustible electoral de unos y otros, mientras los agricultores y los ganaderos se arruinan\u00bb. Nuestra organizaci\u00f3n ha criticado que el titular de la Consejer\u00eda de Agricultura, Ganader\u00eda y Desarrollo Rural, Gerardo Due\u00f1as, se haya presentado al Consejo Agrario, el m\u00e1ximo \u00f3rgano de representaci\u00f3n del campo de Castilla y Le\u00f3n, \u00abcon las manos vac\u00edas y una retah\u00edla de promesas inconcretas, cuando el sector atraviesa una situaci\u00f3n de alerta m\u00e1xima por sequ\u00eda\u00bb.<\/h2>\n\n\n\n<p>Una y otra vez, el consejero ha eludido las preguntas de ASAJA y ha evitado concretar qu\u00e9 dinero pondr\u00e1 su departamento para ayudar a los agricultores y ganaderos de Castilla y Le\u00f3n. <\/p>\n\n\n\n<p>Donaciano Dujo ha calificado como \u00abdecepcionante\u00bb la reuni\u00f3n celebrada este jueves en Valladolid, \u00abdonde todo lo que est\u00e9n dispuestos a ofrecer al sector sean vagos compromisos de que lo van a estudiar o de que complementar\u00e1n lo que d\u00e9 el Ministerio, sin concretar qu\u00e9 cuant\u00eda global reservan para ello, ni si la Junta aportar\u00e1 al menos lo mismo que Madrid, o si contemplar\u00e1n los mismos sectores o algunos que han quedado olvidados\u00bb. <\/p>\n\n\n\n<p>\u00abEn resumen, nada en absoluto\u00bb, ha afirmado el l\u00edder regional de ASAJA, quien recuerda a la Consejer\u00eda que el Consejo Agrario no es el \u00abforo de tertulianos\u00bb en el que lo quiere convertir, sino el \u00f3rgano democr\u00e1tico y representativo leg\u00edtimo de los agricultores y los ganaderos, \u00abal que hay que ir con los deberes preparados, no s\u00f3lo para cubrir el expediente\u00bb.<\/p>\n\n\n\n<p><strong>DOBLE PENALIZACI\u00d3N. <\/strong>\u00abNos parece \u2014ha a\u00f1adido Dujo\u2014 una falta de respeto que al final la sequ\u00eda y la ruina de los agricultores y ganaderos se convierta en un combustible electoral por unos y otros\u00bb. El m\u00e1ximo representante de nuestra organizaci\u00f3n en esta regi\u00f3n ha lamentado que \u00abCastilla y Le\u00f3n est\u00e9 siendo penalizada tanto por el Ministerio, al relegarla a un peor tratamiento que otras comunidades, como por la Junta, que por ahora solo tiene buenas palabras, pero ninguna acci\u00f3n\u00bb.<\/p>\n\n\n\n<p>ASAJA calcula que las p\u00e9rdidas por sequ\u00eda en Castilla y Le\u00f3n, en una campa\u00f1a de enormes costes de producci\u00f3n, superar\u00e1n los 2.000 millones de euros, dado que caminamos hacia una cosecha por debajo de los tres millones de toneladas, tan catastr\u00f3fica como la que dej\u00f3 2017, y con el ganado sin apenas pastos y los forrajes en un mercado lastrado por la escasez y el encarecimiento.<\/p>\n\n\n\n<p><strong>AYUDAS DE AL MENOS LA MITAD DE LAS P\u00c9RDIDAS. <\/strong>Por ello, ASAJA-Castilla y Le\u00f3n pide que, entre todas las administraciones, \u00abaporten ayudas por importe global de al menos la mitad de las p\u00e9rdidas, es decir, mil millones de euros\u00bb. Esa cantidad, repartida entre los cuarenta mil profesionales de la agricultura y la ganader\u00eda de nuestra comunidad aut\u00f3noma, supondr\u00eda alrededor de veinticinco mil euros por explotaci\u00f3n, \u00abque deber\u00edan cubrirse de forma conjunta por la Administraci\u00f3n Central del Estado, el fondo de crisis de la Uni\u00f3n Europea y la Junta de Castilla y Le\u00f3n\u00bb, ha a\u00f1adido Dujo. <\/p>\n\n\n\n<p>Sobre este punto, ha subrayado que Castilla y Le\u00f3n es el buque insignia de la producci\u00f3n agr\u00edcola y ganadera de Espa\u00f1a, por lo que \u00abser\u00eda imperdonable que tanto el presidente Ma\u00f1ueco como el consejero Due\u00f1as no sean los primeros defensores de nuestro sector\u00bb.<\/p>\n\n\n\n<p>Adem\u00e1s de las imprescindibles ayudas directas, ASAJA-Castilla y Le\u00f3n aboga por un seguimiento continuo de las necesidades espec\u00edficas de cada sector, comenzando por el ganado de extensivo, que ya tiene dificultades para abastecerse de paja o de agua, y siguiendo por el resto de producciones.<\/p>\n\n\n\n<p><strong>REFORMULAR EL SEGURO AGRARIO. <\/strong>Respecto a otras medidas complementarias, Dujo ha se\u00f1alado que es importante el incremento de subvenci\u00f3n del seguro agrario, aunque sigue pendiente una reformulaci\u00f3n del seguro, para que cubra realmente los rendimientos a precios reales de la agricultura de Castilla y Le\u00f3n, algo que penaliza especialmente a las provincias del sur de la comunidad aut\u00f3noma.<\/p>\n\n\n\n<p>En cuanto a las medidas de financiaci\u00f3n, apartado al que el consejero ha dedicado mucho tiempo en la reuni\u00f3n del Consejo Agrario, ASAJA-Castilla y Le\u00f3n sigue reclamando un plan de financiaci\u00f3n a largo plazo, que aporte liquidez, porque los intereses est\u00e1n muy altos y las explotaciones no aguantan m\u00e1s endeudamiento.<\/p>\n\n\n\n<p>Finalmente, nuestra organizaci\u00f3n ha reclamado en el Consejo Agrario Regional que la Junta de Castilla y Le\u00f3n se pronuncie con urgencia sobre la flexibilizaci\u00f3n de las normas de la PAC, tanto para esta campa\u00f1a como para campa\u00f1as sucesivas, para apartar pr\u00e1cticas agron\u00f3micas que encarecen los costes de producci\u00f3n, o que directamente reducen las producciones, as\u00ed como aligerar la enorme y absurda carga burocr\u00e1tica con la que ha nacido esta nueva PAC.<strong>\/<\/strong><\/p>\n","protected":false},"excerpt":{"rendered":"<p>Donaciano Dujo, presidente de ASAJA-Castilla y Le\u00f3n, ha lamentado que la sequ\u00eda se convierta en \u00abcombustible electoral de unos y otros, mientras los agricultores y los ganaderos se arruinan\u00bb. Nuestra organizaci\u00f3n ha criticado que el titular de la Consejer\u00eda de Agricultura, Ganader\u00eda y Desarrollo Rural, Gerardo Due\u00f1as, se haya presentado al Consejo Agrario, el m\u00e1ximo [&hellip;]<\/p>\n","protected":false},"author":9,"featured_media":13236,"comment_status":"open","ping_status":"open","sticky":false,"template":"","format":"standard","meta":{"footnotes":""},"categories":[9,29,28],"tags":[58,59,190,77,66,110,185,93,44],"yoast_head":"<!-- This site is optimized with the Yoast SEO plugin v24.5 - https:\/\/yoast.com\/wordpress\/plugins\/seo\/ -->\n<title>ASAJA critica que la Junta se presente con las manos vac\u00edas al Consejo Agrario con un campo de Castilla y Le\u00f3n en situaci\u00f3n cr\u00edtica - ASAJA Palencia<\/title>\n<meta name=\"description\" content=\"Donaciano Dujo, presidente de ASAJA-Castilla y Le\u00f3n, ha lamentado que la sequ\u00eda se convierta en \u00abcombustible electoral de unos y otros, mientras los\" \/>\n<meta name=\"robots\" content=\"index, follow, max-snippet:-1, max-image-preview:large, max-video-preview:-1\" \/>\n<link rel=\"canonical\" href=\"https:\/\/www.asajacyl.com\/palencia\/asaja-palencia-informa\/asaja-critica-que-la-junta-se-presente-con-las-manos-vacias-al-consejo-agrario-con-un-campo-de-castilla-y-leon-en-situacion-critica\" \/>\n<meta property=\"og:locale\" content=\"es_ES\" \/>\n<meta property=\"og:type\" content=\"article\" \/>\n<meta property=\"og:title\" content=\"ASAJA critica que la Junta se presente con las manos vac\u00edas al Consejo Agrario con un campo de Castilla y Le\u00f3n en situaci\u00f3n cr\u00edtica - ASAJA Palencia\" \/>\n<meta property=\"og:description\" content=\"Donaciano Dujo, presidente de ASAJA-Castilla y Le\u00f3n, ha lamentado que la sequ\u00eda se convierta en \u00abcombustible electoral de unos y otros, mientras los\" \/>\n<meta property=\"og:url\" content=\"https:\/\/www.asajacyl.com\/palencia\/asaja-palencia-informa\/asaja-critica-que-la-junta-se-presente-con-las-manos-vacias-al-consejo-agrario-con-un-campo-de-castilla-y-leon-en-situacion-critica\" \/>\n<meta property=\"og:site_name\" content=\"ASAJA Palencia\" \/>\n<meta property=\"article:published_time\" content=\"2023-05-19T07:44:04+00:00\" \/>\n<meta property=\"article:modified_time\" content=\"2023-05-19T07:44:06+00:00\" \/>\n<meta property=\"og:image\" content=\"https:\/\/www.asajacyl.com\/palencia\/wp-content\/uploads\/sites\/3\/2023\/05\/Puerta-Consejeria-Agricultura-Junta-CyL.jpg\" \/>\n\t<meta property=\"og:image:width\" content=\"2426\" \/>\n\t<meta property=\"og:image:height\" content=\"1123\" \/>\n\t<meta property=\"og:image:type\" content=\"image\/jpeg\" \/>\n<meta name=\"author\" content=\"Administrador\" \/>\n<meta name=\"twitter:card\" content=\"summary_large_image\" \/>\n<meta name=\"twitter:label1\" content=\"Escrito por\" \/>\n\t<meta name=\"twitter:data1\" content=\"Administrador\" \/>\n\t<meta name=\"twitter:label2\" content=\"Tiempo de lectura\" \/>\n\t<meta name=\"twitter:data2\" content=\"4 minutos\" \/>\n<script type=\"application\/ld+json\" class=\"yoast-schema-graph\">{\"@context\":\"https:\/\/schema.org\",\"@graph\":[{\"@type\":\"WebPage\",\"@id\":\"https:\/\/www.asajacyl.com\/palencia\/asaja-palencia-informa\/asaja-critica-que-la-junta-se-presente-con-las-manos-vacias-al-consejo-agrario-con-un-campo-de-castilla-y-leon-en-situacion-critica\",\"url\":\"https:\/\/www.asajacyl.com\/palencia\/asaja-palencia-informa\/asaja-critica-que-la-junta-se-presente-con-las-manos-vacias-al-consejo-agrario-con-un-campo-de-castilla-y-leon-en-situacion-critica\",\"name\":\"ASAJA critica que la Junta se presente con las manos vac\u00edas al Consejo Agrario con un campo de Castilla y Le\u00f3n en situaci\u00f3n cr\u00edtica - ASAJA Palencia\",\"isPartOf\":{\"@id\":\"https:\/\/www.asajacyl.com\/palencia\/#website\"},\"primaryImageOfPage\":{\"@id\":\"https:\/\/www.asajacyl.com\/palencia\/asaja-palencia-informa\/asaja-critica-que-la-junta-se-presente-con-las-manos-vacias-al-consejo-agrario-con-un-campo-de-castilla-y-leon-en-situacion-critica#primaryimage\"},\"image\":{\"@id\":\"https:\/\/www.asajacyl.com\/palencia\/asaja-palencia-informa\/asaja-critica-que-la-junta-se-presente-con-las-manos-vacias-al-consejo-agrario-con-un-campo-de-castilla-y-leon-en-situacion-critica#primaryimage\"},\"thumbnailUrl\":\"https:\/\/www.asajacyl.com\/palencia\/wp-content\/uploads\/sites\/3\/2023\/05\/Puerta-Consejeria-Agricultura-Junta-CyL.jpg\",\"datePublished\":\"2023-05-19T07:44:04+00:00\",\"dateModified\":\"2023-05-19T07:44:06+00:00\",\"author\":{\"@id\":\"https:\/\/www.asajacyl.com\/palencia\/#\/schema\/person\/3ab17aeb03527485c317557fae64aab1\"},\"description\":\"Donaciano Dujo, presidente de ASAJA-Castilla y Le\u00f3n, ha lamentado que la sequ\u00eda se convierta en \u00abcombustible electoral de unos y otros, mientras los\",\"breadcrumb\":{\"@id\":\"https:\/\/www.asajacyl.com\/palencia\/asaja-palencia-informa\/asaja-critica-que-la-junta-se-presente-con-las-manos-vacias-al-consejo-agrario-con-un-campo-de-castilla-y-leon-en-situacion-critica#breadcrumb\"},\"inLanguage\":\"es\",\"potentialAction\":[{\"@type\":\"ReadAction\",\"target\":[\"https:\/\/www.asajacyl.com\/palencia\/asaja-palencia-informa\/asaja-critica-que-la-junta-se-presente-con-las-manos-vacias-al-consejo-agrario-con-un-campo-de-castilla-y-leon-en-situacion-critica\"]}]},{\"@type\":\"ImageObject\",\"inLanguage\":\"es\",\"@id\":\"https:\/\/www.asajacyl.com\/palencia\/asaja-palencia-informa\/asaja-critica-que-la-junta-se-presente-con-las-manos-vacias-al-consejo-agrario-con-un-campo-de-castilla-y-leon-en-situacion-critica#primaryimage\",\"url\":\"https:\/\/www.asajacyl.com\/palencia\/wp-content\/uploads\/sites\/3\/2023\/05\/Puerta-Consejeria-Agricultura-Junta-CyL.jpg\",\"contentUrl\":\"https:\/\/www.asajacyl.com\/palencia\/wp-content\/uploads\/sites\/3\/2023\/05\/Puerta-Consejeria-Agricultura-Junta-CyL.jpg\",\"width\":2426,\"height\":1123},{\"@type\":\"BreadcrumbList\",\"@id\":\"https:\/\/www.asajacyl.com\/palencia\/asaja-palencia-informa\/asaja-critica-que-la-junta-se-presente-con-las-manos-vacias-al-consejo-agrario-con-un-campo-de-castilla-y-leon-en-situacion-critica#breadcrumb\",\"itemListElement\":[{\"@type\":\"ListItem\",\"position\":1,\"name\":\"Portada\",\"item\":\"https:\/\/www.asajacyl.com\/palencia\/\"},{\"@type\":\"ListItem\",\"position\":2,\"name\":\"ASAJA critica que la Junta se presente con las manos vac\u00edas al Consejo Agrario con un campo de Castilla y Le\u00f3n en situaci\u00f3n cr\u00edtica\"}]},{\"@type\":\"WebSite\",\"@id\":\"https:\/\/www.asajacyl.com\/palencia\/#website\",\"url\":\"https:\/\/www.asajacyl.com\/palencia\/\",\"name\":\"ASAJA Palencia\",\"description\":\"Otro sitio m\u00e1s de Provincias ASAJA Castilla y Le\u00f3n\",\"potentialAction\":[{\"@type\":\"SearchAction\",\"target\":{\"@type\":\"EntryPoint\",\"urlTemplate\":\"https:\/\/www.asajacyl.com\/palencia\/?s={search_term_string}\"},\"query-input\":{\"@type\":\"PropertyValueSpecification\",\"valueRequired\":true,\"valueName\":\"search_term_string\"}}],\"inLanguage\":\"es\"},{\"@type\":\"Person\",\"@id\":\"https:\/\/www.asajacyl.com\/palencia\/#\/schema\/person\/3ab17aeb03527485c317557fae64aab1\",\"name\":\"Administrador\",\"image\":{\"@type\":\"ImageObject\",\"inLanguage\":\"es\",\"@id\":\"https:\/\/www.asajacyl.com\/palencia\/#\/schema\/person\/image\/\",\"url\":\"https:\/\/secure.gravatar.com\/avatar\/517384810d242ca9e38c180f3c9fb973?s=96&d=mm&r=g\",\"contentUrl\":\"https:\/\/secure.gravatar.com\/avatar\/517384810d242ca9e38c180f3c9fb973?s=96&d=mm&r=g\",\"caption\":\"Administrador\"},\"url\":\"https:\/\/www.asajacyl.com\/palencia\/author\/carlosrm\"}]}<\/script>\n<!-- \/ Yoast SEO plugin. -->","yoast_head_json":{"title":"ASAJA critica que la Junta se presente con las manos vac\u00edas al Consejo Agrario con un campo de Castilla y Le\u00f3n en situaci\u00f3n cr\u00edtica - ASAJA Palencia","description":"Donaciano Dujo, presidente de ASAJA-Castilla y Le\u00f3n, ha lamentado que la sequ\u00eda se convierta en \u00abcombustible electoral de unos y otros, mientras los","robots":{"index":"index","follow":"follow","max-snippet":"max-snippet:-1","max-image-preview":"max-image-preview:large","max-video-preview":"max-video-preview:-1"},"canonical":"https:\/\/www.asajacyl.com\/palencia\/asaja-palencia-informa\/asaja-critica-que-la-junta-se-presente-con-las-manos-vacias-al-consejo-agrario-con-un-campo-de-castilla-y-leon-en-situacion-critica","og_locale":"es_ES","og_type":"article","og_title":"ASAJA critica que la Junta se presente con las manos vac\u00edas al Consejo Agrario con un campo de Castilla y Le\u00f3n en situaci\u00f3n cr\u00edtica - ASAJA Palencia","og_description":"Donaciano Dujo, presidente de ASAJA-Castilla y Le\u00f3n, ha lamentado que la sequ\u00eda se convierta en \u00abcombustible electoral de unos y otros, mientras los","og_url":"https:\/\/www.asajacyl.com\/palencia\/asaja-palencia-informa\/asaja-critica-que-la-junta-se-presente-con-las-manos-vacias-al-consejo-agrario-con-un-campo-de-castilla-y-leon-en-situacion-critica","og_site_name":"ASAJA Palencia","article_published_time":"2023-05-19T07:44:04+00:00","article_modified_time":"2023-05-19T07:44:06+00:00","og_image":[{"width":2426,"height":1123,"url":"https:\/\/www.asajacyl.com\/palencia\/wp-content\/uploads\/sites\/3\/2023\/05\/Puerta-Consejeria-Agricultura-Junta-CyL.jpg","type":"image\/jpeg"}],"author":"Administrador","twitter_card":"summary_large_image","twitter_misc":{"Escrito por":"Administrador","Tiempo de lectura":"4 minutos"},"schema":{"@context":"https:\/\/schema.org","@graph":[{"@type":"WebPage","@id":"https:\/\/www.asajacyl.com\/palencia\/asaja-palencia-informa\/asaja-critica-que-la-junta-se-presente-con-las-manos-vacias-al-consejo-agrario-con-un-campo-de-castilla-y-leon-en-situacion-critica","url":"https:\/\/www.asajacyl.com\/palencia\/asaja-palencia-informa\/asaja-critica-que-la-junta-se-presente-con-las-manos-vacias-al-consejo-agrario-con-un-campo-de-castilla-y-leon-en-situacion-critica","name":"ASAJA critica que la Junta se presente con las manos vac\u00edas al Consejo Agrario con un campo de Castilla y Le\u00f3n en situaci\u00f3n cr\u00edtica - ASAJA Palencia","isPartOf":{"@id":"https:\/\/www.asajacyl.com\/palencia\/#website"},"primaryImageOfPage":{"@id":"https:\/\/www.asajacyl.com\/palencia\/asaja-palencia-informa\/asaja-critica-que-la-junta-se-presente-con-las-manos-vacias-al-consejo-agrario-con-un-campo-de-castilla-y-leon-en-situacion-critica#primaryimage"},"image":{"@id":"https:\/\/www.asajacyl.com\/palencia\/asaja-palencia-informa\/asaja-critica-que-la-junta-se-presente-con-las-manos-vacias-al-consejo-agrario-con-un-campo-de-castilla-y-leon-en-situacion-critica#primaryimage"},"thumbnailUrl":"https:\/\/www.asajacyl.com\/palencia\/wp-content\/uploads\/sites\/3\/2023\/05\/Puerta-Consejeria-Agricultura-Junta-CyL.jpg","datePublished":"2023-05-19T07:44:04+00:00","dateModified":"2023-05-19T07:44:06+00:00","author":{"@id":"https:\/\/www.asajacyl.com\/palencia\/#\/schema\/person\/3ab17aeb03527485c317557fae64aab1"},"description":"Donaciano Dujo, presidente de ASAJA-Castilla y Le\u00f3n, ha lamentado que la sequ\u00eda se convierta en \u00abcombustible electoral de unos y otros, mientras los","breadcrumb":{"@id":"https:\/\/www.asajacyl.com\/palencia\/asaja-palencia-informa\/asaja-critica-que-la-junta-se-presente-con-las-manos-vacias-al-consejo-agrario-con-un-campo-de-castilla-y-leon-en-situacion-critica#breadcrumb"},"inLanguage":"es","potentialAction":[{"@type":"ReadAction","target":["https:\/\/www.asajacyl.com\/palencia\/asaja-palencia-informa\/asaja-critica-que-la-junta-se-presente-con-las-manos-vacias-al-consejo-agrario-con-un-campo-de-castilla-y-leon-en-situacion-critica"]}]},{"@type":"ImageObject","inLanguage":"es","@id":"https:\/\/www.asajacyl.com\/palencia\/asaja-palencia-informa\/asaja-critica-que-la-junta-se-presente-con-las-manos-vacias-al-consejo-agrario-con-un-campo-de-castilla-y-leon-en-situacion-critica#primaryimage","url":"https:\/\/www.asajacyl.com\/palencia\/wp-content\/uploads\/sites\/3\/2023\/05\/Puerta-Consejeria-Agricultura-Junta-CyL.jpg","contentUrl":"https:\/\/www.asajacyl.com\/palencia\/wp-content\/uploads\/sites\/3\/2023\/05\/Puerta-Consejeria-Agricultura-Junta-CyL.jpg","width":2426,"height":1123},{"@type":"BreadcrumbList","@id":"https:\/\/www.asajacyl.com\/palencia\/asaja-palencia-informa\/asaja-critica-que-la-junta-se-presente-con-las-manos-vacias-al-consejo-agrario-con-un-campo-de-castilla-y-leon-en-situacion-critica#breadcrumb","itemListElement":[{"@type":"ListItem","position":1,"name":"Portada","item":"https:\/\/www.asajacyl.com\/palencia\/"},{"@type":"ListItem","position":2,"name":"ASAJA critica que la Junta se presente con las manos vac\u00edas al Consejo Agrario con un campo de Castilla y Le\u00f3n en situaci\u00f3n cr\u00edtica"}]},{"@type":"WebSite","@id":"https:\/\/www.asajacyl.com\/palencia\/#website","url":"https:\/\/www.asajacyl.com\/palencia\/","name":"ASAJA Palencia","description":"Otro sitio m\u00e1s de Provincias ASAJA Castilla y Le\u00f3n","potentialAction":[{"@type":"SearchAction","target":{"@type":"EntryPoint","urlTemplate":"https:\/\/www.asajacyl.com\/palencia\/?s={search_term_string}"},"query-input":{"@type":"PropertyValueSpecification","valueRequired":true,"valueName":"search_term_string"}}],"inLanguage":"es"},{"@type":"Person","@id":"https:\/\/www.asajacyl.com\/palencia\/#\/schema\/person\/3ab17aeb03527485c317557fae64aab1","name":"Administrador","image":{"@type":"ImageObject","inLanguage":"es","@id":"https:\/\/www.asajacyl.com\/palencia\/#\/schema\/person\/image\/","url":"https:\/\/secure.gravatar.com\/avatar\/517384810d242ca9e38c180f3c9fb973?s=96&d=mm&r=g","contentUrl":"https:\/\/secure.gravatar.com\/avatar\/517384810d242ca9e38c180f3c9fb973?s=96&d=mm&r=g","caption":"Administrador"},"url":"https:\/\/www.asajacyl.com\/palencia\/author\/carlosrm"}]}},"_links":{"self":[{"href":"https:\/\/www.asajacyl.com\/palencia\/wp-json\/wp\/v2\/posts\/13235"}],"collection":[{"href":"https:\/\/www.asajacyl.com\/palencia\/wp-json\/wp\/v2\/posts"}],"about":[{"href":"https:\/\/www.asajacyl.com\/palencia\/wp-json\/wp\/v2\/types\/post"}],"author":[{"embeddable":true,"href":"https:\/\/www.asajacyl.com\/palencia\/wp-json\/wp\/v2\/users\/9"}],"replies":[{"embeddable":true,"href":"https:\/\/www.asajacyl.com\/palencia\/wp-json\/wp\/v2\/comments?post=13235"}],"version-history":[{"count":1,"href":"https:\/\/www.asajacyl.com\/palencia\/wp-json\/wp\/v2\/posts\/13235\/revisions"}],"predecessor-version":[{"id":13237,"href":"https:\/\/www.asajacyl.com\/palencia\/wp-json\/wp\/v2\/posts\/13235\/revisions\/13237"}],"wp:featuredmedia":[{"embeddable":true,"href":"https:\/\/www.asajacyl.com\/palencia\/wp-json\/wp\/v2\/media\/13236"}],"wp:attachment":[{"href":"https:\/\/www.asajacyl.com\/palencia\/wp-json\/wp\/v2\/media?parent=13235"}],"wp:term":[{"taxonomy":"category","embeddable":true,"href":"https:\/\/www.asajacyl.com\/palencia\/wp-json\/wp\/v2\/categories?post=13235"},{"taxonomy":"post_tag","embeddable":true,"href":"https:\/\/www.asajacyl.com\/palencia\/wp-json\/wp\/v2\/tags?post=13235"}],"curies":[{"name":"wp","href":"https:\/\/api.w.org\/{rel}","templated":true}]}}