{"id":13239,"date":"2023-05-19T12:17:30","date_gmt":"2023-05-19T10:17:30","guid":{"rendered":"https:\/\/www.asajacyl.com\/palencia\/?p=13239"},"modified":"2023-05-19T12:19:44","modified_gmt":"2023-05-19T10:19:44","slug":"anche-celebra-la-xxxvi-feria-nacional-de-ovino-selecto-de-raza-churra","status":"publish","type":"post","link":"https:\/\/www.asajacyl.com\/palencia\/asaja-palencia-informa\/anche-celebra-la-xxxvi-feria-nacional-de-ovino-selecto-de-raza-churra","title":{"rendered":"ANCHE celebra el 20 y 21 de mayo la XXXVI Feria Nacional de Ovino Selecto de Raza Churra"},"content":{"rendered":"\n<h2 class=\"wp-block-heading\">ANCHE (Asociaci\u00f3n Nacional de Criadores de Ganado Ovino de Raza Churra) celebra en Palencia los d\u00edas 20 y 21 de mayo la XXXVI Feria Nacional de Ganado Ovino Selecto de Raza Churra, con actos en el Mercado de Ganado, situado en el barrio Allende el R\u00edo, y en la Plaza Mayor. <\/h2>\n\n\n\n<p>Los&nbsp;j\u00f3venes ganaderos&nbsp;de ovino&nbsp;ser\u00e1n el eje central de este encuentro, en la medida en que depende de ellos que esta raza perdure en Castilla y Le\u00f3n, seg\u00fan Mariano Paramio, presidente de ANCHE. <\/p>\n\n\n\n<p>El programa de esta edici\u00f3n (que puede consultarse en <em>feriachurra.com<\/em>) incluye ponencias t\u00e9cnicas,&nbsp;debates, presentaciones y actividades complementarias vinculadas con el mundo del arte.<\/p>\n\n\n\n<p><strong>MEDIO SIGLO. <\/strong>La asociaci\u00f3n, creada en 1973 para identificar, controlar y mejorar las ovejas de raza churra de la regi\u00f3n, agrupa a 54 ganaderos de ovino de churra de leche y 68 ganaderos de carne. De ellos, poseen su explotaci\u00f3n en la provincia de Palencia diecisiete de leche y siete de carne.<\/p>\n\n\n\n<p>Todo el&nbsp;programa de actos, incluida la exposici\u00f3n de ganado, podr\u00e1 seguirse en todo momento&nbsp;de manera telem\u00e1tico a trav\u00e9s de la p\u00e1gina web y del canal de&nbsp;Youtube de ANCHE, que organiza la feria junto con la Diputaci\u00f3n, la Junta de Castilla y Le\u00f3n y el Ministerio de Agricultura, Pesca y Alimentaci\u00f3n. <\/p>\n\n\n\n<p>El evento est\u00e1 adem\u00e1s patrocinado por el Ayuntamiento de Palencia, Valle de San Juan, Abamca Agro, Cobarsa, Caixabank, Grupo Tecnipec, IGP Lechazo de Castilla y Le\u00f3n, MSD Animal Health, Quesos Campos G\u00f3ticos, Alimentos de Palencia, La Puerta Industrial, MRT y Nutyser.<\/p>\n","protected":false},"excerpt":{"rendered":"<p>ANCHE (Asociaci\u00f3n Nacional de Criadores de Ganado Ovino de Raza Churra) celebra en Palencia los d\u00edas 20 y 21 de mayo la XXXVI Feria Nacional de Ganado Ovino Selecto de Raza Churra, con actos en el Mercado de Ganado, situado en el barrio Allende el R\u00edo, y en la Plaza Mayor. Los&nbsp;j\u00f3venes ganaderos&nbsp;de ovino&nbsp;ser\u00e1n el [&hellip;]<\/p>\n","protected":false},"author":9,"featured_media":13240,"comment_status":"open","ping_status":"open","sticky":false,"template":"","format":"standard","meta":{"footnotes":""},"categories":[9,29,28],"tags":[77,143],"yoast_head":"<!-- This site is optimized with the Yoast SEO plugin v24.5 - https:\/\/yoast.com\/wordpress\/plugins\/seo\/ -->\n<title>ANCHE celebra el 20 y 21 de mayo la XXXVI Feria Nacional de Ovino Selecto de Raza Churra - ASAJA Palencia<\/title>\n<meta name=\"description\" content=\"ANCHE (Asociaci\u00f3n Nacional de Criadores de Ganado Ovino de Raza Churra) celebra en Palencia los d\u00edas 20 y 21 de mayo la XXXVI Feria Nacional de Ganado\" \/>\n<meta name=\"robots\" content=\"index, follow, max-snippet:-1, max-image-preview:large, max-video-preview:-1\" \/>\n<link rel=\"canonical\" href=\"https:\/\/www.asajacyl.com\/palencia\/asaja-palencia-informa\/anche-celebra-la-xxxvi-feria-nacional-de-ovino-selecto-de-raza-churra\" \/>\n<meta property=\"og:locale\" content=\"es_ES\" \/>\n<meta property=\"og:type\" content=\"article\" \/>\n<meta property=\"og:title\" content=\"ANCHE celebra el 20 y 21 de mayo la XXXVI Feria Nacional de Ovino Selecto de Raza Churra - ASAJA Palencia\" \/>\n<meta property=\"og:description\" content=\"ANCHE (Asociaci\u00f3n Nacional de Criadores de Ganado Ovino de Raza Churra) celebra en Palencia los d\u00edas 20 y 21 de mayo la XXXVI Feria Nacional de Ganado\" \/>\n<meta property=\"og:url\" content=\"https:\/\/www.asajacyl.com\/palencia\/asaja-palencia-informa\/anche-celebra-la-xxxvi-feria-nacional-de-ovino-selecto-de-raza-churra\" \/>\n<meta property=\"og:site_name\" content=\"ASAJA Palencia\" \/>\n<meta property=\"article:published_time\" content=\"2023-05-19T10:17:30+00:00\" \/>\n<meta property=\"article:modified_time\" content=\"2023-05-19T10:19:44+00:00\" \/>\n<meta property=\"og:image\" content=\"https:\/\/www.asajacyl.com\/palencia\/wp-content\/uploads\/sites\/3\/2023\/05\/Hembra-churra_tcm30-118554.jpg\" \/>\n\t<meta property=\"og:image:width\" content=\"1157\" \/>\n\t<meta property=\"og:image:height\" content=\"756\" \/>\n\t<meta property=\"og:image:type\" content=\"image\/jpeg\" \/>\n<meta name=\"author\" content=\"Administrador\" \/>\n<meta name=\"twitter:card\" content=\"summary_large_image\" \/>\n<meta name=\"twitter:label1\" content=\"Escrito por\" \/>\n\t<meta name=\"twitter:data1\" content=\"Administrador\" \/>\n\t<meta name=\"twitter:label2\" content=\"Tiempo de lectura\" \/>\n\t<meta name=\"twitter:data2\" content=\"2 minutos\" \/>\n<script type=\"application\/ld+json\" class=\"yoast-schema-graph\">{\"@context\":\"https:\/\/schema.org\",\"@graph\":[{\"@type\":\"WebPage\",\"@id\":\"https:\/\/www.asajacyl.com\/palencia\/asaja-palencia-informa\/anche-celebra-la-xxxvi-feria-nacional-de-ovino-selecto-de-raza-churra\",\"url\":\"https:\/\/www.asajacyl.com\/palencia\/asaja-palencia-informa\/anche-celebra-la-xxxvi-feria-nacional-de-ovino-selecto-de-raza-churra\",\"name\":\"ANCHE celebra el 20 y 21 de mayo la XXXVI Feria Nacional de Ovino Selecto de Raza Churra - ASAJA Palencia\",\"isPartOf\":{\"@id\":\"https:\/\/www.asajacyl.com\/palencia\/#website\"},\"primaryImageOfPage\":{\"@id\":\"https:\/\/www.asajacyl.com\/palencia\/asaja-palencia-informa\/anche-celebra-la-xxxvi-feria-nacional-de-ovino-selecto-de-raza-churra#primaryimage\"},\"image\":{\"@id\":\"https:\/\/www.asajacyl.com\/palencia\/asaja-palencia-informa\/anche-celebra-la-xxxvi-feria-nacional-de-ovino-selecto-de-raza-churra#primaryimage\"},\"thumbnailUrl\":\"https:\/\/www.asajacyl.com\/palencia\/wp-content\/uploads\/sites\/3\/2023\/05\/Hembra-churra_tcm30-118554.jpg\",\"datePublished\":\"2023-05-19T10:17:30+00:00\",\"dateModified\":\"2023-05-19T10:19:44+00:00\",\"author\":{\"@id\":\"https:\/\/www.asajacyl.com\/palencia\/#\/schema\/person\/3ab17aeb03527485c317557fae64aab1\"},\"description\":\"ANCHE (Asociaci\u00f3n Nacional de Criadores de Ganado Ovino de Raza Churra) celebra en Palencia los d\u00edas 20 y 21 de mayo la XXXVI Feria Nacional de Ganado\",\"breadcrumb\":{\"@id\":\"https:\/\/www.asajacyl.com\/palencia\/asaja-palencia-informa\/anche-celebra-la-xxxvi-feria-nacional-de-ovino-selecto-de-raza-churra#breadcrumb\"},\"inLanguage\":\"es\",\"potentialAction\":[{\"@type\":\"ReadAction\",\"target\":[\"https:\/\/www.asajacyl.com\/palencia\/asaja-palencia-informa\/anche-celebra-la-xxxvi-feria-nacional-de-ovino-selecto-de-raza-churra\"]}]},{\"@type\":\"ImageObject\",\"inLanguage\":\"es\",\"@id\":\"https:\/\/www.asajacyl.com\/palencia\/asaja-palencia-informa\/anche-celebra-la-xxxvi-feria-nacional-de-ovino-selecto-de-raza-churra#primaryimage\",\"url\":\"https:\/\/www.asajacyl.com\/palencia\/wp-content\/uploads\/sites\/3\/2023\/05\/Hembra-churra_tcm30-118554.jpg\",\"contentUrl\":\"https:\/\/www.asajacyl.com\/palencia\/wp-content\/uploads\/sites\/3\/2023\/05\/Hembra-churra_tcm30-118554.jpg\",\"width\":1157,\"height\":756},{\"@type\":\"BreadcrumbList\",\"@id\":\"https:\/\/www.asajacyl.com\/palencia\/asaja-palencia-informa\/anche-celebra-la-xxxvi-feria-nacional-de-ovino-selecto-de-raza-churra#breadcrumb\",\"itemListElement\":[{\"@type\":\"ListItem\",\"position\":1,\"name\":\"Portada\",\"item\":\"https:\/\/www.asajacyl.com\/palencia\/\"},{\"@type\":\"ListItem\",\"position\":2,\"name\":\"ANCHE celebra el 20 y 21 de mayo la XXXVI Feria Nacional de Ovino Selecto de Raza Churra\"}]},{\"@type\":\"WebSite\",\"@id\":\"https:\/\/www.asajacyl.com\/palencia\/#website\",\"url\":\"https:\/\/www.asajacyl.com\/palencia\/\",\"name\":\"ASAJA Palencia\",\"description\":\"Otro sitio m\u00e1s de Provincias ASAJA Castilla y Le\u00f3n\",\"potentialAction\":[{\"@type\":\"SearchAction\",\"target\":{\"@type\":\"EntryPoint\",\"urlTemplate\":\"https:\/\/www.asajacyl.com\/palencia\/?s={search_term_string}\"},\"query-input\":{\"@type\":\"PropertyValueSpecification\",\"valueRequired\":true,\"valueName\":\"search_term_string\"}}],\"inLanguage\":\"es\"},{\"@type\":\"Person\",\"@id\":\"https:\/\/www.asajacyl.com\/palencia\/#\/schema\/person\/3ab17aeb03527485c317557fae64aab1\",\"name\":\"Administrador\",\"image\":{\"@type\":\"ImageObject\",\"inLanguage\":\"es\",\"@id\":\"https:\/\/www.asajacyl.com\/palencia\/#\/schema\/person\/image\/\",\"url\":\"https:\/\/secure.gravatar.com\/avatar\/517384810d242ca9e38c180f3c9fb973?s=96&d=mm&r=g\",\"contentUrl\":\"https:\/\/secure.gravatar.com\/avatar\/517384810d242ca9e38c180f3c9fb973?s=96&d=mm&r=g\",\"caption\":\"Administrador\"},\"url\":\"https:\/\/www.asajacyl.com\/palencia\/author\/carlosrm\"}]}<\/script>\n<!-- \/ Yoast SEO plugin. -->","yoast_head_json":{"title":"ANCHE celebra el 20 y 21 de mayo la XXXVI Feria Nacional de Ovino Selecto de Raza Churra - ASAJA Palencia","description":"ANCHE (Asociaci\u00f3n Nacional de Criadores de Ganado Ovino de Raza Churra) celebra en Palencia los d\u00edas 20 y 21 de mayo la XXXVI Feria Nacional de Ganado","robots":{"index":"index","follow":"follow","max-snippet":"max-snippet:-1","max-image-preview":"max-image-preview:large","max-video-preview":"max-video-preview:-1"},"canonical":"https:\/\/www.asajacyl.com\/palencia\/asaja-palencia-informa\/anche-celebra-la-xxxvi-feria-nacional-de-ovino-selecto-de-raza-churra","og_locale":"es_ES","og_type":"article","og_title":"ANCHE celebra el 20 y 21 de mayo la XXXVI Feria Nacional de Ovino Selecto de Raza Churra - ASAJA Palencia","og_description":"ANCHE (Asociaci\u00f3n Nacional de Criadores de Ganado Ovino de Raza Churra) celebra en Palencia los d\u00edas 20 y 21 de mayo la XXXVI Feria Nacional de Ganado","og_url":"https:\/\/www.asajacyl.com\/palencia\/asaja-palencia-informa\/anche-celebra-la-xxxvi-feria-nacional-de-ovino-selecto-de-raza-churra","og_site_name":"ASAJA Palencia","article_published_time":"2023-05-19T10:17:30+00:00","article_modified_time":"2023-05-19T10:19:44+00:00","og_image":[{"width":1157,"height":756,"url":"https:\/\/www.asajacyl.com\/palencia\/wp-content\/uploads\/sites\/3\/2023\/05\/Hembra-churra_tcm30-118554.jpg","type":"image\/jpeg"}],"author":"Administrador","twitter_card":"summary_large_image","twitter_misc":{"Escrito por":"Administrador","Tiempo de lectura":"2 minutos"},"schema":{"@context":"https:\/\/schema.org","@graph":[{"@type":"WebPage","@id":"https:\/\/www.asajacyl.com\/palencia\/asaja-palencia-informa\/anche-celebra-la-xxxvi-feria-nacional-de-ovino-selecto-de-raza-churra","url":"https:\/\/www.asajacyl.com\/palencia\/asaja-palencia-informa\/anche-celebra-la-xxxvi-feria-nacional-de-ovino-selecto-de-raza-churra","name":"ANCHE celebra el 20 y 21 de mayo la XXXVI Feria Nacional de Ovino Selecto de Raza Churra - ASAJA Palencia","isPartOf":{"@id":"https:\/\/www.asajacyl.com\/palencia\/#website"},"primaryImageOfPage":{"@id":"https:\/\/www.asajacyl.com\/palencia\/asaja-palencia-informa\/anche-celebra-la-xxxvi-feria-nacional-de-ovino-selecto-de-raza-churra#primaryimage"},"image":{"@id":"https:\/\/www.asajacyl.com\/palencia\/asaja-palencia-informa\/anche-celebra-la-xxxvi-feria-nacional-de-ovino-selecto-de-raza-churra#primaryimage"},"thumbnailUrl":"https:\/\/www.asajacyl.com\/palencia\/wp-content\/uploads\/sites\/3\/2023\/05\/Hembra-churra_tcm30-118554.jpg","datePublished":"2023-05-19T10:17:30+00:00","dateModified":"2023-05-19T10:19:44+00:00","author":{"@id":"https:\/\/www.asajacyl.com\/palencia\/#\/schema\/person\/3ab17aeb03527485c317557fae64aab1"},"description":"ANCHE (Asociaci\u00f3n Nacional de Criadores de Ganado Ovino de Raza Churra) celebra en Palencia los d\u00edas 20 y 21 de mayo la XXXVI Feria Nacional de Ganado","breadcrumb":{"@id":"https:\/\/www.asajacyl.com\/palencia\/asaja-palencia-informa\/anche-celebra-la-xxxvi-feria-nacional-de-ovino-selecto-de-raza-churra#breadcrumb"},"inLanguage":"es","potentialAction":[{"@type":"ReadAction","target":["https:\/\/www.asajacyl.com\/palencia\/asaja-palencia-informa\/anche-celebra-la-xxxvi-feria-nacional-de-ovino-selecto-de-raza-churra"]}]},{"@type":"ImageObject","inLanguage":"es","@id":"https:\/\/www.asajacyl.com\/palencia\/asaja-palencia-informa\/anche-celebra-la-xxxvi-feria-nacional-de-ovino-selecto-de-raza-churra#primaryimage","url":"https:\/\/www.asajacyl.com\/palencia\/wp-content\/uploads\/sites\/3\/2023\/05\/Hembra-churra_tcm30-118554.jpg","contentUrl":"https:\/\/www.asajacyl.com\/palencia\/wp-content\/uploads\/sites\/3\/2023\/05\/Hembra-churra_tcm30-118554.jpg","width":1157,"height":756},{"@type":"BreadcrumbList","@id":"https:\/\/www.asajacyl.com\/palencia\/asaja-palencia-informa\/anche-celebra-la-xxxvi-feria-nacional-de-ovino-selecto-de-raza-churra#breadcrumb","itemListElement":[{"@type":"ListItem","position":1,"name":"Portada","item":"https:\/\/www.asajacyl.com\/palencia\/"},{"@type":"ListItem","position":2,"name":"ANCHE celebra el 20 y 21 de mayo la XXXVI Feria Nacional de Ovino Selecto de Raza Churra"}]},{"@type":"WebSite","@id":"https:\/\/www.asajacyl.com\/palencia\/#website","url":"https:\/\/www.asajacyl.com\/palencia\/","name":"ASAJA Palencia","description":"Otro sitio m\u00e1s de Provincias ASAJA Castilla y Le\u00f3n","potentialAction":[{"@type":"SearchAction","target":{"@type":"EntryPoint","urlTemplate":"https:\/\/www.asajacyl.com\/palencia\/?s={search_term_string}"},"query-input":{"@type":"PropertyValueSpecification","valueRequired":true,"valueName":"search_term_string"}}],"inLanguage":"es"},{"@type":"Person","@id":"https:\/\/www.asajacyl.com\/palencia\/#\/schema\/person\/3ab17aeb03527485c317557fae64aab1","name":"Administrador","image":{"@type":"ImageObject","inLanguage":"es","@id":"https:\/\/www.asajacyl.com\/palencia\/#\/schema\/person\/image\/","url":"https:\/\/secure.gravatar.com\/avatar\/517384810d242ca9e38c180f3c9fb973?s=96&d=mm&r=g","contentUrl":"https:\/\/secure.gravatar.com\/avatar\/517384810d242ca9e38c180f3c9fb973?s=96&d=mm&r=g","caption":"Administrador"},"url":"https:\/\/www.asajacyl.com\/palencia\/author\/carlosrm"}]}},"_links":{"self":[{"href":"https:\/\/www.asajacyl.com\/palencia\/wp-json\/wp\/v2\/posts\/13239"}],"collection":[{"href":"https:\/\/www.asajacyl.com\/palencia\/wp-json\/wp\/v2\/posts"}],"about":[{"href":"https:\/\/www.asajacyl.com\/palencia\/wp-json\/wp\/v2\/types\/post"}],"author":[{"embeddable":true,"href":"https:\/\/www.asajacyl.com\/palencia\/wp-json\/wp\/v2\/users\/9"}],"replies":[{"embeddable":true,"href":"https:\/\/www.asajacyl.com\/palencia\/wp-json\/wp\/v2\/comments?post=13239"}],"version-history":[{"count":3,"href":"https:\/\/www.asajacyl.com\/palencia\/wp-json\/wp\/v2\/posts\/13239\/revisions"}],"predecessor-version":[{"id":13243,"href":"https:\/\/www.asajacyl.com\/palencia\/wp-json\/wp\/v2\/posts\/13239\/revisions\/13243"}],"wp:featuredmedia":[{"embeddable":true,"href":"https:\/\/www.asajacyl.com\/palencia\/wp-json\/wp\/v2\/media\/13240"}],"wp:attachment":[{"href":"https:\/\/www.asajacyl.com\/palencia\/wp-json\/wp\/v2\/media?parent=13239"}],"wp:term":[{"taxonomy":"category","embeddable":true,"href":"https:\/\/www.asajacyl.com\/palencia\/wp-json\/wp\/v2\/categories?post=13239"},{"taxonomy":"post_tag","embeddable":true,"href":"https:\/\/www.asajacyl.com\/palencia\/wp-json\/wp\/v2\/tags?post=13239"}],"curies":[{"name":"wp","href":"https:\/\/api.w.org\/{rel}","templated":true}]}}