{"id":13252,"date":"2023-05-20T10:00:00","date_gmt":"2023-05-20T08:00:00","guid":{"rendered":"https:\/\/www.asajacyl.com\/palencia\/?p=13252"},"modified":"2023-05-22T13:30:00","modified_gmt":"2023-05-22T11:30:00","slug":"vinalta-imparte-un-curso-sobre-inseminacion-en-vacuno","status":"publish","type":"post","link":"https:\/\/www.asajacyl.com\/palencia\/asaja-palencia-informa\/vinalta-imparte-un-curso-sobre-inseminacion-en-vacuno","title":{"rendered":"Vi\u00f1alta imparte un curso sobre inseminaci\u00f3n en vacuno"},"content":{"rendered":"\n<h1 class=\"wp-block-heading\">Se ofrecer\u00e1 por las tardes del 29 de mayo al 1 de junio<\/h1>\n\n\n\n<p>El Centro de Formaci\u00f3n Agraria \u2018Vi\u00f1alta\u2019, situado en el barrio de Allende el R\u00edo de la ciudad de Palencia, ha organizado un curso sobre inseminaci\u00f3n en ganado vacuno, que se impartir\u00e1 del lunes 29 de mayo al jueves 1 de junio, en horario de tarde (16:00-20:30 horas).<\/p>\n\n\n\n<p>Los interesados en esta acci\u00f3n formativa, de 18 horas de duraci\u00f3n y con plazas limitadas, deben formalizar su inscripci\u00f3n llamando al tel\u00e9fono&nbsp;<strong>979 741 050<\/strong>.<strong>\/<\/strong><\/p>\n","protected":false},"excerpt":{"rendered":"<p>Se ofrecer\u00e1 por las tardes del 29 de mayo al 1 de junio El Centro de Formaci\u00f3n Agraria \u2018Vi\u00f1alta\u2019, situado en el barrio de Allende el R\u00edo de la ciudad de Palencia, ha organizado un curso sobre inseminaci\u00f3n en ganado vacuno, que se impartir\u00e1 del lunes 29 de mayo al jueves 1 de junio, en [&hellip;]<\/p>\n","protected":false},"author":9,"featured_media":13253,"comment_status":"open","ping_status":"open","sticky":false,"template":"","format":"standard","meta":{"footnotes":""},"categories":[9,39,29,28,13],"tags":[193,107,77,144,108],"yoast_head":"<!-- This site is optimized with the Yoast SEO plugin v24.5 - https:\/\/yoast.com\/wordpress\/plugins\/seo\/ -->\n<title>Vi\u00f1alta imparte un curso sobre inseminaci\u00f3n en vacuno - ASAJA Palencia<\/title>\n<meta name=\"description\" content=\"Se ofrecer\u00e1 por las tardes del 29 de mayo al 1 de junio El Centro de Formaci\u00f3n Agraria \u2018Vi\u00f1alta\u2019, situado en el barrio de Allende el R\u00edo de la ciudad de\" \/>\n<meta name=\"robots\" content=\"index, follow, max-snippet:-1, max-image-preview:large, max-video-preview:-1\" \/>\n<link rel=\"canonical\" href=\"https:\/\/www.asajacyl.com\/palencia\/asaja-palencia-informa\/vinalta-imparte-un-curso-sobre-inseminacion-en-vacuno\" \/>\n<meta property=\"og:locale\" content=\"es_ES\" \/>\n<meta property=\"og:type\" content=\"article\" \/>\n<meta property=\"og:title\" content=\"Vi\u00f1alta imparte un curso sobre inseminaci\u00f3n en vacuno - ASAJA Palencia\" \/>\n<meta property=\"og:description\" content=\"Se ofrecer\u00e1 por las tardes del 29 de mayo al 1 de junio El Centro de Formaci\u00f3n Agraria \u2018Vi\u00f1alta\u2019, situado en el barrio de Allende el R\u00edo de la ciudad de\" \/>\n<meta property=\"og:url\" content=\"https:\/\/www.asajacyl.com\/palencia\/asaja-palencia-informa\/vinalta-imparte-un-curso-sobre-inseminacion-en-vacuno\" \/>\n<meta property=\"og:site_name\" content=\"ASAJA Palencia\" \/>\n<meta property=\"article:published_time\" content=\"2023-05-20T08:00:00+00:00\" \/>\n<meta property=\"article:modified_time\" content=\"2023-05-22T11:30:00+00:00\" \/>\n<meta property=\"og:image\" content=\"https:\/\/www.asajacyl.com\/palencia\/wp-content\/uploads\/sites\/3\/2023\/05\/Vaca-ternero.jpg\" \/>\n\t<meta property=\"og:image:width\" content=\"1001\" \/>\n\t<meta property=\"og:image:height\" content=\"619\" \/>\n\t<meta property=\"og:image:type\" content=\"image\/jpeg\" \/>\n<meta name=\"author\" content=\"Administrador\" \/>\n<meta name=\"twitter:card\" content=\"summary_large_image\" \/>\n<meta name=\"twitter:label1\" content=\"Escrito por\" \/>\n\t<meta name=\"twitter:data1\" content=\"Administrador\" \/>\n\t<meta name=\"twitter:label2\" content=\"Tiempo de lectura\" \/>\n\t<meta name=\"twitter:data2\" content=\"1 minuto\" \/>\n<script type=\"application\/ld+json\" class=\"yoast-schema-graph\">{\"@context\":\"https:\/\/schema.org\",\"@graph\":[{\"@type\":\"WebPage\",\"@id\":\"https:\/\/www.asajacyl.com\/palencia\/asaja-palencia-informa\/vinalta-imparte-un-curso-sobre-inseminacion-en-vacuno\",\"url\":\"https:\/\/www.asajacyl.com\/palencia\/asaja-palencia-informa\/vinalta-imparte-un-curso-sobre-inseminacion-en-vacuno\",\"name\":\"Vi\u00f1alta imparte un curso sobre inseminaci\u00f3n en vacuno - ASAJA Palencia\",\"isPartOf\":{\"@id\":\"https:\/\/www.asajacyl.com\/palencia\/#website\"},\"primaryImageOfPage\":{\"@id\":\"https:\/\/www.asajacyl.com\/palencia\/asaja-palencia-informa\/vinalta-imparte-un-curso-sobre-inseminacion-en-vacuno#primaryimage\"},\"image\":{\"@id\":\"https:\/\/www.asajacyl.com\/palencia\/asaja-palencia-informa\/vinalta-imparte-un-curso-sobre-inseminacion-en-vacuno#primaryimage\"},\"thumbnailUrl\":\"https:\/\/www.asajacyl.com\/palencia\/wp-content\/uploads\/sites\/3\/2023\/05\/Vaca-ternero.jpg\",\"datePublished\":\"2023-05-20T08:00:00+00:00\",\"dateModified\":\"2023-05-22T11:30:00+00:00\",\"author\":{\"@id\":\"https:\/\/www.asajacyl.com\/palencia\/#\/schema\/person\/3ab17aeb03527485c317557fae64aab1\"},\"description\":\"Se ofrecer\u00e1 por las tardes del 29 de mayo al 1 de junio El Centro de Formaci\u00f3n Agraria \u2018Vi\u00f1alta\u2019, situado en el barrio de Allende el R\u00edo de la ciudad de\",\"breadcrumb\":{\"@id\":\"https:\/\/www.asajacyl.com\/palencia\/asaja-palencia-informa\/vinalta-imparte-un-curso-sobre-inseminacion-en-vacuno#breadcrumb\"},\"inLanguage\":\"es\",\"potentialAction\":[{\"@type\":\"ReadAction\",\"target\":[\"https:\/\/www.asajacyl.com\/palencia\/asaja-palencia-informa\/vinalta-imparte-un-curso-sobre-inseminacion-en-vacuno\"]}]},{\"@type\":\"ImageObject\",\"inLanguage\":\"es\",\"@id\":\"https:\/\/www.asajacyl.com\/palencia\/asaja-palencia-informa\/vinalta-imparte-un-curso-sobre-inseminacion-en-vacuno#primaryimage\",\"url\":\"https:\/\/www.asajacyl.com\/palencia\/wp-content\/uploads\/sites\/3\/2023\/05\/Vaca-ternero.jpg\",\"contentUrl\":\"https:\/\/www.asajacyl.com\/palencia\/wp-content\/uploads\/sites\/3\/2023\/05\/Vaca-ternero.jpg\",\"width\":1001,\"height\":619},{\"@type\":\"BreadcrumbList\",\"@id\":\"https:\/\/www.asajacyl.com\/palencia\/asaja-palencia-informa\/vinalta-imparte-un-curso-sobre-inseminacion-en-vacuno#breadcrumb\",\"itemListElement\":[{\"@type\":\"ListItem\",\"position\":1,\"name\":\"Portada\",\"item\":\"https:\/\/www.asajacyl.com\/palencia\/\"},{\"@type\":\"ListItem\",\"position\":2,\"name\":\"Vi\u00f1alta imparte un curso sobre inseminaci\u00f3n en vacuno\"}]},{\"@type\":\"WebSite\",\"@id\":\"https:\/\/www.asajacyl.com\/palencia\/#website\",\"url\":\"https:\/\/www.asajacyl.com\/palencia\/\",\"name\":\"ASAJA Palencia\",\"description\":\"Otro sitio m\u00e1s de Provincias ASAJA Castilla y Le\u00f3n\",\"potentialAction\":[{\"@type\":\"SearchAction\",\"target\":{\"@type\":\"EntryPoint\",\"urlTemplate\":\"https:\/\/www.asajacyl.com\/palencia\/?s={search_term_string}\"},\"query-input\":{\"@type\":\"PropertyValueSpecification\",\"valueRequired\":true,\"valueName\":\"search_term_string\"}}],\"inLanguage\":\"es\"},{\"@type\":\"Person\",\"@id\":\"https:\/\/www.asajacyl.com\/palencia\/#\/schema\/person\/3ab17aeb03527485c317557fae64aab1\",\"name\":\"Administrador\",\"image\":{\"@type\":\"ImageObject\",\"inLanguage\":\"es\",\"@id\":\"https:\/\/www.asajacyl.com\/palencia\/#\/schema\/person\/image\/\",\"url\":\"https:\/\/secure.gravatar.com\/avatar\/517384810d242ca9e38c180f3c9fb973?s=96&d=mm&r=g\",\"contentUrl\":\"https:\/\/secure.gravatar.com\/avatar\/517384810d242ca9e38c180f3c9fb973?s=96&d=mm&r=g\",\"caption\":\"Administrador\"},\"url\":\"https:\/\/www.asajacyl.com\/palencia\/author\/carlosrm\"}]}<\/script>\n<!-- \/ Yoast SEO plugin. -->","yoast_head_json":{"title":"Vi\u00f1alta imparte un curso sobre inseminaci\u00f3n en vacuno - ASAJA Palencia","description":"Se ofrecer\u00e1 por las tardes del 29 de mayo al 1 de junio El Centro de Formaci\u00f3n Agraria \u2018Vi\u00f1alta\u2019, situado en el barrio de Allende el R\u00edo de la ciudad de","robots":{"index":"index","follow":"follow","max-snippet":"max-snippet:-1","max-image-preview":"max-image-preview:large","max-video-preview":"max-video-preview:-1"},"canonical":"https:\/\/www.asajacyl.com\/palencia\/asaja-palencia-informa\/vinalta-imparte-un-curso-sobre-inseminacion-en-vacuno","og_locale":"es_ES","og_type":"article","og_title":"Vi\u00f1alta imparte un curso sobre inseminaci\u00f3n en vacuno - ASAJA Palencia","og_description":"Se ofrecer\u00e1 por las tardes del 29 de mayo al 1 de junio El Centro de Formaci\u00f3n Agraria \u2018Vi\u00f1alta\u2019, situado en el barrio de Allende el R\u00edo de la ciudad de","og_url":"https:\/\/www.asajacyl.com\/palencia\/asaja-palencia-informa\/vinalta-imparte-un-curso-sobre-inseminacion-en-vacuno","og_site_name":"ASAJA Palencia","article_published_time":"2023-05-20T08:00:00+00:00","article_modified_time":"2023-05-22T11:30:00+00:00","og_image":[{"width":1001,"height":619,"url":"https:\/\/www.asajacyl.com\/palencia\/wp-content\/uploads\/sites\/3\/2023\/05\/Vaca-ternero.jpg","type":"image\/jpeg"}],"author":"Administrador","twitter_card":"summary_large_image","twitter_misc":{"Escrito por":"Administrador","Tiempo de lectura":"1 minuto"},"schema":{"@context":"https:\/\/schema.org","@graph":[{"@type":"WebPage","@id":"https:\/\/www.asajacyl.com\/palencia\/asaja-palencia-informa\/vinalta-imparte-un-curso-sobre-inseminacion-en-vacuno","url":"https:\/\/www.asajacyl.com\/palencia\/asaja-palencia-informa\/vinalta-imparte-un-curso-sobre-inseminacion-en-vacuno","name":"Vi\u00f1alta imparte un curso sobre inseminaci\u00f3n en vacuno - ASAJA Palencia","isPartOf":{"@id":"https:\/\/www.asajacyl.com\/palencia\/#website"},"primaryImageOfPage":{"@id":"https:\/\/www.asajacyl.com\/palencia\/asaja-palencia-informa\/vinalta-imparte-un-curso-sobre-inseminacion-en-vacuno#primaryimage"},"image":{"@id":"https:\/\/www.asajacyl.com\/palencia\/asaja-palencia-informa\/vinalta-imparte-un-curso-sobre-inseminacion-en-vacuno#primaryimage"},"thumbnailUrl":"https:\/\/www.asajacyl.com\/palencia\/wp-content\/uploads\/sites\/3\/2023\/05\/Vaca-ternero.jpg","datePublished":"2023-05-20T08:00:00+00:00","dateModified":"2023-05-22T11:30:00+00:00","author":{"@id":"https:\/\/www.asajacyl.com\/palencia\/#\/schema\/person\/3ab17aeb03527485c317557fae64aab1"},"description":"Se ofrecer\u00e1 por las tardes del 29 de mayo al 1 de junio El Centro de Formaci\u00f3n Agraria \u2018Vi\u00f1alta\u2019, situado en el barrio de Allende el R\u00edo de la ciudad de","breadcrumb":{"@id":"https:\/\/www.asajacyl.com\/palencia\/asaja-palencia-informa\/vinalta-imparte-un-curso-sobre-inseminacion-en-vacuno#breadcrumb"},"inLanguage":"es","potentialAction":[{"@type":"ReadAction","target":["https:\/\/www.asajacyl.com\/palencia\/asaja-palencia-informa\/vinalta-imparte-un-curso-sobre-inseminacion-en-vacuno"]}]},{"@type":"ImageObject","inLanguage":"es","@id":"https:\/\/www.asajacyl.com\/palencia\/asaja-palencia-informa\/vinalta-imparte-un-curso-sobre-inseminacion-en-vacuno#primaryimage","url":"https:\/\/www.asajacyl.com\/palencia\/wp-content\/uploads\/sites\/3\/2023\/05\/Vaca-ternero.jpg","contentUrl":"https:\/\/www.asajacyl.com\/palencia\/wp-content\/uploads\/sites\/3\/2023\/05\/Vaca-ternero.jpg","width":1001,"height":619},{"@type":"BreadcrumbList","@id":"https:\/\/www.asajacyl.com\/palencia\/asaja-palencia-informa\/vinalta-imparte-un-curso-sobre-inseminacion-en-vacuno#breadcrumb","itemListElement":[{"@type":"ListItem","position":1,"name":"Portada","item":"https:\/\/www.asajacyl.com\/palencia\/"},{"@type":"ListItem","position":2,"name":"Vi\u00f1alta imparte un curso sobre inseminaci\u00f3n en vacuno"}]},{"@type":"WebSite","@id":"https:\/\/www.asajacyl.com\/palencia\/#website","url":"https:\/\/www.asajacyl.com\/palencia\/","name":"ASAJA Palencia","description":"Otro sitio m\u00e1s de Provincias ASAJA Castilla y Le\u00f3n","potentialAction":[{"@type":"SearchAction","target":{"@type":"EntryPoint","urlTemplate":"https:\/\/www.asajacyl.com\/palencia\/?s={search_term_string}"},"query-input":{"@type":"PropertyValueSpecification","valueRequired":true,"valueName":"search_term_string"}}],"inLanguage":"es"},{"@type":"Person","@id":"https:\/\/www.asajacyl.com\/palencia\/#\/schema\/person\/3ab17aeb03527485c317557fae64aab1","name":"Administrador","image":{"@type":"ImageObject","inLanguage":"es","@id":"https:\/\/www.asajacyl.com\/palencia\/#\/schema\/person\/image\/","url":"https:\/\/secure.gravatar.com\/avatar\/517384810d242ca9e38c180f3c9fb973?s=96&d=mm&r=g","contentUrl":"https:\/\/secure.gravatar.com\/avatar\/517384810d242ca9e38c180f3c9fb973?s=96&d=mm&r=g","caption":"Administrador"},"url":"https:\/\/www.asajacyl.com\/palencia\/author\/carlosrm"}]}},"_links":{"self":[{"href":"https:\/\/www.asajacyl.com\/palencia\/wp-json\/wp\/v2\/posts\/13252"}],"collection":[{"href":"https:\/\/www.asajacyl.com\/palencia\/wp-json\/wp\/v2\/posts"}],"about":[{"href":"https:\/\/www.asajacyl.com\/palencia\/wp-json\/wp\/v2\/types\/post"}],"author":[{"embeddable":true,"href":"https:\/\/www.asajacyl.com\/palencia\/wp-json\/wp\/v2\/users\/9"}],"replies":[{"embeddable":true,"href":"https:\/\/www.asajacyl.com\/palencia\/wp-json\/wp\/v2\/comments?post=13252"}],"version-history":[{"count":2,"href":"https:\/\/www.asajacyl.com\/palencia\/wp-json\/wp\/v2\/posts\/13252\/revisions"}],"predecessor-version":[{"id":13272,"href":"https:\/\/www.asajacyl.com\/palencia\/wp-json\/wp\/v2\/posts\/13252\/revisions\/13272"}],"wp:featuredmedia":[{"embeddable":true,"href":"https:\/\/www.asajacyl.com\/palencia\/wp-json\/wp\/v2\/media\/13253"}],"wp:attachment":[{"href":"https:\/\/www.asajacyl.com\/palencia\/wp-json\/wp\/v2\/media?parent=13252"}],"wp:term":[{"taxonomy":"category","embeddable":true,"href":"https:\/\/www.asajacyl.com\/palencia\/wp-json\/wp\/v2\/categories?post=13252"},{"taxonomy":"post_tag","embeddable":true,"href":"https:\/\/www.asajacyl.com\/palencia\/wp-json\/wp\/v2\/tags?post=13252"}],"curies":[{"name":"wp","href":"https:\/\/api.w.org\/{rel}","templated":true}]}}