{"id":13267,"date":"2023-05-23T09:35:50","date_gmt":"2023-05-23T07:35:50","guid":{"rendered":"https:\/\/www.asajacyl.com\/palencia\/?p=13267"},"modified":"2023-05-22T10:00:41","modified_gmt":"2023-05-22T08:00:41","slug":"el-ministerio-de-agricultura-convoca-los-premios-alimentos-de-espana-2023","status":"publish","type":"post","link":"https:\/\/www.asajacyl.com\/palencia\/asaja-palencia-informa\/el-ministerio-de-agricultura-convoca-los-premios-alimentos-de-espana-2023","title":{"rendered":"El Ministerio de Agricultura convoca los Premios &#8216;Alimentos de Espa\u00f1a 2023&#8217;"},"content":{"rendered":"\n<h2 class=\"wp-block-heading\">El plazo para presentar candidaturas a esta trig\u00e9simo quinta edici\u00f3n de los galardones se cierra el 29 de junio. La finalidad de este premio. que se organiza desde 1987, es promover y estimular a los diferentes elementos de la cadena alimentaria, en la producci\u00f3n, transformaci\u00f3n, utilizaci\u00f3n, conocimiento y consumo de los alimentos y reconocer su esfuerzo comercializador, innovador, de desarrollo rural y cuidado del medio ambiente y de internacionalizaci\u00f3n, y en la elaboraci\u00f3n de alimentos de calidad y su promoci\u00f3n.<\/h2>\n\n\n\n<p>Podr\u00e1n participar, seg\u00fan corresponda, explotaciones agrarias, instalaciones acu\u00edcolas, empresas alimentarias y pesqueras, entidades, organizaciones o asociaciones, con independencia de la forma jur\u00eddica que adopten, cuya sede principal est\u00e9 situada dentro del territorio nacional, as\u00ed como las personas f\u00edsicas que desarrollen su actividad en Espa\u00f1a y que cumplan con los requisitos establecidos espec\u00edficamente para cada una de las modalidades del premio.<\/p>\n\n\n\n<p>Se establecen las siguientes modalidades:<\/p>\n\n\n\n<ul>\n<li><strong>Premio \u201cAlimentos de Espa\u00f1a a la Industria Alimentaria\u201d<\/strong>, dirigido a galardonar la trayectoria y acciones de aquellas empresas alimentarias que de una manera global mejor integren aspectos relacionados con la producci\u00f3n, la transformaci\u00f3n, la comercializaci\u00f3n y la utilizaci\u00f3n de recursos locales, y el desarrollo de estrategias de sostenibilidad.\u00a0En <strong>2008 <\/strong>logr\u00f3 el premio en esta modalidad <strong>Galletas Gull\u00f3n<\/strong>, de Aguilar de Campoo; y en <strong>2021 <\/strong>la firma palentina <strong>Agropal Sociedad Cooperativa Limitada<\/strong>.<\/li>\n\n\n\n<li><strong>Premio \u201cAlimentos de Espa\u00f1a a la Innovaci\u00f3n\u201d<\/strong>, con la finalidad de distinguir aquellos proyectos empresariales e iniciativas espa\u00f1olas que destacan por la aplicaci\u00f3n de enfoques novedosos en la producci\u00f3n, trasformaci\u00f3n, comercializaci\u00f3n y gesti\u00f3n y aquellas que fomentan la digitalizaci\u00f3n del sector agroalimentario como herramienta de competitividad y sostenibilidad, con la idea de combatir la brecha digital, fomentar el uso de datos e impulsar el desarrollo empresarial y los nuevos modelos de negocio.<\/li>\n\n\n\n<li><strong>Premio \u201cAlimentos de Espa\u00f1a a la Iniciativa emprendedora\u201d<\/strong>, cuya finalidad es distinguir proyectos empresariales originales, creativos e innovadores desarrollados en un periodo inferior a seis a\u00f1os.\u00a0En <strong>2008<\/strong>, recibi\u00f3 el premio en la modalidad \u00abJoven empresariado\u00bb Alfonso Jim\u00e9nez Rodr\u00edguez-Vila, de Industria Gastronom\u00eda <strong>Cascajares <\/strong>(Due\u00f1as, Palencia); y en <strong>2011<\/strong>, <strong>David Ramos Truchero<\/strong>, gerente de <strong>Morcillas de Villada<\/strong>.<\/li>\n\n\n\n<li><strong>Premio \u201cAlimentos de Espa\u00f1a a la Producci\u00f3n Ecol\u00f3gica\u201d<\/strong>, dirigido a galardonar las acciones de explotaciones agrarias, empresas alimentarias, asociaciones u organizaciones que de una manera global mejor integren aspectos relacionados con la contribuci\u00f3n a la conservaci\u00f3n de la biodiversidad y el respeto al medio ambiente, la potenciaci\u00f3n del desarrollo rural y de los recursos locales y la innovaci\u00f3n tecnol\u00f3gica, redundando en la obtenci\u00f3n de productos de calidad conforme al m\u00e9todo de producci\u00f3n ecol\u00f3gica, de acuerdo con lo previsto en el Reglamento (UE) 2018\/848 del Parlamento Europeo y del Consejo, de 30 de mayo de 2018, sobre producci\u00f3n ecol\u00f3gica y etiquetado de los productos ecol\u00f3gicos..&nbsp;<\/li>\n\n\n\n<li><strong>Premio \u201cAlimentos de Espa\u00f1a a la Internacionalizaci\u00f3n Alimentaria\u201d<\/strong>\u00a0dirigido a galardonar el esfuerzo de empresas alimentarias, organizaciones o asociaciones para acceder, desarrollar y consolidar su posici\u00f3n en el mercado internacional.\u00a0En <strong>2016<\/strong>, fue premiado en esta modalidad <strong>Cascajares<\/strong> (Industria Gastron\u00f3mica Blanca Menc\u00eda SL).<\/li>\n\n\n\n<li><strong>Premio \u201cAlimentos de Espa\u00f1a a la Producci\u00f3n de la Pesca y de la Acuicultura\u201d<\/strong>, cuyo objetivo es reconocer el trabajo de empresas cuyos productos pesqueros hayan sido capturados por embarcaciones que pertenezcan al Registro General de la Flota Pesquera, instalaciones acu\u00edcolas y las personas f\u00edsicas o jur\u00eddicas que ejerzan su actividad comercializadora o transformadora en este sector y que contribuyen a promocionar los productos de la pesca y de la acuicultura y mejorar su imagen y posici\u00f3n en el mercado.&nbsp;<\/li>\n\n\n\n<li><strong>Premio \u201cAlimentos de Espa\u00f1a de Comunicaci\u00f3n\u201d,<\/strong>&nbsp;dirigido a galardonar bien los trabajos period\u00edsticos publicados en un medio de comunicaci\u00f3n, o a los medios de comunicaci\u00f3n y agencias de noticias, as\u00ed como programas o publicaciones period\u00edsticas que promuevan el conocimiento y difundan las bondades y cualidades de los alimentos de Espa\u00f1a, desde su producci\u00f3n al consumo, pasando por la transformaci\u00f3n, la comercializaci\u00f3n, sus propiedades y valor nutritivo as\u00ed como sus aspectos de sostenibilidad, culturales y gastron\u00f3micos.&nbsp;<\/li>\n\n\n\n<li><strong>Premio \u201cAlimentos de Espa\u00f1a a la Promoci\u00f3n\u201d<\/strong>&nbsp;premiar\u00e1 cualquier acci\u00f3n de promoci\u00f3n, publicidad o campa\u00f1a de comunicaci\u00f3n de los alimentos de Espa\u00f1a impulsada directamente por cualquier entidad del sector agroalimentario o a trav\u00e9s de una agencia de comunicaci\u00f3n.&nbsp;&nbsp;<\/li>\n\n\n\n<li><strong>Premio \u201cAlimentos de Espa\u00f1a a la Restauraci\u00f3n\u201d<\/strong>, dirigido a galardonar los establecimientos de restauraci\u00f3n e iniciativas gastron\u00f3micas, que potencien la utilizaci\u00f3n, presentaci\u00f3n, innovaci\u00f3n y buen uso de nuestros alimentos en la gastronom\u00eda.&nbsp;<\/li>\n\n\n\n<li><strong>Premio \u201cAlimentos de Espa\u00f1a a la iniciativa para la reducci\u00f3n del desperdicio alimentario\u201d<\/strong>, que tiene como fin premiar los mejores programas e iniciativas para la reducci\u00f3n de las p\u00e9rdidas y el desperdicio alimentario y de valorizaci\u00f3n de los alimentos desechados.&nbsp;<\/li>\n\n\n\n<li><strong>\u201cPremio Extraordinario Alimentos de Espa\u00f1a\u201d<\/strong>\u00a0cuya finalidad es reconocer con car\u00e1cter extraordinario a aquella persona, empresa, entidad u organismo cuando concurran circunstancias destacadas o continuadas en el tiempo relacionadas con la producci\u00f3n, transformaci\u00f3n, comercializaci\u00f3n, difusi\u00f3n y promoci\u00f3n de los alimentos de Espa\u00f1a. <\/li>\n<\/ul>\n\n\n\n<p>Puede consultarse m\u00e1s informaci\u00f3n en este apartado de la web del Ministerio: https:\/\/www.mapa.gob.es\/es\/alimentacion\/temas\/promo-alimentos\/premios-alimentos\/edicion.aspx <strong>\/<\/strong><\/p>\n\n\n\n<p><\/p>\n\n\n\n<p><\/p>\n","protected":false},"excerpt":{"rendered":"<p>El plazo para presentar candidaturas a esta trig\u00e9simo quinta edici\u00f3n de los galardones se cierra el 29 de junio. La finalidad de este premio. que se organiza desde 1987, es promover y estimular a los diferentes elementos de la cadena alimentaria, en la producci\u00f3n, transformaci\u00f3n, utilizaci\u00f3n, conocimiento y consumo de los alimentos y reconocer su [&hellip;]<\/p>\n","protected":false},"author":9,"featured_media":13268,"comment_status":"open","ping_status":"open","sticky":false,"template":"","format":"standard","meta":{"footnotes":""},"categories":[9,29,28],"tags":[58,195,77,110,196,123],"yoast_head":"<!-- This site is optimized with the Yoast SEO plugin v24.5 - https:\/\/yoast.com\/wordpress\/plugins\/seo\/ -->\n<title>El Ministerio de Agricultura convoca los Premios &#039;Alimentos de Espa\u00f1a 2023&#039; - ASAJA Palencia<\/title>\n<meta name=\"description\" content=\"El plazo para presentar candidaturas a esta trig\u00e9simo quinta edici\u00f3n de los galardones se cierra el 29 de junio. La finalidad de este premio. que se\" \/>\n<meta name=\"robots\" content=\"index, follow, max-snippet:-1, max-image-preview:large, max-video-preview:-1\" \/>\n<link rel=\"canonical\" href=\"https:\/\/www.asajacyl.com\/palencia\/asaja-palencia-informa\/el-ministerio-de-agricultura-convoca-los-premios-alimentos-de-espana-2023\" \/>\n<meta property=\"og:locale\" content=\"es_ES\" \/>\n<meta property=\"og:type\" content=\"article\" \/>\n<meta property=\"og:title\" content=\"El Ministerio de Agricultura convoca los Premios &#039;Alimentos de Espa\u00f1a 2023&#039; - ASAJA Palencia\" \/>\n<meta property=\"og:description\" content=\"El plazo para presentar candidaturas a esta trig\u00e9simo quinta edici\u00f3n de los galardones se cierra el 29 de junio. La finalidad de este premio. que se\" \/>\n<meta property=\"og:url\" content=\"https:\/\/www.asajacyl.com\/palencia\/asaja-palencia-informa\/el-ministerio-de-agricultura-convoca-los-premios-alimentos-de-espana-2023\" \/>\n<meta property=\"og:site_name\" content=\"ASAJA Palencia\" \/>\n<meta property=\"article:published_time\" content=\"2023-05-23T07:35:50+00:00\" \/>\n<meta property=\"og:image\" content=\"https:\/\/www.asajacyl.com\/palencia\/wp-content\/uploads\/sites\/3\/2023\/05\/Premios-Alimentos-de-Espana.jpg\" \/>\n\t<meta property=\"og:image:width\" content=\"646\" \/>\n\t<meta property=\"og:image:height\" content=\"314\" \/>\n\t<meta property=\"og:image:type\" content=\"image\/jpeg\" \/>\n<meta name=\"author\" content=\"Administrador\" \/>\n<meta name=\"twitter:card\" content=\"summary_large_image\" \/>\n<meta name=\"twitter:label1\" content=\"Escrito por\" \/>\n\t<meta name=\"twitter:data1\" content=\"Administrador\" \/>\n\t<meta name=\"twitter:label2\" content=\"Tiempo de lectura\" \/>\n\t<meta name=\"twitter:data2\" content=\"4 minutos\" \/>\n<script type=\"application\/ld+json\" class=\"yoast-schema-graph\">{\"@context\":\"https:\/\/schema.org\",\"@graph\":[{\"@type\":\"WebPage\",\"@id\":\"https:\/\/www.asajacyl.com\/palencia\/asaja-palencia-informa\/el-ministerio-de-agricultura-convoca-los-premios-alimentos-de-espana-2023\",\"url\":\"https:\/\/www.asajacyl.com\/palencia\/asaja-palencia-informa\/el-ministerio-de-agricultura-convoca-los-premios-alimentos-de-espana-2023\",\"name\":\"El Ministerio de Agricultura convoca los Premios 'Alimentos de Espa\u00f1a 2023' - ASAJA Palencia\",\"isPartOf\":{\"@id\":\"https:\/\/www.asajacyl.com\/palencia\/#website\"},\"primaryImageOfPage\":{\"@id\":\"https:\/\/www.asajacyl.com\/palencia\/asaja-palencia-informa\/el-ministerio-de-agricultura-convoca-los-premios-alimentos-de-espana-2023#primaryimage\"},\"image\":{\"@id\":\"https:\/\/www.asajacyl.com\/palencia\/asaja-palencia-informa\/el-ministerio-de-agricultura-convoca-los-premios-alimentos-de-espana-2023#primaryimage\"},\"thumbnailUrl\":\"https:\/\/www.asajacyl.com\/palencia\/wp-content\/uploads\/sites\/3\/2023\/05\/Premios-Alimentos-de-Espana.jpg\",\"datePublished\":\"2023-05-23T07:35:50+00:00\",\"author\":{\"@id\":\"https:\/\/www.asajacyl.com\/palencia\/#\/schema\/person\/3ab17aeb03527485c317557fae64aab1\"},\"description\":\"El plazo para presentar candidaturas a esta trig\u00e9simo quinta edici\u00f3n de los galardones se cierra el 29 de junio. La finalidad de este premio. que se\",\"breadcrumb\":{\"@id\":\"https:\/\/www.asajacyl.com\/palencia\/asaja-palencia-informa\/el-ministerio-de-agricultura-convoca-los-premios-alimentos-de-espana-2023#breadcrumb\"},\"inLanguage\":\"es\",\"potentialAction\":[{\"@type\":\"ReadAction\",\"target\":[\"https:\/\/www.asajacyl.com\/palencia\/asaja-palencia-informa\/el-ministerio-de-agricultura-convoca-los-premios-alimentos-de-espana-2023\"]}]},{\"@type\":\"ImageObject\",\"inLanguage\":\"es\",\"@id\":\"https:\/\/www.asajacyl.com\/palencia\/asaja-palencia-informa\/el-ministerio-de-agricultura-convoca-los-premios-alimentos-de-espana-2023#primaryimage\",\"url\":\"https:\/\/www.asajacyl.com\/palencia\/wp-content\/uploads\/sites\/3\/2023\/05\/Premios-Alimentos-de-Espana.jpg\",\"contentUrl\":\"https:\/\/www.asajacyl.com\/palencia\/wp-content\/uploads\/sites\/3\/2023\/05\/Premios-Alimentos-de-Espana.jpg\",\"width\":646,\"height\":314},{\"@type\":\"BreadcrumbList\",\"@id\":\"https:\/\/www.asajacyl.com\/palencia\/asaja-palencia-informa\/el-ministerio-de-agricultura-convoca-los-premios-alimentos-de-espana-2023#breadcrumb\",\"itemListElement\":[{\"@type\":\"ListItem\",\"position\":1,\"name\":\"Portada\",\"item\":\"https:\/\/www.asajacyl.com\/palencia\/\"},{\"@type\":\"ListItem\",\"position\":2,\"name\":\"El Ministerio de Agricultura convoca los Premios &#8216;Alimentos de Espa\u00f1a 2023&#8217;\"}]},{\"@type\":\"WebSite\",\"@id\":\"https:\/\/www.asajacyl.com\/palencia\/#website\",\"url\":\"https:\/\/www.asajacyl.com\/palencia\/\",\"name\":\"ASAJA Palencia\",\"description\":\"Otro sitio m\u00e1s de Provincias ASAJA Castilla y Le\u00f3n\",\"potentialAction\":[{\"@type\":\"SearchAction\",\"target\":{\"@type\":\"EntryPoint\",\"urlTemplate\":\"https:\/\/www.asajacyl.com\/palencia\/?s={search_term_string}\"},\"query-input\":{\"@type\":\"PropertyValueSpecification\",\"valueRequired\":true,\"valueName\":\"search_term_string\"}}],\"inLanguage\":\"es\"},{\"@type\":\"Person\",\"@id\":\"https:\/\/www.asajacyl.com\/palencia\/#\/schema\/person\/3ab17aeb03527485c317557fae64aab1\",\"name\":\"Administrador\",\"image\":{\"@type\":\"ImageObject\",\"inLanguage\":\"es\",\"@id\":\"https:\/\/www.asajacyl.com\/palencia\/#\/schema\/person\/image\/\",\"url\":\"https:\/\/secure.gravatar.com\/avatar\/517384810d242ca9e38c180f3c9fb973?s=96&d=mm&r=g\",\"contentUrl\":\"https:\/\/secure.gravatar.com\/avatar\/517384810d242ca9e38c180f3c9fb973?s=96&d=mm&r=g\",\"caption\":\"Administrador\"},\"url\":\"https:\/\/www.asajacyl.com\/palencia\/author\/carlosrm\"}]}<\/script>\n<!-- \/ Yoast SEO plugin. -->","yoast_head_json":{"title":"El Ministerio de Agricultura convoca los Premios 'Alimentos de Espa\u00f1a 2023' - ASAJA Palencia","description":"El plazo para presentar candidaturas a esta trig\u00e9simo quinta edici\u00f3n de los galardones se cierra el 29 de junio. La finalidad de este premio. que se","robots":{"index":"index","follow":"follow","max-snippet":"max-snippet:-1","max-image-preview":"max-image-preview:large","max-video-preview":"max-video-preview:-1"},"canonical":"https:\/\/www.asajacyl.com\/palencia\/asaja-palencia-informa\/el-ministerio-de-agricultura-convoca-los-premios-alimentos-de-espana-2023","og_locale":"es_ES","og_type":"article","og_title":"El Ministerio de Agricultura convoca los Premios 'Alimentos de Espa\u00f1a 2023' - ASAJA Palencia","og_description":"El plazo para presentar candidaturas a esta trig\u00e9simo quinta edici\u00f3n de los galardones se cierra el 29 de junio. La finalidad de este premio. que se","og_url":"https:\/\/www.asajacyl.com\/palencia\/asaja-palencia-informa\/el-ministerio-de-agricultura-convoca-los-premios-alimentos-de-espana-2023","og_site_name":"ASAJA Palencia","article_published_time":"2023-05-23T07:35:50+00:00","og_image":[{"width":646,"height":314,"url":"https:\/\/www.asajacyl.com\/palencia\/wp-content\/uploads\/sites\/3\/2023\/05\/Premios-Alimentos-de-Espana.jpg","type":"image\/jpeg"}],"author":"Administrador","twitter_card":"summary_large_image","twitter_misc":{"Escrito por":"Administrador","Tiempo de lectura":"4 minutos"},"schema":{"@context":"https:\/\/schema.org","@graph":[{"@type":"WebPage","@id":"https:\/\/www.asajacyl.com\/palencia\/asaja-palencia-informa\/el-ministerio-de-agricultura-convoca-los-premios-alimentos-de-espana-2023","url":"https:\/\/www.asajacyl.com\/palencia\/asaja-palencia-informa\/el-ministerio-de-agricultura-convoca-los-premios-alimentos-de-espana-2023","name":"El Ministerio de Agricultura convoca los Premios 'Alimentos de Espa\u00f1a 2023' - ASAJA Palencia","isPartOf":{"@id":"https:\/\/www.asajacyl.com\/palencia\/#website"},"primaryImageOfPage":{"@id":"https:\/\/www.asajacyl.com\/palencia\/asaja-palencia-informa\/el-ministerio-de-agricultura-convoca-los-premios-alimentos-de-espana-2023#primaryimage"},"image":{"@id":"https:\/\/www.asajacyl.com\/palencia\/asaja-palencia-informa\/el-ministerio-de-agricultura-convoca-los-premios-alimentos-de-espana-2023#primaryimage"},"thumbnailUrl":"https:\/\/www.asajacyl.com\/palencia\/wp-content\/uploads\/sites\/3\/2023\/05\/Premios-Alimentos-de-Espana.jpg","datePublished":"2023-05-23T07:35:50+00:00","author":{"@id":"https:\/\/www.asajacyl.com\/palencia\/#\/schema\/person\/3ab17aeb03527485c317557fae64aab1"},"description":"El plazo para presentar candidaturas a esta trig\u00e9simo quinta edici\u00f3n de los galardones se cierra el 29 de junio. La finalidad de este premio. que se","breadcrumb":{"@id":"https:\/\/www.asajacyl.com\/palencia\/asaja-palencia-informa\/el-ministerio-de-agricultura-convoca-los-premios-alimentos-de-espana-2023#breadcrumb"},"inLanguage":"es","potentialAction":[{"@type":"ReadAction","target":["https:\/\/www.asajacyl.com\/palencia\/asaja-palencia-informa\/el-ministerio-de-agricultura-convoca-los-premios-alimentos-de-espana-2023"]}]},{"@type":"ImageObject","inLanguage":"es","@id":"https:\/\/www.asajacyl.com\/palencia\/asaja-palencia-informa\/el-ministerio-de-agricultura-convoca-los-premios-alimentos-de-espana-2023#primaryimage","url":"https:\/\/www.asajacyl.com\/palencia\/wp-content\/uploads\/sites\/3\/2023\/05\/Premios-Alimentos-de-Espana.jpg","contentUrl":"https:\/\/www.asajacyl.com\/palencia\/wp-content\/uploads\/sites\/3\/2023\/05\/Premios-Alimentos-de-Espana.jpg","width":646,"height":314},{"@type":"BreadcrumbList","@id":"https:\/\/www.asajacyl.com\/palencia\/asaja-palencia-informa\/el-ministerio-de-agricultura-convoca-los-premios-alimentos-de-espana-2023#breadcrumb","itemListElement":[{"@type":"ListItem","position":1,"name":"Portada","item":"https:\/\/www.asajacyl.com\/palencia\/"},{"@type":"ListItem","position":2,"name":"El Ministerio de Agricultura convoca los Premios &#8216;Alimentos de Espa\u00f1a 2023&#8217;"}]},{"@type":"WebSite","@id":"https:\/\/www.asajacyl.com\/palencia\/#website","url":"https:\/\/www.asajacyl.com\/palencia\/","name":"ASAJA Palencia","description":"Otro sitio m\u00e1s de Provincias ASAJA Castilla y Le\u00f3n","potentialAction":[{"@type":"SearchAction","target":{"@type":"EntryPoint","urlTemplate":"https:\/\/www.asajacyl.com\/palencia\/?s={search_term_string}"},"query-input":{"@type":"PropertyValueSpecification","valueRequired":true,"valueName":"search_term_string"}}],"inLanguage":"es"},{"@type":"Person","@id":"https:\/\/www.asajacyl.com\/palencia\/#\/schema\/person\/3ab17aeb03527485c317557fae64aab1","name":"Administrador","image":{"@type":"ImageObject","inLanguage":"es","@id":"https:\/\/www.asajacyl.com\/palencia\/#\/schema\/person\/image\/","url":"https:\/\/secure.gravatar.com\/avatar\/517384810d242ca9e38c180f3c9fb973?s=96&d=mm&r=g","contentUrl":"https:\/\/secure.gravatar.com\/avatar\/517384810d242ca9e38c180f3c9fb973?s=96&d=mm&r=g","caption":"Administrador"},"url":"https:\/\/www.asajacyl.com\/palencia\/author\/carlosrm"}]}},"_links":{"self":[{"href":"https:\/\/www.asajacyl.com\/palencia\/wp-json\/wp\/v2\/posts\/13267"}],"collection":[{"href":"https:\/\/www.asajacyl.com\/palencia\/wp-json\/wp\/v2\/posts"}],"about":[{"href":"https:\/\/www.asajacyl.com\/palencia\/wp-json\/wp\/v2\/types\/post"}],"author":[{"embeddable":true,"href":"https:\/\/www.asajacyl.com\/palencia\/wp-json\/wp\/v2\/users\/9"}],"replies":[{"embeddable":true,"href":"https:\/\/www.asajacyl.com\/palencia\/wp-json\/wp\/v2\/comments?post=13267"}],"version-history":[{"count":1,"href":"https:\/\/www.asajacyl.com\/palencia\/wp-json\/wp\/v2\/posts\/13267\/revisions"}],"predecessor-version":[{"id":13269,"href":"https:\/\/www.asajacyl.com\/palencia\/wp-json\/wp\/v2\/posts\/13267\/revisions\/13269"}],"wp:featuredmedia":[{"embeddable":true,"href":"https:\/\/www.asajacyl.com\/palencia\/wp-json\/wp\/v2\/media\/13268"}],"wp:attachment":[{"href":"https:\/\/www.asajacyl.com\/palencia\/wp-json\/wp\/v2\/media?parent=13267"}],"wp:term":[{"taxonomy":"category","embeddable":true,"href":"https:\/\/www.asajacyl.com\/palencia\/wp-json\/wp\/v2\/categories?post=13267"},{"taxonomy":"post_tag","embeddable":true,"href":"https:\/\/www.asajacyl.com\/palencia\/wp-json\/wp\/v2\/tags?post=13267"}],"curies":[{"name":"wp","href":"https:\/\/api.w.org\/{rel}","templated":true}]}}