{"id":13273,"date":"2023-05-23T10:09:27","date_gmt":"2023-05-23T08:09:27","guid":{"rendered":"https:\/\/www.asajacyl.com\/palencia\/?p=13273"},"modified":"2023-05-23T10:09:29","modified_gmt":"2023-05-23T08:09:29","slug":"el-paso-del-sistema-pisuerga-a-alerta-y-del-carrion-a-prealerta-presagian-otra-campana-de-riego-muy-restrictiva","status":"publish","type":"post","link":"https:\/\/www.asajacyl.com\/palencia\/asaja-palencia-informa\/el-paso-del-sistema-pisuerga-a-alerta-y-del-carrion-a-prealerta-presagian-otra-campana-de-riego-muy-restrictiva","title":{"rendered":"El paso del sistema Pisuerga a \u00abalerta\u00bb y del Carri\u00f3n a \u00abprealerta\u00bb presagian otra campa\u00f1a de riego muy restrictiva"},"content":{"rendered":"\n<ul><\/ul>\n\n\n\n<h2 class=\"wp-block-heading\">\u00b7  La Confederaci\u00f3n del Duero rebaja a los regantes del Carri\u00f3n de 4.500 a 4.000 los metros c\u00fabicos asignados por hect\u00e1rea, ante el descenso del volumen de agua embalsada <br>\u00b7 El adelanto en las necesidades de riego por la sequ\u00eda motiva en parte que Camporredondo y Compuerto ya hayan bajado del nivel que ten\u00edan en 2022 por estas mismas fechas<br>\u00b7 ASAJA-Palencia insiste en que, m\u00e1s all\u00e1 de las medidas coyunturales, el campo necesita inversi\u00f3n contra el d\u00e9ficit estructural de almacenamiento y regulaci\u00f3n en la provincia<\/h2>\n\n\n\n<p><strong>Palencia, 23 de mayo de 2023. La Confederaci\u00f3n Hidrogr\u00e1fica del Duero ha comunicado a las comunidades de regantes que se abastecen del sistema Carri\u00f3n que rebaja de 4.500 a 4.000 los metros c\u00fabicos por hect\u00e1rea que les hab\u00eda asignado al inicio de la campa\u00f1a. El adelanto en varias semanas del riego debido a la escasez de precipitaciones y las altas temperaturas, para poder salvar los cultivos, es uno de los motivos de la decisi\u00f3n, una vez que los dos embalses del sistema, Camporredondo y Compuerto, se han situado ya por debajo de los niveles que ten\u00edan el pasado a\u00f1o en estas mismas fechas (ayer se hallaban por debajo de los 110 hect\u00f3metros c\u00fabicos). Esta medida llega despu\u00e9s de que el organismo regulador elevara de nivel de gravedad en el indicador de \u00abescasez\u00bb a los dos sistemas de la provincia de Palencia \u2014Carri\u00f3n, que ha pasado a \u00abprealerta\u00bb y Pisuerga, que ha entrado en \u00abalerta\u00bb\u2014, lo que augura una nueva campa\u00f1a de riego muy restrictiva, como ya fue la anterior. ASAJA-Palencia insiste en que, m\u00e1s all\u00e1 de las medidas coyunturales debidas a las condiciones atmosf\u00e9ricas, el campo\u00a0 necesita inversiones que acaben con el hist\u00f3rico d\u00e9ficit estructural en almacenamiento y regulaci\u00f3n en esta provincia.<\/strong><\/p>\n\n\n\n<p>Pese a que el indicador de \u00absequ\u00eda prolongada\u00bb todav\u00eda se halla en situaci\u00f3n de \u00abnormalidad\u00bb en los dos sistemas de riego de la provincia de Palencia, no sucede lo mismo con el indicador de \u00abescasez\u00bb despu\u00e9s de un abril que figura ya entre los tres m\u00e1s secos desde 1951 seg\u00fan los datos de la Agencia Estatal de Meteorolog\u00eda (AEMET). La Confederaci\u00f3n Hidrogr\u00e1fica del Duero ha elevado recientemente la calificaci\u00f3n de ambos sistemas: el Pisuerga es el \u00fanico de toda la cuenca que ya ha entrado en situaci\u00f3n de \u00abalerta\u00bb, mientras el sistema Carri\u00f3n comparte el grado de \u00abprealerta\u00bb con otros tres (Tor\u00edo-Bernesga, Cega y Bajo Duero).<\/p>\n\n\n\n<p>Por ello, los regantes palentinos se temen una campa\u00f1a de riego tan restrictiva como la anterior, mal presagio que se desprende de las decisiones adoptadas por la Confederaci\u00f3n tras las \u00faltimas reuniones con los usuarios de las distintas juntas de explotaci\u00f3n, as\u00ed como de la evoluci\u00f3n del agua de los embalses y del estado con el que arranca esta semana. Este mismo lunes los regantes del Carri\u00f3n ya han recibido un primer recorte en la asignaci\u00f3n original dada al principio de la campa\u00f1a: de 4.500 metros c\u00fabicos por hect\u00e1rea han pasado a 4.000.<\/p>\n\n\n\n<p>Desde ASAJA-Palencia volvemos a insistir, m\u00e1s all\u00e1 de las medidas que se adoptan en funci\u00f3n de la coyuntura de la actual sequ\u00eda, en que la planificaci\u00f3n y la ejecuci\u00f3n de inversiones que acaben con el hist\u00f3rico&nbsp; d\u00e9ficit de almacenamiento y regulaci\u00f3n es la \u00fanica salida para acabar con este problema estructural, que padecen nuestros agricultores y que est\u00e1 limitando considerablemente no solo al sector, sino el desarrollo econ\u00f3mico y laboral de un territorio como el de la provincia de Palencia, tanto en t\u00e9rminos absolutos como en comparaci\u00f3n con el de otras zonas de Espa\u00f1a, y de nuestra propia comunidad.<\/p>\n\n\n\n<p><strong>MES Y MEDIO ANTES.<\/strong> Seg\u00fan el \u00faltimo informe de sequ\u00eda (30 de abril), el sistema Pisuerga ha pasado a alerta en el indicador de \u00abescasez\u00bb, con un coeficiente de 0,25 que implica bajar del umbral de \u00abprealerta\u00bb (0,30) y situarse en el previo al peor escenario, que es el de \u00abemergencia\u00bb, que en este sistema se declar\u00f3 en el verano y el oto\u00f1o de 2022. Hay que recordar que las escas\u00edsimas precipitaciones de este a\u00f1o, unidas a un arranque de campa\u00f1a con niveles de embalse ya muy deficientes, m\u00e1s la necesidad de adelantar alrededor de mes y medio el riego de algunos cultivos para evitarles da\u00f1os irreversibles, han motivado que mediado mayo los embalses de este sistema (Aguilar de Campoo, Requejada y Cervera-Ruesga) ya perdieran el nivel de los 140 hect\u00f3metros c\u00fabicos almacenados.<\/p>\n\n\n\n<p>El inicio de esta semana, lejos de tranquilizar, es harto preocupante, al arrancar con un volumen total (131,1 hect\u00f3metros c\u00fabicos) que hace temer una inminente perdida del list\u00f3n de los 130 hect\u00f3metros c\u00fabicos en los pr\u00f3ximos d\u00edas, lo que no ocurri\u00f3 el pasado a\u00f1o hasta mediado junio. A estas alturas de a\u00f1o, los embalses del sistema Pisuerga superaban los 157 hect\u00f3metros c\u00fabicos (26 m\u00e1s que actualmente), cifras que dan idea de que la situaci\u00f3n de la actual campa\u00f1a es sensiblemente peor que la anterior. La perspectiva se presenta, pues, muy negativa.<\/p>\n\n\n\n<p><strong>TRASVASES INTERIORES. <\/strong>En el caso del Pisuerga, se pone de manifiesto adem\u00e1s la necesidad de que la CHD se plantee&nbsp; trasvases entre sistemas de la misma cuenca, para que campa\u00f1a tras campa\u00f1a no repercutan solo en los regantes la cabecera las necesidades del Bajo Duero. A este sistema podr\u00eda suministrarse agua desde otros, sin perjudicar a unos agricultores que \u00fanicamente dependen de los embalses de Aguilar de Campoo, Requejada y Cervera-Ruesga, cuyas expectativas de almacenamiento no se han cumplido en tres de los \u00faltimos seis a\u00f1os, lo que revela unos problemas y unas carencias estructurales, m\u00e1s all\u00e1 de la situaci\u00f3n de dos campa\u00f1as consecutivas de escasas precipitaciones como se est\u00e1n viviendo.&nbsp;<\/p>\n\n\n\n<p>Sin revestir tanta gravedad, el paso del sistema Carri\u00f3n al nivel de prealerta declarado por la Confederaci\u00f3n, tambi\u00e9n constituye motivo de preocupaci\u00f3n, m\u00e1xime al ver la notable merma registrada en el volumen de agua embalsada desde primeros de abril, consecuencia en parte de ese adelanto temporal en las necesidades agron\u00f3micas de riego, debido a una primavera extremadamente seca que ha obligado a salvar los cultivos.<\/p>\n\n\n\n<p>En este sistema, que agrupa los embalses de Camporredondo y Compuerto, la semana arranca en niveles muy semejantes (109,1 hect\u00f3metros c\u00fabicos) a los del pasado a\u00f1o por estas fechas (110,4), pero sensiblemente inferiores a la media de la \u00faltima d\u00e9cada (136 hect\u00f3metros). Este sistema, que inici\u00f3 el a\u00f1o 2023 con un volumen almacenado sensiblemente superior al de 2022, se ha situado en el tr\u00e1nsito entre los meses de abril y mayo por debajo ya del volumen embalsado el pasado a\u00f1o por estas mismas fechas. Por ello, los regantes del Carri\u00f3n se temen tambi\u00e9n que la campa\u00f1a se plantee de manera restrictiva, como ya sucedi\u00f3 en 2022.<\/p>\n\n\n\n<p><strong>EL 30, JUNTA DEL PISUERGA. <\/strong>En definitiva, la \u00absituaci\u00f3n comprometida\u00bb del sistema Pisuerga que reconoci\u00f3 la CHD tras la comisi\u00f3n de desembalse celebrada a primeros de abril se ha acentuado por la escasez de lluvias padecida desde entonces. En este caso, los embalses de este sistema&nbsp; se situaron por debajo del nivel de 2022 ya en la primera quincena de abril.<\/p>\n\n\n\n<p>Por eso, se ven amenazados esos 3.500 metros c\u00fabicos por hect\u00e1rea establecidos entonces por el organismo regulador, tanto para los regad\u00edos que se abastecen a trav\u00e9s de los canales del Estado como para el resto de tomas de riego del sistema Pisuerga. La junta de explotaci\u00f3n fijada para el pr\u00f3ximo 30 de mayo ser\u00e1, en ese sentido, decisiva para unos regantes que ya recibieron la menor asignaci\u00f3n de la cuenca al inicio de la campa\u00f1a.<\/p>\n\n\n\n<p>Ya avanz\u00f3 el organismo de cuenca entonces que las dotaciones para el desarrollo de la campa\u00f1a de riego entonces reci\u00e9n estrenada podr\u00edan revisarse al alza o a la baja, al condicionarse al tiempo de esta primavera, porque \u00ablas condiciones climatol\u00f3gicas que se dispongan en los diferentes sistemas de explotaci\u00f3n de la cuenca durante esta estaci\u00f3n van a incidir doblemente tanto en el consumo de agua en las zonas regables como en las reservas de los embalses\u00bb.<\/p>\n\n\n\n<p>En todo caso, la Confederaci\u00f3n Hidrogr\u00e1fica del Duero siempre tiene en su mano acudir a medidas excepcionales ante dos campa\u00f1as consecutivas tan lesivas para el campo, tales como la reducci\u00f3n de las reservas de los embalses o la rebaja al m\u00ednimo de los caudales ecol\u00f3gicos de los r\u00edos; adem\u00e1s de los mencionados trasvases entre sistemas de la misma cuenca, que distribuyan mejor la carga de carencias estructurales.\/<\/p>\n\n\n\n<figure class=\"wp-block-image size-large\"><img loading=\"lazy\" decoding=\"async\" width=\"1024\" height=\"720\" src=\"https:\/\/www.asajacyl.com\/palencia\/wp-content\/uploads\/sites\/3\/2023\/05\/Estado-sistema-Pisuerga-a-22mayo2023-1024x720.jpg\" alt=\"\" class=\"wp-image-13274\" srcset=\"https:\/\/www.asajacyl.com\/palencia\/wp-content\/uploads\/sites\/3\/2023\/05\/Estado-sistema-Pisuerga-a-22mayo2023-1024x720.jpg 1024w, https:\/\/www.asajacyl.com\/palencia\/wp-content\/uploads\/sites\/3\/2023\/05\/Estado-sistema-Pisuerga-a-22mayo2023-300x211.jpg 300w, https:\/\/www.asajacyl.com\/palencia\/wp-content\/uploads\/sites\/3\/2023\/05\/Estado-sistema-Pisuerga-a-22mayo2023-768x540.jpg 768w, https:\/\/www.asajacyl.com\/palencia\/wp-content\/uploads\/sites\/3\/2023\/05\/Estado-sistema-Pisuerga-a-22mayo2023-1536x1080.jpg 1536w, https:\/\/www.asajacyl.com\/palencia\/wp-content\/uploads\/sites\/3\/2023\/05\/Estado-sistema-Pisuerga-a-22mayo2023-2048x1440.jpg 2048w, https:\/\/www.asajacyl.com\/palencia\/wp-content\/uploads\/sites\/3\/2023\/05\/Estado-sistema-Pisuerga-a-22mayo2023-696x489.jpg 696w, https:\/\/www.asajacyl.com\/palencia\/wp-content\/uploads\/sites\/3\/2023\/05\/Estado-sistema-Pisuerga-a-22mayo2023-1068x751.jpg 1068w, https:\/\/www.asajacyl.com\/palencia\/wp-content\/uploads\/sites\/3\/2023\/05\/Estado-sistema-Pisuerga-a-22mayo2023-1920x1350.jpg 1920w, https:\/\/www.asajacyl.com\/palencia\/wp-content\/uploads\/sites\/3\/2023\/05\/Estado-sistema-Pisuerga-a-22mayo2023-597x420.jpg 597w\" sizes=\"(max-width: 1024px) 100vw, 1024px\" \/><\/figure>\n\n\n\n<figure class=\"wp-block-image size-large\"><img loading=\"lazy\" decoding=\"async\" width=\"1024\" height=\"720\" src=\"https:\/\/www.asajacyl.com\/palencia\/wp-content\/uploads\/sites\/3\/2023\/05\/Estado-sistema-Carrion-a-22mayo2023-1024x720.jpg\" alt=\"\" class=\"wp-image-13275\" srcset=\"https:\/\/www.asajacyl.com\/palencia\/wp-content\/uploads\/sites\/3\/2023\/05\/Estado-sistema-Carrion-a-22mayo2023-1024x720.jpg 1024w, https:\/\/www.asajacyl.com\/palencia\/wp-content\/uploads\/sites\/3\/2023\/05\/Estado-sistema-Carrion-a-22mayo2023-300x211.jpg 300w, https:\/\/www.asajacyl.com\/palencia\/wp-content\/uploads\/sites\/3\/2023\/05\/Estado-sistema-Carrion-a-22mayo2023-768x540.jpg 768w, https:\/\/www.asajacyl.com\/palencia\/wp-content\/uploads\/sites\/3\/2023\/05\/Estado-sistema-Carrion-a-22mayo2023-1536x1080.jpg 1536w, https:\/\/www.asajacyl.com\/palencia\/wp-content\/uploads\/sites\/3\/2023\/05\/Estado-sistema-Carrion-a-22mayo2023-2048x1440.jpg 2048w, https:\/\/www.asajacyl.com\/palencia\/wp-content\/uploads\/sites\/3\/2023\/05\/Estado-sistema-Carrion-a-22mayo2023-696x489.jpg 696w, https:\/\/www.asajacyl.com\/palencia\/wp-content\/uploads\/sites\/3\/2023\/05\/Estado-sistema-Carrion-a-22mayo2023-1068x751.jpg 1068w, https:\/\/www.asajacyl.com\/palencia\/wp-content\/uploads\/sites\/3\/2023\/05\/Estado-sistema-Carrion-a-22mayo2023-1920x1350.jpg 1920w, https:\/\/www.asajacyl.com\/palencia\/wp-content\/uploads\/sites\/3\/2023\/05\/Estado-sistema-Carrion-a-22mayo2023-597x420.jpg 597w\" sizes=\"(max-width: 1024px) 100vw, 1024px\" \/><\/figure>\n","protected":false},"excerpt":{"rendered":"<p>\u00b7 La Confederaci\u00f3n del Duero rebaja a los regantes del Carri\u00f3n de 4.500 a 4.000 los metros c\u00fabicos asignados por hect\u00e1rea, ante el descenso del volumen de agua embalsada \u00b7 El adelanto en las necesidades de riego por la sequ\u00eda motiva en parte que Camporredondo y Compuerto ya hayan bajado del nivel que ten\u00edan en [&hellip;]<\/p>\n","protected":false},"author":9,"featured_media":13276,"comment_status":"open","ping_status":"open","sticky":false,"template":"","format":"standard","meta":{"footnotes":""},"categories":[9,29,28],"tags":[58,134,92,55,93,136,135],"yoast_head":"<!-- This site is optimized with the Yoast SEO plugin v24.5 - https:\/\/yoast.com\/wordpress\/plugins\/seo\/ -->\n<title>El paso del sistema Pisuerga a \u00abalerta\u00bb y del Carri\u00f3n a \u00abprealerta\u00bb presagian otra campa\u00f1a de riego muy restrictiva - ASAJA Palencia<\/title>\n<meta name=\"description\" content=\"\u00b7 La Confederaci\u00f3n del Duero rebaja a los regantes del Carri\u00f3n de 4.500 a 4.000 los metros c\u00fabicos asignados por hect\u00e1rea, ante el descenso del volumen de\" \/>\n<meta name=\"robots\" content=\"index, follow, max-snippet:-1, max-image-preview:large, max-video-preview:-1\" \/>\n<link rel=\"canonical\" href=\"https:\/\/www.asajacyl.com\/palencia\/asaja-palencia-informa\/el-paso-del-sistema-pisuerga-a-alerta-y-del-carrion-a-prealerta-presagian-otra-campana-de-riego-muy-restrictiva\" \/>\n<meta property=\"og:locale\" content=\"es_ES\" \/>\n<meta property=\"og:type\" content=\"article\" \/>\n<meta property=\"og:title\" content=\"El paso del sistema Pisuerga a \u00abalerta\u00bb y del Carri\u00f3n a \u00abprealerta\u00bb presagian otra campa\u00f1a de riego muy restrictiva - ASAJA Palencia\" \/>\n<meta property=\"og:description\" content=\"\u00b7 La Confederaci\u00f3n del Duero rebaja a los regantes del Carri\u00f3n de 4.500 a 4.000 los metros c\u00fabicos asignados por hect\u00e1rea, ante el descenso del volumen de\" \/>\n<meta property=\"og:url\" content=\"https:\/\/www.asajacyl.com\/palencia\/asaja-palencia-informa\/el-paso-del-sistema-pisuerga-a-alerta-y-del-carrion-a-prealerta-presagian-otra-campana-de-riego-muy-restrictiva\" \/>\n<meta property=\"og:site_name\" content=\"ASAJA Palencia\" \/>\n<meta property=\"article:published_time\" content=\"2023-05-23T08:09:27+00:00\" \/>\n<meta property=\"article:modified_time\" content=\"2023-05-23T08:09:29+00:00\" \/>\n<meta property=\"og:image\" content=\"https:\/\/www.asajacyl.com\/palencia\/wp-content\/uploads\/sites\/3\/2023\/05\/Estado-sistemas-Pisuerga-y-Carrion-a-22mayo2023.jpg\" \/>\n\t<meta property=\"og:image:width\" content=\"2500\" \/>\n\t<meta property=\"og:image:height\" content=\"871\" \/>\n\t<meta property=\"og:image:type\" content=\"image\/jpeg\" \/>\n<meta name=\"author\" content=\"Administrador\" \/>\n<meta name=\"twitter:card\" content=\"summary_large_image\" \/>\n<meta name=\"twitter:label1\" content=\"Escrito por\" \/>\n\t<meta name=\"twitter:data1\" content=\"Administrador\" \/>\n\t<meta name=\"twitter:label2\" content=\"Tiempo de lectura\" \/>\n\t<meta name=\"twitter:data2\" content=\"7 minutos\" \/>\n<script type=\"application\/ld+json\" class=\"yoast-schema-graph\">{\"@context\":\"https:\/\/schema.org\",\"@graph\":[{\"@type\":\"WebPage\",\"@id\":\"https:\/\/www.asajacyl.com\/palencia\/asaja-palencia-informa\/el-paso-del-sistema-pisuerga-a-alerta-y-del-carrion-a-prealerta-presagian-otra-campana-de-riego-muy-restrictiva\",\"url\":\"https:\/\/www.asajacyl.com\/palencia\/asaja-palencia-informa\/el-paso-del-sistema-pisuerga-a-alerta-y-del-carrion-a-prealerta-presagian-otra-campana-de-riego-muy-restrictiva\",\"name\":\"El paso del sistema Pisuerga a \u00abalerta\u00bb y del Carri\u00f3n a \u00abprealerta\u00bb presagian otra campa\u00f1a de riego muy restrictiva - ASAJA Palencia\",\"isPartOf\":{\"@id\":\"https:\/\/www.asajacyl.com\/palencia\/#website\"},\"primaryImageOfPage\":{\"@id\":\"https:\/\/www.asajacyl.com\/palencia\/asaja-palencia-informa\/el-paso-del-sistema-pisuerga-a-alerta-y-del-carrion-a-prealerta-presagian-otra-campana-de-riego-muy-restrictiva#primaryimage\"},\"image\":{\"@id\":\"https:\/\/www.asajacyl.com\/palencia\/asaja-palencia-informa\/el-paso-del-sistema-pisuerga-a-alerta-y-del-carrion-a-prealerta-presagian-otra-campana-de-riego-muy-restrictiva#primaryimage\"},\"thumbnailUrl\":\"https:\/\/www.asajacyl.com\/palencia\/wp-content\/uploads\/sites\/3\/2023\/05\/Estado-sistemas-Pisuerga-y-Carrion-a-22mayo2023.jpg\",\"datePublished\":\"2023-05-23T08:09:27+00:00\",\"dateModified\":\"2023-05-23T08:09:29+00:00\",\"author\":{\"@id\":\"https:\/\/www.asajacyl.com\/palencia\/#\/schema\/person\/3ab17aeb03527485c317557fae64aab1\"},\"description\":\"\u00b7 La Confederaci\u00f3n del Duero rebaja a los regantes del Carri\u00f3n de 4.500 a 4.000 los metros c\u00fabicos asignados por hect\u00e1rea, ante el descenso del volumen de\",\"breadcrumb\":{\"@id\":\"https:\/\/www.asajacyl.com\/palencia\/asaja-palencia-informa\/el-paso-del-sistema-pisuerga-a-alerta-y-del-carrion-a-prealerta-presagian-otra-campana-de-riego-muy-restrictiva#breadcrumb\"},\"inLanguage\":\"es\",\"potentialAction\":[{\"@type\":\"ReadAction\",\"target\":[\"https:\/\/www.asajacyl.com\/palencia\/asaja-palencia-informa\/el-paso-del-sistema-pisuerga-a-alerta-y-del-carrion-a-prealerta-presagian-otra-campana-de-riego-muy-restrictiva\"]}]},{\"@type\":\"ImageObject\",\"inLanguage\":\"es\",\"@id\":\"https:\/\/www.asajacyl.com\/palencia\/asaja-palencia-informa\/el-paso-del-sistema-pisuerga-a-alerta-y-del-carrion-a-prealerta-presagian-otra-campana-de-riego-muy-restrictiva#primaryimage\",\"url\":\"https:\/\/www.asajacyl.com\/palencia\/wp-content\/uploads\/sites\/3\/2023\/05\/Estado-sistemas-Pisuerga-y-Carrion-a-22mayo2023.jpg\",\"contentUrl\":\"https:\/\/www.asajacyl.com\/palencia\/wp-content\/uploads\/sites\/3\/2023\/05\/Estado-sistemas-Pisuerga-y-Carrion-a-22mayo2023.jpg\",\"width\":2500,\"height\":871},{\"@type\":\"BreadcrumbList\",\"@id\":\"https:\/\/www.asajacyl.com\/palencia\/asaja-palencia-informa\/el-paso-del-sistema-pisuerga-a-alerta-y-del-carrion-a-prealerta-presagian-otra-campana-de-riego-muy-restrictiva#breadcrumb\",\"itemListElement\":[{\"@type\":\"ListItem\",\"position\":1,\"name\":\"Portada\",\"item\":\"https:\/\/www.asajacyl.com\/palencia\/\"},{\"@type\":\"ListItem\",\"position\":2,\"name\":\"El paso del sistema Pisuerga a \u00abalerta\u00bb y del Carri\u00f3n a \u00abprealerta\u00bb presagian otra campa\u00f1a de riego muy restrictiva\"}]},{\"@type\":\"WebSite\",\"@id\":\"https:\/\/www.asajacyl.com\/palencia\/#website\",\"url\":\"https:\/\/www.asajacyl.com\/palencia\/\",\"name\":\"ASAJA Palencia\",\"description\":\"Otro sitio m\u00e1s de Provincias ASAJA Castilla y Le\u00f3n\",\"potentialAction\":[{\"@type\":\"SearchAction\",\"target\":{\"@type\":\"EntryPoint\",\"urlTemplate\":\"https:\/\/www.asajacyl.com\/palencia\/?s={search_term_string}\"},\"query-input\":{\"@type\":\"PropertyValueSpecification\",\"valueRequired\":true,\"valueName\":\"search_term_string\"}}],\"inLanguage\":\"es\"},{\"@type\":\"Person\",\"@id\":\"https:\/\/www.asajacyl.com\/palencia\/#\/schema\/person\/3ab17aeb03527485c317557fae64aab1\",\"name\":\"Administrador\",\"image\":{\"@type\":\"ImageObject\",\"inLanguage\":\"es\",\"@id\":\"https:\/\/www.asajacyl.com\/palencia\/#\/schema\/person\/image\/\",\"url\":\"https:\/\/secure.gravatar.com\/avatar\/517384810d242ca9e38c180f3c9fb973?s=96&d=mm&r=g\",\"contentUrl\":\"https:\/\/secure.gravatar.com\/avatar\/517384810d242ca9e38c180f3c9fb973?s=96&d=mm&r=g\",\"caption\":\"Administrador\"},\"url\":\"https:\/\/www.asajacyl.com\/palencia\/author\/carlosrm\"}]}<\/script>\n<!-- \/ Yoast SEO plugin. -->","yoast_head_json":{"title":"El paso del sistema Pisuerga a \u00abalerta\u00bb y del Carri\u00f3n a \u00abprealerta\u00bb presagian otra campa\u00f1a de riego muy restrictiva - ASAJA Palencia","description":"\u00b7 La Confederaci\u00f3n del Duero rebaja a los regantes del Carri\u00f3n de 4.500 a 4.000 los metros c\u00fabicos asignados por hect\u00e1rea, ante el descenso del volumen de","robots":{"index":"index","follow":"follow","max-snippet":"max-snippet:-1","max-image-preview":"max-image-preview:large","max-video-preview":"max-video-preview:-1"},"canonical":"https:\/\/www.asajacyl.com\/palencia\/asaja-palencia-informa\/el-paso-del-sistema-pisuerga-a-alerta-y-del-carrion-a-prealerta-presagian-otra-campana-de-riego-muy-restrictiva","og_locale":"es_ES","og_type":"article","og_title":"El paso del sistema Pisuerga a \u00abalerta\u00bb y del Carri\u00f3n a \u00abprealerta\u00bb presagian otra campa\u00f1a de riego muy restrictiva - ASAJA Palencia","og_description":"\u00b7 La Confederaci\u00f3n del Duero rebaja a los regantes del Carri\u00f3n de 4.500 a 4.000 los metros c\u00fabicos asignados por hect\u00e1rea, ante el descenso del volumen de","og_url":"https:\/\/www.asajacyl.com\/palencia\/asaja-palencia-informa\/el-paso-del-sistema-pisuerga-a-alerta-y-del-carrion-a-prealerta-presagian-otra-campana-de-riego-muy-restrictiva","og_site_name":"ASAJA Palencia","article_published_time":"2023-05-23T08:09:27+00:00","article_modified_time":"2023-05-23T08:09:29+00:00","og_image":[{"width":2500,"height":871,"url":"https:\/\/www.asajacyl.com\/palencia\/wp-content\/uploads\/sites\/3\/2023\/05\/Estado-sistemas-Pisuerga-y-Carrion-a-22mayo2023.jpg","type":"image\/jpeg"}],"author":"Administrador","twitter_card":"summary_large_image","twitter_misc":{"Escrito por":"Administrador","Tiempo de lectura":"7 minutos"},"schema":{"@context":"https:\/\/schema.org","@graph":[{"@type":"WebPage","@id":"https:\/\/www.asajacyl.com\/palencia\/asaja-palencia-informa\/el-paso-del-sistema-pisuerga-a-alerta-y-del-carrion-a-prealerta-presagian-otra-campana-de-riego-muy-restrictiva","url":"https:\/\/www.asajacyl.com\/palencia\/asaja-palencia-informa\/el-paso-del-sistema-pisuerga-a-alerta-y-del-carrion-a-prealerta-presagian-otra-campana-de-riego-muy-restrictiva","name":"El paso del sistema Pisuerga a \u00abalerta\u00bb y del Carri\u00f3n a \u00abprealerta\u00bb presagian otra campa\u00f1a de riego muy restrictiva - ASAJA Palencia","isPartOf":{"@id":"https:\/\/www.asajacyl.com\/palencia\/#website"},"primaryImageOfPage":{"@id":"https:\/\/www.asajacyl.com\/palencia\/asaja-palencia-informa\/el-paso-del-sistema-pisuerga-a-alerta-y-del-carrion-a-prealerta-presagian-otra-campana-de-riego-muy-restrictiva#primaryimage"},"image":{"@id":"https:\/\/www.asajacyl.com\/palencia\/asaja-palencia-informa\/el-paso-del-sistema-pisuerga-a-alerta-y-del-carrion-a-prealerta-presagian-otra-campana-de-riego-muy-restrictiva#primaryimage"},"thumbnailUrl":"https:\/\/www.asajacyl.com\/palencia\/wp-content\/uploads\/sites\/3\/2023\/05\/Estado-sistemas-Pisuerga-y-Carrion-a-22mayo2023.jpg","datePublished":"2023-05-23T08:09:27+00:00","dateModified":"2023-05-23T08:09:29+00:00","author":{"@id":"https:\/\/www.asajacyl.com\/palencia\/#\/schema\/person\/3ab17aeb03527485c317557fae64aab1"},"description":"\u00b7 La Confederaci\u00f3n del Duero rebaja a los regantes del Carri\u00f3n de 4.500 a 4.000 los metros c\u00fabicos asignados por hect\u00e1rea, ante el descenso del volumen de","breadcrumb":{"@id":"https:\/\/www.asajacyl.com\/palencia\/asaja-palencia-informa\/el-paso-del-sistema-pisuerga-a-alerta-y-del-carrion-a-prealerta-presagian-otra-campana-de-riego-muy-restrictiva#breadcrumb"},"inLanguage":"es","potentialAction":[{"@type":"ReadAction","target":["https:\/\/www.asajacyl.com\/palencia\/asaja-palencia-informa\/el-paso-del-sistema-pisuerga-a-alerta-y-del-carrion-a-prealerta-presagian-otra-campana-de-riego-muy-restrictiva"]}]},{"@type":"ImageObject","inLanguage":"es","@id":"https:\/\/www.asajacyl.com\/palencia\/asaja-palencia-informa\/el-paso-del-sistema-pisuerga-a-alerta-y-del-carrion-a-prealerta-presagian-otra-campana-de-riego-muy-restrictiva#primaryimage","url":"https:\/\/www.asajacyl.com\/palencia\/wp-content\/uploads\/sites\/3\/2023\/05\/Estado-sistemas-Pisuerga-y-Carrion-a-22mayo2023.jpg","contentUrl":"https:\/\/www.asajacyl.com\/palencia\/wp-content\/uploads\/sites\/3\/2023\/05\/Estado-sistemas-Pisuerga-y-Carrion-a-22mayo2023.jpg","width":2500,"height":871},{"@type":"BreadcrumbList","@id":"https:\/\/www.asajacyl.com\/palencia\/asaja-palencia-informa\/el-paso-del-sistema-pisuerga-a-alerta-y-del-carrion-a-prealerta-presagian-otra-campana-de-riego-muy-restrictiva#breadcrumb","itemListElement":[{"@type":"ListItem","position":1,"name":"Portada","item":"https:\/\/www.asajacyl.com\/palencia\/"},{"@type":"ListItem","position":2,"name":"El paso del sistema Pisuerga a \u00abalerta\u00bb y del Carri\u00f3n a \u00abprealerta\u00bb presagian otra campa\u00f1a de riego muy restrictiva"}]},{"@type":"WebSite","@id":"https:\/\/www.asajacyl.com\/palencia\/#website","url":"https:\/\/www.asajacyl.com\/palencia\/","name":"ASAJA Palencia","description":"Otro sitio m\u00e1s de Provincias ASAJA Castilla y Le\u00f3n","potentialAction":[{"@type":"SearchAction","target":{"@type":"EntryPoint","urlTemplate":"https:\/\/www.asajacyl.com\/palencia\/?s={search_term_string}"},"query-input":{"@type":"PropertyValueSpecification","valueRequired":true,"valueName":"search_term_string"}}],"inLanguage":"es"},{"@type":"Person","@id":"https:\/\/www.asajacyl.com\/palencia\/#\/schema\/person\/3ab17aeb03527485c317557fae64aab1","name":"Administrador","image":{"@type":"ImageObject","inLanguage":"es","@id":"https:\/\/www.asajacyl.com\/palencia\/#\/schema\/person\/image\/","url":"https:\/\/secure.gravatar.com\/avatar\/517384810d242ca9e38c180f3c9fb973?s=96&d=mm&r=g","contentUrl":"https:\/\/secure.gravatar.com\/avatar\/517384810d242ca9e38c180f3c9fb973?s=96&d=mm&r=g","caption":"Administrador"},"url":"https:\/\/www.asajacyl.com\/palencia\/author\/carlosrm"}]}},"_links":{"self":[{"href":"https:\/\/www.asajacyl.com\/palencia\/wp-json\/wp\/v2\/posts\/13273"}],"collection":[{"href":"https:\/\/www.asajacyl.com\/palencia\/wp-json\/wp\/v2\/posts"}],"about":[{"href":"https:\/\/www.asajacyl.com\/palencia\/wp-json\/wp\/v2\/types\/post"}],"author":[{"embeddable":true,"href":"https:\/\/www.asajacyl.com\/palencia\/wp-json\/wp\/v2\/users\/9"}],"replies":[{"embeddable":true,"href":"https:\/\/www.asajacyl.com\/palencia\/wp-json\/wp\/v2\/comments?post=13273"}],"version-history":[{"count":1,"href":"https:\/\/www.asajacyl.com\/palencia\/wp-json\/wp\/v2\/posts\/13273\/revisions"}],"predecessor-version":[{"id":13277,"href":"https:\/\/www.asajacyl.com\/palencia\/wp-json\/wp\/v2\/posts\/13273\/revisions\/13277"}],"wp:featuredmedia":[{"embeddable":true,"href":"https:\/\/www.asajacyl.com\/palencia\/wp-json\/wp\/v2\/media\/13276"}],"wp:attachment":[{"href":"https:\/\/www.asajacyl.com\/palencia\/wp-json\/wp\/v2\/media?parent=13273"}],"wp:term":[{"taxonomy":"category","embeddable":true,"href":"https:\/\/www.asajacyl.com\/palencia\/wp-json\/wp\/v2\/categories?post=13273"},{"taxonomy":"post_tag","embeddable":true,"href":"https:\/\/www.asajacyl.com\/palencia\/wp-json\/wp\/v2\/tags?post=13273"}],"curies":[{"name":"wp","href":"https:\/\/api.w.org\/{rel}","templated":true}]}}