{"id":13292,"date":"2023-05-27T09:36:22","date_gmt":"2023-05-27T07:36:22","guid":{"rendered":"https:\/\/www.asajacyl.com\/palencia\/?p=13292"},"modified":"2023-05-25T10:23:17","modified_gmt":"2023-05-25T08:23:17","slug":"los-regantes-del-canal-del-pisuerga-inquietos-por-la-roturas-de-tuberias-del-sector-c","status":"publish","type":"post","link":"https:\/\/www.asajacyl.com\/palencia\/asaja-palencia-informa\/los-regantes-del-canal-del-pisuerga-inquietos-por-la-roturas-de-tuberias-del-sector-c","title":{"rendered":"Los regantes del Canal del Pisuerga, inquietos por la roturas de tuber\u00edas del sector C"},"content":{"rendered":"\n<h2 class=\"wp-block-heading\">La Comunidad de Regantes Canal del Pisuerga, que abarca m\u00e1s de doce mil hect\u00e1reas en veintid\u00f3s t\u00e9rminos municipales de Palencia y Burgos, ha manifestado a trav\u00e9s de un comunicado su preocupaci\u00f3n por el elevado n\u00famero de roturas de tuber\u00edas detectado en el Sector C. Se trata de una zona regable modernizada donde se han contabilizado ya siete casos de rotura desde primeros de abril, con la consiguiente fuga de agua en un a\u00f1o tan condicionado por la sequ\u00eda como el actual y el perjuicio econ\u00f3mico para la comunidad, que ha tenido que afrontar un gasto en reparaciones por un montante cercano a los 300.000 euros.<\/h2>\n\n\n\n<p>La persistencia de este fen\u00f3meno origina adem\u00e1s problemas de organizaci\u00f3n a los agricultores en los riegos programados cada d\u00eda, al producirse p\u00e9rdidas de caudal en una campa\u00f1a con una dotaci\u00f3n asignada por la Confederaci\u00f3n Hidrogr\u00e1fica del Duero al Sistema Pisuerga-Bajo Duero de tan solo 3.500 metros c\u00fabicos por hect\u00e1rea, como consecuencia del bajo volumen de reservas en los embalses de Requejada, Cervera-Ruesga y Aguilar de Campoo.<\/p>\n\n\n\n<p>La Comunidad de Regantes Canal del Pisuerga considera que este tipo de fallos en las infraestructuras de riego sobrepasan los l\u00edmites de la normalidad, por lo que pide al Ministerio de Agricultura que averig\u00fce las causas de esta elevada incidencia, que pueden guardar relaci\u00f3n con la fatiga de los materiales empleados. <\/p>\n\n\n\n<p>En este sentido, los datos disponibles confirman que desde 2011 se han contabilizado hasta noventa y dos roturas de tuber\u00edas en el citado Sector C, que comprende los t\u00e9rminos palentinos de <strong>Melgar de Yuso, Itero de la Vega<\/strong> y <strong>Lantadilla<\/strong>, con una red de 65,7 kil\u00f3metros de longitud y 317 hidrantes de riego para suministrar agua a casi 2.700 hect\u00e1reas de superficie. La mayor\u00eda de las roturas se han producido durante los \u00faltimos cinco a\u00f1os (73 casos).<\/p>\n\n\n\n<p>Esta comunidad de regantes denuncia que ha tenido que hacer frente a reparaciones de urgencia en las tuber\u00edas de dicho sector por un montante de m\u00e1s de 297.000 euros, con personal y medio propios, cifra que supone una d\u00e9cima parte de su presupuesto, ya que no todas las obras est\u00e1n cubiertas por los seguros, lo que genera un claro perjuicio econ\u00f3mico.<strong>\/<\/strong><\/p>\n","protected":false},"excerpt":{"rendered":"<p>La Comunidad de Regantes Canal del Pisuerga, que abarca m\u00e1s de doce mil hect\u00e1reas en veintid\u00f3s t\u00e9rminos municipales de Palencia y Burgos, ha manifestado a trav\u00e9s de un comunicado su preocupaci\u00f3n por el elevado n\u00famero de roturas de tuber\u00edas detectado en el Sector C. Se trata de una zona regable modernizada donde se han contabilizado [&hellip;]<\/p>\n","protected":false},"author":9,"featured_media":13293,"comment_status":"open","ping_status":"open","sticky":false,"template":"","format":"standard","meta":{"footnotes":""},"categories":[9,29,28],"tags":[58,199,134,202,200,201,110,55,93],"yoast_head":"<!-- This site is optimized with the Yoast SEO plugin v24.5 - https:\/\/yoast.com\/wordpress\/plugins\/seo\/ -->\n<title>Los regantes del Canal del Pisuerga, inquietos por la roturas de tuber\u00edas del sector C - ASAJA Palencia<\/title>\n<meta name=\"description\" content=\"La Comunidad de Regantes Canal del Pisuerga, que abarca m\u00e1s de doce mil hect\u00e1reas en veintid\u00f3s t\u00e9rminos municipales de Palencia y Burgos, ha manifestado a\" \/>\n<meta name=\"robots\" content=\"index, follow, max-snippet:-1, max-image-preview:large, max-video-preview:-1\" \/>\n<link rel=\"canonical\" href=\"https:\/\/www.asajacyl.com\/palencia\/asaja-palencia-informa\/los-regantes-del-canal-del-pisuerga-inquietos-por-la-roturas-de-tuberias-del-sector-c\" \/>\n<meta property=\"og:locale\" content=\"es_ES\" \/>\n<meta property=\"og:type\" content=\"article\" \/>\n<meta property=\"og:title\" content=\"Los regantes del Canal del Pisuerga, inquietos por la roturas de tuber\u00edas del sector C - ASAJA Palencia\" \/>\n<meta property=\"og:description\" content=\"La Comunidad de Regantes Canal del Pisuerga, que abarca m\u00e1s de doce mil hect\u00e1reas en veintid\u00f3s t\u00e9rminos municipales de Palencia y Burgos, ha manifestado a\" \/>\n<meta property=\"og:url\" content=\"https:\/\/www.asajacyl.com\/palencia\/asaja-palencia-informa\/los-regantes-del-canal-del-pisuerga-inquietos-por-la-roturas-de-tuberias-del-sector-c\" \/>\n<meta property=\"og:site_name\" content=\"ASAJA Palencia\" \/>\n<meta property=\"article:published_time\" content=\"2023-05-27T07:36:22+00:00\" \/>\n<meta property=\"og:image\" content=\"https:\/\/www.asajacyl.com\/palencia\/wp-content\/uploads\/sites\/3\/2023\/05\/Sector-C-Canal-Pisuerga-Lantadilla-Itero-Melgar.jpg\" \/>\n\t<meta property=\"og:image:width\" content=\"628\" \/>\n\t<meta property=\"og:image:height\" content=\"603\" \/>\n\t<meta property=\"og:image:type\" content=\"image\/jpeg\" \/>\n<meta name=\"author\" content=\"Administrador\" \/>\n<meta name=\"twitter:card\" content=\"summary_large_image\" \/>\n<meta name=\"twitter:label1\" content=\"Escrito por\" \/>\n\t<meta name=\"twitter:data1\" content=\"Administrador\" \/>\n\t<meta name=\"twitter:label2\" content=\"Tiempo de lectura\" \/>\n\t<meta name=\"twitter:data2\" content=\"2 minutos\" \/>\n<script type=\"application\/ld+json\" class=\"yoast-schema-graph\">{\"@context\":\"https:\/\/schema.org\",\"@graph\":[{\"@type\":\"WebPage\",\"@id\":\"https:\/\/www.asajacyl.com\/palencia\/asaja-palencia-informa\/los-regantes-del-canal-del-pisuerga-inquietos-por-la-roturas-de-tuberias-del-sector-c\",\"url\":\"https:\/\/www.asajacyl.com\/palencia\/asaja-palencia-informa\/los-regantes-del-canal-del-pisuerga-inquietos-por-la-roturas-de-tuberias-del-sector-c\",\"name\":\"Los regantes del Canal del Pisuerga, inquietos por la roturas de tuber\u00edas del sector C - ASAJA Palencia\",\"isPartOf\":{\"@id\":\"https:\/\/www.asajacyl.com\/palencia\/#website\"},\"primaryImageOfPage\":{\"@id\":\"https:\/\/www.asajacyl.com\/palencia\/asaja-palencia-informa\/los-regantes-del-canal-del-pisuerga-inquietos-por-la-roturas-de-tuberias-del-sector-c#primaryimage\"},\"image\":{\"@id\":\"https:\/\/www.asajacyl.com\/palencia\/asaja-palencia-informa\/los-regantes-del-canal-del-pisuerga-inquietos-por-la-roturas-de-tuberias-del-sector-c#primaryimage\"},\"thumbnailUrl\":\"https:\/\/www.asajacyl.com\/palencia\/wp-content\/uploads\/sites\/3\/2023\/05\/Sector-C-Canal-Pisuerga-Lantadilla-Itero-Melgar.jpg\",\"datePublished\":\"2023-05-27T07:36:22+00:00\",\"author\":{\"@id\":\"https:\/\/www.asajacyl.com\/palencia\/#\/schema\/person\/3ab17aeb03527485c317557fae64aab1\"},\"description\":\"La Comunidad de Regantes Canal del Pisuerga, que abarca m\u00e1s de doce mil hect\u00e1reas en veintid\u00f3s t\u00e9rminos municipales de Palencia y Burgos, ha manifestado a\",\"breadcrumb\":{\"@id\":\"https:\/\/www.asajacyl.com\/palencia\/asaja-palencia-informa\/los-regantes-del-canal-del-pisuerga-inquietos-por-la-roturas-de-tuberias-del-sector-c#breadcrumb\"},\"inLanguage\":\"es\",\"potentialAction\":[{\"@type\":\"ReadAction\",\"target\":[\"https:\/\/www.asajacyl.com\/palencia\/asaja-palencia-informa\/los-regantes-del-canal-del-pisuerga-inquietos-por-la-roturas-de-tuberias-del-sector-c\"]}]},{\"@type\":\"ImageObject\",\"inLanguage\":\"es\",\"@id\":\"https:\/\/www.asajacyl.com\/palencia\/asaja-palencia-informa\/los-regantes-del-canal-del-pisuerga-inquietos-por-la-roturas-de-tuberias-del-sector-c#primaryimage\",\"url\":\"https:\/\/www.asajacyl.com\/palencia\/wp-content\/uploads\/sites\/3\/2023\/05\/Sector-C-Canal-Pisuerga-Lantadilla-Itero-Melgar.jpg\",\"contentUrl\":\"https:\/\/www.asajacyl.com\/palencia\/wp-content\/uploads\/sites\/3\/2023\/05\/Sector-C-Canal-Pisuerga-Lantadilla-Itero-Melgar.jpg\",\"width\":628,\"height\":603},{\"@type\":\"BreadcrumbList\",\"@id\":\"https:\/\/www.asajacyl.com\/palencia\/asaja-palencia-informa\/los-regantes-del-canal-del-pisuerga-inquietos-por-la-roturas-de-tuberias-del-sector-c#breadcrumb\",\"itemListElement\":[{\"@type\":\"ListItem\",\"position\":1,\"name\":\"Portada\",\"item\":\"https:\/\/www.asajacyl.com\/palencia\/\"},{\"@type\":\"ListItem\",\"position\":2,\"name\":\"Los regantes del Canal del Pisuerga, inquietos por la roturas de tuber\u00edas del sector C\"}]},{\"@type\":\"WebSite\",\"@id\":\"https:\/\/www.asajacyl.com\/palencia\/#website\",\"url\":\"https:\/\/www.asajacyl.com\/palencia\/\",\"name\":\"ASAJA Palencia\",\"description\":\"Otro sitio m\u00e1s de Provincias ASAJA Castilla y Le\u00f3n\",\"potentialAction\":[{\"@type\":\"SearchAction\",\"target\":{\"@type\":\"EntryPoint\",\"urlTemplate\":\"https:\/\/www.asajacyl.com\/palencia\/?s={search_term_string}\"},\"query-input\":{\"@type\":\"PropertyValueSpecification\",\"valueRequired\":true,\"valueName\":\"search_term_string\"}}],\"inLanguage\":\"es\"},{\"@type\":\"Person\",\"@id\":\"https:\/\/www.asajacyl.com\/palencia\/#\/schema\/person\/3ab17aeb03527485c317557fae64aab1\",\"name\":\"Administrador\",\"image\":{\"@type\":\"ImageObject\",\"inLanguage\":\"es\",\"@id\":\"https:\/\/www.asajacyl.com\/palencia\/#\/schema\/person\/image\/\",\"url\":\"https:\/\/secure.gravatar.com\/avatar\/517384810d242ca9e38c180f3c9fb973?s=96&d=mm&r=g\",\"contentUrl\":\"https:\/\/secure.gravatar.com\/avatar\/517384810d242ca9e38c180f3c9fb973?s=96&d=mm&r=g\",\"caption\":\"Administrador\"},\"url\":\"https:\/\/www.asajacyl.com\/palencia\/author\/carlosrm\"}]}<\/script>\n<!-- \/ Yoast SEO plugin. -->","yoast_head_json":{"title":"Los regantes del Canal del Pisuerga, inquietos por la roturas de tuber\u00edas del sector C - ASAJA Palencia","description":"La Comunidad de Regantes Canal del Pisuerga, que abarca m\u00e1s de doce mil hect\u00e1reas en veintid\u00f3s t\u00e9rminos municipales de Palencia y Burgos, ha manifestado a","robots":{"index":"index","follow":"follow","max-snippet":"max-snippet:-1","max-image-preview":"max-image-preview:large","max-video-preview":"max-video-preview:-1"},"canonical":"https:\/\/www.asajacyl.com\/palencia\/asaja-palencia-informa\/los-regantes-del-canal-del-pisuerga-inquietos-por-la-roturas-de-tuberias-del-sector-c","og_locale":"es_ES","og_type":"article","og_title":"Los regantes del Canal del Pisuerga, inquietos por la roturas de tuber\u00edas del sector C - ASAJA Palencia","og_description":"La Comunidad de Regantes Canal del Pisuerga, que abarca m\u00e1s de doce mil hect\u00e1reas en veintid\u00f3s t\u00e9rminos municipales de Palencia y Burgos, ha manifestado a","og_url":"https:\/\/www.asajacyl.com\/palencia\/asaja-palencia-informa\/los-regantes-del-canal-del-pisuerga-inquietos-por-la-roturas-de-tuberias-del-sector-c","og_site_name":"ASAJA Palencia","article_published_time":"2023-05-27T07:36:22+00:00","og_image":[{"width":628,"height":603,"url":"https:\/\/www.asajacyl.com\/palencia\/wp-content\/uploads\/sites\/3\/2023\/05\/Sector-C-Canal-Pisuerga-Lantadilla-Itero-Melgar.jpg","type":"image\/jpeg"}],"author":"Administrador","twitter_card":"summary_large_image","twitter_misc":{"Escrito por":"Administrador","Tiempo de lectura":"2 minutos"},"schema":{"@context":"https:\/\/schema.org","@graph":[{"@type":"WebPage","@id":"https:\/\/www.asajacyl.com\/palencia\/asaja-palencia-informa\/los-regantes-del-canal-del-pisuerga-inquietos-por-la-roturas-de-tuberias-del-sector-c","url":"https:\/\/www.asajacyl.com\/palencia\/asaja-palencia-informa\/los-regantes-del-canal-del-pisuerga-inquietos-por-la-roturas-de-tuberias-del-sector-c","name":"Los regantes del Canal del Pisuerga, inquietos por la roturas de tuber\u00edas del sector C - ASAJA Palencia","isPartOf":{"@id":"https:\/\/www.asajacyl.com\/palencia\/#website"},"primaryImageOfPage":{"@id":"https:\/\/www.asajacyl.com\/palencia\/asaja-palencia-informa\/los-regantes-del-canal-del-pisuerga-inquietos-por-la-roturas-de-tuberias-del-sector-c#primaryimage"},"image":{"@id":"https:\/\/www.asajacyl.com\/palencia\/asaja-palencia-informa\/los-regantes-del-canal-del-pisuerga-inquietos-por-la-roturas-de-tuberias-del-sector-c#primaryimage"},"thumbnailUrl":"https:\/\/www.asajacyl.com\/palencia\/wp-content\/uploads\/sites\/3\/2023\/05\/Sector-C-Canal-Pisuerga-Lantadilla-Itero-Melgar.jpg","datePublished":"2023-05-27T07:36:22+00:00","author":{"@id":"https:\/\/www.asajacyl.com\/palencia\/#\/schema\/person\/3ab17aeb03527485c317557fae64aab1"},"description":"La Comunidad de Regantes Canal del Pisuerga, que abarca m\u00e1s de doce mil hect\u00e1reas en veintid\u00f3s t\u00e9rminos municipales de Palencia y Burgos, ha manifestado a","breadcrumb":{"@id":"https:\/\/www.asajacyl.com\/palencia\/asaja-palencia-informa\/los-regantes-del-canal-del-pisuerga-inquietos-por-la-roturas-de-tuberias-del-sector-c#breadcrumb"},"inLanguage":"es","potentialAction":[{"@type":"ReadAction","target":["https:\/\/www.asajacyl.com\/palencia\/asaja-palencia-informa\/los-regantes-del-canal-del-pisuerga-inquietos-por-la-roturas-de-tuberias-del-sector-c"]}]},{"@type":"ImageObject","inLanguage":"es","@id":"https:\/\/www.asajacyl.com\/palencia\/asaja-palencia-informa\/los-regantes-del-canal-del-pisuerga-inquietos-por-la-roturas-de-tuberias-del-sector-c#primaryimage","url":"https:\/\/www.asajacyl.com\/palencia\/wp-content\/uploads\/sites\/3\/2023\/05\/Sector-C-Canal-Pisuerga-Lantadilla-Itero-Melgar.jpg","contentUrl":"https:\/\/www.asajacyl.com\/palencia\/wp-content\/uploads\/sites\/3\/2023\/05\/Sector-C-Canal-Pisuerga-Lantadilla-Itero-Melgar.jpg","width":628,"height":603},{"@type":"BreadcrumbList","@id":"https:\/\/www.asajacyl.com\/palencia\/asaja-palencia-informa\/los-regantes-del-canal-del-pisuerga-inquietos-por-la-roturas-de-tuberias-del-sector-c#breadcrumb","itemListElement":[{"@type":"ListItem","position":1,"name":"Portada","item":"https:\/\/www.asajacyl.com\/palencia\/"},{"@type":"ListItem","position":2,"name":"Los regantes del Canal del Pisuerga, inquietos por la roturas de tuber\u00edas del sector C"}]},{"@type":"WebSite","@id":"https:\/\/www.asajacyl.com\/palencia\/#website","url":"https:\/\/www.asajacyl.com\/palencia\/","name":"ASAJA Palencia","description":"Otro sitio m\u00e1s de Provincias ASAJA Castilla y Le\u00f3n","potentialAction":[{"@type":"SearchAction","target":{"@type":"EntryPoint","urlTemplate":"https:\/\/www.asajacyl.com\/palencia\/?s={search_term_string}"},"query-input":{"@type":"PropertyValueSpecification","valueRequired":true,"valueName":"search_term_string"}}],"inLanguage":"es"},{"@type":"Person","@id":"https:\/\/www.asajacyl.com\/palencia\/#\/schema\/person\/3ab17aeb03527485c317557fae64aab1","name":"Administrador","image":{"@type":"ImageObject","inLanguage":"es","@id":"https:\/\/www.asajacyl.com\/palencia\/#\/schema\/person\/image\/","url":"https:\/\/secure.gravatar.com\/avatar\/517384810d242ca9e38c180f3c9fb973?s=96&d=mm&r=g","contentUrl":"https:\/\/secure.gravatar.com\/avatar\/517384810d242ca9e38c180f3c9fb973?s=96&d=mm&r=g","caption":"Administrador"},"url":"https:\/\/www.asajacyl.com\/palencia\/author\/carlosrm"}]}},"_links":{"self":[{"href":"https:\/\/www.asajacyl.com\/palencia\/wp-json\/wp\/v2\/posts\/13292"}],"collection":[{"href":"https:\/\/www.asajacyl.com\/palencia\/wp-json\/wp\/v2\/posts"}],"about":[{"href":"https:\/\/www.asajacyl.com\/palencia\/wp-json\/wp\/v2\/types\/post"}],"author":[{"embeddable":true,"href":"https:\/\/www.asajacyl.com\/palencia\/wp-json\/wp\/v2\/users\/9"}],"replies":[{"embeddable":true,"href":"https:\/\/www.asajacyl.com\/palencia\/wp-json\/wp\/v2\/comments?post=13292"}],"version-history":[{"count":1,"href":"https:\/\/www.asajacyl.com\/palencia\/wp-json\/wp\/v2\/posts\/13292\/revisions"}],"predecessor-version":[{"id":13294,"href":"https:\/\/www.asajacyl.com\/palencia\/wp-json\/wp\/v2\/posts\/13292\/revisions\/13294"}],"wp:featuredmedia":[{"embeddable":true,"href":"https:\/\/www.asajacyl.com\/palencia\/wp-json\/wp\/v2\/media\/13293"}],"wp:attachment":[{"href":"https:\/\/www.asajacyl.com\/palencia\/wp-json\/wp\/v2\/media?parent=13292"}],"wp:term":[{"taxonomy":"category","embeddable":true,"href":"https:\/\/www.asajacyl.com\/palencia\/wp-json\/wp\/v2\/categories?post=13292"},{"taxonomy":"post_tag","embeddable":true,"href":"https:\/\/www.asajacyl.com\/palencia\/wp-json\/wp\/v2\/tags?post=13292"}],"curies":[{"name":"wp","href":"https:\/\/api.w.org\/{rel}","templated":true}]}}