{"id":13300,"date":"2023-05-25T13:17:42","date_gmt":"2023-05-25T11:17:42","guid":{"rendered":"https:\/\/www.asajacyl.com\/palencia\/?p=13300"},"modified":"2023-05-25T13:17:44","modified_gmt":"2023-05-25T11:17:44","slug":"vinalta-y-tablares-unicos-primeros-premios-palentinos-en-la-xxxvi-feria-de-ovino-de-raza-churra","status":"publish","type":"post","link":"https:\/\/www.asajacyl.com\/palencia\/asaja-palencia-informa\/vinalta-y-tablares-unicos-primeros-premios-palentinos-en-la-xxxvi-feria-de-ovino-de-raza-churra","title":{"rendered":"Vi\u00f1alta y Tablares, \u00fanicos primeros premios palentinos en la XXXVI Feria de Ovino de Raza Churra"},"content":{"rendered":"\n<h2 class=\"wp-block-heading\">El Centro Integrado de Formaci\u00f3n Profesional &#8216;Vi\u00f1alta&#8217; y la Explotaci\u00f3n Agropecuaria \u00abDehesa de Tablares\u00bb, dependientes de la Junta de Castilla y Le\u00f3n y de la Diputaci\u00f3n de Palencia, respectivamente, han obtenido primeros premios en concursos celebrados coincidiendo con la XXXVI Feria Nacional de Ovino Selecto de Raza Churra, organizado el pasado fin de semana en la capital palentina por ANCHE (Asociaci\u00f3n Nacional de Criadores de Ganado Ovino de Raza Churra). Por su parte, <strong>C\u00e9sar Garc\u00eda Guti\u00e9rrez, ganadero de Villaumbrales y socio de ASAJA-Palencia<\/strong>, qued\u00f3 segundo con su lote en la secci\u00f3n del concurso morfol\u00f3gico en la secci\u00f3n de cuatro hembras mayores de dos a\u00f1os. El palentino <strong>\u00c1lvaro Renedo Bustillo, de Fr\u00f3mista<\/strong>, gan\u00f3 el concurso de fotograf\u00eda.<\/h2>\n\n\n\n<p>El ganadero Jes\u00fas \u00c1ngel Sahag\u00fan Mart\u00edn, de Villabr\u00e1gima (Valladolid), result\u00f3 ganador del XIII Concurso de Cantidad de Leche Orde\u00f1ada de Raza Churra con un ejemplar que logr\u00f3 210 litros en 193 d\u00edas. Este mismo ganadero tambi\u00e9n obtuvo el Premio Especial a la Oveja con Mayor Producci\u00f3n ANCHE 2022, con 757 litros en 366 d\u00edas. <\/p>\n\n\n\n<p>En el XVIII Concurso de Calidad de la Leche de Raza Churra, el primer premio recay\u00f3 en Luis Sanz Rinc\u00f3n, de Moradillo de Roa (Burgos). El palentino <strong>CIFP Vi\u00f1alta<\/strong> qued\u00f3 en tercera posici\u00f3n en este concurso. En el XVVII Concurso de Calidad del Lechazo de Raza Churra gan\u00f3 Jos\u00e9 de Pedro Blanco, de Luelmo, de la comarca zamorana de Sayago.<\/p>\n\n\n\n<p><strong>INSEMINACI\u00d3N. <\/strong>En el XVI Concurso de Inseminaci\u00f3n de Raza Churra, tambi\u00e9n obtuvieron los dos primeros premios, respectivamente, la Diputaci\u00f3n de Palencia, con su explotaci\u00f3n de la Dehesa de Tablares, en Congosto de Valdavia, con una fertilidad del 78% en un lote de 52 ovejas; y el Centro Integrado Vi\u00f1alta, con una fertilidad del 73,58% en un lote de 55 ovejas.<\/p>\n\n\n\n<p>Los premios del concurso morfol\u00f3gico en las diferentes secciones fueron los siguientes:<\/p>\n\n\n\n<ul>\n<li>Secci\u00f3n primera (lote de cuatro hembras mayores de dos a\u00f1os): SAT Bonisa, de Mayorga (Valladolid). En esta secci\u00f3n, el segundo mejor lote fue el de <strong>C\u00e9sar Garc\u00eda Guti\u00e9rrez, de Villaumbrales (Palencia)<\/strong>.<\/li>\n\n\n\n<li>Secci\u00f3n segunda (lote de dos machos mayores de dos a\u00f1os), SAT Bonisa, de Mayorga (Valladolid)<\/li>\n\n\n\n<li>Secci\u00f3n tercera (cuatro hembras de uno a dos a\u00f1os), <strong>Centro Integrado de FP Vi\u00f1alta (Palencia)<\/strong><\/li>\n\n\n\n<li>Secci\u00f3n cuarta (dos machos de uno a dos a\u00f1os), Jos\u00e9 Luis Blanco Mart\u00edn, de Carrasco (Salamanca). El segundo mejor lote de esta secci\u00f3n fue presentado por la <strong>Dehesa de Tablares, Diputaci\u00f3n de Palencia (Congosto de Valdavia)<\/strong>.<\/li>\n\n\n\n<li>Secci\u00f3n quinta (lote de cuatro hembras hasta doce meses), Luis Carrero Pascual, de Torregamones (Zamora) y <\/li>\n\n\n\n<li>Secci\u00f3n sexta (dos machos hasta doce meses),<strong> Dehesa de Tablares, Diputaci\u00f3n de Palencia (Congosto de Valdavia)<\/strong>. El <strong>CIFP Vi\u00f1alta de Palencia<\/strong> obtuvo el segundo puesto en esta secci\u00f3n.<\/li>\n<\/ul>\n\n\n\n<p>En el X Concurso de Fotograf\u00eda de la Raza Churra, el ganador fue el palentino <strong>\u00c1lvaro Renedo Bustillo, de Fr\u00f3mista,<\/strong> con su fotograf\u00eda &#8216;De vuelta a casa&#8217;, mientras el segundo premio recay\u00f3 en Alba Barrul Santos, por una imagen titulada &#8216;Sin quitar ojo a su peque\u00f1o&#8217;.<\/p>\n","protected":false},"excerpt":{"rendered":"<p>El Centro Integrado de Formaci\u00f3n Profesional &#8216;Vi\u00f1alta&#8217; y la Explotaci\u00f3n Agropecuaria \u00abDehesa de Tablares\u00bb, dependientes de la Junta de Castilla y Le\u00f3n y de la Diputaci\u00f3n de Palencia, respectivamente, han obtenido primeros premios en concursos celebrados coincidiendo con la XXXVI Feria Nacional de Ovino Selecto de Raza Churra, organizado el pasado fin de semana en [&hellip;]<\/p>\n","protected":false},"author":9,"featured_media":13301,"comment_status":"open","ping_status":"open","sticky":false,"template":"","format":"standard","meta":{"footnotes":""},"categories":[9,29,28],"tags":[203,188,77,66,121,143,204,206,205,108],"yoast_head":"<!-- This site is optimized with the Yoast SEO plugin v24.5 - https:\/\/yoast.com\/wordpress\/plugins\/seo\/ -->\n<title>Vi\u00f1alta y Tablares, \u00fanicos primeros premios palentinos en la XXXVI Feria de Ovino de Raza Churra - ASAJA Palencia<\/title>\n<meta name=\"description\" content=\"El Centro Integrado de Formaci\u00f3n Profesional &#039;Vi\u00f1alta&#039; y la Explotaci\u00f3n Agropecuaria &quot;Dehesa de Tablares&quot;, dependientes de la Junta de Castilla y Le\u00f3n y\" \/>\n<meta name=\"robots\" content=\"index, follow, max-snippet:-1, max-image-preview:large, max-video-preview:-1\" \/>\n<link rel=\"canonical\" href=\"https:\/\/www.asajacyl.com\/palencia\/asaja-palencia-informa\/vinalta-y-tablares-unicos-primeros-premios-palentinos-en-la-xxxvi-feria-de-ovino-de-raza-churra\" \/>\n<meta property=\"og:locale\" content=\"es_ES\" \/>\n<meta property=\"og:type\" content=\"article\" \/>\n<meta property=\"og:title\" content=\"Vi\u00f1alta y Tablares, \u00fanicos primeros premios palentinos en la XXXVI Feria de Ovino de Raza Churra - ASAJA Palencia\" \/>\n<meta property=\"og:description\" content=\"El Centro Integrado de Formaci\u00f3n Profesional &#039;Vi\u00f1alta&#039; y la Explotaci\u00f3n Agropecuaria &quot;Dehesa de Tablares&quot;, dependientes de la Junta de Castilla y Le\u00f3n y\" \/>\n<meta property=\"og:url\" content=\"https:\/\/www.asajacyl.com\/palencia\/asaja-palencia-informa\/vinalta-y-tablares-unicos-primeros-premios-palentinos-en-la-xxxvi-feria-de-ovino-de-raza-churra\" \/>\n<meta property=\"og:site_name\" content=\"ASAJA Palencia\" \/>\n<meta property=\"article:published_time\" content=\"2023-05-25T11:17:42+00:00\" \/>\n<meta property=\"article:modified_time\" content=\"2023-05-25T11:17:44+00:00\" \/>\n<meta property=\"og:image\" content=\"https:\/\/www.asajacyl.com\/palencia\/wp-content\/uploads\/sites\/3\/2023\/05\/Concurso-Morfologico-Feria-.jpg\" \/>\n\t<meta property=\"og:image:width\" content=\"1874\" \/>\n\t<meta property=\"og:image:height\" content=\"2500\" \/>\n\t<meta property=\"og:image:type\" content=\"image\/jpeg\" \/>\n<meta name=\"author\" content=\"Administrador\" \/>\n<meta name=\"twitter:card\" content=\"summary_large_image\" \/>\n<meta name=\"twitter:label1\" content=\"Escrito por\" \/>\n\t<meta name=\"twitter:data1\" content=\"Administrador\" \/>\n\t<meta name=\"twitter:label2\" content=\"Tiempo de lectura\" \/>\n\t<meta name=\"twitter:data2\" content=\"3 minutos\" \/>\n<script type=\"application\/ld+json\" class=\"yoast-schema-graph\">{\"@context\":\"https:\/\/schema.org\",\"@graph\":[{\"@type\":\"WebPage\",\"@id\":\"https:\/\/www.asajacyl.com\/palencia\/asaja-palencia-informa\/vinalta-y-tablares-unicos-primeros-premios-palentinos-en-la-xxxvi-feria-de-ovino-de-raza-churra\",\"url\":\"https:\/\/www.asajacyl.com\/palencia\/asaja-palencia-informa\/vinalta-y-tablares-unicos-primeros-premios-palentinos-en-la-xxxvi-feria-de-ovino-de-raza-churra\",\"name\":\"Vi\u00f1alta y Tablares, \u00fanicos primeros premios palentinos en la XXXVI Feria de Ovino de Raza Churra - ASAJA Palencia\",\"isPartOf\":{\"@id\":\"https:\/\/www.asajacyl.com\/palencia\/#website\"},\"primaryImageOfPage\":{\"@id\":\"https:\/\/www.asajacyl.com\/palencia\/asaja-palencia-informa\/vinalta-y-tablares-unicos-primeros-premios-palentinos-en-la-xxxvi-feria-de-ovino-de-raza-churra#primaryimage\"},\"image\":{\"@id\":\"https:\/\/www.asajacyl.com\/palencia\/asaja-palencia-informa\/vinalta-y-tablares-unicos-primeros-premios-palentinos-en-la-xxxvi-feria-de-ovino-de-raza-churra#primaryimage\"},\"thumbnailUrl\":\"https:\/\/www.asajacyl.com\/palencia\/wp-content\/uploads\/sites\/3\/2023\/05\/Concurso-Morfologico-Feria-.jpg\",\"datePublished\":\"2023-05-25T11:17:42+00:00\",\"dateModified\":\"2023-05-25T11:17:44+00:00\",\"author\":{\"@id\":\"https:\/\/www.asajacyl.com\/palencia\/#\/schema\/person\/3ab17aeb03527485c317557fae64aab1\"},\"description\":\"El Centro Integrado de Formaci\u00f3n Profesional 'Vi\u00f1alta' y la Explotaci\u00f3n Agropecuaria \\\"Dehesa de Tablares\\\", dependientes de la Junta de Castilla y Le\u00f3n y\",\"breadcrumb\":{\"@id\":\"https:\/\/www.asajacyl.com\/palencia\/asaja-palencia-informa\/vinalta-y-tablares-unicos-primeros-premios-palentinos-en-la-xxxvi-feria-de-ovino-de-raza-churra#breadcrumb\"},\"inLanguage\":\"es\",\"potentialAction\":[{\"@type\":\"ReadAction\",\"target\":[\"https:\/\/www.asajacyl.com\/palencia\/asaja-palencia-informa\/vinalta-y-tablares-unicos-primeros-premios-palentinos-en-la-xxxvi-feria-de-ovino-de-raza-churra\"]}]},{\"@type\":\"ImageObject\",\"inLanguage\":\"es\",\"@id\":\"https:\/\/www.asajacyl.com\/palencia\/asaja-palencia-informa\/vinalta-y-tablares-unicos-primeros-premios-palentinos-en-la-xxxvi-feria-de-ovino-de-raza-churra#primaryimage\",\"url\":\"https:\/\/www.asajacyl.com\/palencia\/wp-content\/uploads\/sites\/3\/2023\/05\/Concurso-Morfologico-Feria-.jpg\",\"contentUrl\":\"https:\/\/www.asajacyl.com\/palencia\/wp-content\/uploads\/sites\/3\/2023\/05\/Concurso-Morfologico-Feria-.jpg\",\"width\":1874,\"height\":2500},{\"@type\":\"BreadcrumbList\",\"@id\":\"https:\/\/www.asajacyl.com\/palencia\/asaja-palencia-informa\/vinalta-y-tablares-unicos-primeros-premios-palentinos-en-la-xxxvi-feria-de-ovino-de-raza-churra#breadcrumb\",\"itemListElement\":[{\"@type\":\"ListItem\",\"position\":1,\"name\":\"Portada\",\"item\":\"https:\/\/www.asajacyl.com\/palencia\/\"},{\"@type\":\"ListItem\",\"position\":2,\"name\":\"Vi\u00f1alta y Tablares, \u00fanicos primeros premios palentinos en la XXXVI Feria de Ovino de Raza Churra\"}]},{\"@type\":\"WebSite\",\"@id\":\"https:\/\/www.asajacyl.com\/palencia\/#website\",\"url\":\"https:\/\/www.asajacyl.com\/palencia\/\",\"name\":\"ASAJA Palencia\",\"description\":\"Otro sitio m\u00e1s de Provincias ASAJA Castilla y Le\u00f3n\",\"potentialAction\":[{\"@type\":\"SearchAction\",\"target\":{\"@type\":\"EntryPoint\",\"urlTemplate\":\"https:\/\/www.asajacyl.com\/palencia\/?s={search_term_string}\"},\"query-input\":{\"@type\":\"PropertyValueSpecification\",\"valueRequired\":true,\"valueName\":\"search_term_string\"}}],\"inLanguage\":\"es\"},{\"@type\":\"Person\",\"@id\":\"https:\/\/www.asajacyl.com\/palencia\/#\/schema\/person\/3ab17aeb03527485c317557fae64aab1\",\"name\":\"Administrador\",\"image\":{\"@type\":\"ImageObject\",\"inLanguage\":\"es\",\"@id\":\"https:\/\/www.asajacyl.com\/palencia\/#\/schema\/person\/image\/\",\"url\":\"https:\/\/secure.gravatar.com\/avatar\/517384810d242ca9e38c180f3c9fb973?s=96&d=mm&r=g\",\"contentUrl\":\"https:\/\/secure.gravatar.com\/avatar\/517384810d242ca9e38c180f3c9fb973?s=96&d=mm&r=g\",\"caption\":\"Administrador\"},\"url\":\"https:\/\/www.asajacyl.com\/palencia\/author\/carlosrm\"}]}<\/script>\n<!-- \/ Yoast SEO plugin. -->","yoast_head_json":{"title":"Vi\u00f1alta y Tablares, \u00fanicos primeros premios palentinos en la XXXVI Feria de Ovino de Raza Churra - ASAJA Palencia","description":"El Centro Integrado de Formaci\u00f3n Profesional 'Vi\u00f1alta' y la Explotaci\u00f3n Agropecuaria \"Dehesa de Tablares\", dependientes de la Junta de Castilla y Le\u00f3n y","robots":{"index":"index","follow":"follow","max-snippet":"max-snippet:-1","max-image-preview":"max-image-preview:large","max-video-preview":"max-video-preview:-1"},"canonical":"https:\/\/www.asajacyl.com\/palencia\/asaja-palencia-informa\/vinalta-y-tablares-unicos-primeros-premios-palentinos-en-la-xxxvi-feria-de-ovino-de-raza-churra","og_locale":"es_ES","og_type":"article","og_title":"Vi\u00f1alta y Tablares, \u00fanicos primeros premios palentinos en la XXXVI Feria de Ovino de Raza Churra - ASAJA Palencia","og_description":"El Centro Integrado de Formaci\u00f3n Profesional 'Vi\u00f1alta' y la Explotaci\u00f3n Agropecuaria \"Dehesa de Tablares\", dependientes de la Junta de Castilla y Le\u00f3n y","og_url":"https:\/\/www.asajacyl.com\/palencia\/asaja-palencia-informa\/vinalta-y-tablares-unicos-primeros-premios-palentinos-en-la-xxxvi-feria-de-ovino-de-raza-churra","og_site_name":"ASAJA Palencia","article_published_time":"2023-05-25T11:17:42+00:00","article_modified_time":"2023-05-25T11:17:44+00:00","og_image":[{"width":1874,"height":2500,"url":"https:\/\/www.asajacyl.com\/palencia\/wp-content\/uploads\/sites\/3\/2023\/05\/Concurso-Morfologico-Feria-.jpg","type":"image\/jpeg"}],"author":"Administrador","twitter_card":"summary_large_image","twitter_misc":{"Escrito por":"Administrador","Tiempo de lectura":"3 minutos"},"schema":{"@context":"https:\/\/schema.org","@graph":[{"@type":"WebPage","@id":"https:\/\/www.asajacyl.com\/palencia\/asaja-palencia-informa\/vinalta-y-tablares-unicos-primeros-premios-palentinos-en-la-xxxvi-feria-de-ovino-de-raza-churra","url":"https:\/\/www.asajacyl.com\/palencia\/asaja-palencia-informa\/vinalta-y-tablares-unicos-primeros-premios-palentinos-en-la-xxxvi-feria-de-ovino-de-raza-churra","name":"Vi\u00f1alta y Tablares, \u00fanicos primeros premios palentinos en la XXXVI Feria de Ovino de Raza Churra - ASAJA Palencia","isPartOf":{"@id":"https:\/\/www.asajacyl.com\/palencia\/#website"},"primaryImageOfPage":{"@id":"https:\/\/www.asajacyl.com\/palencia\/asaja-palencia-informa\/vinalta-y-tablares-unicos-primeros-premios-palentinos-en-la-xxxvi-feria-de-ovino-de-raza-churra#primaryimage"},"image":{"@id":"https:\/\/www.asajacyl.com\/palencia\/asaja-palencia-informa\/vinalta-y-tablares-unicos-primeros-premios-palentinos-en-la-xxxvi-feria-de-ovino-de-raza-churra#primaryimage"},"thumbnailUrl":"https:\/\/www.asajacyl.com\/palencia\/wp-content\/uploads\/sites\/3\/2023\/05\/Concurso-Morfologico-Feria-.jpg","datePublished":"2023-05-25T11:17:42+00:00","dateModified":"2023-05-25T11:17:44+00:00","author":{"@id":"https:\/\/www.asajacyl.com\/palencia\/#\/schema\/person\/3ab17aeb03527485c317557fae64aab1"},"description":"El Centro Integrado de Formaci\u00f3n Profesional 'Vi\u00f1alta' y la Explotaci\u00f3n Agropecuaria \"Dehesa de Tablares\", dependientes de la Junta de Castilla y Le\u00f3n y","breadcrumb":{"@id":"https:\/\/www.asajacyl.com\/palencia\/asaja-palencia-informa\/vinalta-y-tablares-unicos-primeros-premios-palentinos-en-la-xxxvi-feria-de-ovino-de-raza-churra#breadcrumb"},"inLanguage":"es","potentialAction":[{"@type":"ReadAction","target":["https:\/\/www.asajacyl.com\/palencia\/asaja-palencia-informa\/vinalta-y-tablares-unicos-primeros-premios-palentinos-en-la-xxxvi-feria-de-ovino-de-raza-churra"]}]},{"@type":"ImageObject","inLanguage":"es","@id":"https:\/\/www.asajacyl.com\/palencia\/asaja-palencia-informa\/vinalta-y-tablares-unicos-primeros-premios-palentinos-en-la-xxxvi-feria-de-ovino-de-raza-churra#primaryimage","url":"https:\/\/www.asajacyl.com\/palencia\/wp-content\/uploads\/sites\/3\/2023\/05\/Concurso-Morfologico-Feria-.jpg","contentUrl":"https:\/\/www.asajacyl.com\/palencia\/wp-content\/uploads\/sites\/3\/2023\/05\/Concurso-Morfologico-Feria-.jpg","width":1874,"height":2500},{"@type":"BreadcrumbList","@id":"https:\/\/www.asajacyl.com\/palencia\/asaja-palencia-informa\/vinalta-y-tablares-unicos-primeros-premios-palentinos-en-la-xxxvi-feria-de-ovino-de-raza-churra#breadcrumb","itemListElement":[{"@type":"ListItem","position":1,"name":"Portada","item":"https:\/\/www.asajacyl.com\/palencia\/"},{"@type":"ListItem","position":2,"name":"Vi\u00f1alta y Tablares, \u00fanicos primeros premios palentinos en la XXXVI Feria de Ovino de Raza Churra"}]},{"@type":"WebSite","@id":"https:\/\/www.asajacyl.com\/palencia\/#website","url":"https:\/\/www.asajacyl.com\/palencia\/","name":"ASAJA Palencia","description":"Otro sitio m\u00e1s de Provincias ASAJA Castilla y Le\u00f3n","potentialAction":[{"@type":"SearchAction","target":{"@type":"EntryPoint","urlTemplate":"https:\/\/www.asajacyl.com\/palencia\/?s={search_term_string}"},"query-input":{"@type":"PropertyValueSpecification","valueRequired":true,"valueName":"search_term_string"}}],"inLanguage":"es"},{"@type":"Person","@id":"https:\/\/www.asajacyl.com\/palencia\/#\/schema\/person\/3ab17aeb03527485c317557fae64aab1","name":"Administrador","image":{"@type":"ImageObject","inLanguage":"es","@id":"https:\/\/www.asajacyl.com\/palencia\/#\/schema\/person\/image\/","url":"https:\/\/secure.gravatar.com\/avatar\/517384810d242ca9e38c180f3c9fb973?s=96&d=mm&r=g","contentUrl":"https:\/\/secure.gravatar.com\/avatar\/517384810d242ca9e38c180f3c9fb973?s=96&d=mm&r=g","caption":"Administrador"},"url":"https:\/\/www.asajacyl.com\/palencia\/author\/carlosrm"}]}},"_links":{"self":[{"href":"https:\/\/www.asajacyl.com\/palencia\/wp-json\/wp\/v2\/posts\/13300"}],"collection":[{"href":"https:\/\/www.asajacyl.com\/palencia\/wp-json\/wp\/v2\/posts"}],"about":[{"href":"https:\/\/www.asajacyl.com\/palencia\/wp-json\/wp\/v2\/types\/post"}],"author":[{"embeddable":true,"href":"https:\/\/www.asajacyl.com\/palencia\/wp-json\/wp\/v2\/users\/9"}],"replies":[{"embeddable":true,"href":"https:\/\/www.asajacyl.com\/palencia\/wp-json\/wp\/v2\/comments?post=13300"}],"version-history":[{"count":1,"href":"https:\/\/www.asajacyl.com\/palencia\/wp-json\/wp\/v2\/posts\/13300\/revisions"}],"predecessor-version":[{"id":13302,"href":"https:\/\/www.asajacyl.com\/palencia\/wp-json\/wp\/v2\/posts\/13300\/revisions\/13302"}],"wp:featuredmedia":[{"embeddable":true,"href":"https:\/\/www.asajacyl.com\/palencia\/wp-json\/wp\/v2\/media\/13301"}],"wp:attachment":[{"href":"https:\/\/www.asajacyl.com\/palencia\/wp-json\/wp\/v2\/media?parent=13300"}],"wp:term":[{"taxonomy":"category","embeddable":true,"href":"https:\/\/www.asajacyl.com\/palencia\/wp-json\/wp\/v2\/categories?post=13300"},{"taxonomy":"post_tag","embeddable":true,"href":"https:\/\/www.asajacyl.com\/palencia\/wp-json\/wp\/v2\/tags?post=13300"}],"curies":[{"name":"wp","href":"https:\/\/api.w.org\/{rel}","templated":true}]}}