{"id":13303,"date":"2023-05-25T13:36:15","date_gmt":"2023-05-25T11:36:15","guid":{"rendered":"https:\/\/www.asajacyl.com\/palencia\/?p=13303"},"modified":"2023-05-26T13:54:26","modified_gmt":"2023-05-26T11:54:26","slug":"la-junta-destina-147-millones-de-e-a-una-planta-fotovoltaica-para-modernizar-el-regadio-san-isidro-en-soto-de-cerrato","status":"publish","type":"post","link":"https:\/\/www.asajacyl.com\/palencia\/asaja-palencia-informa\/la-junta-destina-147-millones-de-e-a-una-planta-fotovoltaica-para-modernizar-el-regadio-san-isidro-en-soto-de-cerrato","title":{"rendered":"La Junta y la Comunidad &#8216;San Isidro&#8217; (Soto de Cerrato) destinan 1,47 millones de \u20ac a una planta fotovoltaica para modernizar el regad\u00edo"},"content":{"rendered":"\n<h2 class=\"wp-block-heading\">La Consejer\u00eda de Agricultura, Ganader\u00eda y Desarrollo Rural y la Comunidad de Regantes &#8216;San Isidro&#8217; destinan 1.474.000 euros a la instalaci\u00f3n de una planta fotovoltaica en autoconsumo para la modernizaci\u00f3n del regad\u00edo de esta comunidad en Soto de Cerrato. Esta actuaci\u00f3n, aprobada por el Consejo de Gobierno de la Junta de Castilla y Le\u00f3n este jueves 25, permitir\u00e1 que parte de la electrificaci\u00f3n de las estaciones de bombeo provenga de energ\u00eda renovable, lo que mejorar\u00e1 la viabilidad y la rentabilidad de este regad\u00edo. <\/h2>\n\n\n\n<p>La Comunidad de Regantes de San Isidro en Soto de Cerrato, que aporta el 50% del coste de las actuaciones, abarca 841 hect\u00e1reas, que pertenecen a 120 propietarios. La obra, cofinanciada por fondos europeos FEADER, consiste en la construcci\u00f3n de un sistema de bombeo fotovoltaico con acumulaci\u00f3n en balsa para la estaci\u00f3n de bombeo de Soto de Cerrato. <\/p>\n\n\n\n<p>Este sistema estar\u00e1 compuesto principalmente por un generador fotovoltaico, la l\u00ednea de interconexi\u00f3n, el armario de potencia, el variador de frecuencia, los accionamientos, los armarios de protecciones, su control y automatizaci\u00f3n. El parque fotovoltaico tendr\u00e1 una potencia pico que supera ligeramente el mill\u00f3n de kilovatios.<strong>\/<\/strong><\/p>\n","protected":false},"excerpt":{"rendered":"<p>La Consejer\u00eda de Agricultura, Ganader\u00eda y Desarrollo Rural y la Comunidad de Regantes &#8216;San Isidro&#8217; destinan 1.474.000 euros a la instalaci\u00f3n de una planta fotovoltaica en autoconsumo para la modernizaci\u00f3n del regad\u00edo de esta comunidad en Soto de Cerrato. Esta actuaci\u00f3n, aprobada por el Consejo de Gobierno de la Junta de Castilla y Le\u00f3n este [&hellip;]<\/p>\n","protected":false},"author":9,"featured_media":13304,"comment_status":"open","ping_status":"open","sticky":false,"template":"","format":"standard","meta":{"footnotes":""},"categories":[9,29,28],"tags":[58,208,66,55,131,207],"yoast_head":"<!-- This site is optimized with the Yoast SEO plugin v24.5 - https:\/\/yoast.com\/wordpress\/plugins\/seo\/ -->\n<title>La Junta y la Comunidad &#039;San Isidro&#039; (Soto de Cerrato) destinan 1,47 millones de \u20ac a una planta fotovoltaica para modernizar el regad\u00edo - ASAJA Palencia<\/title>\n<meta name=\"description\" content=\"La Consejer\u00eda de Agricultura, Ganader\u00eda y Desarrollo Rural y la Comunidad de Regantes &#039;San Isidro&#039; destinan 1.474.000 euros a la instalaci\u00f3n de una planta\" \/>\n<meta name=\"robots\" content=\"index, follow, max-snippet:-1, max-image-preview:large, max-video-preview:-1\" \/>\n<link rel=\"canonical\" href=\"https:\/\/www.asajacyl.com\/palencia\/asaja-palencia-informa\/la-junta-destina-147-millones-de-e-a-una-planta-fotovoltaica-para-modernizar-el-regadio-san-isidro-en-soto-de-cerrato\" \/>\n<meta property=\"og:locale\" content=\"es_ES\" \/>\n<meta property=\"og:type\" content=\"article\" \/>\n<meta property=\"og:title\" content=\"La Junta y la Comunidad &#039;San Isidro&#039; (Soto de Cerrato) destinan 1,47 millones de \u20ac a una planta fotovoltaica para modernizar el regad\u00edo - ASAJA Palencia\" \/>\n<meta property=\"og:description\" content=\"La Consejer\u00eda de Agricultura, Ganader\u00eda y Desarrollo Rural y la Comunidad de Regantes &#039;San Isidro&#039; destinan 1.474.000 euros a la instalaci\u00f3n de una planta\" \/>\n<meta property=\"og:url\" content=\"https:\/\/www.asajacyl.com\/palencia\/asaja-palencia-informa\/la-junta-destina-147-millones-de-e-a-una-planta-fotovoltaica-para-modernizar-el-regadio-san-isidro-en-soto-de-cerrato\" \/>\n<meta property=\"og:site_name\" content=\"ASAJA Palencia\" \/>\n<meta property=\"article:published_time\" content=\"2023-05-25T11:36:15+00:00\" \/>\n<meta property=\"article:modified_time\" content=\"2023-05-26T11:54:26+00:00\" \/>\n<meta property=\"og:image\" content=\"https:\/\/www.asajacyl.com\/palencia\/wp-content\/uploads\/sites\/3\/2023\/05\/Balsa-regadio-en-Soto-de-Cerrato-Itacyl.jpg\" \/>\n\t<meta property=\"og:image:width\" content=\"2500\" \/>\n\t<meta property=\"og:image:height\" content=\"1875\" \/>\n\t<meta property=\"og:image:type\" content=\"image\/jpeg\" \/>\n<meta name=\"author\" content=\"Administrador\" \/>\n<meta name=\"twitter:card\" content=\"summary_large_image\" \/>\n<meta name=\"twitter:label1\" content=\"Escrito por\" \/>\n\t<meta name=\"twitter:data1\" content=\"Administrador\" \/>\n\t<meta name=\"twitter:label2\" content=\"Tiempo de lectura\" \/>\n\t<meta name=\"twitter:data2\" content=\"1 minuto\" \/>\n<script type=\"application\/ld+json\" class=\"yoast-schema-graph\">{\"@context\":\"https:\/\/schema.org\",\"@graph\":[{\"@type\":\"WebPage\",\"@id\":\"https:\/\/www.asajacyl.com\/palencia\/asaja-palencia-informa\/la-junta-destina-147-millones-de-e-a-una-planta-fotovoltaica-para-modernizar-el-regadio-san-isidro-en-soto-de-cerrato\",\"url\":\"https:\/\/www.asajacyl.com\/palencia\/asaja-palencia-informa\/la-junta-destina-147-millones-de-e-a-una-planta-fotovoltaica-para-modernizar-el-regadio-san-isidro-en-soto-de-cerrato\",\"name\":\"La Junta y la Comunidad 'San Isidro' (Soto de Cerrato) destinan 1,47 millones de \u20ac a una planta fotovoltaica para modernizar el regad\u00edo - ASAJA Palencia\",\"isPartOf\":{\"@id\":\"https:\/\/www.asajacyl.com\/palencia\/#website\"},\"primaryImageOfPage\":{\"@id\":\"https:\/\/www.asajacyl.com\/palencia\/asaja-palencia-informa\/la-junta-destina-147-millones-de-e-a-una-planta-fotovoltaica-para-modernizar-el-regadio-san-isidro-en-soto-de-cerrato#primaryimage\"},\"image\":{\"@id\":\"https:\/\/www.asajacyl.com\/palencia\/asaja-palencia-informa\/la-junta-destina-147-millones-de-e-a-una-planta-fotovoltaica-para-modernizar-el-regadio-san-isidro-en-soto-de-cerrato#primaryimage\"},\"thumbnailUrl\":\"https:\/\/www.asajacyl.com\/palencia\/wp-content\/uploads\/sites\/3\/2023\/05\/Balsa-regadio-en-Soto-de-Cerrato-Itacyl.jpg\",\"datePublished\":\"2023-05-25T11:36:15+00:00\",\"dateModified\":\"2023-05-26T11:54:26+00:00\",\"author\":{\"@id\":\"https:\/\/www.asajacyl.com\/palencia\/#\/schema\/person\/3ab17aeb03527485c317557fae64aab1\"},\"description\":\"La Consejer\u00eda de Agricultura, Ganader\u00eda y Desarrollo Rural y la Comunidad de Regantes 'San Isidro' destinan 1.474.000 euros a la instalaci\u00f3n de una planta\",\"breadcrumb\":{\"@id\":\"https:\/\/www.asajacyl.com\/palencia\/asaja-palencia-informa\/la-junta-destina-147-millones-de-e-a-una-planta-fotovoltaica-para-modernizar-el-regadio-san-isidro-en-soto-de-cerrato#breadcrumb\"},\"inLanguage\":\"es\",\"potentialAction\":[{\"@type\":\"ReadAction\",\"target\":[\"https:\/\/www.asajacyl.com\/palencia\/asaja-palencia-informa\/la-junta-destina-147-millones-de-e-a-una-planta-fotovoltaica-para-modernizar-el-regadio-san-isidro-en-soto-de-cerrato\"]}]},{\"@type\":\"ImageObject\",\"inLanguage\":\"es\",\"@id\":\"https:\/\/www.asajacyl.com\/palencia\/asaja-palencia-informa\/la-junta-destina-147-millones-de-e-a-una-planta-fotovoltaica-para-modernizar-el-regadio-san-isidro-en-soto-de-cerrato#primaryimage\",\"url\":\"https:\/\/www.asajacyl.com\/palencia\/wp-content\/uploads\/sites\/3\/2023\/05\/Balsa-regadio-en-Soto-de-Cerrato-Itacyl.jpg\",\"contentUrl\":\"https:\/\/www.asajacyl.com\/palencia\/wp-content\/uploads\/sites\/3\/2023\/05\/Balsa-regadio-en-Soto-de-Cerrato-Itacyl.jpg\",\"width\":2500,\"height\":1875,\"caption\":\"OLYMPUS DIGITAL CAMERA\"},{\"@type\":\"BreadcrumbList\",\"@id\":\"https:\/\/www.asajacyl.com\/palencia\/asaja-palencia-informa\/la-junta-destina-147-millones-de-e-a-una-planta-fotovoltaica-para-modernizar-el-regadio-san-isidro-en-soto-de-cerrato#breadcrumb\",\"itemListElement\":[{\"@type\":\"ListItem\",\"position\":1,\"name\":\"Portada\",\"item\":\"https:\/\/www.asajacyl.com\/palencia\/\"},{\"@type\":\"ListItem\",\"position\":2,\"name\":\"La Junta y la Comunidad &#8216;San Isidro&#8217; (Soto de Cerrato) destinan 1,47 millones de \u20ac a una planta fotovoltaica para modernizar el regad\u00edo\"}]},{\"@type\":\"WebSite\",\"@id\":\"https:\/\/www.asajacyl.com\/palencia\/#website\",\"url\":\"https:\/\/www.asajacyl.com\/palencia\/\",\"name\":\"ASAJA Palencia\",\"description\":\"Otro sitio m\u00e1s de Provincias ASAJA Castilla y Le\u00f3n\",\"potentialAction\":[{\"@type\":\"SearchAction\",\"target\":{\"@type\":\"EntryPoint\",\"urlTemplate\":\"https:\/\/www.asajacyl.com\/palencia\/?s={search_term_string}\"},\"query-input\":{\"@type\":\"PropertyValueSpecification\",\"valueRequired\":true,\"valueName\":\"search_term_string\"}}],\"inLanguage\":\"es\"},{\"@type\":\"Person\",\"@id\":\"https:\/\/www.asajacyl.com\/palencia\/#\/schema\/person\/3ab17aeb03527485c317557fae64aab1\",\"name\":\"Administrador\",\"image\":{\"@type\":\"ImageObject\",\"inLanguage\":\"es\",\"@id\":\"https:\/\/www.asajacyl.com\/palencia\/#\/schema\/person\/image\/\",\"url\":\"https:\/\/secure.gravatar.com\/avatar\/517384810d242ca9e38c180f3c9fb973?s=96&d=mm&r=g\",\"contentUrl\":\"https:\/\/secure.gravatar.com\/avatar\/517384810d242ca9e38c180f3c9fb973?s=96&d=mm&r=g\",\"caption\":\"Administrador\"},\"url\":\"https:\/\/www.asajacyl.com\/palencia\/author\/carlosrm\"}]}<\/script>\n<!-- \/ Yoast SEO plugin. -->","yoast_head_json":{"title":"La Junta y la Comunidad 'San Isidro' (Soto de Cerrato) destinan 1,47 millones de \u20ac a una planta fotovoltaica para modernizar el regad\u00edo - ASAJA Palencia","description":"La Consejer\u00eda de Agricultura, Ganader\u00eda y Desarrollo Rural y la Comunidad de Regantes 'San Isidro' destinan 1.474.000 euros a la instalaci\u00f3n de una planta","robots":{"index":"index","follow":"follow","max-snippet":"max-snippet:-1","max-image-preview":"max-image-preview:large","max-video-preview":"max-video-preview:-1"},"canonical":"https:\/\/www.asajacyl.com\/palencia\/asaja-palencia-informa\/la-junta-destina-147-millones-de-e-a-una-planta-fotovoltaica-para-modernizar-el-regadio-san-isidro-en-soto-de-cerrato","og_locale":"es_ES","og_type":"article","og_title":"La Junta y la Comunidad 'San Isidro' (Soto de Cerrato) destinan 1,47 millones de \u20ac a una planta fotovoltaica para modernizar el regad\u00edo - ASAJA Palencia","og_description":"La Consejer\u00eda de Agricultura, Ganader\u00eda y Desarrollo Rural y la Comunidad de Regantes 'San Isidro' destinan 1.474.000 euros a la instalaci\u00f3n de una planta","og_url":"https:\/\/www.asajacyl.com\/palencia\/asaja-palencia-informa\/la-junta-destina-147-millones-de-e-a-una-planta-fotovoltaica-para-modernizar-el-regadio-san-isidro-en-soto-de-cerrato","og_site_name":"ASAJA Palencia","article_published_time":"2023-05-25T11:36:15+00:00","article_modified_time":"2023-05-26T11:54:26+00:00","og_image":[{"width":2500,"height":1875,"url":"https:\/\/www.asajacyl.com\/palencia\/wp-content\/uploads\/sites\/3\/2023\/05\/Balsa-regadio-en-Soto-de-Cerrato-Itacyl.jpg","type":"image\/jpeg"}],"author":"Administrador","twitter_card":"summary_large_image","twitter_misc":{"Escrito por":"Administrador","Tiempo de lectura":"1 minuto"},"schema":{"@context":"https:\/\/schema.org","@graph":[{"@type":"WebPage","@id":"https:\/\/www.asajacyl.com\/palencia\/asaja-palencia-informa\/la-junta-destina-147-millones-de-e-a-una-planta-fotovoltaica-para-modernizar-el-regadio-san-isidro-en-soto-de-cerrato","url":"https:\/\/www.asajacyl.com\/palencia\/asaja-palencia-informa\/la-junta-destina-147-millones-de-e-a-una-planta-fotovoltaica-para-modernizar-el-regadio-san-isidro-en-soto-de-cerrato","name":"La Junta y la Comunidad 'San Isidro' (Soto de Cerrato) destinan 1,47 millones de \u20ac a una planta fotovoltaica para modernizar el regad\u00edo - ASAJA Palencia","isPartOf":{"@id":"https:\/\/www.asajacyl.com\/palencia\/#website"},"primaryImageOfPage":{"@id":"https:\/\/www.asajacyl.com\/palencia\/asaja-palencia-informa\/la-junta-destina-147-millones-de-e-a-una-planta-fotovoltaica-para-modernizar-el-regadio-san-isidro-en-soto-de-cerrato#primaryimage"},"image":{"@id":"https:\/\/www.asajacyl.com\/palencia\/asaja-palencia-informa\/la-junta-destina-147-millones-de-e-a-una-planta-fotovoltaica-para-modernizar-el-regadio-san-isidro-en-soto-de-cerrato#primaryimage"},"thumbnailUrl":"https:\/\/www.asajacyl.com\/palencia\/wp-content\/uploads\/sites\/3\/2023\/05\/Balsa-regadio-en-Soto-de-Cerrato-Itacyl.jpg","datePublished":"2023-05-25T11:36:15+00:00","dateModified":"2023-05-26T11:54:26+00:00","author":{"@id":"https:\/\/www.asajacyl.com\/palencia\/#\/schema\/person\/3ab17aeb03527485c317557fae64aab1"},"description":"La Consejer\u00eda de Agricultura, Ganader\u00eda y Desarrollo Rural y la Comunidad de Regantes 'San Isidro' destinan 1.474.000 euros a la instalaci\u00f3n de una planta","breadcrumb":{"@id":"https:\/\/www.asajacyl.com\/palencia\/asaja-palencia-informa\/la-junta-destina-147-millones-de-e-a-una-planta-fotovoltaica-para-modernizar-el-regadio-san-isidro-en-soto-de-cerrato#breadcrumb"},"inLanguage":"es","potentialAction":[{"@type":"ReadAction","target":["https:\/\/www.asajacyl.com\/palencia\/asaja-palencia-informa\/la-junta-destina-147-millones-de-e-a-una-planta-fotovoltaica-para-modernizar-el-regadio-san-isidro-en-soto-de-cerrato"]}]},{"@type":"ImageObject","inLanguage":"es","@id":"https:\/\/www.asajacyl.com\/palencia\/asaja-palencia-informa\/la-junta-destina-147-millones-de-e-a-una-planta-fotovoltaica-para-modernizar-el-regadio-san-isidro-en-soto-de-cerrato#primaryimage","url":"https:\/\/www.asajacyl.com\/palencia\/wp-content\/uploads\/sites\/3\/2023\/05\/Balsa-regadio-en-Soto-de-Cerrato-Itacyl.jpg","contentUrl":"https:\/\/www.asajacyl.com\/palencia\/wp-content\/uploads\/sites\/3\/2023\/05\/Balsa-regadio-en-Soto-de-Cerrato-Itacyl.jpg","width":2500,"height":1875,"caption":"OLYMPUS DIGITAL CAMERA"},{"@type":"BreadcrumbList","@id":"https:\/\/www.asajacyl.com\/palencia\/asaja-palencia-informa\/la-junta-destina-147-millones-de-e-a-una-planta-fotovoltaica-para-modernizar-el-regadio-san-isidro-en-soto-de-cerrato#breadcrumb","itemListElement":[{"@type":"ListItem","position":1,"name":"Portada","item":"https:\/\/www.asajacyl.com\/palencia\/"},{"@type":"ListItem","position":2,"name":"La Junta y la Comunidad &#8216;San Isidro&#8217; (Soto de Cerrato) destinan 1,47 millones de \u20ac a una planta fotovoltaica para modernizar el regad\u00edo"}]},{"@type":"WebSite","@id":"https:\/\/www.asajacyl.com\/palencia\/#website","url":"https:\/\/www.asajacyl.com\/palencia\/","name":"ASAJA Palencia","description":"Otro sitio m\u00e1s de Provincias ASAJA Castilla y Le\u00f3n","potentialAction":[{"@type":"SearchAction","target":{"@type":"EntryPoint","urlTemplate":"https:\/\/www.asajacyl.com\/palencia\/?s={search_term_string}"},"query-input":{"@type":"PropertyValueSpecification","valueRequired":true,"valueName":"search_term_string"}}],"inLanguage":"es"},{"@type":"Person","@id":"https:\/\/www.asajacyl.com\/palencia\/#\/schema\/person\/3ab17aeb03527485c317557fae64aab1","name":"Administrador","image":{"@type":"ImageObject","inLanguage":"es","@id":"https:\/\/www.asajacyl.com\/palencia\/#\/schema\/person\/image\/","url":"https:\/\/secure.gravatar.com\/avatar\/517384810d242ca9e38c180f3c9fb973?s=96&d=mm&r=g","contentUrl":"https:\/\/secure.gravatar.com\/avatar\/517384810d242ca9e38c180f3c9fb973?s=96&d=mm&r=g","caption":"Administrador"},"url":"https:\/\/www.asajacyl.com\/palencia\/author\/carlosrm"}]}},"_links":{"self":[{"href":"https:\/\/www.asajacyl.com\/palencia\/wp-json\/wp\/v2\/posts\/13303"}],"collection":[{"href":"https:\/\/www.asajacyl.com\/palencia\/wp-json\/wp\/v2\/posts"}],"about":[{"href":"https:\/\/www.asajacyl.com\/palencia\/wp-json\/wp\/v2\/types\/post"}],"author":[{"embeddable":true,"href":"https:\/\/www.asajacyl.com\/palencia\/wp-json\/wp\/v2\/users\/9"}],"replies":[{"embeddable":true,"href":"https:\/\/www.asajacyl.com\/palencia\/wp-json\/wp\/v2\/comments?post=13303"}],"version-history":[{"count":2,"href":"https:\/\/www.asajacyl.com\/palencia\/wp-json\/wp\/v2\/posts\/13303\/revisions"}],"predecessor-version":[{"id":13344,"href":"https:\/\/www.asajacyl.com\/palencia\/wp-json\/wp\/v2\/posts\/13303\/revisions\/13344"}],"wp:featuredmedia":[{"embeddable":true,"href":"https:\/\/www.asajacyl.com\/palencia\/wp-json\/wp\/v2\/media\/13304"}],"wp:attachment":[{"href":"https:\/\/www.asajacyl.com\/palencia\/wp-json\/wp\/v2\/media?parent=13303"}],"wp:term":[{"taxonomy":"category","embeddable":true,"href":"https:\/\/www.asajacyl.com\/palencia\/wp-json\/wp\/v2\/categories?post=13303"},{"taxonomy":"post_tag","embeddable":true,"href":"https:\/\/www.asajacyl.com\/palencia\/wp-json\/wp\/v2\/tags?post=13303"}],"curies":[{"name":"wp","href":"https:\/\/api.w.org\/{rel}","templated":true}]}}