{"id":13345,"date":"2023-05-26T14:17:42","date_gmt":"2023-05-26T12:17:42","guid":{"rendered":"https:\/\/www.asajacyl.com\/palencia\/?p=13345"},"modified":"2023-05-26T14:17:44","modified_gmt":"2023-05-26T12:17:44","slug":"otra-ampliacion-de-la-junta-de-las-limitaciones-por-peligro-medio-de-incendios-pese-a-la-mejoria-meteorologica","status":"publish","type":"post","link":"https:\/\/www.asajacyl.com\/palencia\/asaja-palencia-informa\/otra-ampliacion-de-la-junta-de-las-limitaciones-por-peligro-medio-de-incendios-pese-a-la-mejoria-meteorologica","title":{"rendered":"Otra ampliaci\u00f3n de la Junta de las limitaciones por peligro medio de incendios pese a la mejor\u00eda meteorol\u00f3gica"},"content":{"rendered":"\n<h2 class=\"wp-block-heading\">La Direcci\u00f3n General de Patrimonio Natural y Pol\u00edtica Forestal de la Consejer\u00eda de Medio Ambienta ha resuelto ampliar hasta el 1 de junio inclusive la declaraci\u00f3n de \u00e9poca de peligro medio de incendio forestal en Castilla y Le\u00f3n. Aunque las previsiones meteorol\u00f3gicas anuncian una ligera mejor\u00eda, la Junta considera que a\u00fan no ha ca\u00eddo la suficiente precipitaci\u00f3n para contrarrestar la sequ\u00eda acumulada por lo que el riesgo e incendio forestal contin\u00faa siendo alto para la \u00e9poca del a\u00f1o en la que estamos.<\/h2>\n\n\n\n<p>La resoluci\u00f3n se\u00f1ala que \u00abes necesario por tanto tomar medidas que han de ser objeto de una precisa coordinaci\u00f3n en aras a lograr la m\u00e1xima eficacia en el cumplimiento de su fin, por lo que se hace preciso que, desde el \u00f3rgano directivo competente, se dicten aquellas resoluciones tendentes a lograr dicha coordinaci\u00f3n\u00bb.<br>Por ello, de momento, pese al anuncio de precipitaciones y de los mapas de la Agencia Estatal de Meteorolog\u00eda (AEMET) que anuncian una sensible reducci\u00f3n del riesgo (como se percibe en la imagen adjunta), la administraci\u00f3n auton\u00f3mica ha decidido mantener hasta el 1 de junio las mismas medidas preventivas asociadas a la resoluci\u00f3n inicial dictada el 29 de marzo de 2023. Se superan los dos meses de estas medidas que b\u00e1sicamente consisten en la suspensi\u00f3n de todas las autorizaciones y comunicaciones de quema de<br>vegetaci\u00f3n y restos vegetales; y en el refuerzo del personal de guardia y de los medios desplegados en las comarcas<br>de m\u00e1s riesgo.<strong>\/<\/strong><\/p>\n","protected":false},"excerpt":{"rendered":"<p>La Direcci\u00f3n General de Patrimonio Natural y Pol\u00edtica Forestal de la Consejer\u00eda de Medio Ambienta ha resuelto ampliar hasta el 1 de junio inclusive la declaraci\u00f3n de \u00e9poca de peligro medio de incendio forestal en Castilla y Le\u00f3n. Aunque las previsiones meteorol\u00f3gicas anuncian una ligera mejor\u00eda, la Junta considera que a\u00fan no ha ca\u00eddo la [&hellip;]<\/p>\n","protected":false},"author":9,"featured_media":13346,"comment_status":"open","ping_status":"open","sticky":false,"template":"","format":"standard","meta":{"footnotes":""},"categories":[9,31,29,28,13],"tags":[58,173,77,94,66,92,93],"yoast_head":"<!-- This site is optimized with the Yoast SEO plugin v24.5 - https:\/\/yoast.com\/wordpress\/plugins\/seo\/ -->\n<title>Otra ampliaci\u00f3n de la Junta de las limitaciones por peligro medio de incendios pese a la mejor\u00eda meteorol\u00f3gica - ASAJA Palencia<\/title>\n<meta name=\"description\" content=\"La Direcci\u00f3n General de Patrimonio Natural y Pol\u00edtica Forestal de la Consejer\u00eda de Medio Ambienta ha resuelto ampliar hasta el 1 de junio inclusive la\" \/>\n<meta name=\"robots\" content=\"index, follow, max-snippet:-1, max-image-preview:large, max-video-preview:-1\" \/>\n<link rel=\"canonical\" href=\"https:\/\/www.asajacyl.com\/palencia\/asaja-palencia-informa\/otra-ampliacion-de-la-junta-de-las-limitaciones-por-peligro-medio-de-incendios-pese-a-la-mejoria-meteorologica\" \/>\n<meta property=\"og:locale\" content=\"es_ES\" \/>\n<meta property=\"og:type\" content=\"article\" \/>\n<meta property=\"og:title\" content=\"Otra ampliaci\u00f3n de la Junta de las limitaciones por peligro medio de incendios pese a la mejor\u00eda meteorol\u00f3gica - ASAJA Palencia\" \/>\n<meta property=\"og:description\" content=\"La Direcci\u00f3n General de Patrimonio Natural y Pol\u00edtica Forestal de la Consejer\u00eda de Medio Ambienta ha resuelto ampliar hasta el 1 de junio inclusive la\" \/>\n<meta property=\"og:url\" content=\"https:\/\/www.asajacyl.com\/palencia\/asaja-palencia-informa\/otra-ampliacion-de-la-junta-de-las-limitaciones-por-peligro-medio-de-incendios-pese-a-la-mejoria-meteorologica\" \/>\n<meta property=\"og:site_name\" content=\"ASAJA Palencia\" \/>\n<meta property=\"article:published_time\" content=\"2023-05-26T12:17:42+00:00\" \/>\n<meta property=\"article:modified_time\" content=\"2023-05-26T12:17:44+00:00\" \/>\n<meta property=\"og:image\" content=\"https:\/\/www.asajacyl.com\/palencia\/wp-content\/uploads\/sites\/3\/2023\/05\/El-Tiempo.-Incendios-Agencia-Estatal-de-Meteorologia-AEMET.-Gobierno-de-Espana.jpg\" \/>\n\t<meta property=\"og:image:width\" content=\"744\" \/>\n\t<meta property=\"og:image:height\" content=\"757\" \/>\n\t<meta property=\"og:image:type\" content=\"image\/jpeg\" \/>\n<meta name=\"author\" content=\"Administrador\" \/>\n<meta name=\"twitter:card\" content=\"summary_large_image\" \/>\n<meta name=\"twitter:label1\" content=\"Escrito por\" \/>\n\t<meta name=\"twitter:data1\" content=\"Administrador\" \/>\n\t<meta name=\"twitter:label2\" content=\"Tiempo de lectura\" \/>\n\t<meta name=\"twitter:data2\" content=\"2 minutos\" \/>\n<script type=\"application\/ld+json\" class=\"yoast-schema-graph\">{\"@context\":\"https:\/\/schema.org\",\"@graph\":[{\"@type\":\"WebPage\",\"@id\":\"https:\/\/www.asajacyl.com\/palencia\/asaja-palencia-informa\/otra-ampliacion-de-la-junta-de-las-limitaciones-por-peligro-medio-de-incendios-pese-a-la-mejoria-meteorologica\",\"url\":\"https:\/\/www.asajacyl.com\/palencia\/asaja-palencia-informa\/otra-ampliacion-de-la-junta-de-las-limitaciones-por-peligro-medio-de-incendios-pese-a-la-mejoria-meteorologica\",\"name\":\"Otra ampliaci\u00f3n de la Junta de las limitaciones por peligro medio de incendios pese a la mejor\u00eda meteorol\u00f3gica - ASAJA Palencia\",\"isPartOf\":{\"@id\":\"https:\/\/www.asajacyl.com\/palencia\/#website\"},\"primaryImageOfPage\":{\"@id\":\"https:\/\/www.asajacyl.com\/palencia\/asaja-palencia-informa\/otra-ampliacion-de-la-junta-de-las-limitaciones-por-peligro-medio-de-incendios-pese-a-la-mejoria-meteorologica#primaryimage\"},\"image\":{\"@id\":\"https:\/\/www.asajacyl.com\/palencia\/asaja-palencia-informa\/otra-ampliacion-de-la-junta-de-las-limitaciones-por-peligro-medio-de-incendios-pese-a-la-mejoria-meteorologica#primaryimage\"},\"thumbnailUrl\":\"https:\/\/www.asajacyl.com\/palencia\/wp-content\/uploads\/sites\/3\/2023\/05\/El-Tiempo.-Incendios-Agencia-Estatal-de-Meteorologia-AEMET.-Gobierno-de-Espana.jpg\",\"datePublished\":\"2023-05-26T12:17:42+00:00\",\"dateModified\":\"2023-05-26T12:17:44+00:00\",\"author\":{\"@id\":\"https:\/\/www.asajacyl.com\/palencia\/#\/schema\/person\/3ab17aeb03527485c317557fae64aab1\"},\"description\":\"La Direcci\u00f3n General de Patrimonio Natural y Pol\u00edtica Forestal de la Consejer\u00eda de Medio Ambienta ha resuelto ampliar hasta el 1 de junio inclusive la\",\"breadcrumb\":{\"@id\":\"https:\/\/www.asajacyl.com\/palencia\/asaja-palencia-informa\/otra-ampliacion-de-la-junta-de-las-limitaciones-por-peligro-medio-de-incendios-pese-a-la-mejoria-meteorologica#breadcrumb\"},\"inLanguage\":\"es\",\"potentialAction\":[{\"@type\":\"ReadAction\",\"target\":[\"https:\/\/www.asajacyl.com\/palencia\/asaja-palencia-informa\/otra-ampliacion-de-la-junta-de-las-limitaciones-por-peligro-medio-de-incendios-pese-a-la-mejoria-meteorologica\"]}]},{\"@type\":\"ImageObject\",\"inLanguage\":\"es\",\"@id\":\"https:\/\/www.asajacyl.com\/palencia\/asaja-palencia-informa\/otra-ampliacion-de-la-junta-de-las-limitaciones-por-peligro-medio-de-incendios-pese-a-la-mejoria-meteorologica#primaryimage\",\"url\":\"https:\/\/www.asajacyl.com\/palencia\/wp-content\/uploads\/sites\/3\/2023\/05\/El-Tiempo.-Incendios-Agencia-Estatal-de-Meteorologia-AEMET.-Gobierno-de-Espana.jpg\",\"contentUrl\":\"https:\/\/www.asajacyl.com\/palencia\/wp-content\/uploads\/sites\/3\/2023\/05\/El-Tiempo.-Incendios-Agencia-Estatal-de-Meteorologia-AEMET.-Gobierno-de-Espana.jpg\",\"width\":744,\"height\":757},{\"@type\":\"BreadcrumbList\",\"@id\":\"https:\/\/www.asajacyl.com\/palencia\/asaja-palencia-informa\/otra-ampliacion-de-la-junta-de-las-limitaciones-por-peligro-medio-de-incendios-pese-a-la-mejoria-meteorologica#breadcrumb\",\"itemListElement\":[{\"@type\":\"ListItem\",\"position\":1,\"name\":\"Portada\",\"item\":\"https:\/\/www.asajacyl.com\/palencia\/\"},{\"@type\":\"ListItem\",\"position\":2,\"name\":\"Otra ampliaci\u00f3n de la Junta de las limitaciones por peligro medio de incendios pese a la mejor\u00eda meteorol\u00f3gica\"}]},{\"@type\":\"WebSite\",\"@id\":\"https:\/\/www.asajacyl.com\/palencia\/#website\",\"url\":\"https:\/\/www.asajacyl.com\/palencia\/\",\"name\":\"ASAJA Palencia\",\"description\":\"Otro sitio m\u00e1s de Provincias ASAJA Castilla y Le\u00f3n\",\"potentialAction\":[{\"@type\":\"SearchAction\",\"target\":{\"@type\":\"EntryPoint\",\"urlTemplate\":\"https:\/\/www.asajacyl.com\/palencia\/?s={search_term_string}\"},\"query-input\":{\"@type\":\"PropertyValueSpecification\",\"valueRequired\":true,\"valueName\":\"search_term_string\"}}],\"inLanguage\":\"es\"},{\"@type\":\"Person\",\"@id\":\"https:\/\/www.asajacyl.com\/palencia\/#\/schema\/person\/3ab17aeb03527485c317557fae64aab1\",\"name\":\"Administrador\",\"image\":{\"@type\":\"ImageObject\",\"inLanguage\":\"es\",\"@id\":\"https:\/\/www.asajacyl.com\/palencia\/#\/schema\/person\/image\/\",\"url\":\"https:\/\/secure.gravatar.com\/avatar\/517384810d242ca9e38c180f3c9fb973?s=96&d=mm&r=g\",\"contentUrl\":\"https:\/\/secure.gravatar.com\/avatar\/517384810d242ca9e38c180f3c9fb973?s=96&d=mm&r=g\",\"caption\":\"Administrador\"},\"url\":\"https:\/\/www.asajacyl.com\/palencia\/author\/carlosrm\"}]}<\/script>\n<!-- \/ Yoast SEO plugin. -->","yoast_head_json":{"title":"Otra ampliaci\u00f3n de la Junta de las limitaciones por peligro medio de incendios pese a la mejor\u00eda meteorol\u00f3gica - ASAJA Palencia","description":"La Direcci\u00f3n General de Patrimonio Natural y Pol\u00edtica Forestal de la Consejer\u00eda de Medio Ambienta ha resuelto ampliar hasta el 1 de junio inclusive la","robots":{"index":"index","follow":"follow","max-snippet":"max-snippet:-1","max-image-preview":"max-image-preview:large","max-video-preview":"max-video-preview:-1"},"canonical":"https:\/\/www.asajacyl.com\/palencia\/asaja-palencia-informa\/otra-ampliacion-de-la-junta-de-las-limitaciones-por-peligro-medio-de-incendios-pese-a-la-mejoria-meteorologica","og_locale":"es_ES","og_type":"article","og_title":"Otra ampliaci\u00f3n de la Junta de las limitaciones por peligro medio de incendios pese a la mejor\u00eda meteorol\u00f3gica - ASAJA Palencia","og_description":"La Direcci\u00f3n General de Patrimonio Natural y Pol\u00edtica Forestal de la Consejer\u00eda de Medio Ambienta ha resuelto ampliar hasta el 1 de junio inclusive la","og_url":"https:\/\/www.asajacyl.com\/palencia\/asaja-palencia-informa\/otra-ampliacion-de-la-junta-de-las-limitaciones-por-peligro-medio-de-incendios-pese-a-la-mejoria-meteorologica","og_site_name":"ASAJA Palencia","article_published_time":"2023-05-26T12:17:42+00:00","article_modified_time":"2023-05-26T12:17:44+00:00","og_image":[{"width":744,"height":757,"url":"https:\/\/www.asajacyl.com\/palencia\/wp-content\/uploads\/sites\/3\/2023\/05\/El-Tiempo.-Incendios-Agencia-Estatal-de-Meteorologia-AEMET.-Gobierno-de-Espana.jpg","type":"image\/jpeg"}],"author":"Administrador","twitter_card":"summary_large_image","twitter_misc":{"Escrito por":"Administrador","Tiempo de lectura":"2 minutos"},"schema":{"@context":"https:\/\/schema.org","@graph":[{"@type":"WebPage","@id":"https:\/\/www.asajacyl.com\/palencia\/asaja-palencia-informa\/otra-ampliacion-de-la-junta-de-las-limitaciones-por-peligro-medio-de-incendios-pese-a-la-mejoria-meteorologica","url":"https:\/\/www.asajacyl.com\/palencia\/asaja-palencia-informa\/otra-ampliacion-de-la-junta-de-las-limitaciones-por-peligro-medio-de-incendios-pese-a-la-mejoria-meteorologica","name":"Otra ampliaci\u00f3n de la Junta de las limitaciones por peligro medio de incendios pese a la mejor\u00eda meteorol\u00f3gica - ASAJA Palencia","isPartOf":{"@id":"https:\/\/www.asajacyl.com\/palencia\/#website"},"primaryImageOfPage":{"@id":"https:\/\/www.asajacyl.com\/palencia\/asaja-palencia-informa\/otra-ampliacion-de-la-junta-de-las-limitaciones-por-peligro-medio-de-incendios-pese-a-la-mejoria-meteorologica#primaryimage"},"image":{"@id":"https:\/\/www.asajacyl.com\/palencia\/asaja-palencia-informa\/otra-ampliacion-de-la-junta-de-las-limitaciones-por-peligro-medio-de-incendios-pese-a-la-mejoria-meteorologica#primaryimage"},"thumbnailUrl":"https:\/\/www.asajacyl.com\/palencia\/wp-content\/uploads\/sites\/3\/2023\/05\/El-Tiempo.-Incendios-Agencia-Estatal-de-Meteorologia-AEMET.-Gobierno-de-Espana.jpg","datePublished":"2023-05-26T12:17:42+00:00","dateModified":"2023-05-26T12:17:44+00:00","author":{"@id":"https:\/\/www.asajacyl.com\/palencia\/#\/schema\/person\/3ab17aeb03527485c317557fae64aab1"},"description":"La Direcci\u00f3n General de Patrimonio Natural y Pol\u00edtica Forestal de la Consejer\u00eda de Medio Ambienta ha resuelto ampliar hasta el 1 de junio inclusive la","breadcrumb":{"@id":"https:\/\/www.asajacyl.com\/palencia\/asaja-palencia-informa\/otra-ampliacion-de-la-junta-de-las-limitaciones-por-peligro-medio-de-incendios-pese-a-la-mejoria-meteorologica#breadcrumb"},"inLanguage":"es","potentialAction":[{"@type":"ReadAction","target":["https:\/\/www.asajacyl.com\/palencia\/asaja-palencia-informa\/otra-ampliacion-de-la-junta-de-las-limitaciones-por-peligro-medio-de-incendios-pese-a-la-mejoria-meteorologica"]}]},{"@type":"ImageObject","inLanguage":"es","@id":"https:\/\/www.asajacyl.com\/palencia\/asaja-palencia-informa\/otra-ampliacion-de-la-junta-de-las-limitaciones-por-peligro-medio-de-incendios-pese-a-la-mejoria-meteorologica#primaryimage","url":"https:\/\/www.asajacyl.com\/palencia\/wp-content\/uploads\/sites\/3\/2023\/05\/El-Tiempo.-Incendios-Agencia-Estatal-de-Meteorologia-AEMET.-Gobierno-de-Espana.jpg","contentUrl":"https:\/\/www.asajacyl.com\/palencia\/wp-content\/uploads\/sites\/3\/2023\/05\/El-Tiempo.-Incendios-Agencia-Estatal-de-Meteorologia-AEMET.-Gobierno-de-Espana.jpg","width":744,"height":757},{"@type":"BreadcrumbList","@id":"https:\/\/www.asajacyl.com\/palencia\/asaja-palencia-informa\/otra-ampliacion-de-la-junta-de-las-limitaciones-por-peligro-medio-de-incendios-pese-a-la-mejoria-meteorologica#breadcrumb","itemListElement":[{"@type":"ListItem","position":1,"name":"Portada","item":"https:\/\/www.asajacyl.com\/palencia\/"},{"@type":"ListItem","position":2,"name":"Otra ampliaci\u00f3n de la Junta de las limitaciones por peligro medio de incendios pese a la mejor\u00eda meteorol\u00f3gica"}]},{"@type":"WebSite","@id":"https:\/\/www.asajacyl.com\/palencia\/#website","url":"https:\/\/www.asajacyl.com\/palencia\/","name":"ASAJA Palencia","description":"Otro sitio m\u00e1s de Provincias ASAJA Castilla y Le\u00f3n","potentialAction":[{"@type":"SearchAction","target":{"@type":"EntryPoint","urlTemplate":"https:\/\/www.asajacyl.com\/palencia\/?s={search_term_string}"},"query-input":{"@type":"PropertyValueSpecification","valueRequired":true,"valueName":"search_term_string"}}],"inLanguage":"es"},{"@type":"Person","@id":"https:\/\/www.asajacyl.com\/palencia\/#\/schema\/person\/3ab17aeb03527485c317557fae64aab1","name":"Administrador","image":{"@type":"ImageObject","inLanguage":"es","@id":"https:\/\/www.asajacyl.com\/palencia\/#\/schema\/person\/image\/","url":"https:\/\/secure.gravatar.com\/avatar\/517384810d242ca9e38c180f3c9fb973?s=96&d=mm&r=g","contentUrl":"https:\/\/secure.gravatar.com\/avatar\/517384810d242ca9e38c180f3c9fb973?s=96&d=mm&r=g","caption":"Administrador"},"url":"https:\/\/www.asajacyl.com\/palencia\/author\/carlosrm"}]}},"_links":{"self":[{"href":"https:\/\/www.asajacyl.com\/palencia\/wp-json\/wp\/v2\/posts\/13345"}],"collection":[{"href":"https:\/\/www.asajacyl.com\/palencia\/wp-json\/wp\/v2\/posts"}],"about":[{"href":"https:\/\/www.asajacyl.com\/palencia\/wp-json\/wp\/v2\/types\/post"}],"author":[{"embeddable":true,"href":"https:\/\/www.asajacyl.com\/palencia\/wp-json\/wp\/v2\/users\/9"}],"replies":[{"embeddable":true,"href":"https:\/\/www.asajacyl.com\/palencia\/wp-json\/wp\/v2\/comments?post=13345"}],"version-history":[{"count":1,"href":"https:\/\/www.asajacyl.com\/palencia\/wp-json\/wp\/v2\/posts\/13345\/revisions"}],"predecessor-version":[{"id":13347,"href":"https:\/\/www.asajacyl.com\/palencia\/wp-json\/wp\/v2\/posts\/13345\/revisions\/13347"}],"wp:featuredmedia":[{"embeddable":true,"href":"https:\/\/www.asajacyl.com\/palencia\/wp-json\/wp\/v2\/media\/13346"}],"wp:attachment":[{"href":"https:\/\/www.asajacyl.com\/palencia\/wp-json\/wp\/v2\/media?parent=13345"}],"wp:term":[{"taxonomy":"category","embeddable":true,"href":"https:\/\/www.asajacyl.com\/palencia\/wp-json\/wp\/v2\/categories?post=13345"},{"taxonomy":"post_tag","embeddable":true,"href":"https:\/\/www.asajacyl.com\/palencia\/wp-json\/wp\/v2\/tags?post=13345"}],"curies":[{"name":"wp","href":"https:\/\/api.w.org\/{rel}","templated":true}]}}