{"id":13349,"date":"2023-05-30T09:40:28","date_gmt":"2023-05-30T07:40:28","guid":{"rendered":"https:\/\/www.asajacyl.com\/palencia\/?p=13349"},"modified":"2023-05-29T10:12:48","modified_gmt":"2023-05-29T08:12:48","slug":"el-parlamento-europeo-dividido-sobre-el-papel-de-la-ganaderia-en-la-revision-de-la-directiva-de-emisiones-industriales","status":"publish","type":"post","link":"https:\/\/www.asajacyl.com\/palencia\/asaja-palencia-informa\/el-parlamento-europeo-dividido-sobre-el-papel-de-la-ganaderia-en-la-revision-de-la-directiva-de-emisiones-industriales","title":{"rendered":"El Parlamento Europeo, dividido sobre el papel de la ganader\u00eda en la revisi\u00f3n de la Directiva de Emisiones Industriales"},"content":{"rendered":"\n<h2 class=\"wp-block-heading\">La Directiva de Emisiones Industriales (DEI) ha dividido al Parlamento Europeo, lo que puede acabar perjudicando a la comunidad ganadera de la Uni\u00f3n Europea. As\u00ed lo percibe con preocupaci\u00f3n el COPA-COGECA, que agrupa a las organizaciones profesionales y las cooperativas del sector primario, porque se teme que los europarlamentarios terminen por dar la espalda a los ganaderos de los pa\u00edses miembros, como ya ha hecho la Comisi\u00f3n Europea. Mientras la\u00a0Comisi\u00f3n de Agricultura del Parlamento Europeo\u00a0se ha mostrado comprensiva con las dram\u00e1ticas consecuencias de ampliar el \u00e1mbito de aplicaci\u00f3n de la DEI, la\u00a0de Medio Ambiente\u00a0ha votado recientemente ampliar el alcance de esta norma, que el pleno abordar\u00e1 en junio.<\/h2>\n\n\n\n<p>Si bien el comit\u00e9 de Agricultura del Parlamento Europeo entendi\u00f3 las dram\u00e1ticas consecuencias de extender el \u00e1mbito de aplicaci\u00f3n de la DEI, su hom\u00f3logo de Medio Ambiente vot\u00f3 una posici\u00f3n que no mostraba consideraciones sobre las realidades agr\u00edcolas de la Uni\u00f3n Europea, lo que est\u00e1 causando m\u00e1xima preocupaci\u00f3n cara el pleno de junio, en opini\u00f3n del COPA-COGEGA.<\/p>\n\n\n\n<p>La Comisi\u00f3n de Medio Ambiente del Parlamento Europeo vot\u00f3 revisar la DEI en la l\u00ednea de la Comisi\u00f3n Europea, que intenta ampliar el alcance de su propuesta a las explotaciones ganaderas y rebajar los umbrales para el sector porcino y av\u00edcola ya cubiertos desde 2010: cr\u00eda de cerdos, aves de corral y m\u00e1s de 150 unidades de ganado (UGM).<\/p>\n\n\n\n<p>Desde esta entrada en vigor, la experiencia de la DEI ha demostrado su costosa aplicaci\u00f3n. Extenderla a la mayor\u00eda de las explotaciones ganaderas (un porcentaje de explotaciones comunitarias incluso superior al previsto originalmente por la evaluaci\u00f3n de impacto de la Comisi\u00f3n Europea) tendr\u00eda consecuencias insoportables para los productores, las familias y las zonas rurales. <\/p>\n\n\n\n<p><strong>BANDAZOS E INCOHERENCIAS. <\/strong>Adem\u00e1s, la DEI plantea dudas sobre la coherencia general de los enfoques de los responsables de la toma de decisiones de la UE en lo que respecta a la ganader\u00eda: un d\u00eda se considera un proveedor de soluciones (caso de la estrategia REPower Europe que exige un aumento de la producci\u00f3n de biog\u00e1s en las granjas) y al d\u00eda siguiente&#8230; \u00a1se ve castigado por la reforma de la Directiva de Emisiones Industriales! <\/p>\n\n\n\n<p>La votaci\u00f3n del Comit\u00e9 de Medio Ambiente ignor\u00f3 el proyecto de dictamen de su hom\u00f3logo de Agricultura, al apoyar umbrales muy bajos: se consideraron 200 UGM para cerdos y aves, 300 UGM para ganado (a menos que sean extensivos) y 250 UGM para granjas mixtas, a menos que un tipo de animal tenga 25 UGM o menos. <\/p>\n\n\n\n<p>Con esas cifras, la mitad de las granjas porcinas y av\u00edcolas en Europa se ver\u00e1n afectadas por esa revisi\u00f3n, lo que agregar\u00eda cargas adicionales a las espaldas de las explotaciones familiares. El comit\u00e9 tampoco entiendo un hecho b\u00e1sico de la ganader\u00eda: la gesti\u00f3n del esti\u00e9rcol no equivales a esparcir desechos en la tierra.<\/p>\n\n\n\n<p>Como premio de consolaci\u00f3n, la Comisi\u00f3n de Medio Ambiente propuso incluir una cl\u00e1usula de reciprocidad para los productos importados, pero sin explicar c\u00f3mo funcionar\u00eda en la pr\u00e1ctica. <\/p>\n\n\n\n<p>Ahora que nos acercamos al pleno con una casa europea dividida, la pr\u00f3xima votaci\u00f3n plantea una pregunta muy simple para la comunidad agropecuaria de la UE, seg\u00fan el COPA-COGECA. \u00bfDar\u00e1 el Parlamento Europeo la espalda a la ganader\u00eda europea como ya ha hecho la Comisi\u00f3n?<strong>\/<\/strong>\u00a0\u00a0\u00a0\u00a0<\/p>\n","protected":false},"excerpt":{"rendered":"<p>La Directiva de Emisiones Industriales (DEI) ha dividido al Parlamento Europeo, lo que puede acabar perjudicando a la comunidad ganadera de la Uni\u00f3n Europea. As\u00ed lo percibe con preocupaci\u00f3n el COPA-COGECA, que agrupa a las organizaciones profesionales y las cooperativas del sector primario, porque se teme que los europarlamentarios terminen por dar la espalda a [&hellip;]<\/p>\n","protected":false},"author":9,"featured_media":13350,"comment_status":"open","ping_status":"open","sticky":false,"template":"","format":"standard","meta":{"footnotes":""},"categories":[9,29,28],"tags":[58,157,183,77,143,217,44,144],"yoast_head":"<!-- This site is optimized with the Yoast SEO plugin v24.5 - https:\/\/yoast.com\/wordpress\/plugins\/seo\/ -->\n<title>El Parlamento Europeo, dividido sobre el papel de la ganader\u00eda en la revisi\u00f3n de la Directiva de Emisiones Industriales - ASAJA Palencia<\/title>\n<meta name=\"description\" content=\"La Directiva de Emisiones Industriales (DEI) ha dividido al Parlamento Europeo, lo que puede acabar perjudicando a la comunidad ganadera de la Uni\u00f3n\" \/>\n<meta name=\"robots\" content=\"index, follow, max-snippet:-1, max-image-preview:large, max-video-preview:-1\" \/>\n<link rel=\"canonical\" href=\"https:\/\/www.asajacyl.com\/palencia\/asaja-palencia-informa\/el-parlamento-europeo-dividido-sobre-el-papel-de-la-ganaderia-en-la-revision-de-la-directiva-de-emisiones-industriales\" \/>\n<meta property=\"og:locale\" content=\"es_ES\" \/>\n<meta property=\"og:type\" content=\"article\" \/>\n<meta property=\"og:title\" content=\"El Parlamento Europeo, dividido sobre el papel de la ganader\u00eda en la revisi\u00f3n de la Directiva de Emisiones Industriales - ASAJA Palencia\" \/>\n<meta property=\"og:description\" content=\"La Directiva de Emisiones Industriales (DEI) ha dividido al Parlamento Europeo, lo que puede acabar perjudicando a la comunidad ganadera de la Uni\u00f3n\" \/>\n<meta property=\"og:url\" content=\"https:\/\/www.asajacyl.com\/palencia\/asaja-palencia-informa\/el-parlamento-europeo-dividido-sobre-el-papel-de-la-ganaderia-en-la-revision-de-la-directiva-de-emisiones-industriales\" \/>\n<meta property=\"og:site_name\" content=\"ASAJA Palencia\" \/>\n<meta property=\"article:published_time\" content=\"2023-05-30T07:40:28+00:00\" \/>\n<meta property=\"og:image\" content=\"https:\/\/www.asajacyl.com\/palencia\/wp-content\/uploads\/sites\/3\/2023\/05\/Vacuno-leche-Villarrodrigo2.jpg\" \/>\n\t<meta property=\"og:image:width\" content=\"2500\" \/>\n\t<meta property=\"og:image:height\" content=\"1162\" \/>\n\t<meta property=\"og:image:type\" content=\"image\/jpeg\" \/>\n<meta name=\"author\" content=\"Administrador\" \/>\n<meta name=\"twitter:card\" content=\"summary_large_image\" \/>\n<meta name=\"twitter:label1\" content=\"Escrito por\" \/>\n\t<meta name=\"twitter:data1\" content=\"Administrador\" \/>\n\t<meta name=\"twitter:label2\" content=\"Tiempo de lectura\" \/>\n\t<meta name=\"twitter:data2\" content=\"3 minutos\" \/>\n<script type=\"application\/ld+json\" class=\"yoast-schema-graph\">{\"@context\":\"https:\/\/schema.org\",\"@graph\":[{\"@type\":\"WebPage\",\"@id\":\"https:\/\/www.asajacyl.com\/palencia\/asaja-palencia-informa\/el-parlamento-europeo-dividido-sobre-el-papel-de-la-ganaderia-en-la-revision-de-la-directiva-de-emisiones-industriales\",\"url\":\"https:\/\/www.asajacyl.com\/palencia\/asaja-palencia-informa\/el-parlamento-europeo-dividido-sobre-el-papel-de-la-ganaderia-en-la-revision-de-la-directiva-de-emisiones-industriales\",\"name\":\"El Parlamento Europeo, dividido sobre el papel de la ganader\u00eda en la revisi\u00f3n de la Directiva de Emisiones Industriales - ASAJA Palencia\",\"isPartOf\":{\"@id\":\"https:\/\/www.asajacyl.com\/palencia\/#website\"},\"primaryImageOfPage\":{\"@id\":\"https:\/\/www.asajacyl.com\/palencia\/asaja-palencia-informa\/el-parlamento-europeo-dividido-sobre-el-papel-de-la-ganaderia-en-la-revision-de-la-directiva-de-emisiones-industriales#primaryimage\"},\"image\":{\"@id\":\"https:\/\/www.asajacyl.com\/palencia\/asaja-palencia-informa\/el-parlamento-europeo-dividido-sobre-el-papel-de-la-ganaderia-en-la-revision-de-la-directiva-de-emisiones-industriales#primaryimage\"},\"thumbnailUrl\":\"https:\/\/www.asajacyl.com\/palencia\/wp-content\/uploads\/sites\/3\/2023\/05\/Vacuno-leche-Villarrodrigo2.jpg\",\"datePublished\":\"2023-05-30T07:40:28+00:00\",\"author\":{\"@id\":\"https:\/\/www.asajacyl.com\/palencia\/#\/schema\/person\/3ab17aeb03527485c317557fae64aab1\"},\"description\":\"La Directiva de Emisiones Industriales (DEI) ha dividido al Parlamento Europeo, lo que puede acabar perjudicando a la comunidad ganadera de la Uni\u00f3n\",\"breadcrumb\":{\"@id\":\"https:\/\/www.asajacyl.com\/palencia\/asaja-palencia-informa\/el-parlamento-europeo-dividido-sobre-el-papel-de-la-ganaderia-en-la-revision-de-la-directiva-de-emisiones-industriales#breadcrumb\"},\"inLanguage\":\"es\",\"potentialAction\":[{\"@type\":\"ReadAction\",\"target\":[\"https:\/\/www.asajacyl.com\/palencia\/asaja-palencia-informa\/el-parlamento-europeo-dividido-sobre-el-papel-de-la-ganaderia-en-la-revision-de-la-directiva-de-emisiones-industriales\"]}]},{\"@type\":\"ImageObject\",\"inLanguage\":\"es\",\"@id\":\"https:\/\/www.asajacyl.com\/palencia\/asaja-palencia-informa\/el-parlamento-europeo-dividido-sobre-el-papel-de-la-ganaderia-en-la-revision-de-la-directiva-de-emisiones-industriales#primaryimage\",\"url\":\"https:\/\/www.asajacyl.com\/palencia\/wp-content\/uploads\/sites\/3\/2023\/05\/Vacuno-leche-Villarrodrigo2.jpg\",\"contentUrl\":\"https:\/\/www.asajacyl.com\/palencia\/wp-content\/uploads\/sites\/3\/2023\/05\/Vacuno-leche-Villarrodrigo2.jpg\",\"width\":2500,\"height\":1162},{\"@type\":\"BreadcrumbList\",\"@id\":\"https:\/\/www.asajacyl.com\/palencia\/asaja-palencia-informa\/el-parlamento-europeo-dividido-sobre-el-papel-de-la-ganaderia-en-la-revision-de-la-directiva-de-emisiones-industriales#breadcrumb\",\"itemListElement\":[{\"@type\":\"ListItem\",\"position\":1,\"name\":\"Portada\",\"item\":\"https:\/\/www.asajacyl.com\/palencia\/\"},{\"@type\":\"ListItem\",\"position\":2,\"name\":\"El Parlamento Europeo, dividido sobre el papel de la ganader\u00eda en la revisi\u00f3n de la Directiva de Emisiones Industriales\"}]},{\"@type\":\"WebSite\",\"@id\":\"https:\/\/www.asajacyl.com\/palencia\/#website\",\"url\":\"https:\/\/www.asajacyl.com\/palencia\/\",\"name\":\"ASAJA Palencia\",\"description\":\"Otro sitio m\u00e1s de Provincias ASAJA Castilla y Le\u00f3n\",\"potentialAction\":[{\"@type\":\"SearchAction\",\"target\":{\"@type\":\"EntryPoint\",\"urlTemplate\":\"https:\/\/www.asajacyl.com\/palencia\/?s={search_term_string}\"},\"query-input\":{\"@type\":\"PropertyValueSpecification\",\"valueRequired\":true,\"valueName\":\"search_term_string\"}}],\"inLanguage\":\"es\"},{\"@type\":\"Person\",\"@id\":\"https:\/\/www.asajacyl.com\/palencia\/#\/schema\/person\/3ab17aeb03527485c317557fae64aab1\",\"name\":\"Administrador\",\"image\":{\"@type\":\"ImageObject\",\"inLanguage\":\"es\",\"@id\":\"https:\/\/www.asajacyl.com\/palencia\/#\/schema\/person\/image\/\",\"url\":\"https:\/\/secure.gravatar.com\/avatar\/517384810d242ca9e38c180f3c9fb973?s=96&d=mm&r=g\",\"contentUrl\":\"https:\/\/secure.gravatar.com\/avatar\/517384810d242ca9e38c180f3c9fb973?s=96&d=mm&r=g\",\"caption\":\"Administrador\"},\"url\":\"https:\/\/www.asajacyl.com\/palencia\/author\/carlosrm\"}]}<\/script>\n<!-- \/ Yoast SEO plugin. -->","yoast_head_json":{"title":"El Parlamento Europeo, dividido sobre el papel de la ganader\u00eda en la revisi\u00f3n de la Directiva de Emisiones Industriales - ASAJA Palencia","description":"La Directiva de Emisiones Industriales (DEI) ha dividido al Parlamento Europeo, lo que puede acabar perjudicando a la comunidad ganadera de la Uni\u00f3n","robots":{"index":"index","follow":"follow","max-snippet":"max-snippet:-1","max-image-preview":"max-image-preview:large","max-video-preview":"max-video-preview:-1"},"canonical":"https:\/\/www.asajacyl.com\/palencia\/asaja-palencia-informa\/el-parlamento-europeo-dividido-sobre-el-papel-de-la-ganaderia-en-la-revision-de-la-directiva-de-emisiones-industriales","og_locale":"es_ES","og_type":"article","og_title":"El Parlamento Europeo, dividido sobre el papel de la ganader\u00eda en la revisi\u00f3n de la Directiva de Emisiones Industriales - ASAJA Palencia","og_description":"La Directiva de Emisiones Industriales (DEI) ha dividido al Parlamento Europeo, lo que puede acabar perjudicando a la comunidad ganadera de la Uni\u00f3n","og_url":"https:\/\/www.asajacyl.com\/palencia\/asaja-palencia-informa\/el-parlamento-europeo-dividido-sobre-el-papel-de-la-ganaderia-en-la-revision-de-la-directiva-de-emisiones-industriales","og_site_name":"ASAJA Palencia","article_published_time":"2023-05-30T07:40:28+00:00","og_image":[{"width":2500,"height":1162,"url":"https:\/\/www.asajacyl.com\/palencia\/wp-content\/uploads\/sites\/3\/2023\/05\/Vacuno-leche-Villarrodrigo2.jpg","type":"image\/jpeg"}],"author":"Administrador","twitter_card":"summary_large_image","twitter_misc":{"Escrito por":"Administrador","Tiempo de lectura":"3 minutos"},"schema":{"@context":"https:\/\/schema.org","@graph":[{"@type":"WebPage","@id":"https:\/\/www.asajacyl.com\/palencia\/asaja-palencia-informa\/el-parlamento-europeo-dividido-sobre-el-papel-de-la-ganaderia-en-la-revision-de-la-directiva-de-emisiones-industriales","url":"https:\/\/www.asajacyl.com\/palencia\/asaja-palencia-informa\/el-parlamento-europeo-dividido-sobre-el-papel-de-la-ganaderia-en-la-revision-de-la-directiva-de-emisiones-industriales","name":"El Parlamento Europeo, dividido sobre el papel de la ganader\u00eda en la revisi\u00f3n de la Directiva de Emisiones Industriales - ASAJA Palencia","isPartOf":{"@id":"https:\/\/www.asajacyl.com\/palencia\/#website"},"primaryImageOfPage":{"@id":"https:\/\/www.asajacyl.com\/palencia\/asaja-palencia-informa\/el-parlamento-europeo-dividido-sobre-el-papel-de-la-ganaderia-en-la-revision-de-la-directiva-de-emisiones-industriales#primaryimage"},"image":{"@id":"https:\/\/www.asajacyl.com\/palencia\/asaja-palencia-informa\/el-parlamento-europeo-dividido-sobre-el-papel-de-la-ganaderia-en-la-revision-de-la-directiva-de-emisiones-industriales#primaryimage"},"thumbnailUrl":"https:\/\/www.asajacyl.com\/palencia\/wp-content\/uploads\/sites\/3\/2023\/05\/Vacuno-leche-Villarrodrigo2.jpg","datePublished":"2023-05-30T07:40:28+00:00","author":{"@id":"https:\/\/www.asajacyl.com\/palencia\/#\/schema\/person\/3ab17aeb03527485c317557fae64aab1"},"description":"La Directiva de Emisiones Industriales (DEI) ha dividido al Parlamento Europeo, lo que puede acabar perjudicando a la comunidad ganadera de la Uni\u00f3n","breadcrumb":{"@id":"https:\/\/www.asajacyl.com\/palencia\/asaja-palencia-informa\/el-parlamento-europeo-dividido-sobre-el-papel-de-la-ganaderia-en-la-revision-de-la-directiva-de-emisiones-industriales#breadcrumb"},"inLanguage":"es","potentialAction":[{"@type":"ReadAction","target":["https:\/\/www.asajacyl.com\/palencia\/asaja-palencia-informa\/el-parlamento-europeo-dividido-sobre-el-papel-de-la-ganaderia-en-la-revision-de-la-directiva-de-emisiones-industriales"]}]},{"@type":"ImageObject","inLanguage":"es","@id":"https:\/\/www.asajacyl.com\/palencia\/asaja-palencia-informa\/el-parlamento-europeo-dividido-sobre-el-papel-de-la-ganaderia-en-la-revision-de-la-directiva-de-emisiones-industriales#primaryimage","url":"https:\/\/www.asajacyl.com\/palencia\/wp-content\/uploads\/sites\/3\/2023\/05\/Vacuno-leche-Villarrodrigo2.jpg","contentUrl":"https:\/\/www.asajacyl.com\/palencia\/wp-content\/uploads\/sites\/3\/2023\/05\/Vacuno-leche-Villarrodrigo2.jpg","width":2500,"height":1162},{"@type":"BreadcrumbList","@id":"https:\/\/www.asajacyl.com\/palencia\/asaja-palencia-informa\/el-parlamento-europeo-dividido-sobre-el-papel-de-la-ganaderia-en-la-revision-de-la-directiva-de-emisiones-industriales#breadcrumb","itemListElement":[{"@type":"ListItem","position":1,"name":"Portada","item":"https:\/\/www.asajacyl.com\/palencia\/"},{"@type":"ListItem","position":2,"name":"El Parlamento Europeo, dividido sobre el papel de la ganader\u00eda en la revisi\u00f3n de la Directiva de Emisiones Industriales"}]},{"@type":"WebSite","@id":"https:\/\/www.asajacyl.com\/palencia\/#website","url":"https:\/\/www.asajacyl.com\/palencia\/","name":"ASAJA Palencia","description":"Otro sitio m\u00e1s de Provincias ASAJA Castilla y Le\u00f3n","potentialAction":[{"@type":"SearchAction","target":{"@type":"EntryPoint","urlTemplate":"https:\/\/www.asajacyl.com\/palencia\/?s={search_term_string}"},"query-input":{"@type":"PropertyValueSpecification","valueRequired":true,"valueName":"search_term_string"}}],"inLanguage":"es"},{"@type":"Person","@id":"https:\/\/www.asajacyl.com\/palencia\/#\/schema\/person\/3ab17aeb03527485c317557fae64aab1","name":"Administrador","image":{"@type":"ImageObject","inLanguage":"es","@id":"https:\/\/www.asajacyl.com\/palencia\/#\/schema\/person\/image\/","url":"https:\/\/secure.gravatar.com\/avatar\/517384810d242ca9e38c180f3c9fb973?s=96&d=mm&r=g","contentUrl":"https:\/\/secure.gravatar.com\/avatar\/517384810d242ca9e38c180f3c9fb973?s=96&d=mm&r=g","caption":"Administrador"},"url":"https:\/\/www.asajacyl.com\/palencia\/author\/carlosrm"}]}},"_links":{"self":[{"href":"https:\/\/www.asajacyl.com\/palencia\/wp-json\/wp\/v2\/posts\/13349"}],"collection":[{"href":"https:\/\/www.asajacyl.com\/palencia\/wp-json\/wp\/v2\/posts"}],"about":[{"href":"https:\/\/www.asajacyl.com\/palencia\/wp-json\/wp\/v2\/types\/post"}],"author":[{"embeddable":true,"href":"https:\/\/www.asajacyl.com\/palencia\/wp-json\/wp\/v2\/users\/9"}],"replies":[{"embeddable":true,"href":"https:\/\/www.asajacyl.com\/palencia\/wp-json\/wp\/v2\/comments?post=13349"}],"version-history":[{"count":1,"href":"https:\/\/www.asajacyl.com\/palencia\/wp-json\/wp\/v2\/posts\/13349\/revisions"}],"predecessor-version":[{"id":13351,"href":"https:\/\/www.asajacyl.com\/palencia\/wp-json\/wp\/v2\/posts\/13349\/revisions\/13351"}],"wp:featuredmedia":[{"embeddable":true,"href":"https:\/\/www.asajacyl.com\/palencia\/wp-json\/wp\/v2\/media\/13350"}],"wp:attachment":[{"href":"https:\/\/www.asajacyl.com\/palencia\/wp-json\/wp\/v2\/media?parent=13349"}],"wp:term":[{"taxonomy":"category","embeddable":true,"href":"https:\/\/www.asajacyl.com\/palencia\/wp-json\/wp\/v2\/categories?post=13349"},{"taxonomy":"post_tag","embeddable":true,"href":"https:\/\/www.asajacyl.com\/palencia\/wp-json\/wp\/v2\/tags?post=13349"}],"curies":[{"name":"wp","href":"https:\/\/api.w.org\/{rel}","templated":true}]}}