{"id":13368,"date":"2023-05-31T19:00:00","date_gmt":"2023-05-31T17:00:00","guid":{"rendered":"https:\/\/www.asajacyl.com\/palencia\/?p=13368"},"modified":"2023-05-31T14:17:46","modified_gmt":"2023-05-31T12:17:46","slug":"la-confederacion-mantiene-de-momento-la-dotacion-de-agua-a-los-regantes-del-sistema-pisuerga","status":"publish","type":"post","link":"https:\/\/www.asajacyl.com\/palencia\/asaja-palencia-informa\/la-confederacion-mantiene-de-momento-la-dotacion-de-agua-a-los-regantes-del-sistema-pisuerga","title":{"rendered":"La Confederaci\u00f3n mantiene de momento la dotaci\u00f3n de agua a los regantes del sistema Pisuerga"},"content":{"rendered":"\n<h2 class=\"wp-block-heading\">La Confederaci\u00f3n Hidrogr\u00e1fica del Duero ha comunicado a los regantes del sistema Pisuerga en la junta de explotaci\u00f3n celebrada este martes que, por el momento, se mantiene la dotaci\u00f3n orientativa m\u00e1xima de 3.500 metros c\u00fabicos por hect\u00e1rea asignada al principio de la campa\u00f1a, hace aproximadamente dos meses. La pr\u00f3xima reuni\u00f3n se celebrar\u00e1 ya en  julio, por lo que no se esperan cambios en junio.<\/h2>\n\n\n\n<p>El \u00faltimo informe de sequ\u00eda, elaborado con los datos al t\u00e9rmino del mes de abril y publicado el 8 de mayo, ya elev\u00f3 al sistema Pisuerga de \u00abprealerta\u00bb a \u00abalerta\u00bb en cuanto al indicador de escasez, lo que le convirti\u00f3 en el \u00fanico sistema de la cuenca del Duero en esa situaci\u00f3n. Por eso, los regantes del sistema Pisuerga acud\u00edan esta semana a la junta de explotaci\u00f3n con un temor m\u00e1s que justificado. <\/p>\n\n\n\n<p>No obstante, la asignaci\u00f3n m\u00e1xima orientativa inicial (esos 3.500 metros c\u00fabicos por hect\u00e1rea, para todos los canales que se abastecen del sistema, no solo los del Estado) se mantiene. Cabe recordar que ya fue la menor cantidad planteada en toda la cuenca al empezar la campa\u00f1a, a la luz del bajo nivel de partida de los embalses del sistema (Ruesga-Cervera, La Requejada y Aguilar de Campoo).<\/p>\n\n\n\n<p>La Confederaci\u00f3n ya advirti\u00f3 entonces, a primeros de abril, que estas asignaciones quedaban condicionadas a la evoluci\u00f3n meteorol\u00f3gica de la primavera, que afectar\u00eda doblemente tanto en el consumo de agua en las zonas regables como en la situaci\u00f3n de los embalses. <\/p>\n\n\n\n<p><strong>REBAJA EN EL CARRI\u00d3N. <\/strong>De hecho, hace una semana, los regantes del otro sistema de la provincia de Palencia \u2014Carri\u00f3n\u2014 vieron c\u00f3mo se sustanciaba esa amenaza y su asignaci\u00f3n inicial de 4.500 metros c\u00fabicos se recortaba a 4.000, debido en buena medida al r\u00e1pido descenso experimentado en los niveles de agua embalsada en Camporredondo y Compuerto por la ausencia de aportes significativos y el adelanto en varias semanas del riego para salvar los cultivos, debido a la anormal escasez de precipitaciones en los meses de abril y mayo. <\/p>\n\n\n\n<p>Con todo, dados los hist\u00f3ricos problemas estructurales de falta de almacenamiento y regulaci\u00f3n en la provincia de Palencia, el fantasma de una campa\u00f1a de riego muy restrictiva no se ha alejado, ni mucho menos. Y de hecho vienen condicionando desde el principio de la campa\u00f1a las decisiones agron\u00f3micas en cuanto a la elecci\u00f3n de cultivos en ese contexto de incertidumbre.<\/p>\n\n\n\n<p><strong>MALA SITUACI\u00d3N DE PARTIDA. <\/strong>Los datos actuales de agua embalsada, que se reproducen el cuadro inferior, y su comparaci\u00f3n con los del pasado a\u00f1o por estas mismas hechas, no resultan tranquilizadores. No hay que perder de vista que el pasado a\u00f1o hidrol\u00f3gico (1 de octubre de 2021-30 de septiembre de 2022) fue el tercero m\u00e1s seco en Espa\u00f1a de la serie hist\u00f3rica que comienza en 1961, seg\u00fan los registros de la Agencia Estatal de Meteorolog\u00eda (Aemet). <\/p>\n\n\n\n<p>La sequ\u00eda de los \u00faltimos meses no ha hecho sino acentuar la grav\u00edsima situaci\u00f3n de partida en los embalses del Pisuerga, en especial el de Aguilar de Campoo, cuya capacidad (247 hect\u00f3metros c\u00fabicos) representa el 78% del total del sistema que ronda los 480 hect\u00f3metros c\u00fabicos. A fecha de hoy, 31 de mayo, sus tres embalses se hallan muy cerca de perder el umbral del 40% y \u2014lo que preocupa m\u00e1s a los regantes si la meteorolog\u00eda no cambia\u2014, ya con menos de 127 hect\u00f3metros c\u00fabicos, sensiblemente por debajo del volumen embalsado el pasado a\u00f1o por estas mismas fechas (150,2 hm<sup>3<\/sup>). <\/p>\n\n\n\n<figure class=\"wp-block-image size-large is-resized\"><img loading=\"lazy\" decoding=\"async\" src=\"https:\/\/www.asajacyl.com\/palencia\/wp-content\/uploads\/sites\/3\/2023\/05\/image-9-1024x409.png\" alt=\"\" class=\"wp-image-13369\" width=\"1059\" height=\"424\" srcset=\"https:\/\/www.asajacyl.com\/palencia\/wp-content\/uploads\/sites\/3\/2023\/05\/image-9-1024x409.png 1024w, https:\/\/www.asajacyl.com\/palencia\/wp-content\/uploads\/sites\/3\/2023\/05\/image-9-300x120.png 300w, https:\/\/www.asajacyl.com\/palencia\/wp-content\/uploads\/sites\/3\/2023\/05\/image-9-768x307.png 768w, https:\/\/www.asajacyl.com\/palencia\/wp-content\/uploads\/sites\/3\/2023\/05\/image-9-1536x613.png 1536w, https:\/\/www.asajacyl.com\/palencia\/wp-content\/uploads\/sites\/3\/2023\/05\/image-9-696x278.png 696w, https:\/\/www.asajacyl.com\/palencia\/wp-content\/uploads\/sites\/3\/2023\/05\/image-9-1068x427.png 1068w, https:\/\/www.asajacyl.com\/palencia\/wp-content\/uploads\/sites\/3\/2023\/05\/image-9-1052x420.png 1052w, https:\/\/www.asajacyl.com\/palencia\/wp-content\/uploads\/sites\/3\/2023\/05\/image-9.png 1550w\" sizes=\"(max-width: 1059px) 100vw, 1059px\" \/><figcaption class=\"wp-element-caption\">FUENTE. Confederaci\u00f3n Hidrogr\u00e1fica del Duero. Estos datos son provisionales y est\u00e1n sujetos a revisi\u00f3n, seg\u00fan advierte el organismo regulador.<\/figcaption><\/figure>\n\n\n\n<p><\/p>\n","protected":false},"excerpt":{"rendered":"<p>La Confederaci\u00f3n Hidrogr\u00e1fica del Duero ha comunicado a los regantes del sistema Pisuerga en la junta de explotaci\u00f3n celebrada este martes que, por el momento, se mantiene la dotaci\u00f3n orientativa m\u00e1xima de 3.500 metros c\u00fabicos por hect\u00e1rea asignada al principio de la campa\u00f1a, hace aproximadamente dos meses. La pr\u00f3xima reuni\u00f3n se celebrar\u00e1 ya en julio, [&hellip;]<\/p>\n","protected":false},"author":9,"featured_media":13378,"comment_status":"open","ping_status":"open","sticky":false,"template":"","format":"standard","meta":{"footnotes":""},"categories":[9,29,28],"tags":[58,134,226,92,55,93,136,135],"yoast_head":"<!-- This site is optimized with the Yoast SEO plugin v24.5 - https:\/\/yoast.com\/wordpress\/plugins\/seo\/ -->\n<title>La Confederaci\u00f3n mantiene de momento la dotaci\u00f3n de agua a los regantes del sistema Pisuerga - ASAJA Palencia<\/title>\n<meta name=\"description\" content=\"La Confederaci\u00f3n Hidrogr\u00e1fica del Duero ha comunicado a los regantes del sistema Pisuerga en la junta de explotaci\u00f3n celebrada este martes que, por el\" \/>\n<meta name=\"robots\" content=\"index, follow, max-snippet:-1, max-image-preview:large, max-video-preview:-1\" \/>\n<link rel=\"canonical\" href=\"https:\/\/www.asajacyl.com\/palencia\/asaja-palencia-informa\/la-confederacion-mantiene-de-momento-la-dotacion-de-agua-a-los-regantes-del-sistema-pisuerga\" \/>\n<meta property=\"og:locale\" content=\"es_ES\" \/>\n<meta property=\"og:type\" content=\"article\" \/>\n<meta property=\"og:title\" content=\"La Confederaci\u00f3n mantiene de momento la dotaci\u00f3n de agua a los regantes del sistema Pisuerga - ASAJA Palencia\" \/>\n<meta property=\"og:description\" content=\"La Confederaci\u00f3n Hidrogr\u00e1fica del Duero ha comunicado a los regantes del sistema Pisuerga en la junta de explotaci\u00f3n celebrada este martes que, por el\" \/>\n<meta property=\"og:url\" content=\"https:\/\/www.asajacyl.com\/palencia\/asaja-palencia-informa\/la-confederacion-mantiene-de-momento-la-dotacion-de-agua-a-los-regantes-del-sistema-pisuerga\" \/>\n<meta property=\"og:site_name\" content=\"ASAJA Palencia\" \/>\n<meta property=\"article:published_time\" content=\"2023-05-31T17:00:00+00:00\" \/>\n<meta property=\"og:image\" content=\"https:\/\/www.asajacyl.com\/palencia\/wp-content\/uploads\/sites\/3\/2023\/05\/REGADIO-PIVOT-1024x666.jpg\" \/>\n\t<meta property=\"og:image:width\" content=\"1024\" \/>\n\t<meta property=\"og:image:height\" content=\"666\" \/>\n\t<meta property=\"og:image:type\" content=\"image\/jpeg\" \/>\n<meta name=\"author\" content=\"Administrador\" \/>\n<meta name=\"twitter:card\" content=\"summary_large_image\" \/>\n<meta name=\"twitter:label1\" content=\"Escrito por\" \/>\n\t<meta name=\"twitter:data1\" content=\"Administrador\" \/>\n\t<meta name=\"twitter:label2\" content=\"Tiempo de lectura\" \/>\n\t<meta name=\"twitter:data2\" content=\"3 minutos\" \/>\n<script type=\"application\/ld+json\" class=\"yoast-schema-graph\">{\"@context\":\"https:\/\/schema.org\",\"@graph\":[{\"@type\":\"WebPage\",\"@id\":\"https:\/\/www.asajacyl.com\/palencia\/asaja-palencia-informa\/la-confederacion-mantiene-de-momento-la-dotacion-de-agua-a-los-regantes-del-sistema-pisuerga\",\"url\":\"https:\/\/www.asajacyl.com\/palencia\/asaja-palencia-informa\/la-confederacion-mantiene-de-momento-la-dotacion-de-agua-a-los-regantes-del-sistema-pisuerga\",\"name\":\"La Confederaci\u00f3n mantiene de momento la dotaci\u00f3n de agua a los regantes del sistema Pisuerga - ASAJA Palencia\",\"isPartOf\":{\"@id\":\"https:\/\/www.asajacyl.com\/palencia\/#website\"},\"primaryImageOfPage\":{\"@id\":\"https:\/\/www.asajacyl.com\/palencia\/asaja-palencia-informa\/la-confederacion-mantiene-de-momento-la-dotacion-de-agua-a-los-regantes-del-sistema-pisuerga#primaryimage\"},\"image\":{\"@id\":\"https:\/\/www.asajacyl.com\/palencia\/asaja-palencia-informa\/la-confederacion-mantiene-de-momento-la-dotacion-de-agua-a-los-regantes-del-sistema-pisuerga#primaryimage\"},\"thumbnailUrl\":\"https:\/\/www.asajacyl.com\/palencia\/wp-content\/uploads\/sites\/3\/2023\/05\/REGADIO-PIVOT.jpg\",\"datePublished\":\"2023-05-31T17:00:00+00:00\",\"author\":{\"@id\":\"https:\/\/www.asajacyl.com\/palencia\/#\/schema\/person\/3ab17aeb03527485c317557fae64aab1\"},\"description\":\"La Confederaci\u00f3n Hidrogr\u00e1fica del Duero ha comunicado a los regantes del sistema Pisuerga en la junta de explotaci\u00f3n celebrada este martes que, por el\",\"breadcrumb\":{\"@id\":\"https:\/\/www.asajacyl.com\/palencia\/asaja-palencia-informa\/la-confederacion-mantiene-de-momento-la-dotacion-de-agua-a-los-regantes-del-sistema-pisuerga#breadcrumb\"},\"inLanguage\":\"es\",\"potentialAction\":[{\"@type\":\"ReadAction\",\"target\":[\"https:\/\/www.asajacyl.com\/palencia\/asaja-palencia-informa\/la-confederacion-mantiene-de-momento-la-dotacion-de-agua-a-los-regantes-del-sistema-pisuerga\"]}]},{\"@type\":\"ImageObject\",\"inLanguage\":\"es\",\"@id\":\"https:\/\/www.asajacyl.com\/palencia\/asaja-palencia-informa\/la-confederacion-mantiene-de-momento-la-dotacion-de-agua-a-los-regantes-del-sistema-pisuerga#primaryimage\",\"url\":\"https:\/\/www.asajacyl.com\/palencia\/wp-content\/uploads\/sites\/3\/2023\/05\/REGADIO-PIVOT.jpg\",\"contentUrl\":\"https:\/\/www.asajacyl.com\/palencia\/wp-content\/uploads\/sites\/3\/2023\/05\/REGADIO-PIVOT.jpg\",\"width\":2444,\"height\":1589},{\"@type\":\"BreadcrumbList\",\"@id\":\"https:\/\/www.asajacyl.com\/palencia\/asaja-palencia-informa\/la-confederacion-mantiene-de-momento-la-dotacion-de-agua-a-los-regantes-del-sistema-pisuerga#breadcrumb\",\"itemListElement\":[{\"@type\":\"ListItem\",\"position\":1,\"name\":\"Portada\",\"item\":\"https:\/\/www.asajacyl.com\/palencia\/\"},{\"@type\":\"ListItem\",\"position\":2,\"name\":\"La Confederaci\u00f3n mantiene de momento la dotaci\u00f3n de agua a los regantes del sistema Pisuerga\"}]},{\"@type\":\"WebSite\",\"@id\":\"https:\/\/www.asajacyl.com\/palencia\/#website\",\"url\":\"https:\/\/www.asajacyl.com\/palencia\/\",\"name\":\"ASAJA Palencia\",\"description\":\"Otro sitio m\u00e1s de Provincias ASAJA Castilla y Le\u00f3n\",\"potentialAction\":[{\"@type\":\"SearchAction\",\"target\":{\"@type\":\"EntryPoint\",\"urlTemplate\":\"https:\/\/www.asajacyl.com\/palencia\/?s={search_term_string}\"},\"query-input\":{\"@type\":\"PropertyValueSpecification\",\"valueRequired\":true,\"valueName\":\"search_term_string\"}}],\"inLanguage\":\"es\"},{\"@type\":\"Person\",\"@id\":\"https:\/\/www.asajacyl.com\/palencia\/#\/schema\/person\/3ab17aeb03527485c317557fae64aab1\",\"name\":\"Administrador\",\"image\":{\"@type\":\"ImageObject\",\"inLanguage\":\"es\",\"@id\":\"https:\/\/www.asajacyl.com\/palencia\/#\/schema\/person\/image\/\",\"url\":\"https:\/\/secure.gravatar.com\/avatar\/517384810d242ca9e38c180f3c9fb973?s=96&d=mm&r=g\",\"contentUrl\":\"https:\/\/secure.gravatar.com\/avatar\/517384810d242ca9e38c180f3c9fb973?s=96&d=mm&r=g\",\"caption\":\"Administrador\"},\"url\":\"https:\/\/www.asajacyl.com\/palencia\/author\/carlosrm\"}]}<\/script>\n<!-- \/ Yoast SEO plugin. -->","yoast_head_json":{"title":"La Confederaci\u00f3n mantiene de momento la dotaci\u00f3n de agua a los regantes del sistema Pisuerga - ASAJA Palencia","description":"La Confederaci\u00f3n Hidrogr\u00e1fica del Duero ha comunicado a los regantes del sistema Pisuerga en la junta de explotaci\u00f3n celebrada este martes que, por el","robots":{"index":"index","follow":"follow","max-snippet":"max-snippet:-1","max-image-preview":"max-image-preview:large","max-video-preview":"max-video-preview:-1"},"canonical":"https:\/\/www.asajacyl.com\/palencia\/asaja-palencia-informa\/la-confederacion-mantiene-de-momento-la-dotacion-de-agua-a-los-regantes-del-sistema-pisuerga","og_locale":"es_ES","og_type":"article","og_title":"La Confederaci\u00f3n mantiene de momento la dotaci\u00f3n de agua a los regantes del sistema Pisuerga - ASAJA Palencia","og_description":"La Confederaci\u00f3n Hidrogr\u00e1fica del Duero ha comunicado a los regantes del sistema Pisuerga en la junta de explotaci\u00f3n celebrada este martes que, por el","og_url":"https:\/\/www.asajacyl.com\/palencia\/asaja-palencia-informa\/la-confederacion-mantiene-de-momento-la-dotacion-de-agua-a-los-regantes-del-sistema-pisuerga","og_site_name":"ASAJA Palencia","article_published_time":"2023-05-31T17:00:00+00:00","og_image":[{"width":1024,"height":666,"url":"https:\/\/www.asajacyl.com\/palencia\/wp-content\/uploads\/sites\/3\/2023\/05\/REGADIO-PIVOT-1024x666.jpg","type":"image\/jpeg"}],"author":"Administrador","twitter_card":"summary_large_image","twitter_misc":{"Escrito por":"Administrador","Tiempo de lectura":"3 minutos"},"schema":{"@context":"https:\/\/schema.org","@graph":[{"@type":"WebPage","@id":"https:\/\/www.asajacyl.com\/palencia\/asaja-palencia-informa\/la-confederacion-mantiene-de-momento-la-dotacion-de-agua-a-los-regantes-del-sistema-pisuerga","url":"https:\/\/www.asajacyl.com\/palencia\/asaja-palencia-informa\/la-confederacion-mantiene-de-momento-la-dotacion-de-agua-a-los-regantes-del-sistema-pisuerga","name":"La Confederaci\u00f3n mantiene de momento la dotaci\u00f3n de agua a los regantes del sistema Pisuerga - ASAJA Palencia","isPartOf":{"@id":"https:\/\/www.asajacyl.com\/palencia\/#website"},"primaryImageOfPage":{"@id":"https:\/\/www.asajacyl.com\/palencia\/asaja-palencia-informa\/la-confederacion-mantiene-de-momento-la-dotacion-de-agua-a-los-regantes-del-sistema-pisuerga#primaryimage"},"image":{"@id":"https:\/\/www.asajacyl.com\/palencia\/asaja-palencia-informa\/la-confederacion-mantiene-de-momento-la-dotacion-de-agua-a-los-regantes-del-sistema-pisuerga#primaryimage"},"thumbnailUrl":"https:\/\/www.asajacyl.com\/palencia\/wp-content\/uploads\/sites\/3\/2023\/05\/REGADIO-PIVOT.jpg","datePublished":"2023-05-31T17:00:00+00:00","author":{"@id":"https:\/\/www.asajacyl.com\/palencia\/#\/schema\/person\/3ab17aeb03527485c317557fae64aab1"},"description":"La Confederaci\u00f3n Hidrogr\u00e1fica del Duero ha comunicado a los regantes del sistema Pisuerga en la junta de explotaci\u00f3n celebrada este martes que, por el","breadcrumb":{"@id":"https:\/\/www.asajacyl.com\/palencia\/asaja-palencia-informa\/la-confederacion-mantiene-de-momento-la-dotacion-de-agua-a-los-regantes-del-sistema-pisuerga#breadcrumb"},"inLanguage":"es","potentialAction":[{"@type":"ReadAction","target":["https:\/\/www.asajacyl.com\/palencia\/asaja-palencia-informa\/la-confederacion-mantiene-de-momento-la-dotacion-de-agua-a-los-regantes-del-sistema-pisuerga"]}]},{"@type":"ImageObject","inLanguage":"es","@id":"https:\/\/www.asajacyl.com\/palencia\/asaja-palencia-informa\/la-confederacion-mantiene-de-momento-la-dotacion-de-agua-a-los-regantes-del-sistema-pisuerga#primaryimage","url":"https:\/\/www.asajacyl.com\/palencia\/wp-content\/uploads\/sites\/3\/2023\/05\/REGADIO-PIVOT.jpg","contentUrl":"https:\/\/www.asajacyl.com\/palencia\/wp-content\/uploads\/sites\/3\/2023\/05\/REGADIO-PIVOT.jpg","width":2444,"height":1589},{"@type":"BreadcrumbList","@id":"https:\/\/www.asajacyl.com\/palencia\/asaja-palencia-informa\/la-confederacion-mantiene-de-momento-la-dotacion-de-agua-a-los-regantes-del-sistema-pisuerga#breadcrumb","itemListElement":[{"@type":"ListItem","position":1,"name":"Portada","item":"https:\/\/www.asajacyl.com\/palencia\/"},{"@type":"ListItem","position":2,"name":"La Confederaci\u00f3n mantiene de momento la dotaci\u00f3n de agua a los regantes del sistema Pisuerga"}]},{"@type":"WebSite","@id":"https:\/\/www.asajacyl.com\/palencia\/#website","url":"https:\/\/www.asajacyl.com\/palencia\/","name":"ASAJA Palencia","description":"Otro sitio m\u00e1s de Provincias ASAJA Castilla y Le\u00f3n","potentialAction":[{"@type":"SearchAction","target":{"@type":"EntryPoint","urlTemplate":"https:\/\/www.asajacyl.com\/palencia\/?s={search_term_string}"},"query-input":{"@type":"PropertyValueSpecification","valueRequired":true,"valueName":"search_term_string"}}],"inLanguage":"es"},{"@type":"Person","@id":"https:\/\/www.asajacyl.com\/palencia\/#\/schema\/person\/3ab17aeb03527485c317557fae64aab1","name":"Administrador","image":{"@type":"ImageObject","inLanguage":"es","@id":"https:\/\/www.asajacyl.com\/palencia\/#\/schema\/person\/image\/","url":"https:\/\/secure.gravatar.com\/avatar\/517384810d242ca9e38c180f3c9fb973?s=96&d=mm&r=g","contentUrl":"https:\/\/secure.gravatar.com\/avatar\/517384810d242ca9e38c180f3c9fb973?s=96&d=mm&r=g","caption":"Administrador"},"url":"https:\/\/www.asajacyl.com\/palencia\/author\/carlosrm"}]}},"_links":{"self":[{"href":"https:\/\/www.asajacyl.com\/palencia\/wp-json\/wp\/v2\/posts\/13368"}],"collection":[{"href":"https:\/\/www.asajacyl.com\/palencia\/wp-json\/wp\/v2\/posts"}],"about":[{"href":"https:\/\/www.asajacyl.com\/palencia\/wp-json\/wp\/v2\/types\/post"}],"author":[{"embeddable":true,"href":"https:\/\/www.asajacyl.com\/palencia\/wp-json\/wp\/v2\/users\/9"}],"replies":[{"embeddable":true,"href":"https:\/\/www.asajacyl.com\/palencia\/wp-json\/wp\/v2\/comments?post=13368"}],"version-history":[{"count":2,"href":"https:\/\/www.asajacyl.com\/palencia\/wp-json\/wp\/v2\/posts\/13368\/revisions"}],"predecessor-version":[{"id":13379,"href":"https:\/\/www.asajacyl.com\/palencia\/wp-json\/wp\/v2\/posts\/13368\/revisions\/13379"}],"wp:featuredmedia":[{"embeddable":true,"href":"https:\/\/www.asajacyl.com\/palencia\/wp-json\/wp\/v2\/media\/13378"}],"wp:attachment":[{"href":"https:\/\/www.asajacyl.com\/palencia\/wp-json\/wp\/v2\/media?parent=13368"}],"wp:term":[{"taxonomy":"category","embeddable":true,"href":"https:\/\/www.asajacyl.com\/palencia\/wp-json\/wp\/v2\/categories?post=13368"},{"taxonomy":"post_tag","embeddable":true,"href":"https:\/\/www.asajacyl.com\/palencia\/wp-json\/wp\/v2\/tags?post=13368"}],"curies":[{"name":"wp","href":"https:\/\/api.w.org\/{rel}","templated":true}]}}