{"id":13380,"date":"2023-05-31T13:02:47","date_gmt":"2023-05-31T11:02:47","guid":{"rendered":"https:\/\/www.asajacyl.com\/palencia\/?p=13380"},"modified":"2023-05-31T13:02:49","modified_gmt":"2023-05-31T11:02:49","slug":"tablas-salariales-del-convenio-de-trabajos-agropecuarios-para-2023-actualizadas-al-smi","status":"publish","type":"post","link":"https:\/\/www.asajacyl.com\/palencia\/asaja-palencia-informa\/tablas-salariales-del-convenio-de-trabajos-agropecuarios-para-2023-actualizadas-al-smi","title":{"rendered":"Tablas salariales del convenio de trabajos agropecuarios para 2023 actualizadas al SMI"},"content":{"rendered":"\n<h2 class=\"wp-block-heading\">El Bolet\u00edn Oficial de la Provincia (BOP 26 de mayo de 2023) ha publicado las tablas salariales del convenio colectivo para los trabajos agropecuarios de Palencia actualizadas tras la aplicaci\u00f3n del Salario M\u00ednimo Interprofesional (SMI) para 2023, establecido en 1.080 euros.<\/h2>\n\n\n\n<p>Tras la reuni\u00f3n de la comisi\u00f3n negociadora del convenio, celebrada el pasado 2  de mayo, y tras la publicaci\u00f3n en el BOP de los acuerdos de dicha reuni\u00f3n, las tablas salariales para el actual ejercicio son las siguientes:<\/p>\n\n\n\n<figure class=\"wp-block-image size-full is-resized\"><img loading=\"lazy\" decoding=\"async\" src=\"https:\/\/www.asajacyl.com\/palencia\/wp-content\/uploads\/sites\/3\/2023\/05\/Tablas-salariales-trabajos-agropecuarios-2023-y-2024.png\" alt=\"\" class=\"wp-image-13381\" width=\"1077\" height=\"437\" \/><\/figure>\n\n\n\n<p><\/p>\n","protected":false},"excerpt":{"rendered":"<p>El Bolet\u00edn Oficial de la Provincia (BOP 26 de mayo de 2023) ha publicado las tablas salariales del convenio colectivo para los trabajos agropecuarios de Palencia actualizadas tras la aplicaci\u00f3n del Salario M\u00ednimo Interprofesional (SMI) para 2023, establecido en 1.080 euros. Tras la reuni\u00f3n de la comisi\u00f3n negociadora del convenio, celebrada el pasado 2 de [&hellip;]<\/p>\n","protected":false},"author":9,"featured_media":13382,"comment_status":"open","ping_status":"open","sticky":false,"template":"","format":"standard","meta":{"footnotes":""},"categories":[9,31,29,28,13],"tags":[58,228,77],"yoast_head":"<!-- This site is optimized with the Yoast SEO plugin v24.5 - https:\/\/yoast.com\/wordpress\/plugins\/seo\/ -->\n<title>Tablas salariales del convenio de trabajos agropecuarios para 2023 actualizadas al SMI - ASAJA Palencia<\/title>\n<meta name=\"description\" content=\"El Bolet\u00edn Oficial de la Provincia (BOP 26 de mayo de 2023) ha publicado las tablas salariales del convenio colectivo para los trabajos agropecuarios de\" \/>\n<meta name=\"robots\" content=\"index, follow, max-snippet:-1, max-image-preview:large, max-video-preview:-1\" \/>\n<link rel=\"canonical\" href=\"https:\/\/www.asajacyl.com\/palencia\/asaja-palencia-informa\/tablas-salariales-del-convenio-de-trabajos-agropecuarios-para-2023-actualizadas-al-smi\" \/>\n<meta property=\"og:locale\" content=\"es_ES\" \/>\n<meta property=\"og:type\" content=\"article\" \/>\n<meta property=\"og:title\" content=\"Tablas salariales del convenio de trabajos agropecuarios para 2023 actualizadas al SMI - ASAJA Palencia\" \/>\n<meta property=\"og:description\" content=\"El Bolet\u00edn Oficial de la Provincia (BOP 26 de mayo de 2023) ha publicado las tablas salariales del convenio colectivo para los trabajos agropecuarios de\" \/>\n<meta property=\"og:url\" content=\"https:\/\/www.asajacyl.com\/palencia\/asaja-palencia-informa\/tablas-salariales-del-convenio-de-trabajos-agropecuarios-para-2023-actualizadas-al-smi\" \/>\n<meta property=\"og:site_name\" content=\"ASAJA Palencia\" \/>\n<meta property=\"article:published_time\" content=\"2023-05-31T11:02:47+00:00\" \/>\n<meta property=\"article:modified_time\" content=\"2023-05-31T11:02:49+00:00\" \/>\n<meta property=\"og:image\" content=\"https:\/\/www.asajacyl.com\/palencia\/wp-content\/uploads\/sites\/3\/2023\/05\/foto-vendimia-1024x704.jpg\" \/>\n\t<meta property=\"og:image:width\" content=\"1024\" \/>\n\t<meta property=\"og:image:height\" content=\"704\" \/>\n\t<meta property=\"og:image:type\" content=\"image\/jpeg\" \/>\n<meta name=\"author\" content=\"Administrador\" \/>\n<meta name=\"twitter:card\" content=\"summary_large_image\" \/>\n<meta name=\"twitter:label1\" content=\"Escrito por\" \/>\n\t<meta name=\"twitter:data1\" content=\"Administrador\" \/>\n\t<meta name=\"twitter:label2\" content=\"Tiempo de lectura\" \/>\n\t<meta name=\"twitter:data2\" content=\"1 minuto\" \/>\n<script type=\"application\/ld+json\" class=\"yoast-schema-graph\">{\"@context\":\"https:\/\/schema.org\",\"@graph\":[{\"@type\":\"WebPage\",\"@id\":\"https:\/\/www.asajacyl.com\/palencia\/asaja-palencia-informa\/tablas-salariales-del-convenio-de-trabajos-agropecuarios-para-2023-actualizadas-al-smi\",\"url\":\"https:\/\/www.asajacyl.com\/palencia\/asaja-palencia-informa\/tablas-salariales-del-convenio-de-trabajos-agropecuarios-para-2023-actualizadas-al-smi\",\"name\":\"Tablas salariales del convenio de trabajos agropecuarios para 2023 actualizadas al SMI - ASAJA Palencia\",\"isPartOf\":{\"@id\":\"https:\/\/www.asajacyl.com\/palencia\/#website\"},\"primaryImageOfPage\":{\"@id\":\"https:\/\/www.asajacyl.com\/palencia\/asaja-palencia-informa\/tablas-salariales-del-convenio-de-trabajos-agropecuarios-para-2023-actualizadas-al-smi#primaryimage\"},\"image\":{\"@id\":\"https:\/\/www.asajacyl.com\/palencia\/asaja-palencia-informa\/tablas-salariales-del-convenio-de-trabajos-agropecuarios-para-2023-actualizadas-al-smi#primaryimage\"},\"thumbnailUrl\":\"https:\/\/www.asajacyl.com\/palencia\/wp-content\/uploads\/sites\/3\/2023\/05\/foto-vendimia.jpg\",\"datePublished\":\"2023-05-31T11:02:47+00:00\",\"dateModified\":\"2023-05-31T11:02:49+00:00\",\"author\":{\"@id\":\"https:\/\/www.asajacyl.com\/palencia\/#\/schema\/person\/3ab17aeb03527485c317557fae64aab1\"},\"description\":\"El Bolet\u00edn Oficial de la Provincia (BOP 26 de mayo de 2023) ha publicado las tablas salariales del convenio colectivo para los trabajos agropecuarios de\",\"breadcrumb\":{\"@id\":\"https:\/\/www.asajacyl.com\/palencia\/asaja-palencia-informa\/tablas-salariales-del-convenio-de-trabajos-agropecuarios-para-2023-actualizadas-al-smi#breadcrumb\"},\"inLanguage\":\"es\",\"potentialAction\":[{\"@type\":\"ReadAction\",\"target\":[\"https:\/\/www.asajacyl.com\/palencia\/asaja-palencia-informa\/tablas-salariales-del-convenio-de-trabajos-agropecuarios-para-2023-actualizadas-al-smi\"]}]},{\"@type\":\"ImageObject\",\"inLanguage\":\"es\",\"@id\":\"https:\/\/www.asajacyl.com\/palencia\/asaja-palencia-informa\/tablas-salariales-del-convenio-de-trabajos-agropecuarios-para-2023-actualizadas-al-smi#primaryimage\",\"url\":\"https:\/\/www.asajacyl.com\/palencia\/wp-content\/uploads\/sites\/3\/2023\/05\/foto-vendimia.jpg\",\"contentUrl\":\"https:\/\/www.asajacyl.com\/palencia\/wp-content\/uploads\/sites\/3\/2023\/05\/foto-vendimia.jpg\",\"width\":2445,\"height\":1682},{\"@type\":\"BreadcrumbList\",\"@id\":\"https:\/\/www.asajacyl.com\/palencia\/asaja-palencia-informa\/tablas-salariales-del-convenio-de-trabajos-agropecuarios-para-2023-actualizadas-al-smi#breadcrumb\",\"itemListElement\":[{\"@type\":\"ListItem\",\"position\":1,\"name\":\"Portada\",\"item\":\"https:\/\/www.asajacyl.com\/palencia\/\"},{\"@type\":\"ListItem\",\"position\":2,\"name\":\"Tablas salariales del convenio de trabajos agropecuarios para 2023 actualizadas al SMI\"}]},{\"@type\":\"WebSite\",\"@id\":\"https:\/\/www.asajacyl.com\/palencia\/#website\",\"url\":\"https:\/\/www.asajacyl.com\/palencia\/\",\"name\":\"ASAJA Palencia\",\"description\":\"Otro sitio m\u00e1s de Provincias ASAJA Castilla y Le\u00f3n\",\"potentialAction\":[{\"@type\":\"SearchAction\",\"target\":{\"@type\":\"EntryPoint\",\"urlTemplate\":\"https:\/\/www.asajacyl.com\/palencia\/?s={search_term_string}\"},\"query-input\":{\"@type\":\"PropertyValueSpecification\",\"valueRequired\":true,\"valueName\":\"search_term_string\"}}],\"inLanguage\":\"es\"},{\"@type\":\"Person\",\"@id\":\"https:\/\/www.asajacyl.com\/palencia\/#\/schema\/person\/3ab17aeb03527485c317557fae64aab1\",\"name\":\"Administrador\",\"image\":{\"@type\":\"ImageObject\",\"inLanguage\":\"es\",\"@id\":\"https:\/\/www.asajacyl.com\/palencia\/#\/schema\/person\/image\/\",\"url\":\"https:\/\/secure.gravatar.com\/avatar\/517384810d242ca9e38c180f3c9fb973?s=96&d=mm&r=g\",\"contentUrl\":\"https:\/\/secure.gravatar.com\/avatar\/517384810d242ca9e38c180f3c9fb973?s=96&d=mm&r=g\",\"caption\":\"Administrador\"},\"url\":\"https:\/\/www.asajacyl.com\/palencia\/author\/carlosrm\"}]}<\/script>\n<!-- \/ Yoast SEO plugin. -->","yoast_head_json":{"title":"Tablas salariales del convenio de trabajos agropecuarios para 2023 actualizadas al SMI - ASAJA Palencia","description":"El Bolet\u00edn Oficial de la Provincia (BOP 26 de mayo de 2023) ha publicado las tablas salariales del convenio colectivo para los trabajos agropecuarios de","robots":{"index":"index","follow":"follow","max-snippet":"max-snippet:-1","max-image-preview":"max-image-preview:large","max-video-preview":"max-video-preview:-1"},"canonical":"https:\/\/www.asajacyl.com\/palencia\/asaja-palencia-informa\/tablas-salariales-del-convenio-de-trabajos-agropecuarios-para-2023-actualizadas-al-smi","og_locale":"es_ES","og_type":"article","og_title":"Tablas salariales del convenio de trabajos agropecuarios para 2023 actualizadas al SMI - ASAJA Palencia","og_description":"El Bolet\u00edn Oficial de la Provincia (BOP 26 de mayo de 2023) ha publicado las tablas salariales del convenio colectivo para los trabajos agropecuarios de","og_url":"https:\/\/www.asajacyl.com\/palencia\/asaja-palencia-informa\/tablas-salariales-del-convenio-de-trabajos-agropecuarios-para-2023-actualizadas-al-smi","og_site_name":"ASAJA Palencia","article_published_time":"2023-05-31T11:02:47+00:00","article_modified_time":"2023-05-31T11:02:49+00:00","og_image":[{"width":1024,"height":704,"url":"https:\/\/www.asajacyl.com\/palencia\/wp-content\/uploads\/sites\/3\/2023\/05\/foto-vendimia-1024x704.jpg","type":"image\/jpeg"}],"author":"Administrador","twitter_card":"summary_large_image","twitter_misc":{"Escrito por":"Administrador","Tiempo de lectura":"1 minuto"},"schema":{"@context":"https:\/\/schema.org","@graph":[{"@type":"WebPage","@id":"https:\/\/www.asajacyl.com\/palencia\/asaja-palencia-informa\/tablas-salariales-del-convenio-de-trabajos-agropecuarios-para-2023-actualizadas-al-smi","url":"https:\/\/www.asajacyl.com\/palencia\/asaja-palencia-informa\/tablas-salariales-del-convenio-de-trabajos-agropecuarios-para-2023-actualizadas-al-smi","name":"Tablas salariales del convenio de trabajos agropecuarios para 2023 actualizadas al SMI - ASAJA Palencia","isPartOf":{"@id":"https:\/\/www.asajacyl.com\/palencia\/#website"},"primaryImageOfPage":{"@id":"https:\/\/www.asajacyl.com\/palencia\/asaja-palencia-informa\/tablas-salariales-del-convenio-de-trabajos-agropecuarios-para-2023-actualizadas-al-smi#primaryimage"},"image":{"@id":"https:\/\/www.asajacyl.com\/palencia\/asaja-palencia-informa\/tablas-salariales-del-convenio-de-trabajos-agropecuarios-para-2023-actualizadas-al-smi#primaryimage"},"thumbnailUrl":"https:\/\/www.asajacyl.com\/palencia\/wp-content\/uploads\/sites\/3\/2023\/05\/foto-vendimia.jpg","datePublished":"2023-05-31T11:02:47+00:00","dateModified":"2023-05-31T11:02:49+00:00","author":{"@id":"https:\/\/www.asajacyl.com\/palencia\/#\/schema\/person\/3ab17aeb03527485c317557fae64aab1"},"description":"El Bolet\u00edn Oficial de la Provincia (BOP 26 de mayo de 2023) ha publicado las tablas salariales del convenio colectivo para los trabajos agropecuarios de","breadcrumb":{"@id":"https:\/\/www.asajacyl.com\/palencia\/asaja-palencia-informa\/tablas-salariales-del-convenio-de-trabajos-agropecuarios-para-2023-actualizadas-al-smi#breadcrumb"},"inLanguage":"es","potentialAction":[{"@type":"ReadAction","target":["https:\/\/www.asajacyl.com\/palencia\/asaja-palencia-informa\/tablas-salariales-del-convenio-de-trabajos-agropecuarios-para-2023-actualizadas-al-smi"]}]},{"@type":"ImageObject","inLanguage":"es","@id":"https:\/\/www.asajacyl.com\/palencia\/asaja-palencia-informa\/tablas-salariales-del-convenio-de-trabajos-agropecuarios-para-2023-actualizadas-al-smi#primaryimage","url":"https:\/\/www.asajacyl.com\/palencia\/wp-content\/uploads\/sites\/3\/2023\/05\/foto-vendimia.jpg","contentUrl":"https:\/\/www.asajacyl.com\/palencia\/wp-content\/uploads\/sites\/3\/2023\/05\/foto-vendimia.jpg","width":2445,"height":1682},{"@type":"BreadcrumbList","@id":"https:\/\/www.asajacyl.com\/palencia\/asaja-palencia-informa\/tablas-salariales-del-convenio-de-trabajos-agropecuarios-para-2023-actualizadas-al-smi#breadcrumb","itemListElement":[{"@type":"ListItem","position":1,"name":"Portada","item":"https:\/\/www.asajacyl.com\/palencia\/"},{"@type":"ListItem","position":2,"name":"Tablas salariales del convenio de trabajos agropecuarios para 2023 actualizadas al SMI"}]},{"@type":"WebSite","@id":"https:\/\/www.asajacyl.com\/palencia\/#website","url":"https:\/\/www.asajacyl.com\/palencia\/","name":"ASAJA Palencia","description":"Otro sitio m\u00e1s de Provincias ASAJA Castilla y Le\u00f3n","potentialAction":[{"@type":"SearchAction","target":{"@type":"EntryPoint","urlTemplate":"https:\/\/www.asajacyl.com\/palencia\/?s={search_term_string}"},"query-input":{"@type":"PropertyValueSpecification","valueRequired":true,"valueName":"search_term_string"}}],"inLanguage":"es"},{"@type":"Person","@id":"https:\/\/www.asajacyl.com\/palencia\/#\/schema\/person\/3ab17aeb03527485c317557fae64aab1","name":"Administrador","image":{"@type":"ImageObject","inLanguage":"es","@id":"https:\/\/www.asajacyl.com\/palencia\/#\/schema\/person\/image\/","url":"https:\/\/secure.gravatar.com\/avatar\/517384810d242ca9e38c180f3c9fb973?s=96&d=mm&r=g","contentUrl":"https:\/\/secure.gravatar.com\/avatar\/517384810d242ca9e38c180f3c9fb973?s=96&d=mm&r=g","caption":"Administrador"},"url":"https:\/\/www.asajacyl.com\/palencia\/author\/carlosrm"}]}},"_links":{"self":[{"href":"https:\/\/www.asajacyl.com\/palencia\/wp-json\/wp\/v2\/posts\/13380"}],"collection":[{"href":"https:\/\/www.asajacyl.com\/palencia\/wp-json\/wp\/v2\/posts"}],"about":[{"href":"https:\/\/www.asajacyl.com\/palencia\/wp-json\/wp\/v2\/types\/post"}],"author":[{"embeddable":true,"href":"https:\/\/www.asajacyl.com\/palencia\/wp-json\/wp\/v2\/users\/9"}],"replies":[{"embeddable":true,"href":"https:\/\/www.asajacyl.com\/palencia\/wp-json\/wp\/v2\/comments?post=13380"}],"version-history":[{"count":1,"href":"https:\/\/www.asajacyl.com\/palencia\/wp-json\/wp\/v2\/posts\/13380\/revisions"}],"predecessor-version":[{"id":13383,"href":"https:\/\/www.asajacyl.com\/palencia\/wp-json\/wp\/v2\/posts\/13380\/revisions\/13383"}],"wp:featuredmedia":[{"embeddable":true,"href":"https:\/\/www.asajacyl.com\/palencia\/wp-json\/wp\/v2\/media\/13382"}],"wp:attachment":[{"href":"https:\/\/www.asajacyl.com\/palencia\/wp-json\/wp\/v2\/media?parent=13380"}],"wp:term":[{"taxonomy":"category","embeddable":true,"href":"https:\/\/www.asajacyl.com\/palencia\/wp-json\/wp\/v2\/categories?post=13380"},{"taxonomy":"post_tag","embeddable":true,"href":"https:\/\/www.asajacyl.com\/palencia\/wp-json\/wp\/v2\/tags?post=13380"}],"curies":[{"name":"wp","href":"https:\/\/api.w.org\/{rel}","templated":true}]}}