{"id":13401,"date":"2023-06-04T09:43:25","date_gmt":"2023-06-04T07:43:25","guid":{"rendered":"https:\/\/www.asajacyl.com\/palencia\/?p=13401"},"modified":"2023-06-02T10:59:53","modified_gmt":"2023-06-02T08:59:53","slug":"la-junta-convoca-las-ayudas-del-plan-joven-pero-reduce-su-dotacion-en-medio-millon-de-euros","status":"publish","type":"post","link":"https:\/\/www.asajacyl.com\/palencia\/asaja-palencia-informa\/la-junta-convoca-las-ayudas-del-plan-joven-pero-reduce-su-dotacion-en-medio-millon-de-euros","title":{"rendered":"La Junta convoca las ayudas del Plan Joven, pero reduce su dotaci\u00f3n en medio mill\u00f3n de euros"},"content":{"rendered":"\n<h2 class=\"wp-block-heading\">La Consejer\u00eda de Agricultura, Ganader\u00eda y Desarrollo Rural ha publicado la convocatoria para el a\u00f1o 2023 de las diferentes l\u00edneas de ayuda del Plan Agricultura y Ganader\u00eda Joven de Castilla y Le\u00f3n 2021-2023.\u00a0El plazo de presentaci\u00f3n comienza este viernes 2 de junio y termina el pr\u00f3ximo 15 de julio. El importe destinado es de 700.000 euros, medio mill\u00f3n menos de lo presupuestado en 2022, pese a que se agot\u00f3 esa partida.<\/h2>\n\n\n\n<p>Las cinco l\u00edneas de ayuda reguladas son las mismas que en la anterior convocatoria: Asistencia t\u00e9cnica, Incentivos para adquirir la condici\u00f3n de socio de una Entidad Asociativa Prioritaria de Car\u00e1cter Regional, Promoci\u00f3n de la titularidad compartida, Formaci\u00f3n especializada en el sector agrario y Acercamiento a la actividad agraria.<\/p>\n\n\n\n<p>La dotaci\u00f3n presupuestaria de este a\u00f1o se segrega en dos partidas: 200.000 euros se reservan para incentivar la llegada de socios j\u00f3venes a una entidad asociativa prioritaria regional y el medio mill\u00f3n restante para las otras cuatro l\u00edneas. <\/p>\n\n\n\n<p>Asimismo, la convocatoria establece un orden de prioridad para el caso de que el importe solicitado de estas cuatro l\u00edneas supere la dotaci\u00f3n, por lo que se atender\u00e1n en este orden: Asistencia t\u00e9cnica, Promoci\u00f3n de la titularidad compartida, Formaci\u00f3n especializada en el sector agrario y Acercamiento a la actividad agraria.<\/p>\n\n\n\n<p>Pueden beneficiarse de estas ayudas: <\/p>\n\n\n\n<ul>\n<li>Personas f\u00edsicas j\u00f3venes.<\/li>\n\n\n\n<li>Personas jur\u00eddicas, comunidades de bienes, sociedades civiles y unidades econ\u00f3micas sin personalidad jur\u00eddica titulares de una explotaci\u00f3n agraria de titularidad compartida en las que al menos uno de los miembros de la entidad sea agricultor o ganadero joven.<\/li>\n\n\n\n<li>En la medida de promoci\u00f3n de la titularidad compartida podr\u00e1n ser beneficiarias personas f\u00edsicas, jur\u00eddicas, comunidades de bienes, sociedades civiles y unidades econ\u00f3micas sin personalidad jur\u00eddica titulares de una explotaci\u00f3n agraria de titularidad compartida, inscritos en el Registro de Titularidad Compartida, por primera vez, desde el 1 de enero de 2021.<strong>\/<\/strong><\/li>\n<\/ul>\n","protected":false},"excerpt":{"rendered":"<p>La Consejer\u00eda de Agricultura, Ganader\u00eda y Desarrollo Rural ha publicado la convocatoria para el a\u00f1o 2023 de las diferentes l\u00edneas de ayuda del Plan Agricultura y Ganader\u00eda Joven de Castilla y Le\u00f3n 2021-2023.\u00a0El plazo de presentaci\u00f3n comienza este viernes 2 de junio y termina el pr\u00f3ximo 15 de julio. El importe destinado es de 700.000 [&hellip;]<\/p>\n","protected":false},"author":9,"featured_media":13402,"comment_status":"open","ping_status":"open","sticky":false,"template":"","format":"standard","meta":{"footnotes":""},"categories":[9,29,28],"tags":[58,59,142,107,77,66,232,109,233],"yoast_head":"<!-- This site is optimized with the Yoast SEO plugin v24.5 - https:\/\/yoast.com\/wordpress\/plugins\/seo\/ -->\n<title>La Junta convoca las ayudas del Plan Joven, pero reduce su dotaci\u00f3n en medio mill\u00f3n de euros - ASAJA Palencia<\/title>\n<meta name=\"description\" content=\"La Consejer\u00eda de Agricultura, Ganader\u00eda y Desarrollo Rural ha publicado la convocatoria para el a\u00f1o 2023 de las diferentes l\u00edneas de ayuda del Plan\" \/>\n<meta name=\"robots\" content=\"index, follow, max-snippet:-1, max-image-preview:large, max-video-preview:-1\" \/>\n<link rel=\"canonical\" href=\"https:\/\/www.asajacyl.com\/palencia\/asaja-palencia-informa\/la-junta-convoca-las-ayudas-del-plan-joven-pero-reduce-su-dotacion-en-medio-millon-de-euros\" \/>\n<meta property=\"og:locale\" content=\"es_ES\" \/>\n<meta property=\"og:type\" content=\"article\" \/>\n<meta property=\"og:title\" content=\"La Junta convoca las ayudas del Plan Joven, pero reduce su dotaci\u00f3n en medio mill\u00f3n de euros - ASAJA Palencia\" \/>\n<meta property=\"og:description\" content=\"La Consejer\u00eda de Agricultura, Ganader\u00eda y Desarrollo Rural ha publicado la convocatoria para el a\u00f1o 2023 de las diferentes l\u00edneas de ayuda del Plan\" \/>\n<meta property=\"og:url\" content=\"https:\/\/www.asajacyl.com\/palencia\/asaja-palencia-informa\/la-junta-convoca-las-ayudas-del-plan-joven-pero-reduce-su-dotacion-en-medio-millon-de-euros\" \/>\n<meta property=\"og:site_name\" content=\"ASAJA Palencia\" \/>\n<meta property=\"article:published_time\" content=\"2023-06-04T07:43:25+00:00\" \/>\n<meta property=\"og:image\" content=\"https:\/\/www.asajacyl.com\/palencia\/wp-content\/uploads\/sites\/3\/2023\/06\/Hombre-y-mujer-en-maizal.jpeg\" \/>\n\t<meta property=\"og:image:width\" content=\"1125\" \/>\n\t<meta property=\"og:image:height\" content=\"750\" \/>\n\t<meta property=\"og:image:type\" content=\"image\/jpeg\" \/>\n<meta name=\"author\" content=\"Administrador\" \/>\n<meta name=\"twitter:card\" content=\"summary_large_image\" \/>\n<meta name=\"twitter:label1\" content=\"Escrito por\" \/>\n\t<meta name=\"twitter:data1\" content=\"Administrador\" \/>\n\t<meta name=\"twitter:label2\" content=\"Tiempo de lectura\" \/>\n\t<meta name=\"twitter:data2\" content=\"2 minutos\" \/>\n<script type=\"application\/ld+json\" class=\"yoast-schema-graph\">{\"@context\":\"https:\/\/schema.org\",\"@graph\":[{\"@type\":\"WebPage\",\"@id\":\"https:\/\/www.asajacyl.com\/palencia\/asaja-palencia-informa\/la-junta-convoca-las-ayudas-del-plan-joven-pero-reduce-su-dotacion-en-medio-millon-de-euros\",\"url\":\"https:\/\/www.asajacyl.com\/palencia\/asaja-palencia-informa\/la-junta-convoca-las-ayudas-del-plan-joven-pero-reduce-su-dotacion-en-medio-millon-de-euros\",\"name\":\"La Junta convoca las ayudas del Plan Joven, pero reduce su dotaci\u00f3n en medio mill\u00f3n de euros - ASAJA Palencia\",\"isPartOf\":{\"@id\":\"https:\/\/www.asajacyl.com\/palencia\/#website\"},\"primaryImageOfPage\":{\"@id\":\"https:\/\/www.asajacyl.com\/palencia\/asaja-palencia-informa\/la-junta-convoca-las-ayudas-del-plan-joven-pero-reduce-su-dotacion-en-medio-millon-de-euros#primaryimage\"},\"image\":{\"@id\":\"https:\/\/www.asajacyl.com\/palencia\/asaja-palencia-informa\/la-junta-convoca-las-ayudas-del-plan-joven-pero-reduce-su-dotacion-en-medio-millon-de-euros#primaryimage\"},\"thumbnailUrl\":\"https:\/\/www.asajacyl.com\/palencia\/wp-content\/uploads\/sites\/3\/2023\/06\/Hombre-y-mujer-en-maizal.jpeg\",\"datePublished\":\"2023-06-04T07:43:25+00:00\",\"author\":{\"@id\":\"https:\/\/www.asajacyl.com\/palencia\/#\/schema\/person\/3ab17aeb03527485c317557fae64aab1\"},\"description\":\"La Consejer\u00eda de Agricultura, Ganader\u00eda y Desarrollo Rural ha publicado la convocatoria para el a\u00f1o 2023 de las diferentes l\u00edneas de ayuda del Plan\",\"breadcrumb\":{\"@id\":\"https:\/\/www.asajacyl.com\/palencia\/asaja-palencia-informa\/la-junta-convoca-las-ayudas-del-plan-joven-pero-reduce-su-dotacion-en-medio-millon-de-euros#breadcrumb\"},\"inLanguage\":\"es\",\"potentialAction\":[{\"@type\":\"ReadAction\",\"target\":[\"https:\/\/www.asajacyl.com\/palencia\/asaja-palencia-informa\/la-junta-convoca-las-ayudas-del-plan-joven-pero-reduce-su-dotacion-en-medio-millon-de-euros\"]}]},{\"@type\":\"ImageObject\",\"inLanguage\":\"es\",\"@id\":\"https:\/\/www.asajacyl.com\/palencia\/asaja-palencia-informa\/la-junta-convoca-las-ayudas-del-plan-joven-pero-reduce-su-dotacion-en-medio-millon-de-euros#primaryimage\",\"url\":\"https:\/\/www.asajacyl.com\/palencia\/wp-content\/uploads\/sites\/3\/2023\/06\/Hombre-y-mujer-en-maizal.jpeg\",\"contentUrl\":\"https:\/\/www.asajacyl.com\/palencia\/wp-content\/uploads\/sites\/3\/2023\/06\/Hombre-y-mujer-en-maizal.jpeg\",\"width\":1125,\"height\":750},{\"@type\":\"BreadcrumbList\",\"@id\":\"https:\/\/www.asajacyl.com\/palencia\/asaja-palencia-informa\/la-junta-convoca-las-ayudas-del-plan-joven-pero-reduce-su-dotacion-en-medio-millon-de-euros#breadcrumb\",\"itemListElement\":[{\"@type\":\"ListItem\",\"position\":1,\"name\":\"Portada\",\"item\":\"https:\/\/www.asajacyl.com\/palencia\/\"},{\"@type\":\"ListItem\",\"position\":2,\"name\":\"La Junta convoca las ayudas del Plan Joven, pero reduce su dotaci\u00f3n en medio mill\u00f3n de euros\"}]},{\"@type\":\"WebSite\",\"@id\":\"https:\/\/www.asajacyl.com\/palencia\/#website\",\"url\":\"https:\/\/www.asajacyl.com\/palencia\/\",\"name\":\"ASAJA Palencia\",\"description\":\"Otro sitio m\u00e1s de Provincias ASAJA Castilla y Le\u00f3n\",\"potentialAction\":[{\"@type\":\"SearchAction\",\"target\":{\"@type\":\"EntryPoint\",\"urlTemplate\":\"https:\/\/www.asajacyl.com\/palencia\/?s={search_term_string}\"},\"query-input\":{\"@type\":\"PropertyValueSpecification\",\"valueRequired\":true,\"valueName\":\"search_term_string\"}}],\"inLanguage\":\"es\"},{\"@type\":\"Person\",\"@id\":\"https:\/\/www.asajacyl.com\/palencia\/#\/schema\/person\/3ab17aeb03527485c317557fae64aab1\",\"name\":\"Administrador\",\"image\":{\"@type\":\"ImageObject\",\"inLanguage\":\"es\",\"@id\":\"https:\/\/www.asajacyl.com\/palencia\/#\/schema\/person\/image\/\",\"url\":\"https:\/\/secure.gravatar.com\/avatar\/517384810d242ca9e38c180f3c9fb973?s=96&d=mm&r=g\",\"contentUrl\":\"https:\/\/secure.gravatar.com\/avatar\/517384810d242ca9e38c180f3c9fb973?s=96&d=mm&r=g\",\"caption\":\"Administrador\"},\"url\":\"https:\/\/www.asajacyl.com\/palencia\/author\/carlosrm\"}]}<\/script>\n<!-- \/ Yoast SEO plugin. -->","yoast_head_json":{"title":"La Junta convoca las ayudas del Plan Joven, pero reduce su dotaci\u00f3n en medio mill\u00f3n de euros - ASAJA Palencia","description":"La Consejer\u00eda de Agricultura, Ganader\u00eda y Desarrollo Rural ha publicado la convocatoria para el a\u00f1o 2023 de las diferentes l\u00edneas de ayuda del Plan","robots":{"index":"index","follow":"follow","max-snippet":"max-snippet:-1","max-image-preview":"max-image-preview:large","max-video-preview":"max-video-preview:-1"},"canonical":"https:\/\/www.asajacyl.com\/palencia\/asaja-palencia-informa\/la-junta-convoca-las-ayudas-del-plan-joven-pero-reduce-su-dotacion-en-medio-millon-de-euros","og_locale":"es_ES","og_type":"article","og_title":"La Junta convoca las ayudas del Plan Joven, pero reduce su dotaci\u00f3n en medio mill\u00f3n de euros - ASAJA Palencia","og_description":"La Consejer\u00eda de Agricultura, Ganader\u00eda y Desarrollo Rural ha publicado la convocatoria para el a\u00f1o 2023 de las diferentes l\u00edneas de ayuda del Plan","og_url":"https:\/\/www.asajacyl.com\/palencia\/asaja-palencia-informa\/la-junta-convoca-las-ayudas-del-plan-joven-pero-reduce-su-dotacion-en-medio-millon-de-euros","og_site_name":"ASAJA Palencia","article_published_time":"2023-06-04T07:43:25+00:00","og_image":[{"width":1125,"height":750,"url":"https:\/\/www.asajacyl.com\/palencia\/wp-content\/uploads\/sites\/3\/2023\/06\/Hombre-y-mujer-en-maizal.jpeg","type":"image\/jpeg"}],"author":"Administrador","twitter_card":"summary_large_image","twitter_misc":{"Escrito por":"Administrador","Tiempo de lectura":"2 minutos"},"schema":{"@context":"https:\/\/schema.org","@graph":[{"@type":"WebPage","@id":"https:\/\/www.asajacyl.com\/palencia\/asaja-palencia-informa\/la-junta-convoca-las-ayudas-del-plan-joven-pero-reduce-su-dotacion-en-medio-millon-de-euros","url":"https:\/\/www.asajacyl.com\/palencia\/asaja-palencia-informa\/la-junta-convoca-las-ayudas-del-plan-joven-pero-reduce-su-dotacion-en-medio-millon-de-euros","name":"La Junta convoca las ayudas del Plan Joven, pero reduce su dotaci\u00f3n en medio mill\u00f3n de euros - ASAJA Palencia","isPartOf":{"@id":"https:\/\/www.asajacyl.com\/palencia\/#website"},"primaryImageOfPage":{"@id":"https:\/\/www.asajacyl.com\/palencia\/asaja-palencia-informa\/la-junta-convoca-las-ayudas-del-plan-joven-pero-reduce-su-dotacion-en-medio-millon-de-euros#primaryimage"},"image":{"@id":"https:\/\/www.asajacyl.com\/palencia\/asaja-palencia-informa\/la-junta-convoca-las-ayudas-del-plan-joven-pero-reduce-su-dotacion-en-medio-millon-de-euros#primaryimage"},"thumbnailUrl":"https:\/\/www.asajacyl.com\/palencia\/wp-content\/uploads\/sites\/3\/2023\/06\/Hombre-y-mujer-en-maizal.jpeg","datePublished":"2023-06-04T07:43:25+00:00","author":{"@id":"https:\/\/www.asajacyl.com\/palencia\/#\/schema\/person\/3ab17aeb03527485c317557fae64aab1"},"description":"La Consejer\u00eda de Agricultura, Ganader\u00eda y Desarrollo Rural ha publicado la convocatoria para el a\u00f1o 2023 de las diferentes l\u00edneas de ayuda del Plan","breadcrumb":{"@id":"https:\/\/www.asajacyl.com\/palencia\/asaja-palencia-informa\/la-junta-convoca-las-ayudas-del-plan-joven-pero-reduce-su-dotacion-en-medio-millon-de-euros#breadcrumb"},"inLanguage":"es","potentialAction":[{"@type":"ReadAction","target":["https:\/\/www.asajacyl.com\/palencia\/asaja-palencia-informa\/la-junta-convoca-las-ayudas-del-plan-joven-pero-reduce-su-dotacion-en-medio-millon-de-euros"]}]},{"@type":"ImageObject","inLanguage":"es","@id":"https:\/\/www.asajacyl.com\/palencia\/asaja-palencia-informa\/la-junta-convoca-las-ayudas-del-plan-joven-pero-reduce-su-dotacion-en-medio-millon-de-euros#primaryimage","url":"https:\/\/www.asajacyl.com\/palencia\/wp-content\/uploads\/sites\/3\/2023\/06\/Hombre-y-mujer-en-maizal.jpeg","contentUrl":"https:\/\/www.asajacyl.com\/palencia\/wp-content\/uploads\/sites\/3\/2023\/06\/Hombre-y-mujer-en-maizal.jpeg","width":1125,"height":750},{"@type":"BreadcrumbList","@id":"https:\/\/www.asajacyl.com\/palencia\/asaja-palencia-informa\/la-junta-convoca-las-ayudas-del-plan-joven-pero-reduce-su-dotacion-en-medio-millon-de-euros#breadcrumb","itemListElement":[{"@type":"ListItem","position":1,"name":"Portada","item":"https:\/\/www.asajacyl.com\/palencia\/"},{"@type":"ListItem","position":2,"name":"La Junta convoca las ayudas del Plan Joven, pero reduce su dotaci\u00f3n en medio mill\u00f3n de euros"}]},{"@type":"WebSite","@id":"https:\/\/www.asajacyl.com\/palencia\/#website","url":"https:\/\/www.asajacyl.com\/palencia\/","name":"ASAJA Palencia","description":"Otro sitio m\u00e1s de Provincias ASAJA Castilla y Le\u00f3n","potentialAction":[{"@type":"SearchAction","target":{"@type":"EntryPoint","urlTemplate":"https:\/\/www.asajacyl.com\/palencia\/?s={search_term_string}"},"query-input":{"@type":"PropertyValueSpecification","valueRequired":true,"valueName":"search_term_string"}}],"inLanguage":"es"},{"@type":"Person","@id":"https:\/\/www.asajacyl.com\/palencia\/#\/schema\/person\/3ab17aeb03527485c317557fae64aab1","name":"Administrador","image":{"@type":"ImageObject","inLanguage":"es","@id":"https:\/\/www.asajacyl.com\/palencia\/#\/schema\/person\/image\/","url":"https:\/\/secure.gravatar.com\/avatar\/517384810d242ca9e38c180f3c9fb973?s=96&d=mm&r=g","contentUrl":"https:\/\/secure.gravatar.com\/avatar\/517384810d242ca9e38c180f3c9fb973?s=96&d=mm&r=g","caption":"Administrador"},"url":"https:\/\/www.asajacyl.com\/palencia\/author\/carlosrm"}]}},"_links":{"self":[{"href":"https:\/\/www.asajacyl.com\/palencia\/wp-json\/wp\/v2\/posts\/13401"}],"collection":[{"href":"https:\/\/www.asajacyl.com\/palencia\/wp-json\/wp\/v2\/posts"}],"about":[{"href":"https:\/\/www.asajacyl.com\/palencia\/wp-json\/wp\/v2\/types\/post"}],"author":[{"embeddable":true,"href":"https:\/\/www.asajacyl.com\/palencia\/wp-json\/wp\/v2\/users\/9"}],"replies":[{"embeddable":true,"href":"https:\/\/www.asajacyl.com\/palencia\/wp-json\/wp\/v2\/comments?post=13401"}],"version-history":[{"count":1,"href":"https:\/\/www.asajacyl.com\/palencia\/wp-json\/wp\/v2\/posts\/13401\/revisions"}],"predecessor-version":[{"id":13403,"href":"https:\/\/www.asajacyl.com\/palencia\/wp-json\/wp\/v2\/posts\/13401\/revisions\/13403"}],"wp:featuredmedia":[{"embeddable":true,"href":"https:\/\/www.asajacyl.com\/palencia\/wp-json\/wp\/v2\/media\/13402"}],"wp:attachment":[{"href":"https:\/\/www.asajacyl.com\/palencia\/wp-json\/wp\/v2\/media?parent=13401"}],"wp:term":[{"taxonomy":"category","embeddable":true,"href":"https:\/\/www.asajacyl.com\/palencia\/wp-json\/wp\/v2\/categories?post=13401"},{"taxonomy":"post_tag","embeddable":true,"href":"https:\/\/www.asajacyl.com\/palencia\/wp-json\/wp\/v2\/tags?post=13401"}],"curies":[{"name":"wp","href":"https:\/\/api.w.org\/{rel}","templated":true}]}}