{"id":13404,"date":"2023-06-02T12:19:12","date_gmt":"2023-06-02T10:19:12","guid":{"rendered":"https:\/\/www.asajacyl.com\/palencia\/?p=13404"},"modified":"2023-06-02T12:19:14","modified_gmt":"2023-06-02T10:19:14","slug":"la-junta-anuncia-una-inversion-de-577-000-e-para-recuperar-pastizales-en-la-montana-palentina","status":"publish","type":"post","link":"https:\/\/www.asajacyl.com\/palencia\/asaja-palencia-informa\/la-junta-anuncia-una-inversion-de-577-000-e-para-recuperar-pastizales-en-la-montana-palentina","title":{"rendered":"La Junta anuncia una inversi\u00f3n de 577.000 \u20ac para recuperar pastizales en la Monta\u00f1a Palentina"},"content":{"rendered":"\n<h2 class=\"wp-block-heading\">La Junta de Castilla y Le\u00f3n ha aprobado destinar 576.800 euros para la restauraci\u00f3n de sistemas de pastizales para el fomento de los usos tradicionales y conectividad en la Monta\u00f1a Palentina. Este proyecto de la Consejer\u00eda de Medio Ambiente, Vivienda y Ordenaci\u00f3n del Territorio se financia por la Uni\u00f3n Europea en el marco del Mecanismo de Recuperaci\u00f3n y Resiliencia-Next Generation-EU.<\/h2>\n\n\n\n<p>Los trabajos, encargados en la empresa Tragsa, consistir\u00e1n en la mejora de la infraestructura ganadera mediante la construcci\u00f3n de cercados, desbroce de zonas de matorral para la creaci\u00f3n y mantenimiento de pastizales extensivos y recuperaci\u00f3n de praderas invadidas y reparaci\u00f3n de abrevaderos, pasos canadienses, chozos y tendejones tradicionales e hist\u00f3ricos ganaderos y arreglo de los accesos mediante la construcci\u00f3n de pasos de agua y construcci\u00f3n de charcas.<\/p>\n\n\n\n<p>Tambi\u00e9n se prev\u00e9 la conservaci\u00f3n de caminos p\u00fablicos y principales de acceso a estas infraestructuras ganaderas, \u00fanicamente para el tr\u00e1nsito de veh\u00edculos autorizados, fundamentalmente dentro del Parque Natural de la Monta\u00f1a Palentina.<\/p>\n\n\n\n<p>La Consejer\u00eda de Medio Ambiente, Vivienda y Ordenaci\u00f3n del Territorio ha venido ejecutando una serie de programas de ayuda a la eliminaci\u00f3n de matorral para mejora ganadera y eliminaci\u00f3n de riesgo de incendios. En paralelo, se vienen realizando otros trabajos, tanto de obra nueva como de reparaci\u00f3n y mantenimiento, para fomentar el desarrollo de un \u00e1rea con vocaci\u00f3n ganadera y forestal y luchar contra los tradicionales incendios forestales que se utilizaban como herramienta de manejo del territorio.<strong>\/<\/strong><\/p>\n","protected":false},"excerpt":{"rendered":"<p>La Junta de Castilla y Le\u00f3n ha aprobado destinar 576.800 euros para la restauraci\u00f3n de sistemas de pastizales para el fomento de los usos tradicionales y conectividad en la Monta\u00f1a Palentina. Este proyecto de la Consejer\u00eda de Medio Ambiente, Vivienda y Ordenaci\u00f3n del Territorio se financia por la Uni\u00f3n Europea en el marco del Mecanismo [&hellip;]<\/p>\n","protected":false},"author":9,"featured_media":13407,"comment_status":"open","ping_status":"open","sticky":false,"template":"","format":"standard","meta":{"footnotes":""},"categories":[9,29,28],"tags":[173,77,82,98],"yoast_head":"<!-- This site is optimized with the Yoast SEO plugin v24.5 - https:\/\/yoast.com\/wordpress\/plugins\/seo\/ -->\n<title>La Junta anuncia una inversi\u00f3n de 577.000 \u20ac para recuperar pastizales en la Monta\u00f1a Palentina - ASAJA Palencia<\/title>\n<meta name=\"description\" content=\"La Junta de Castilla y Le\u00f3n ha aprobado destinar 576.800 euros para la restauraci\u00f3n de sistemas de pastizales para el fomento de los usos tradicionales y\" \/>\n<meta name=\"robots\" content=\"index, follow, max-snippet:-1, max-image-preview:large, max-video-preview:-1\" \/>\n<link rel=\"canonical\" href=\"https:\/\/www.asajacyl.com\/palencia\/asaja-palencia-informa\/la-junta-anuncia-una-inversion-de-577-000-e-para-recuperar-pastizales-en-la-montana-palentina\" \/>\n<meta property=\"og:locale\" content=\"es_ES\" \/>\n<meta property=\"og:type\" content=\"article\" \/>\n<meta property=\"og:title\" content=\"La Junta anuncia una inversi\u00f3n de 577.000 \u20ac para recuperar pastizales en la Monta\u00f1a Palentina - ASAJA Palencia\" \/>\n<meta property=\"og:description\" content=\"La Junta de Castilla y Le\u00f3n ha aprobado destinar 576.800 euros para la restauraci\u00f3n de sistemas de pastizales para el fomento de los usos tradicionales y\" \/>\n<meta property=\"og:url\" content=\"https:\/\/www.asajacyl.com\/palencia\/asaja-palencia-informa\/la-junta-anuncia-una-inversion-de-577-000-e-para-recuperar-pastizales-en-la-montana-palentina\" \/>\n<meta property=\"og:site_name\" content=\"ASAJA Palencia\" \/>\n<meta property=\"article:published_time\" content=\"2023-06-02T10:19:12+00:00\" \/>\n<meta property=\"article:modified_time\" content=\"2023-06-02T10:19:14+00:00\" \/>\n<meta property=\"og:image\" content=\"https:\/\/www.asajacyl.com\/palencia\/wp-content\/uploads\/sites\/3\/2023\/06\/Montana-Palentina.jpg\" \/>\n\t<meta property=\"og:image:width\" content=\"1418\" \/>\n\t<meta property=\"og:image:height\" content=\"680\" \/>\n\t<meta property=\"og:image:type\" content=\"image\/jpeg\" \/>\n<meta name=\"author\" content=\"Administrador\" \/>\n<meta name=\"twitter:card\" content=\"summary_large_image\" \/>\n<meta name=\"twitter:label1\" content=\"Escrito por\" \/>\n\t<meta name=\"twitter:data1\" content=\"Administrador\" \/>\n\t<meta name=\"twitter:label2\" content=\"Tiempo de lectura\" \/>\n\t<meta name=\"twitter:data2\" content=\"2 minutos\" \/>\n<script type=\"application\/ld+json\" class=\"yoast-schema-graph\">{\"@context\":\"https:\/\/schema.org\",\"@graph\":[{\"@type\":\"WebPage\",\"@id\":\"https:\/\/www.asajacyl.com\/palencia\/asaja-palencia-informa\/la-junta-anuncia-una-inversion-de-577-000-e-para-recuperar-pastizales-en-la-montana-palentina\",\"url\":\"https:\/\/www.asajacyl.com\/palencia\/asaja-palencia-informa\/la-junta-anuncia-una-inversion-de-577-000-e-para-recuperar-pastizales-en-la-montana-palentina\",\"name\":\"La Junta anuncia una inversi\u00f3n de 577.000 \u20ac para recuperar pastizales en la Monta\u00f1a Palentina - ASAJA Palencia\",\"isPartOf\":{\"@id\":\"https:\/\/www.asajacyl.com\/palencia\/#website\"},\"primaryImageOfPage\":{\"@id\":\"https:\/\/www.asajacyl.com\/palencia\/asaja-palencia-informa\/la-junta-anuncia-una-inversion-de-577-000-e-para-recuperar-pastizales-en-la-montana-palentina#primaryimage\"},\"image\":{\"@id\":\"https:\/\/www.asajacyl.com\/palencia\/asaja-palencia-informa\/la-junta-anuncia-una-inversion-de-577-000-e-para-recuperar-pastizales-en-la-montana-palentina#primaryimage\"},\"thumbnailUrl\":\"https:\/\/www.asajacyl.com\/palencia\/wp-content\/uploads\/sites\/3\/2023\/06\/Montana-Palentina.jpg\",\"datePublished\":\"2023-06-02T10:19:12+00:00\",\"dateModified\":\"2023-06-02T10:19:14+00:00\",\"author\":{\"@id\":\"https:\/\/www.asajacyl.com\/palencia\/#\/schema\/person\/3ab17aeb03527485c317557fae64aab1\"},\"description\":\"La Junta de Castilla y Le\u00f3n ha aprobado destinar 576.800 euros para la restauraci\u00f3n de sistemas de pastizales para el fomento de los usos tradicionales y\",\"breadcrumb\":{\"@id\":\"https:\/\/www.asajacyl.com\/palencia\/asaja-palencia-informa\/la-junta-anuncia-una-inversion-de-577-000-e-para-recuperar-pastizales-en-la-montana-palentina#breadcrumb\"},\"inLanguage\":\"es\",\"potentialAction\":[{\"@type\":\"ReadAction\",\"target\":[\"https:\/\/www.asajacyl.com\/palencia\/asaja-palencia-informa\/la-junta-anuncia-una-inversion-de-577-000-e-para-recuperar-pastizales-en-la-montana-palentina\"]}]},{\"@type\":\"ImageObject\",\"inLanguage\":\"es\",\"@id\":\"https:\/\/www.asajacyl.com\/palencia\/asaja-palencia-informa\/la-junta-anuncia-una-inversion-de-577-000-e-para-recuperar-pastizales-en-la-montana-palentina#primaryimage\",\"url\":\"https:\/\/www.asajacyl.com\/palencia\/wp-content\/uploads\/sites\/3\/2023\/06\/Montana-Palentina.jpg\",\"contentUrl\":\"https:\/\/www.asajacyl.com\/palencia\/wp-content\/uploads\/sites\/3\/2023\/06\/Montana-Palentina.jpg\",\"width\":1418,\"height\":680},{\"@type\":\"BreadcrumbList\",\"@id\":\"https:\/\/www.asajacyl.com\/palencia\/asaja-palencia-informa\/la-junta-anuncia-una-inversion-de-577-000-e-para-recuperar-pastizales-en-la-montana-palentina#breadcrumb\",\"itemListElement\":[{\"@type\":\"ListItem\",\"position\":1,\"name\":\"Portada\",\"item\":\"https:\/\/www.asajacyl.com\/palencia\/\"},{\"@type\":\"ListItem\",\"position\":2,\"name\":\"La Junta anuncia una inversi\u00f3n de 577.000 \u20ac para recuperar pastizales en la Monta\u00f1a Palentina\"}]},{\"@type\":\"WebSite\",\"@id\":\"https:\/\/www.asajacyl.com\/palencia\/#website\",\"url\":\"https:\/\/www.asajacyl.com\/palencia\/\",\"name\":\"ASAJA Palencia\",\"description\":\"Otro sitio m\u00e1s de Provincias ASAJA Castilla y Le\u00f3n\",\"potentialAction\":[{\"@type\":\"SearchAction\",\"target\":{\"@type\":\"EntryPoint\",\"urlTemplate\":\"https:\/\/www.asajacyl.com\/palencia\/?s={search_term_string}\"},\"query-input\":{\"@type\":\"PropertyValueSpecification\",\"valueRequired\":true,\"valueName\":\"search_term_string\"}}],\"inLanguage\":\"es\"},{\"@type\":\"Person\",\"@id\":\"https:\/\/www.asajacyl.com\/palencia\/#\/schema\/person\/3ab17aeb03527485c317557fae64aab1\",\"name\":\"Administrador\",\"image\":{\"@type\":\"ImageObject\",\"inLanguage\":\"es\",\"@id\":\"https:\/\/www.asajacyl.com\/palencia\/#\/schema\/person\/image\/\",\"url\":\"https:\/\/secure.gravatar.com\/avatar\/517384810d242ca9e38c180f3c9fb973?s=96&d=mm&r=g\",\"contentUrl\":\"https:\/\/secure.gravatar.com\/avatar\/517384810d242ca9e38c180f3c9fb973?s=96&d=mm&r=g\",\"caption\":\"Administrador\"},\"url\":\"https:\/\/www.asajacyl.com\/palencia\/author\/carlosrm\"}]}<\/script>\n<!-- \/ Yoast SEO plugin. -->","yoast_head_json":{"title":"La Junta anuncia una inversi\u00f3n de 577.000 \u20ac para recuperar pastizales en la Monta\u00f1a Palentina - ASAJA Palencia","description":"La Junta de Castilla y Le\u00f3n ha aprobado destinar 576.800 euros para la restauraci\u00f3n de sistemas de pastizales para el fomento de los usos tradicionales y","robots":{"index":"index","follow":"follow","max-snippet":"max-snippet:-1","max-image-preview":"max-image-preview:large","max-video-preview":"max-video-preview:-1"},"canonical":"https:\/\/www.asajacyl.com\/palencia\/asaja-palencia-informa\/la-junta-anuncia-una-inversion-de-577-000-e-para-recuperar-pastizales-en-la-montana-palentina","og_locale":"es_ES","og_type":"article","og_title":"La Junta anuncia una inversi\u00f3n de 577.000 \u20ac para recuperar pastizales en la Monta\u00f1a Palentina - ASAJA Palencia","og_description":"La Junta de Castilla y Le\u00f3n ha aprobado destinar 576.800 euros para la restauraci\u00f3n de sistemas de pastizales para el fomento de los usos tradicionales y","og_url":"https:\/\/www.asajacyl.com\/palencia\/asaja-palencia-informa\/la-junta-anuncia-una-inversion-de-577-000-e-para-recuperar-pastizales-en-la-montana-palentina","og_site_name":"ASAJA Palencia","article_published_time":"2023-06-02T10:19:12+00:00","article_modified_time":"2023-06-02T10:19:14+00:00","og_image":[{"width":1418,"height":680,"url":"https:\/\/www.asajacyl.com\/palencia\/wp-content\/uploads\/sites\/3\/2023\/06\/Montana-Palentina.jpg","type":"image\/jpeg"}],"author":"Administrador","twitter_card":"summary_large_image","twitter_misc":{"Escrito por":"Administrador","Tiempo de lectura":"2 minutos"},"schema":{"@context":"https:\/\/schema.org","@graph":[{"@type":"WebPage","@id":"https:\/\/www.asajacyl.com\/palencia\/asaja-palencia-informa\/la-junta-anuncia-una-inversion-de-577-000-e-para-recuperar-pastizales-en-la-montana-palentina","url":"https:\/\/www.asajacyl.com\/palencia\/asaja-palencia-informa\/la-junta-anuncia-una-inversion-de-577-000-e-para-recuperar-pastizales-en-la-montana-palentina","name":"La Junta anuncia una inversi\u00f3n de 577.000 \u20ac para recuperar pastizales en la Monta\u00f1a Palentina - ASAJA Palencia","isPartOf":{"@id":"https:\/\/www.asajacyl.com\/palencia\/#website"},"primaryImageOfPage":{"@id":"https:\/\/www.asajacyl.com\/palencia\/asaja-palencia-informa\/la-junta-anuncia-una-inversion-de-577-000-e-para-recuperar-pastizales-en-la-montana-palentina#primaryimage"},"image":{"@id":"https:\/\/www.asajacyl.com\/palencia\/asaja-palencia-informa\/la-junta-anuncia-una-inversion-de-577-000-e-para-recuperar-pastizales-en-la-montana-palentina#primaryimage"},"thumbnailUrl":"https:\/\/www.asajacyl.com\/palencia\/wp-content\/uploads\/sites\/3\/2023\/06\/Montana-Palentina.jpg","datePublished":"2023-06-02T10:19:12+00:00","dateModified":"2023-06-02T10:19:14+00:00","author":{"@id":"https:\/\/www.asajacyl.com\/palencia\/#\/schema\/person\/3ab17aeb03527485c317557fae64aab1"},"description":"La Junta de Castilla y Le\u00f3n ha aprobado destinar 576.800 euros para la restauraci\u00f3n de sistemas de pastizales para el fomento de los usos tradicionales y","breadcrumb":{"@id":"https:\/\/www.asajacyl.com\/palencia\/asaja-palencia-informa\/la-junta-anuncia-una-inversion-de-577-000-e-para-recuperar-pastizales-en-la-montana-palentina#breadcrumb"},"inLanguage":"es","potentialAction":[{"@type":"ReadAction","target":["https:\/\/www.asajacyl.com\/palencia\/asaja-palencia-informa\/la-junta-anuncia-una-inversion-de-577-000-e-para-recuperar-pastizales-en-la-montana-palentina"]}]},{"@type":"ImageObject","inLanguage":"es","@id":"https:\/\/www.asajacyl.com\/palencia\/asaja-palencia-informa\/la-junta-anuncia-una-inversion-de-577-000-e-para-recuperar-pastizales-en-la-montana-palentina#primaryimage","url":"https:\/\/www.asajacyl.com\/palencia\/wp-content\/uploads\/sites\/3\/2023\/06\/Montana-Palentina.jpg","contentUrl":"https:\/\/www.asajacyl.com\/palencia\/wp-content\/uploads\/sites\/3\/2023\/06\/Montana-Palentina.jpg","width":1418,"height":680},{"@type":"BreadcrumbList","@id":"https:\/\/www.asajacyl.com\/palencia\/asaja-palencia-informa\/la-junta-anuncia-una-inversion-de-577-000-e-para-recuperar-pastizales-en-la-montana-palentina#breadcrumb","itemListElement":[{"@type":"ListItem","position":1,"name":"Portada","item":"https:\/\/www.asajacyl.com\/palencia\/"},{"@type":"ListItem","position":2,"name":"La Junta anuncia una inversi\u00f3n de 577.000 \u20ac para recuperar pastizales en la Monta\u00f1a Palentina"}]},{"@type":"WebSite","@id":"https:\/\/www.asajacyl.com\/palencia\/#website","url":"https:\/\/www.asajacyl.com\/palencia\/","name":"ASAJA Palencia","description":"Otro sitio m\u00e1s de Provincias ASAJA Castilla y Le\u00f3n","potentialAction":[{"@type":"SearchAction","target":{"@type":"EntryPoint","urlTemplate":"https:\/\/www.asajacyl.com\/palencia\/?s={search_term_string}"},"query-input":{"@type":"PropertyValueSpecification","valueRequired":true,"valueName":"search_term_string"}}],"inLanguage":"es"},{"@type":"Person","@id":"https:\/\/www.asajacyl.com\/palencia\/#\/schema\/person\/3ab17aeb03527485c317557fae64aab1","name":"Administrador","image":{"@type":"ImageObject","inLanguage":"es","@id":"https:\/\/www.asajacyl.com\/palencia\/#\/schema\/person\/image\/","url":"https:\/\/secure.gravatar.com\/avatar\/517384810d242ca9e38c180f3c9fb973?s=96&d=mm&r=g","contentUrl":"https:\/\/secure.gravatar.com\/avatar\/517384810d242ca9e38c180f3c9fb973?s=96&d=mm&r=g","caption":"Administrador"},"url":"https:\/\/www.asajacyl.com\/palencia\/author\/carlosrm"}]}},"_links":{"self":[{"href":"https:\/\/www.asajacyl.com\/palencia\/wp-json\/wp\/v2\/posts\/13404"}],"collection":[{"href":"https:\/\/www.asajacyl.com\/palencia\/wp-json\/wp\/v2\/posts"}],"about":[{"href":"https:\/\/www.asajacyl.com\/palencia\/wp-json\/wp\/v2\/types\/post"}],"author":[{"embeddable":true,"href":"https:\/\/www.asajacyl.com\/palencia\/wp-json\/wp\/v2\/users\/9"}],"replies":[{"embeddable":true,"href":"https:\/\/www.asajacyl.com\/palencia\/wp-json\/wp\/v2\/comments?post=13404"}],"version-history":[{"count":1,"href":"https:\/\/www.asajacyl.com\/palencia\/wp-json\/wp\/v2\/posts\/13404\/revisions"}],"predecessor-version":[{"id":13408,"href":"https:\/\/www.asajacyl.com\/palencia\/wp-json\/wp\/v2\/posts\/13404\/revisions\/13408"}],"wp:featuredmedia":[{"embeddable":true,"href":"https:\/\/www.asajacyl.com\/palencia\/wp-json\/wp\/v2\/media\/13407"}],"wp:attachment":[{"href":"https:\/\/www.asajacyl.com\/palencia\/wp-json\/wp\/v2\/media?parent=13404"}],"wp:term":[{"taxonomy":"category","embeddable":true,"href":"https:\/\/www.asajacyl.com\/palencia\/wp-json\/wp\/v2\/categories?post=13404"},{"taxonomy":"post_tag","embeddable":true,"href":"https:\/\/www.asajacyl.com\/palencia\/wp-json\/wp\/v2\/tags?post=13404"}],"curies":[{"name":"wp","href":"https:\/\/api.w.org\/{rel}","templated":true}]}}