{"id":13409,"date":"2023-06-02T12:39:27","date_gmt":"2023-06-02T10:39:27","guid":{"rendered":"https:\/\/www.asajacyl.com\/palencia\/?p=13409"},"modified":"2023-06-02T12:39:29","modified_gmt":"2023-06-02T10:39:29","slug":"medio-ambiente-amplia-de-nuevo-hasta-el-11-de-junio-el-peligro-medio-de-incendios-pese-a-las-lluvias","status":"publish","type":"post","link":"https:\/\/www.asajacyl.com\/palencia\/asaja-palencia-informa\/medio-ambiente-amplia-de-nuevo-hasta-el-11-de-junio-el-peligro-medio-de-incendios-pese-a-las-lluvias","title":{"rendered":"Medio Ambiente ampl\u00eda de nuevo, hasta el 11 de junio, el peligro medio de incendios, pese a las lluvias"},"content":{"rendered":"\n<h2 class=\"wp-block-heading\">La Consejer\u00eda de Medio Ambiente, Vivienda y Ordenaci\u00f3n del Territorio de la Junta de Castilla y Le\u00f3n ha vuelto a ampliar la declaraci\u00f3n de peligro medio de incendios en toda la comunidad hasta el pr\u00f3ximo 11 de junio, pese a las precipitaciones registradas en los \u00faltimos d\u00edas y a que los mapas de riesgo de la Agencia Estatal de Meteorolog\u00eda (Aemet) indican nivel bajo de riesgo de incendio al menos hasta el 8 de junio. La medida implica que se mantiene la suspensi\u00f3n de todas las autorizaciones y comunicaciones de quema de vegetaci\u00f3n y restos vegetales, as\u00ed como el refuerzo del personal de guardia y de los medios desplegados en las comarcas de riesgo.<\/h2>\n\n\n\n<p>Seg\u00fan recoge la resoluci\u00f3n que publica el Bolet\u00edn Oficial de Castilla y Le\u00f3n (Bocyl), se establecen las siguientes prohibiciones y limitaciones: encender fuego en todo tipo de espacios abiertos; suspensi\u00f3n temporal de todas las autorizaciones concedidas de quema de rastrojos, de pastos permanentes, de restos de poda, y de restos selv\u00edcolas; encender fuego en las \u00e1reas de descanso de la red de carreteras, as\u00ed como en zonas recreativas y de acampada, incluidas las zonas habilitadas para ello y se proh\u00edbe la utilizaci\u00f3n de maquinaria y equipos en los montes y en las \u00e1reas rurales situadas en una franja de 400 metros alrededor.<\/p>\n\n\n\n<p>La Junta pide a la poblaci\u00f3n que extreme la prudencia en sus actividades de trabajo y ocio al aire libre para evitar el inicio de un posible incendio y, en caso de producirse, alerte a trav\u00e9s del Servicio de Emergencias 112, por lo que se efect\u00faa un llamamiento a la responsabilidad y a la colaboraci\u00f3n ciudadana.<strong>\/<\/strong><\/p>\n","protected":false},"excerpt":{"rendered":"<p>La Consejer\u00eda de Medio Ambiente, Vivienda y Ordenaci\u00f3n del Territorio de la Junta de Castilla y Le\u00f3n ha vuelto a ampliar la declaraci\u00f3n de peligro medio de incendios en toda la comunidad hasta el pr\u00f3ximo 11 de junio, pese a las precipitaciones registradas en los \u00faltimos d\u00edas y a que los mapas de riesgo de [&hellip;]<\/p>\n","protected":false},"author":9,"featured_media":13410,"comment_status":"open","ping_status":"open","sticky":false,"template":"","format":"standard","meta":{"footnotes":""},"categories":[9,31,29,28],"tags":[112,173,94,66,92,93],"yoast_head":"<!-- This site is optimized with the Yoast SEO plugin v24.5 - https:\/\/yoast.com\/wordpress\/plugins\/seo\/ -->\n<title>Medio Ambiente ampl\u00eda de nuevo, hasta el 11 de junio, el peligro medio de incendios, pese a las lluvias - ASAJA Palencia<\/title>\n<meta name=\"description\" content=\"La Consejer\u00eda de Medio Ambiente, Vivienda y Ordenaci\u00f3n del Territorio de la Junta de Castilla y Le\u00f3n ha vuelto a ampliar la declaraci\u00f3n de peligro medio\" \/>\n<meta name=\"robots\" content=\"index, follow, max-snippet:-1, max-image-preview:large, max-video-preview:-1\" \/>\n<link rel=\"canonical\" href=\"https:\/\/www.asajacyl.com\/palencia\/asaja-palencia-informa\/medio-ambiente-amplia-de-nuevo-hasta-el-11-de-junio-el-peligro-medio-de-incendios-pese-a-las-lluvias\" \/>\n<meta property=\"og:locale\" content=\"es_ES\" \/>\n<meta property=\"og:type\" content=\"article\" \/>\n<meta property=\"og:title\" content=\"Medio Ambiente ampl\u00eda de nuevo, hasta el 11 de junio, el peligro medio de incendios, pese a las lluvias - ASAJA Palencia\" \/>\n<meta property=\"og:description\" content=\"La Consejer\u00eda de Medio Ambiente, Vivienda y Ordenaci\u00f3n del Territorio de la Junta de Castilla y Le\u00f3n ha vuelto a ampliar la declaraci\u00f3n de peligro medio\" \/>\n<meta property=\"og:url\" content=\"https:\/\/www.asajacyl.com\/palencia\/asaja-palencia-informa\/medio-ambiente-amplia-de-nuevo-hasta-el-11-de-junio-el-peligro-medio-de-incendios-pese-a-las-lluvias\" \/>\n<meta property=\"og:site_name\" content=\"ASAJA Palencia\" \/>\n<meta property=\"article:published_time\" content=\"2023-06-02T10:39:27+00:00\" \/>\n<meta property=\"article:modified_time\" content=\"2023-06-02T10:39:29+00:00\" \/>\n<meta property=\"og:image\" content=\"https:\/\/www.asajacyl.com\/palencia\/wp-content\/uploads\/sites\/3\/2023\/06\/El-Tiempo.-Incendios-Agencia-Estatal-de-Meteorologia-AEMET.-Gobierno-de-Espana.jpg\" \/>\n\t<meta property=\"og:image:width\" content=\"2500\" \/>\n\t<meta property=\"og:image:height\" content=\"1988\" \/>\n\t<meta property=\"og:image:type\" content=\"image\/jpeg\" \/>\n<meta name=\"author\" content=\"Administrador\" \/>\n<meta name=\"twitter:card\" content=\"summary_large_image\" \/>\n<meta name=\"twitter:label1\" content=\"Escrito por\" \/>\n\t<meta name=\"twitter:data1\" content=\"Administrador\" \/>\n\t<meta name=\"twitter:label2\" content=\"Tiempo de lectura\" \/>\n\t<meta name=\"twitter:data2\" content=\"2 minutos\" \/>\n<script type=\"application\/ld+json\" class=\"yoast-schema-graph\">{\"@context\":\"https:\/\/schema.org\",\"@graph\":[{\"@type\":\"WebPage\",\"@id\":\"https:\/\/www.asajacyl.com\/palencia\/asaja-palencia-informa\/medio-ambiente-amplia-de-nuevo-hasta-el-11-de-junio-el-peligro-medio-de-incendios-pese-a-las-lluvias\",\"url\":\"https:\/\/www.asajacyl.com\/palencia\/asaja-palencia-informa\/medio-ambiente-amplia-de-nuevo-hasta-el-11-de-junio-el-peligro-medio-de-incendios-pese-a-las-lluvias\",\"name\":\"Medio Ambiente ampl\u00eda de nuevo, hasta el 11 de junio, el peligro medio de incendios, pese a las lluvias - ASAJA Palencia\",\"isPartOf\":{\"@id\":\"https:\/\/www.asajacyl.com\/palencia\/#website\"},\"primaryImageOfPage\":{\"@id\":\"https:\/\/www.asajacyl.com\/palencia\/asaja-palencia-informa\/medio-ambiente-amplia-de-nuevo-hasta-el-11-de-junio-el-peligro-medio-de-incendios-pese-a-las-lluvias#primaryimage\"},\"image\":{\"@id\":\"https:\/\/www.asajacyl.com\/palencia\/asaja-palencia-informa\/medio-ambiente-amplia-de-nuevo-hasta-el-11-de-junio-el-peligro-medio-de-incendios-pese-a-las-lluvias#primaryimage\"},\"thumbnailUrl\":\"https:\/\/www.asajacyl.com\/palencia\/wp-content\/uploads\/sites\/3\/2023\/06\/El-Tiempo.-Incendios-Agencia-Estatal-de-Meteorologia-AEMET.-Gobierno-de-Espana.jpg\",\"datePublished\":\"2023-06-02T10:39:27+00:00\",\"dateModified\":\"2023-06-02T10:39:29+00:00\",\"author\":{\"@id\":\"https:\/\/www.asajacyl.com\/palencia\/#\/schema\/person\/3ab17aeb03527485c317557fae64aab1\"},\"description\":\"La Consejer\u00eda de Medio Ambiente, Vivienda y Ordenaci\u00f3n del Territorio de la Junta de Castilla y Le\u00f3n ha vuelto a ampliar la declaraci\u00f3n de peligro medio\",\"breadcrumb\":{\"@id\":\"https:\/\/www.asajacyl.com\/palencia\/asaja-palencia-informa\/medio-ambiente-amplia-de-nuevo-hasta-el-11-de-junio-el-peligro-medio-de-incendios-pese-a-las-lluvias#breadcrumb\"},\"inLanguage\":\"es\",\"potentialAction\":[{\"@type\":\"ReadAction\",\"target\":[\"https:\/\/www.asajacyl.com\/palencia\/asaja-palencia-informa\/medio-ambiente-amplia-de-nuevo-hasta-el-11-de-junio-el-peligro-medio-de-incendios-pese-a-las-lluvias\"]}]},{\"@type\":\"ImageObject\",\"inLanguage\":\"es\",\"@id\":\"https:\/\/www.asajacyl.com\/palencia\/asaja-palencia-informa\/medio-ambiente-amplia-de-nuevo-hasta-el-11-de-junio-el-peligro-medio-de-incendios-pese-a-las-lluvias#primaryimage\",\"url\":\"https:\/\/www.asajacyl.com\/palencia\/wp-content\/uploads\/sites\/3\/2023\/06\/El-Tiempo.-Incendios-Agencia-Estatal-de-Meteorologia-AEMET.-Gobierno-de-Espana.jpg\",\"contentUrl\":\"https:\/\/www.asajacyl.com\/palencia\/wp-content\/uploads\/sites\/3\/2023\/06\/El-Tiempo.-Incendios-Agencia-Estatal-de-Meteorologia-AEMET.-Gobierno-de-Espana.jpg\",\"width\":2500,\"height\":1988},{\"@type\":\"BreadcrumbList\",\"@id\":\"https:\/\/www.asajacyl.com\/palencia\/asaja-palencia-informa\/medio-ambiente-amplia-de-nuevo-hasta-el-11-de-junio-el-peligro-medio-de-incendios-pese-a-las-lluvias#breadcrumb\",\"itemListElement\":[{\"@type\":\"ListItem\",\"position\":1,\"name\":\"Portada\",\"item\":\"https:\/\/www.asajacyl.com\/palencia\/\"},{\"@type\":\"ListItem\",\"position\":2,\"name\":\"Medio Ambiente ampl\u00eda de nuevo, hasta el 11 de junio, el peligro medio de incendios, pese a las lluvias\"}]},{\"@type\":\"WebSite\",\"@id\":\"https:\/\/www.asajacyl.com\/palencia\/#website\",\"url\":\"https:\/\/www.asajacyl.com\/palencia\/\",\"name\":\"ASAJA Palencia\",\"description\":\"Otro sitio m\u00e1s de Provincias ASAJA Castilla y Le\u00f3n\",\"potentialAction\":[{\"@type\":\"SearchAction\",\"target\":{\"@type\":\"EntryPoint\",\"urlTemplate\":\"https:\/\/www.asajacyl.com\/palencia\/?s={search_term_string}\"},\"query-input\":{\"@type\":\"PropertyValueSpecification\",\"valueRequired\":true,\"valueName\":\"search_term_string\"}}],\"inLanguage\":\"es\"},{\"@type\":\"Person\",\"@id\":\"https:\/\/www.asajacyl.com\/palencia\/#\/schema\/person\/3ab17aeb03527485c317557fae64aab1\",\"name\":\"Administrador\",\"image\":{\"@type\":\"ImageObject\",\"inLanguage\":\"es\",\"@id\":\"https:\/\/www.asajacyl.com\/palencia\/#\/schema\/person\/image\/\",\"url\":\"https:\/\/secure.gravatar.com\/avatar\/517384810d242ca9e38c180f3c9fb973?s=96&d=mm&r=g\",\"contentUrl\":\"https:\/\/secure.gravatar.com\/avatar\/517384810d242ca9e38c180f3c9fb973?s=96&d=mm&r=g\",\"caption\":\"Administrador\"},\"url\":\"https:\/\/www.asajacyl.com\/palencia\/author\/carlosrm\"}]}<\/script>\n<!-- \/ Yoast SEO plugin. -->","yoast_head_json":{"title":"Medio Ambiente ampl\u00eda de nuevo, hasta el 11 de junio, el peligro medio de incendios, pese a las lluvias - ASAJA Palencia","description":"La Consejer\u00eda de Medio Ambiente, Vivienda y Ordenaci\u00f3n del Territorio de la Junta de Castilla y Le\u00f3n ha vuelto a ampliar la declaraci\u00f3n de peligro medio","robots":{"index":"index","follow":"follow","max-snippet":"max-snippet:-1","max-image-preview":"max-image-preview:large","max-video-preview":"max-video-preview:-1"},"canonical":"https:\/\/www.asajacyl.com\/palencia\/asaja-palencia-informa\/medio-ambiente-amplia-de-nuevo-hasta-el-11-de-junio-el-peligro-medio-de-incendios-pese-a-las-lluvias","og_locale":"es_ES","og_type":"article","og_title":"Medio Ambiente ampl\u00eda de nuevo, hasta el 11 de junio, el peligro medio de incendios, pese a las lluvias - ASAJA Palencia","og_description":"La Consejer\u00eda de Medio Ambiente, Vivienda y Ordenaci\u00f3n del Territorio de la Junta de Castilla y Le\u00f3n ha vuelto a ampliar la declaraci\u00f3n de peligro medio","og_url":"https:\/\/www.asajacyl.com\/palencia\/asaja-palencia-informa\/medio-ambiente-amplia-de-nuevo-hasta-el-11-de-junio-el-peligro-medio-de-incendios-pese-a-las-lluvias","og_site_name":"ASAJA Palencia","article_published_time":"2023-06-02T10:39:27+00:00","article_modified_time":"2023-06-02T10:39:29+00:00","og_image":[{"width":2500,"height":1988,"url":"https:\/\/www.asajacyl.com\/palencia\/wp-content\/uploads\/sites\/3\/2023\/06\/El-Tiempo.-Incendios-Agencia-Estatal-de-Meteorologia-AEMET.-Gobierno-de-Espana.jpg","type":"image\/jpeg"}],"author":"Administrador","twitter_card":"summary_large_image","twitter_misc":{"Escrito por":"Administrador","Tiempo de lectura":"2 minutos"},"schema":{"@context":"https:\/\/schema.org","@graph":[{"@type":"WebPage","@id":"https:\/\/www.asajacyl.com\/palencia\/asaja-palencia-informa\/medio-ambiente-amplia-de-nuevo-hasta-el-11-de-junio-el-peligro-medio-de-incendios-pese-a-las-lluvias","url":"https:\/\/www.asajacyl.com\/palencia\/asaja-palencia-informa\/medio-ambiente-amplia-de-nuevo-hasta-el-11-de-junio-el-peligro-medio-de-incendios-pese-a-las-lluvias","name":"Medio Ambiente ampl\u00eda de nuevo, hasta el 11 de junio, el peligro medio de incendios, pese a las lluvias - ASAJA Palencia","isPartOf":{"@id":"https:\/\/www.asajacyl.com\/palencia\/#website"},"primaryImageOfPage":{"@id":"https:\/\/www.asajacyl.com\/palencia\/asaja-palencia-informa\/medio-ambiente-amplia-de-nuevo-hasta-el-11-de-junio-el-peligro-medio-de-incendios-pese-a-las-lluvias#primaryimage"},"image":{"@id":"https:\/\/www.asajacyl.com\/palencia\/asaja-palencia-informa\/medio-ambiente-amplia-de-nuevo-hasta-el-11-de-junio-el-peligro-medio-de-incendios-pese-a-las-lluvias#primaryimage"},"thumbnailUrl":"https:\/\/www.asajacyl.com\/palencia\/wp-content\/uploads\/sites\/3\/2023\/06\/El-Tiempo.-Incendios-Agencia-Estatal-de-Meteorologia-AEMET.-Gobierno-de-Espana.jpg","datePublished":"2023-06-02T10:39:27+00:00","dateModified":"2023-06-02T10:39:29+00:00","author":{"@id":"https:\/\/www.asajacyl.com\/palencia\/#\/schema\/person\/3ab17aeb03527485c317557fae64aab1"},"description":"La Consejer\u00eda de Medio Ambiente, Vivienda y Ordenaci\u00f3n del Territorio de la Junta de Castilla y Le\u00f3n ha vuelto a ampliar la declaraci\u00f3n de peligro medio","breadcrumb":{"@id":"https:\/\/www.asajacyl.com\/palencia\/asaja-palencia-informa\/medio-ambiente-amplia-de-nuevo-hasta-el-11-de-junio-el-peligro-medio-de-incendios-pese-a-las-lluvias#breadcrumb"},"inLanguage":"es","potentialAction":[{"@type":"ReadAction","target":["https:\/\/www.asajacyl.com\/palencia\/asaja-palencia-informa\/medio-ambiente-amplia-de-nuevo-hasta-el-11-de-junio-el-peligro-medio-de-incendios-pese-a-las-lluvias"]}]},{"@type":"ImageObject","inLanguage":"es","@id":"https:\/\/www.asajacyl.com\/palencia\/asaja-palencia-informa\/medio-ambiente-amplia-de-nuevo-hasta-el-11-de-junio-el-peligro-medio-de-incendios-pese-a-las-lluvias#primaryimage","url":"https:\/\/www.asajacyl.com\/palencia\/wp-content\/uploads\/sites\/3\/2023\/06\/El-Tiempo.-Incendios-Agencia-Estatal-de-Meteorologia-AEMET.-Gobierno-de-Espana.jpg","contentUrl":"https:\/\/www.asajacyl.com\/palencia\/wp-content\/uploads\/sites\/3\/2023\/06\/El-Tiempo.-Incendios-Agencia-Estatal-de-Meteorologia-AEMET.-Gobierno-de-Espana.jpg","width":2500,"height":1988},{"@type":"BreadcrumbList","@id":"https:\/\/www.asajacyl.com\/palencia\/asaja-palencia-informa\/medio-ambiente-amplia-de-nuevo-hasta-el-11-de-junio-el-peligro-medio-de-incendios-pese-a-las-lluvias#breadcrumb","itemListElement":[{"@type":"ListItem","position":1,"name":"Portada","item":"https:\/\/www.asajacyl.com\/palencia\/"},{"@type":"ListItem","position":2,"name":"Medio Ambiente ampl\u00eda de nuevo, hasta el 11 de junio, el peligro medio de incendios, pese a las lluvias"}]},{"@type":"WebSite","@id":"https:\/\/www.asajacyl.com\/palencia\/#website","url":"https:\/\/www.asajacyl.com\/palencia\/","name":"ASAJA Palencia","description":"Otro sitio m\u00e1s de Provincias ASAJA Castilla y Le\u00f3n","potentialAction":[{"@type":"SearchAction","target":{"@type":"EntryPoint","urlTemplate":"https:\/\/www.asajacyl.com\/palencia\/?s={search_term_string}"},"query-input":{"@type":"PropertyValueSpecification","valueRequired":true,"valueName":"search_term_string"}}],"inLanguage":"es"},{"@type":"Person","@id":"https:\/\/www.asajacyl.com\/palencia\/#\/schema\/person\/3ab17aeb03527485c317557fae64aab1","name":"Administrador","image":{"@type":"ImageObject","inLanguage":"es","@id":"https:\/\/www.asajacyl.com\/palencia\/#\/schema\/person\/image\/","url":"https:\/\/secure.gravatar.com\/avatar\/517384810d242ca9e38c180f3c9fb973?s=96&d=mm&r=g","contentUrl":"https:\/\/secure.gravatar.com\/avatar\/517384810d242ca9e38c180f3c9fb973?s=96&d=mm&r=g","caption":"Administrador"},"url":"https:\/\/www.asajacyl.com\/palencia\/author\/carlosrm"}]}},"_links":{"self":[{"href":"https:\/\/www.asajacyl.com\/palencia\/wp-json\/wp\/v2\/posts\/13409"}],"collection":[{"href":"https:\/\/www.asajacyl.com\/palencia\/wp-json\/wp\/v2\/posts"}],"about":[{"href":"https:\/\/www.asajacyl.com\/palencia\/wp-json\/wp\/v2\/types\/post"}],"author":[{"embeddable":true,"href":"https:\/\/www.asajacyl.com\/palencia\/wp-json\/wp\/v2\/users\/9"}],"replies":[{"embeddable":true,"href":"https:\/\/www.asajacyl.com\/palencia\/wp-json\/wp\/v2\/comments?post=13409"}],"version-history":[{"count":1,"href":"https:\/\/www.asajacyl.com\/palencia\/wp-json\/wp\/v2\/posts\/13409\/revisions"}],"predecessor-version":[{"id":13411,"href":"https:\/\/www.asajacyl.com\/palencia\/wp-json\/wp\/v2\/posts\/13409\/revisions\/13411"}],"wp:featuredmedia":[{"embeddable":true,"href":"https:\/\/www.asajacyl.com\/palencia\/wp-json\/wp\/v2\/media\/13410"}],"wp:attachment":[{"href":"https:\/\/www.asajacyl.com\/palencia\/wp-json\/wp\/v2\/media?parent=13409"}],"wp:term":[{"taxonomy":"category","embeddable":true,"href":"https:\/\/www.asajacyl.com\/palencia\/wp-json\/wp\/v2\/categories?post=13409"},{"taxonomy":"post_tag","embeddable":true,"href":"https:\/\/www.asajacyl.com\/palencia\/wp-json\/wp\/v2\/tags?post=13409"}],"curies":[{"name":"wp","href":"https:\/\/api.w.org\/{rel}","templated":true}]}}