{"id":13419,"date":"2023-06-04T13:27:46","date_gmt":"2023-06-04T11:27:46","guid":{"rendered":"https:\/\/www.asajacyl.com\/palencia\/?p=13419"},"modified":"2023-06-02T14:10:56","modified_gmt":"2023-06-02T12:10:56","slug":"novedades-en-la-linea-aviar-de-puesta-del-plan-2023-de-seguros-pecuarios-que-entro-en-vigor-este-1-de-junio","status":"publish","type":"post","link":"https:\/\/www.asajacyl.com\/palencia\/asaja-palencia-informa\/novedades-en-la-linea-aviar-de-puesta-del-plan-2023-de-seguros-pecuarios-que-entro-en-vigor-este-1-de-junio","title":{"rendered":"Novedades en la l\u00ednea aviar de puesta del Plan 2023 de seguros pecuarios, que entr\u00f3 en vigor este 1 de junio"},"content":{"rendered":"\n<h1 class=\"wp-block-heading\">Este jueves 1 de junio ha entrado en vigor el Plan 2023 de seguros pecuarios, que incluye doce l\u00edneas ganaderas. Entre sus novedades, destaca una mejora de las coberturas de la l\u00ednea aviar de puesta en caso de gripe aviar. Los t\u00e9cnicos de ASAJA-Palencia tienen sus oficinas y tel\u00e9fonos abiertos para resolver cualquier duda o atender consultas sobre esta l\u00ednea o cualquier otra del seguro pecuario.<\/h1>\n\n\n\n<p>Entre las novedades destaca la mejora de las coberturas en el seguro de&nbsp;<strong>aviar de puesta<\/strong>&nbsp;en caso de&nbsp;<em>influenza<\/em>&nbsp;(gripe aviar) para el supuesto de inmovilizaci\u00f3n de la granja vac\u00eda (sube de veinte a veinticinco d\u00edas), adem\u00e1s de mejorarse las coberturas para las pollitas de recr\u00eda tanto por inmovilizaci\u00f3n (cubierta desde las diecis\u00e9is semanas de vida ante una imposibilidad de darles salida) como para el productor que, por razones econ\u00f3micas, procede al sacrificio de aves inmovilizadas por&nbsp;<em>influenza<\/em>&nbsp;(hasta las veinticuatro semanas).<\/p>\n\n\n\n<p>Ambas novedades se incluyen en una l\u00ednea de seguro que ha experimentado un comportamiento al alza el \u00faltimo a\u00f1o (+18% de plazas aseguradas), al igual que el aviar de carne (+38%), seg\u00fan informa Agroseguro.<\/p>\n\n\n\n<p>Adem\u00e1s de estas dos l\u00edneas de aviar (carne y puesta), el Plan 2023 de seguros pecuarios incluye las de vacuno de reproducci\u00f3n y producci\u00f3n, vacuno de cebo, vacuno de lidia, ovino y caprino, equino, porcino, tarifa general ganadera, compensaci\u00f3n por p\u00e9rdida de pastos, apicultura y cobertura de los gastos de retirada y destrucci\u00f3n de animales muertos en la explotaci\u00f3n.<\/p>\n\n\n\n<p><a href=\"https:\/\/agroseguro.es\/seguros\/seguros-pecuarios\/ovino-y-caprino\/\"><\/a><\/p>\n\n\n\n<p><strong>EN CRECIMIENTO.<\/strong> Aprovechando la entrada en vigor del Plan 2023, Agroseguro ha efectuado un balance del plan anual anterior, cuyo plazo de contrataci\u00f3n acab\u00f3 el pasado 31 de mayo, que se ha cerrado con m\u00e1s de 417 millones de animales asegurados, lo que supone un crecimiento del 9% con respecto al anterior. Se trata de un m\u00e1ximo hist\u00f3rico del sistema espa\u00f1ol de seguros pecuarios, con un capital asegurado que supera los 4.042 millones de euros, el 6% m\u00e1s que en el plan anterior.<\/p>\n\n\n\n<p>Una de las principales l\u00edneas es el seguro de<strong>&nbsp;vacuno de reproducci\u00f3n y producci\u00f3n<\/strong>, que se ha cerrado en el Plan 2022 con m\u00e1s de 1,6 millones de cabezas aseguradas, cifra similar al plan anterior, y con un capital asegurado que ronda los 1.960 millones de euros. Esta l\u00ednea ha incorporado mejoras en la garant\u00eda de p\u00e9rdida de calidad de la leche, al aumentar la indemnizaci\u00f3n por incremento de c\u00e9lulas som\u00e1ticas en el tanque y permitir que el seguro se renueve a explotaciones con cualquier media geom\u00e9trica, adem\u00e1s de facilitar a m\u00e1s ganaderos el acceso a la garant\u00eda de cr\u00edas.<\/p>\n\n\n\n<p>Tambi\u00e9n ha incorporado importantes novedades en el Plan 2022 el seguro de&nbsp;<strong>vacuno de cebo,&nbsp;<\/strong>al permitir al productor escoger entre tres sistemas de manejo diferentes y nuevas agrupaciones de razas para adaptarse a la realidad del sector, y adem\u00e1s reducirse a cinco semanas la edad m\u00ednima indemnizable. Seg\u00fan Agroseguro, estas mejoras permitir\u00e1n seguir consolidando la l\u00ednea de seguro en el futuro y facilitar el acceso \u2013en mejores condiciones\u2013 a explotaciones ganaderas con poca siniestralidad.<\/p>\n\n\n\n<p>En la l\u00ednea de&nbsp;<strong>ovino y caprino<\/strong>, el n\u00famero de animales asegurados ha crecido casi un 6% en el Plan 2022 con respecto al anterior. Una de las mejoras ha consistido en el incremento de once puntos en la subvenci\u00f3n base de ENESA a los ganaderos asegurados, adem\u00e1s de la ampliaci\u00f3n de la garant\u00eda adicional de contaminaci\u00f3n de leche por aflatoxinas con una cobertura para la contaminaci\u00f3n de leche por inhibidores de crecimiento bacteriano o la reducci\u00f3n de la tasa de la garant\u00eda de brucelosis, ha informado Agroseguro.<strong>\/<\/strong><\/p>\n","protected":false},"excerpt":{"rendered":"<p>Este jueves 1 de junio ha entrado en vigor el Plan 2023 de seguros pecuarios, que incluye doce l\u00edneas ganaderas. Entre sus novedades, destaca una mejora de las coberturas de la l\u00ednea aviar de puesta en caso de gripe aviar. Los t\u00e9cnicos de ASAJA-Palencia tienen sus oficinas y tel\u00e9fonos abiertos para resolver cualquier duda o [&hellip;]<\/p>\n","protected":false},"author":9,"featured_media":13422,"comment_status":"open","ping_status":"open","sticky":false,"template":"","format":"standard","meta":{"footnotes":""},"categories":[9,29,28],"tags":[176,235,158,234,183,77,143,85],"yoast_head":"<!-- This site is optimized with the Yoast SEO plugin v24.5 - https:\/\/yoast.com\/wordpress\/plugins\/seo\/ -->\n<title>Novedades en la l\u00ednea aviar de puesta del Plan 2023 de seguros pecuarios, que entr\u00f3 en vigor este 1 de junio - ASAJA Palencia<\/title>\n<meta name=\"description\" content=\"Este jueves 1 de junio ha entrado en vigor el Plan 2023 de seguros pecuarios, que incluye doce l\u00edneas ganaderas. Entre sus novedades, destaca una mejora\" \/>\n<meta name=\"robots\" content=\"index, follow, max-snippet:-1, max-image-preview:large, max-video-preview:-1\" \/>\n<link rel=\"canonical\" href=\"https:\/\/www.asajacyl.com\/palencia\/asaja-palencia-informa\/novedades-en-la-linea-aviar-de-puesta-del-plan-2023-de-seguros-pecuarios-que-entro-en-vigor-este-1-de-junio\" \/>\n<meta property=\"og:locale\" content=\"es_ES\" \/>\n<meta property=\"og:type\" content=\"article\" \/>\n<meta property=\"og:title\" content=\"Novedades en la l\u00ednea aviar de puesta del Plan 2023 de seguros pecuarios, que entr\u00f3 en vigor este 1 de junio - ASAJA Palencia\" \/>\n<meta property=\"og:description\" content=\"Este jueves 1 de junio ha entrado en vigor el Plan 2023 de seguros pecuarios, que incluye doce l\u00edneas ganaderas. Entre sus novedades, destaca una mejora\" \/>\n<meta property=\"og:url\" content=\"https:\/\/www.asajacyl.com\/palencia\/asaja-palencia-informa\/novedades-en-la-linea-aviar-de-puesta-del-plan-2023-de-seguros-pecuarios-que-entro-en-vigor-este-1-de-junio\" \/>\n<meta property=\"og:site_name\" content=\"ASAJA Palencia\" \/>\n<meta property=\"article:published_time\" content=\"2023-06-04T11:27:46+00:00\" \/>\n<meta property=\"og:image\" content=\"https:\/\/www.asajacyl.com\/palencia\/wp-content\/uploads\/sites\/3\/2023\/06\/Granja-gallinas-puesta-Dehesa-de-Romanos.jpg\" \/>\n\t<meta property=\"og:image:width\" content=\"2500\" \/>\n\t<meta property=\"og:image:height\" content=\"1183\" \/>\n\t<meta property=\"og:image:type\" content=\"image\/jpeg\" \/>\n<meta name=\"author\" content=\"Administrador\" \/>\n<meta name=\"twitter:card\" content=\"summary_large_image\" \/>\n<meta name=\"twitter:label1\" content=\"Escrito por\" \/>\n\t<meta name=\"twitter:data1\" content=\"Administrador\" \/>\n\t<meta name=\"twitter:label2\" content=\"Tiempo de lectura\" \/>\n\t<meta name=\"twitter:data2\" content=\"3 minutos\" \/>\n<script type=\"application\/ld+json\" class=\"yoast-schema-graph\">{\"@context\":\"https:\/\/schema.org\",\"@graph\":[{\"@type\":\"WebPage\",\"@id\":\"https:\/\/www.asajacyl.com\/palencia\/asaja-palencia-informa\/novedades-en-la-linea-aviar-de-puesta-del-plan-2023-de-seguros-pecuarios-que-entro-en-vigor-este-1-de-junio\",\"url\":\"https:\/\/www.asajacyl.com\/palencia\/asaja-palencia-informa\/novedades-en-la-linea-aviar-de-puesta-del-plan-2023-de-seguros-pecuarios-que-entro-en-vigor-este-1-de-junio\",\"name\":\"Novedades en la l\u00ednea aviar de puesta del Plan 2023 de seguros pecuarios, que entr\u00f3 en vigor este 1 de junio - ASAJA Palencia\",\"isPartOf\":{\"@id\":\"https:\/\/www.asajacyl.com\/palencia\/#website\"},\"primaryImageOfPage\":{\"@id\":\"https:\/\/www.asajacyl.com\/palencia\/asaja-palencia-informa\/novedades-en-la-linea-aviar-de-puesta-del-plan-2023-de-seguros-pecuarios-que-entro-en-vigor-este-1-de-junio#primaryimage\"},\"image\":{\"@id\":\"https:\/\/www.asajacyl.com\/palencia\/asaja-palencia-informa\/novedades-en-la-linea-aviar-de-puesta-del-plan-2023-de-seguros-pecuarios-que-entro-en-vigor-este-1-de-junio#primaryimage\"},\"thumbnailUrl\":\"https:\/\/www.asajacyl.com\/palencia\/wp-content\/uploads\/sites\/3\/2023\/06\/Granja-gallinas-puesta-Dehesa-de-Romanos.jpg\",\"datePublished\":\"2023-06-04T11:27:46+00:00\",\"author\":{\"@id\":\"https:\/\/www.asajacyl.com\/palencia\/#\/schema\/person\/3ab17aeb03527485c317557fae64aab1\"},\"description\":\"Este jueves 1 de junio ha entrado en vigor el Plan 2023 de seguros pecuarios, que incluye doce l\u00edneas ganaderas. Entre sus novedades, destaca una mejora\",\"breadcrumb\":{\"@id\":\"https:\/\/www.asajacyl.com\/palencia\/asaja-palencia-informa\/novedades-en-la-linea-aviar-de-puesta-del-plan-2023-de-seguros-pecuarios-que-entro-en-vigor-este-1-de-junio#breadcrumb\"},\"inLanguage\":\"es\",\"potentialAction\":[{\"@type\":\"ReadAction\",\"target\":[\"https:\/\/www.asajacyl.com\/palencia\/asaja-palencia-informa\/novedades-en-la-linea-aviar-de-puesta-del-plan-2023-de-seguros-pecuarios-que-entro-en-vigor-este-1-de-junio\"]}]},{\"@type\":\"ImageObject\",\"inLanguage\":\"es\",\"@id\":\"https:\/\/www.asajacyl.com\/palencia\/asaja-palencia-informa\/novedades-en-la-linea-aviar-de-puesta-del-plan-2023-de-seguros-pecuarios-que-entro-en-vigor-este-1-de-junio#primaryimage\",\"url\":\"https:\/\/www.asajacyl.com\/palencia\/wp-content\/uploads\/sites\/3\/2023\/06\/Granja-gallinas-puesta-Dehesa-de-Romanos.jpg\",\"contentUrl\":\"https:\/\/www.asajacyl.com\/palencia\/wp-content\/uploads\/sites\/3\/2023\/06\/Granja-gallinas-puesta-Dehesa-de-Romanos.jpg\",\"width\":2500,\"height\":1183},{\"@type\":\"BreadcrumbList\",\"@id\":\"https:\/\/www.asajacyl.com\/palencia\/asaja-palencia-informa\/novedades-en-la-linea-aviar-de-puesta-del-plan-2023-de-seguros-pecuarios-que-entro-en-vigor-este-1-de-junio#breadcrumb\",\"itemListElement\":[{\"@type\":\"ListItem\",\"position\":1,\"name\":\"Portada\",\"item\":\"https:\/\/www.asajacyl.com\/palencia\/\"},{\"@type\":\"ListItem\",\"position\":2,\"name\":\"Novedades en la l\u00ednea aviar de puesta del Plan 2023 de seguros pecuarios, que entr\u00f3 en vigor este 1 de junio\"}]},{\"@type\":\"WebSite\",\"@id\":\"https:\/\/www.asajacyl.com\/palencia\/#website\",\"url\":\"https:\/\/www.asajacyl.com\/palencia\/\",\"name\":\"ASAJA Palencia\",\"description\":\"Otro sitio m\u00e1s de Provincias ASAJA Castilla y Le\u00f3n\",\"potentialAction\":[{\"@type\":\"SearchAction\",\"target\":{\"@type\":\"EntryPoint\",\"urlTemplate\":\"https:\/\/www.asajacyl.com\/palencia\/?s={search_term_string}\"},\"query-input\":{\"@type\":\"PropertyValueSpecification\",\"valueRequired\":true,\"valueName\":\"search_term_string\"}}],\"inLanguage\":\"es\"},{\"@type\":\"Person\",\"@id\":\"https:\/\/www.asajacyl.com\/palencia\/#\/schema\/person\/3ab17aeb03527485c317557fae64aab1\",\"name\":\"Administrador\",\"image\":{\"@type\":\"ImageObject\",\"inLanguage\":\"es\",\"@id\":\"https:\/\/www.asajacyl.com\/palencia\/#\/schema\/person\/image\/\",\"url\":\"https:\/\/secure.gravatar.com\/avatar\/517384810d242ca9e38c180f3c9fb973?s=96&d=mm&r=g\",\"contentUrl\":\"https:\/\/secure.gravatar.com\/avatar\/517384810d242ca9e38c180f3c9fb973?s=96&d=mm&r=g\",\"caption\":\"Administrador\"},\"url\":\"https:\/\/www.asajacyl.com\/palencia\/author\/carlosrm\"}]}<\/script>\n<!-- \/ Yoast SEO plugin. -->","yoast_head_json":{"title":"Novedades en la l\u00ednea aviar de puesta del Plan 2023 de seguros pecuarios, que entr\u00f3 en vigor este 1 de junio - ASAJA Palencia","description":"Este jueves 1 de junio ha entrado en vigor el Plan 2023 de seguros pecuarios, que incluye doce l\u00edneas ganaderas. Entre sus novedades, destaca una mejora","robots":{"index":"index","follow":"follow","max-snippet":"max-snippet:-1","max-image-preview":"max-image-preview:large","max-video-preview":"max-video-preview:-1"},"canonical":"https:\/\/www.asajacyl.com\/palencia\/asaja-palencia-informa\/novedades-en-la-linea-aviar-de-puesta-del-plan-2023-de-seguros-pecuarios-que-entro-en-vigor-este-1-de-junio","og_locale":"es_ES","og_type":"article","og_title":"Novedades en la l\u00ednea aviar de puesta del Plan 2023 de seguros pecuarios, que entr\u00f3 en vigor este 1 de junio - ASAJA Palencia","og_description":"Este jueves 1 de junio ha entrado en vigor el Plan 2023 de seguros pecuarios, que incluye doce l\u00edneas ganaderas. Entre sus novedades, destaca una mejora","og_url":"https:\/\/www.asajacyl.com\/palencia\/asaja-palencia-informa\/novedades-en-la-linea-aviar-de-puesta-del-plan-2023-de-seguros-pecuarios-que-entro-en-vigor-este-1-de-junio","og_site_name":"ASAJA Palencia","article_published_time":"2023-06-04T11:27:46+00:00","og_image":[{"width":2500,"height":1183,"url":"https:\/\/www.asajacyl.com\/palencia\/wp-content\/uploads\/sites\/3\/2023\/06\/Granja-gallinas-puesta-Dehesa-de-Romanos.jpg","type":"image\/jpeg"}],"author":"Administrador","twitter_card":"summary_large_image","twitter_misc":{"Escrito por":"Administrador","Tiempo de lectura":"3 minutos"},"schema":{"@context":"https:\/\/schema.org","@graph":[{"@type":"WebPage","@id":"https:\/\/www.asajacyl.com\/palencia\/asaja-palencia-informa\/novedades-en-la-linea-aviar-de-puesta-del-plan-2023-de-seguros-pecuarios-que-entro-en-vigor-este-1-de-junio","url":"https:\/\/www.asajacyl.com\/palencia\/asaja-palencia-informa\/novedades-en-la-linea-aviar-de-puesta-del-plan-2023-de-seguros-pecuarios-que-entro-en-vigor-este-1-de-junio","name":"Novedades en la l\u00ednea aviar de puesta del Plan 2023 de seguros pecuarios, que entr\u00f3 en vigor este 1 de junio - ASAJA Palencia","isPartOf":{"@id":"https:\/\/www.asajacyl.com\/palencia\/#website"},"primaryImageOfPage":{"@id":"https:\/\/www.asajacyl.com\/palencia\/asaja-palencia-informa\/novedades-en-la-linea-aviar-de-puesta-del-plan-2023-de-seguros-pecuarios-que-entro-en-vigor-este-1-de-junio#primaryimage"},"image":{"@id":"https:\/\/www.asajacyl.com\/palencia\/asaja-palencia-informa\/novedades-en-la-linea-aviar-de-puesta-del-plan-2023-de-seguros-pecuarios-que-entro-en-vigor-este-1-de-junio#primaryimage"},"thumbnailUrl":"https:\/\/www.asajacyl.com\/palencia\/wp-content\/uploads\/sites\/3\/2023\/06\/Granja-gallinas-puesta-Dehesa-de-Romanos.jpg","datePublished":"2023-06-04T11:27:46+00:00","author":{"@id":"https:\/\/www.asajacyl.com\/palencia\/#\/schema\/person\/3ab17aeb03527485c317557fae64aab1"},"description":"Este jueves 1 de junio ha entrado en vigor el Plan 2023 de seguros pecuarios, que incluye doce l\u00edneas ganaderas. Entre sus novedades, destaca una mejora","breadcrumb":{"@id":"https:\/\/www.asajacyl.com\/palencia\/asaja-palencia-informa\/novedades-en-la-linea-aviar-de-puesta-del-plan-2023-de-seguros-pecuarios-que-entro-en-vigor-este-1-de-junio#breadcrumb"},"inLanguage":"es","potentialAction":[{"@type":"ReadAction","target":["https:\/\/www.asajacyl.com\/palencia\/asaja-palencia-informa\/novedades-en-la-linea-aviar-de-puesta-del-plan-2023-de-seguros-pecuarios-que-entro-en-vigor-este-1-de-junio"]}]},{"@type":"ImageObject","inLanguage":"es","@id":"https:\/\/www.asajacyl.com\/palencia\/asaja-palencia-informa\/novedades-en-la-linea-aviar-de-puesta-del-plan-2023-de-seguros-pecuarios-que-entro-en-vigor-este-1-de-junio#primaryimage","url":"https:\/\/www.asajacyl.com\/palencia\/wp-content\/uploads\/sites\/3\/2023\/06\/Granja-gallinas-puesta-Dehesa-de-Romanos.jpg","contentUrl":"https:\/\/www.asajacyl.com\/palencia\/wp-content\/uploads\/sites\/3\/2023\/06\/Granja-gallinas-puesta-Dehesa-de-Romanos.jpg","width":2500,"height":1183},{"@type":"BreadcrumbList","@id":"https:\/\/www.asajacyl.com\/palencia\/asaja-palencia-informa\/novedades-en-la-linea-aviar-de-puesta-del-plan-2023-de-seguros-pecuarios-que-entro-en-vigor-este-1-de-junio#breadcrumb","itemListElement":[{"@type":"ListItem","position":1,"name":"Portada","item":"https:\/\/www.asajacyl.com\/palencia\/"},{"@type":"ListItem","position":2,"name":"Novedades en la l\u00ednea aviar de puesta del Plan 2023 de seguros pecuarios, que entr\u00f3 en vigor este 1 de junio"}]},{"@type":"WebSite","@id":"https:\/\/www.asajacyl.com\/palencia\/#website","url":"https:\/\/www.asajacyl.com\/palencia\/","name":"ASAJA Palencia","description":"Otro sitio m\u00e1s de Provincias ASAJA Castilla y Le\u00f3n","potentialAction":[{"@type":"SearchAction","target":{"@type":"EntryPoint","urlTemplate":"https:\/\/www.asajacyl.com\/palencia\/?s={search_term_string}"},"query-input":{"@type":"PropertyValueSpecification","valueRequired":true,"valueName":"search_term_string"}}],"inLanguage":"es"},{"@type":"Person","@id":"https:\/\/www.asajacyl.com\/palencia\/#\/schema\/person\/3ab17aeb03527485c317557fae64aab1","name":"Administrador","image":{"@type":"ImageObject","inLanguage":"es","@id":"https:\/\/www.asajacyl.com\/palencia\/#\/schema\/person\/image\/","url":"https:\/\/secure.gravatar.com\/avatar\/517384810d242ca9e38c180f3c9fb973?s=96&d=mm&r=g","contentUrl":"https:\/\/secure.gravatar.com\/avatar\/517384810d242ca9e38c180f3c9fb973?s=96&d=mm&r=g","caption":"Administrador"},"url":"https:\/\/www.asajacyl.com\/palencia\/author\/carlosrm"}]}},"_links":{"self":[{"href":"https:\/\/www.asajacyl.com\/palencia\/wp-json\/wp\/v2\/posts\/13419"}],"collection":[{"href":"https:\/\/www.asajacyl.com\/palencia\/wp-json\/wp\/v2\/posts"}],"about":[{"href":"https:\/\/www.asajacyl.com\/palencia\/wp-json\/wp\/v2\/types\/post"}],"author":[{"embeddable":true,"href":"https:\/\/www.asajacyl.com\/palencia\/wp-json\/wp\/v2\/users\/9"}],"replies":[{"embeddable":true,"href":"https:\/\/www.asajacyl.com\/palencia\/wp-json\/wp\/v2\/comments?post=13419"}],"version-history":[{"count":3,"href":"https:\/\/www.asajacyl.com\/palencia\/wp-json\/wp\/v2\/posts\/13419\/revisions"}],"predecessor-version":[{"id":13425,"href":"https:\/\/www.asajacyl.com\/palencia\/wp-json\/wp\/v2\/posts\/13419\/revisions\/13425"}],"wp:featuredmedia":[{"embeddable":true,"href":"https:\/\/www.asajacyl.com\/palencia\/wp-json\/wp\/v2\/media\/13422"}],"wp:attachment":[{"href":"https:\/\/www.asajacyl.com\/palencia\/wp-json\/wp\/v2\/media?parent=13419"}],"wp:term":[{"taxonomy":"category","embeddable":true,"href":"https:\/\/www.asajacyl.com\/palencia\/wp-json\/wp\/v2\/categories?post=13419"},{"taxonomy":"post_tag","embeddable":true,"href":"https:\/\/www.asajacyl.com\/palencia\/wp-json\/wp\/v2\/tags?post=13419"}],"curies":[{"name":"wp","href":"https:\/\/api.w.org\/{rel}","templated":true}]}}