{"id":13430,"date":"2023-06-05T10:15:31","date_gmt":"2023-06-05T08:15:31","guid":{"rendered":"https:\/\/www.asajacyl.com\/palencia\/?p=13430"},"modified":"2023-06-05T10:15:32","modified_gmt":"2023-06-05T08:15:32","slug":"2023-se-mantiene-pese-a-las-lluvias-de-mayo-como-uno-de-los-anos-mas-secos","status":"publish","type":"post","link":"https:\/\/www.asajacyl.com\/palencia\/asaja-palencia-informa\/2023-se-mantiene-pese-a-las-lluvias-de-mayo-como-uno-de-los-anos-mas-secos","title":{"rendered":"2023 se mantiene, pese a las lluvias de mayo, como uno de los a\u00f1os m\u00e1s secos"},"content":{"rendered":"\n<h2 class=\"wp-block-heading\">El balance correspondiente al mes de mayo del Observatorio Meteorol\u00f3gico de Carralobo, en Astudillo, arroja unas precipitaciones totales de 21 litros por metro cuadrado. Con esta cifra, los cinco primeros meses de 2023 acumulan 106,5 litros, lo que sit\u00faa al a\u00f1o actual entre los cinco m\u00e1s secos desde que tiene registros la estaci\u00f3n (1959). En cuanto a las temperaturas, mayo se ha revelado tambi\u00e9n como un mes con una considerable oscilaci\u00f3n t\u00e9rmica: aun cuando no hubo heladas (la m\u00ednima mensual baj\u00f3 a  tres grados el d\u00eda 10), la m\u00e1xima alcanz\u00f3 el 3 de mayo los 30,5 grados.<\/h2>\n\n\n\n<p>El agricultor jubilado y socio de ASAJA-Palencia Mariano Bustillo, responsable del Observatorio de Carralobo, destaca que solo se recogieron 21 litros por metro cuadrado en todo el mes de mayo pes a que hubo doce d\u00edas de precipitaciones. Sin embargo, en la mitad de las jornadas la cantidad era pr\u00e1cticamente inapreciable. La m\u00e1s significativa se midi\u00f3 en la tormenta de la jornada del domingo 28 de mayo, con 10,5 litros, la mitad de toda la precipitaci\u00f3n ca\u00edda en Astudillo a lo largo del mes, parte de ella en forma de granizo.<\/p>\n\n\n\n<p>Muy lejos quedan esos 21 litros de los 140 y 105 que se midieron en los meses de mayo de 2007 y 2008, respectivamente, o m\u00e1s recientemente, de los 80,5 libros de mayo de 2017, cierto es que en ese caso la cantidad no lleg\u00f3 a remediar un a\u00f1o tristemente recordado por su gran sequ\u00eda. <\/p>\n\n\n\n<p>En la efem\u00e9rides que habitualmente incluye el resumen mensual, recuerda que en los cinco primeros meses de 2015 a\u00fan se recogieron menos precipitaciones en este observatorio que en el a\u00f1o actual: en concreto, tan solo 88,9 litros por metro cuadrado.<\/p>\n\n\n\n<p>Bustillo tambi\u00e9n resalta que la temperatura m\u00e1xima del pasado mayo \u201430,5\u00ba C\u2014 es una de las m\u00e1s altas registradas en Carralobo a esas alturas de a\u00f1o, ya que se midi\u00f3 a primeros de mes (mi\u00e9rcoles 3 de mayo).<strong>\/<\/strong><\/p>\n","protected":false},"excerpt":{"rendered":"<p>El balance correspondiente al mes de mayo del Observatorio Meteorol\u00f3gico de Carralobo, en Astudillo, arroja unas precipitaciones totales de 21 litros por metro cuadrado. Con esta cifra, los cinco primeros meses de 2023 acumulan 106,5 litros, lo que sit\u00faa al a\u00f1o actual entre los cinco m\u00e1s secos desde que tiene registros la estaci\u00f3n (1959). En [&hellip;]<\/p>\n","protected":false},"author":9,"featured_media":13097,"comment_status":"open","ping_status":"open","sticky":false,"template":"","format":"standard","meta":{"footnotes":""},"categories":[9,29,28],"tags":[58,77,92,236,93],"yoast_head":"<!-- This site is optimized with the Yoast SEO plugin v24.5 - https:\/\/yoast.com\/wordpress\/plugins\/seo\/ -->\n<title>2023 se mantiene, pese a las lluvias de mayo, como uno de los a\u00f1os m\u00e1s secos - ASAJA Palencia<\/title>\n<meta name=\"description\" content=\"El balance correspondiente al mes de mayo del Observatorio Meteorol\u00f3gico de Carralobo, en Astudillo, arroja unas precipitaciones totales de 21 litros por\" \/>\n<meta name=\"robots\" content=\"index, follow, max-snippet:-1, max-image-preview:large, max-video-preview:-1\" \/>\n<link rel=\"canonical\" href=\"https:\/\/www.asajacyl.com\/palencia\/asaja-palencia-informa\/2023-se-mantiene-pese-a-las-lluvias-de-mayo-como-uno-de-los-anos-mas-secos\" \/>\n<meta property=\"og:locale\" content=\"es_ES\" \/>\n<meta property=\"og:type\" content=\"article\" \/>\n<meta property=\"og:title\" content=\"2023 se mantiene, pese a las lluvias de mayo, como uno de los a\u00f1os m\u00e1s secos - ASAJA Palencia\" \/>\n<meta property=\"og:description\" content=\"El balance correspondiente al mes de mayo del Observatorio Meteorol\u00f3gico de Carralobo, en Astudillo, arroja unas precipitaciones totales de 21 litros por\" \/>\n<meta property=\"og:url\" content=\"https:\/\/www.asajacyl.com\/palencia\/asaja-palencia-informa\/2023-se-mantiene-pese-a-las-lluvias-de-mayo-como-uno-de-los-anos-mas-secos\" \/>\n<meta property=\"og:site_name\" content=\"ASAJA Palencia\" \/>\n<meta property=\"article:published_time\" content=\"2023-06-05T08:15:31+00:00\" \/>\n<meta property=\"article:modified_time\" content=\"2023-06-05T08:15:32+00:00\" \/>\n<meta property=\"og:image\" content=\"https:\/\/www.asajacyl.com\/palencia\/wp-content\/uploads\/sites\/3\/2023\/05\/Mariano-Bustillo-horiz.jpg\" \/>\n\t<meta property=\"og:image:width\" content=\"1072\" \/>\n\t<meta property=\"og:image:height\" content=\"770\" \/>\n\t<meta property=\"og:image:type\" content=\"image\/jpeg\" \/>\n<meta name=\"author\" content=\"Administrador\" \/>\n<meta name=\"twitter:card\" content=\"summary_large_image\" \/>\n<meta name=\"twitter:label1\" content=\"Escrito por\" \/>\n\t<meta name=\"twitter:data1\" content=\"Administrador\" \/>\n\t<meta name=\"twitter:label2\" content=\"Tiempo de lectura\" \/>\n\t<meta name=\"twitter:data2\" content=\"2 minutos\" \/>\n<script type=\"application\/ld+json\" class=\"yoast-schema-graph\">{\"@context\":\"https:\/\/schema.org\",\"@graph\":[{\"@type\":\"WebPage\",\"@id\":\"https:\/\/www.asajacyl.com\/palencia\/asaja-palencia-informa\/2023-se-mantiene-pese-a-las-lluvias-de-mayo-como-uno-de-los-anos-mas-secos\",\"url\":\"https:\/\/www.asajacyl.com\/palencia\/asaja-palencia-informa\/2023-se-mantiene-pese-a-las-lluvias-de-mayo-como-uno-de-los-anos-mas-secos\",\"name\":\"2023 se mantiene, pese a las lluvias de mayo, como uno de los a\u00f1os m\u00e1s secos - ASAJA Palencia\",\"isPartOf\":{\"@id\":\"https:\/\/www.asajacyl.com\/palencia\/#website\"},\"primaryImageOfPage\":{\"@id\":\"https:\/\/www.asajacyl.com\/palencia\/asaja-palencia-informa\/2023-se-mantiene-pese-a-las-lluvias-de-mayo-como-uno-de-los-anos-mas-secos#primaryimage\"},\"image\":{\"@id\":\"https:\/\/www.asajacyl.com\/palencia\/asaja-palencia-informa\/2023-se-mantiene-pese-a-las-lluvias-de-mayo-como-uno-de-los-anos-mas-secos#primaryimage\"},\"thumbnailUrl\":\"https:\/\/www.asajacyl.com\/palencia\/wp-content\/uploads\/sites\/3\/2023\/05\/Mariano-Bustillo-horiz.jpg\",\"datePublished\":\"2023-06-05T08:15:31+00:00\",\"dateModified\":\"2023-06-05T08:15:32+00:00\",\"author\":{\"@id\":\"https:\/\/www.asajacyl.com\/palencia\/#\/schema\/person\/3ab17aeb03527485c317557fae64aab1\"},\"description\":\"El balance correspondiente al mes de mayo del Observatorio Meteorol\u00f3gico de Carralobo, en Astudillo, arroja unas precipitaciones totales de 21 litros por\",\"breadcrumb\":{\"@id\":\"https:\/\/www.asajacyl.com\/palencia\/asaja-palencia-informa\/2023-se-mantiene-pese-a-las-lluvias-de-mayo-como-uno-de-los-anos-mas-secos#breadcrumb\"},\"inLanguage\":\"es\",\"potentialAction\":[{\"@type\":\"ReadAction\",\"target\":[\"https:\/\/www.asajacyl.com\/palencia\/asaja-palencia-informa\/2023-se-mantiene-pese-a-las-lluvias-de-mayo-como-uno-de-los-anos-mas-secos\"]}]},{\"@type\":\"ImageObject\",\"inLanguage\":\"es\",\"@id\":\"https:\/\/www.asajacyl.com\/palencia\/asaja-palencia-informa\/2023-se-mantiene-pese-a-las-lluvias-de-mayo-como-uno-de-los-anos-mas-secos#primaryimage\",\"url\":\"https:\/\/www.asajacyl.com\/palencia\/wp-content\/uploads\/sites\/3\/2023\/05\/Mariano-Bustillo-horiz.jpg\",\"contentUrl\":\"https:\/\/www.asajacyl.com\/palencia\/wp-content\/uploads\/sites\/3\/2023\/05\/Mariano-Bustillo-horiz.jpg\",\"width\":1072,\"height\":770},{\"@type\":\"BreadcrumbList\",\"@id\":\"https:\/\/www.asajacyl.com\/palencia\/asaja-palencia-informa\/2023-se-mantiene-pese-a-las-lluvias-de-mayo-como-uno-de-los-anos-mas-secos#breadcrumb\",\"itemListElement\":[{\"@type\":\"ListItem\",\"position\":1,\"name\":\"Portada\",\"item\":\"https:\/\/www.asajacyl.com\/palencia\/\"},{\"@type\":\"ListItem\",\"position\":2,\"name\":\"2023 se mantiene, pese a las lluvias de mayo, como uno de los a\u00f1os m\u00e1s secos\"}]},{\"@type\":\"WebSite\",\"@id\":\"https:\/\/www.asajacyl.com\/palencia\/#website\",\"url\":\"https:\/\/www.asajacyl.com\/palencia\/\",\"name\":\"ASAJA Palencia\",\"description\":\"Otro sitio m\u00e1s de Provincias ASAJA Castilla y Le\u00f3n\",\"potentialAction\":[{\"@type\":\"SearchAction\",\"target\":{\"@type\":\"EntryPoint\",\"urlTemplate\":\"https:\/\/www.asajacyl.com\/palencia\/?s={search_term_string}\"},\"query-input\":{\"@type\":\"PropertyValueSpecification\",\"valueRequired\":true,\"valueName\":\"search_term_string\"}}],\"inLanguage\":\"es\"},{\"@type\":\"Person\",\"@id\":\"https:\/\/www.asajacyl.com\/palencia\/#\/schema\/person\/3ab17aeb03527485c317557fae64aab1\",\"name\":\"Administrador\",\"image\":{\"@type\":\"ImageObject\",\"inLanguage\":\"es\",\"@id\":\"https:\/\/www.asajacyl.com\/palencia\/#\/schema\/person\/image\/\",\"url\":\"https:\/\/secure.gravatar.com\/avatar\/517384810d242ca9e38c180f3c9fb973?s=96&d=mm&r=g\",\"contentUrl\":\"https:\/\/secure.gravatar.com\/avatar\/517384810d242ca9e38c180f3c9fb973?s=96&d=mm&r=g\",\"caption\":\"Administrador\"},\"url\":\"https:\/\/www.asajacyl.com\/palencia\/author\/carlosrm\"}]}<\/script>\n<!-- \/ Yoast SEO plugin. -->","yoast_head_json":{"title":"2023 se mantiene, pese a las lluvias de mayo, como uno de los a\u00f1os m\u00e1s secos - ASAJA Palencia","description":"El balance correspondiente al mes de mayo del Observatorio Meteorol\u00f3gico de Carralobo, en Astudillo, arroja unas precipitaciones totales de 21 litros por","robots":{"index":"index","follow":"follow","max-snippet":"max-snippet:-1","max-image-preview":"max-image-preview:large","max-video-preview":"max-video-preview:-1"},"canonical":"https:\/\/www.asajacyl.com\/palencia\/asaja-palencia-informa\/2023-se-mantiene-pese-a-las-lluvias-de-mayo-como-uno-de-los-anos-mas-secos","og_locale":"es_ES","og_type":"article","og_title":"2023 se mantiene, pese a las lluvias de mayo, como uno de los a\u00f1os m\u00e1s secos - ASAJA Palencia","og_description":"El balance correspondiente al mes de mayo del Observatorio Meteorol\u00f3gico de Carralobo, en Astudillo, arroja unas precipitaciones totales de 21 litros por","og_url":"https:\/\/www.asajacyl.com\/palencia\/asaja-palencia-informa\/2023-se-mantiene-pese-a-las-lluvias-de-mayo-como-uno-de-los-anos-mas-secos","og_site_name":"ASAJA Palencia","article_published_time":"2023-06-05T08:15:31+00:00","article_modified_time":"2023-06-05T08:15:32+00:00","og_image":[{"width":1072,"height":770,"url":"https:\/\/www.asajacyl.com\/palencia\/wp-content\/uploads\/sites\/3\/2023\/05\/Mariano-Bustillo-horiz.jpg","type":"image\/jpeg"}],"author":"Administrador","twitter_card":"summary_large_image","twitter_misc":{"Escrito por":"Administrador","Tiempo de lectura":"2 minutos"},"schema":{"@context":"https:\/\/schema.org","@graph":[{"@type":"WebPage","@id":"https:\/\/www.asajacyl.com\/palencia\/asaja-palencia-informa\/2023-se-mantiene-pese-a-las-lluvias-de-mayo-como-uno-de-los-anos-mas-secos","url":"https:\/\/www.asajacyl.com\/palencia\/asaja-palencia-informa\/2023-se-mantiene-pese-a-las-lluvias-de-mayo-como-uno-de-los-anos-mas-secos","name":"2023 se mantiene, pese a las lluvias de mayo, como uno de los a\u00f1os m\u00e1s secos - ASAJA Palencia","isPartOf":{"@id":"https:\/\/www.asajacyl.com\/palencia\/#website"},"primaryImageOfPage":{"@id":"https:\/\/www.asajacyl.com\/palencia\/asaja-palencia-informa\/2023-se-mantiene-pese-a-las-lluvias-de-mayo-como-uno-de-los-anos-mas-secos#primaryimage"},"image":{"@id":"https:\/\/www.asajacyl.com\/palencia\/asaja-palencia-informa\/2023-se-mantiene-pese-a-las-lluvias-de-mayo-como-uno-de-los-anos-mas-secos#primaryimage"},"thumbnailUrl":"https:\/\/www.asajacyl.com\/palencia\/wp-content\/uploads\/sites\/3\/2023\/05\/Mariano-Bustillo-horiz.jpg","datePublished":"2023-06-05T08:15:31+00:00","dateModified":"2023-06-05T08:15:32+00:00","author":{"@id":"https:\/\/www.asajacyl.com\/palencia\/#\/schema\/person\/3ab17aeb03527485c317557fae64aab1"},"description":"El balance correspondiente al mes de mayo del Observatorio Meteorol\u00f3gico de Carralobo, en Astudillo, arroja unas precipitaciones totales de 21 litros por","breadcrumb":{"@id":"https:\/\/www.asajacyl.com\/palencia\/asaja-palencia-informa\/2023-se-mantiene-pese-a-las-lluvias-de-mayo-como-uno-de-los-anos-mas-secos#breadcrumb"},"inLanguage":"es","potentialAction":[{"@type":"ReadAction","target":["https:\/\/www.asajacyl.com\/palencia\/asaja-palencia-informa\/2023-se-mantiene-pese-a-las-lluvias-de-mayo-como-uno-de-los-anos-mas-secos"]}]},{"@type":"ImageObject","inLanguage":"es","@id":"https:\/\/www.asajacyl.com\/palencia\/asaja-palencia-informa\/2023-se-mantiene-pese-a-las-lluvias-de-mayo-como-uno-de-los-anos-mas-secos#primaryimage","url":"https:\/\/www.asajacyl.com\/palencia\/wp-content\/uploads\/sites\/3\/2023\/05\/Mariano-Bustillo-horiz.jpg","contentUrl":"https:\/\/www.asajacyl.com\/palencia\/wp-content\/uploads\/sites\/3\/2023\/05\/Mariano-Bustillo-horiz.jpg","width":1072,"height":770},{"@type":"BreadcrumbList","@id":"https:\/\/www.asajacyl.com\/palencia\/asaja-palencia-informa\/2023-se-mantiene-pese-a-las-lluvias-de-mayo-como-uno-de-los-anos-mas-secos#breadcrumb","itemListElement":[{"@type":"ListItem","position":1,"name":"Portada","item":"https:\/\/www.asajacyl.com\/palencia\/"},{"@type":"ListItem","position":2,"name":"2023 se mantiene, pese a las lluvias de mayo, como uno de los a\u00f1os m\u00e1s secos"}]},{"@type":"WebSite","@id":"https:\/\/www.asajacyl.com\/palencia\/#website","url":"https:\/\/www.asajacyl.com\/palencia\/","name":"ASAJA Palencia","description":"Otro sitio m\u00e1s de Provincias ASAJA Castilla y Le\u00f3n","potentialAction":[{"@type":"SearchAction","target":{"@type":"EntryPoint","urlTemplate":"https:\/\/www.asajacyl.com\/palencia\/?s={search_term_string}"},"query-input":{"@type":"PropertyValueSpecification","valueRequired":true,"valueName":"search_term_string"}}],"inLanguage":"es"},{"@type":"Person","@id":"https:\/\/www.asajacyl.com\/palencia\/#\/schema\/person\/3ab17aeb03527485c317557fae64aab1","name":"Administrador","image":{"@type":"ImageObject","inLanguage":"es","@id":"https:\/\/www.asajacyl.com\/palencia\/#\/schema\/person\/image\/","url":"https:\/\/secure.gravatar.com\/avatar\/517384810d242ca9e38c180f3c9fb973?s=96&d=mm&r=g","contentUrl":"https:\/\/secure.gravatar.com\/avatar\/517384810d242ca9e38c180f3c9fb973?s=96&d=mm&r=g","caption":"Administrador"},"url":"https:\/\/www.asajacyl.com\/palencia\/author\/carlosrm"}]}},"_links":{"self":[{"href":"https:\/\/www.asajacyl.com\/palencia\/wp-json\/wp\/v2\/posts\/13430"}],"collection":[{"href":"https:\/\/www.asajacyl.com\/palencia\/wp-json\/wp\/v2\/posts"}],"about":[{"href":"https:\/\/www.asajacyl.com\/palencia\/wp-json\/wp\/v2\/types\/post"}],"author":[{"embeddable":true,"href":"https:\/\/www.asajacyl.com\/palencia\/wp-json\/wp\/v2\/users\/9"}],"replies":[{"embeddable":true,"href":"https:\/\/www.asajacyl.com\/palencia\/wp-json\/wp\/v2\/comments?post=13430"}],"version-history":[{"count":1,"href":"https:\/\/www.asajacyl.com\/palencia\/wp-json\/wp\/v2\/posts\/13430\/revisions"}],"predecessor-version":[{"id":13431,"href":"https:\/\/www.asajacyl.com\/palencia\/wp-json\/wp\/v2\/posts\/13430\/revisions\/13431"}],"wp:featuredmedia":[{"embeddable":true,"href":"https:\/\/www.asajacyl.com\/palencia\/wp-json\/wp\/v2\/media\/13097"}],"wp:attachment":[{"href":"https:\/\/www.asajacyl.com\/palencia\/wp-json\/wp\/v2\/media?parent=13430"}],"wp:term":[{"taxonomy":"category","embeddable":true,"href":"https:\/\/www.asajacyl.com\/palencia\/wp-json\/wp\/v2\/categories?post=13430"},{"taxonomy":"post_tag","embeddable":true,"href":"https:\/\/www.asajacyl.com\/palencia\/wp-json\/wp\/v2\/tags?post=13430"}],"curies":[{"name":"wp","href":"https:\/\/api.w.org\/{rel}","templated":true}]}}