{"id":13432,"date":"2023-06-05T13:32:36","date_gmt":"2023-06-05T11:32:36","guid":{"rendered":"https:\/\/www.asajacyl.com\/palencia\/?p=13432"},"modified":"2023-06-05T13:32:37","modified_gmt":"2023-06-05T11:32:37","slug":"asaja-reclama-la-dimision-de-la-vicepresidenta-ribera-por-un-nuevo-ataque-frontal-al-sector-agrario","status":"publish","type":"post","link":"https:\/\/www.asajacyl.com\/palencia\/asaja-palencia-informa\/asaja-reclama-la-dimision-de-la-vicepresidenta-ribera-por-un-nuevo-ataque-frontal-al-sector-agrario","title":{"rendered":"ASAJA reclama la dimisi\u00f3n de la vicepresidenta Ribera por un nuevo ataque frontal al sector agrario"},"content":{"rendered":"\n<h2 class=\"wp-block-heading\">La Junta Directiva de ASAJA, reunida el viernes 2 de junio en Madrid en sesi\u00f3n ordinaria, ha decidido pedir la dimisi\u00f3n de la vicepresidenta tercera del Gobierno, Teresa Ribera, por sus mensajes alentando al boicot de las fresas de Huelva. Una vez m\u00e1s, un destacado integrante del Gobierno que preside Pedro S\u00e1nchez infringe un duro e injustificado ataque al sector agrario de nuestro pa\u00eds, una campa\u00f1a de desprestigio a la que sorprendentemente se ha sumado el l\u00edder del Ejecutivo de Espa\u00f1a.<\/h2>\n\n\n\n<p>Resulta inaudito que desde el propio Gobierno se est\u00e9 continuamente lanzando mensajes en contra de un sector econ\u00f3mico de vital importancia como es el sector agrario espa\u00f1ol. La primera obligaci\u00f3n de un gobernante es estar al lado de los ciudadanos que representa y salvaguardar y defender sus intereses. Esta ha sido la \u00faltima agresi\u00f3n de este Gobierno que, recordemos, no duda en desprestigiar el trabajo de los\u00a0 agricultores y ganaderos espa\u00f1oles siempre que tiene oportunidad.<\/p>\n\n\n\n<p>Digno de menci\u00f3n fue el ataque a los ganaderos de este pa\u00eds que protagoniz\u00f3 el ministro de Consumo, Alberto Garz\u00f3n, en un medio brit\u00e1nico como <em>The Guardian <\/em>al asegurar que Espa\u00f1a exporta \u00abcarne de mala calidad\u00bb. Tristemente c\u00e9lebres tambi\u00e9n resultaron las palabras de Yolanda D\u00edaz, ministra de Trabajo, al remitir una circular a los inspectores donde les instaba a que buscasen entre el empresariado agrario casos de \u00abexplotaci\u00f3n laboral\u00bb o incluso \u00abesclavitud\u00bb.<\/p>\n\n\n\n<p>Ahora es la vicepresidenta tercera del Gobierno y ministra para la Transici\u00f3n Ecol\u00f3gica y el Reto Demogr\u00e1fico, Teresa Ribera, quien apoya una campa\u00f1a ciudadana germana para que los supermercados de Alemania no vendan fresas de Huelva. Su apoyo al boicot de los productos espa\u00f1oles es de todo punto inadmisible, porque constituye una clara agresi\u00f3n a miles de productores y sus familias, que trabajan duro todo el a\u00f1o para sacar adelante sus explotaciones, generar riqueza y contribuir al desarrollo exportador del pa\u00eds.<\/p>\n\n\n\n<p><strong>CIEN MIL EMPLEOS. <\/strong>El sector productor de fresa y otros frutos rojos no solo aporta a las exportaciones del sector agroalimentario cerca de 600 millones de euros anuales, sino que adem\u00e1s da empleo directo a cien mil personas. La producci\u00f3n de frutos rojos de Huelva est\u00e1 reconocida a nivel mundial y garantizada como fruta de calidad, segura y saludable, que se produce de forma sostenible, con las t\u00e9cnicas m\u00e1s eficientes y de m\u00e1ximo aprovechamiento de riego, reducci\u00f3n de pl\u00e1sticos y conservaci\u00f3n del medio ambiente.\u00a0 \u00a0\u00a0<\/p>\n\n\n\n<p>Desde ASAJA instamos al presidente del Gobierno y a todo su gabinete a que no utilicen al sector agrario como arma arrojadiza en la confrontaci\u00f3n pol\u00edtica, y que se abstengan de\u00a0infringir m\u00e1s perjuicios a los productores. Las consecuencias de este tipo de declaraciones pueden ser desastrosas para un sector que pasa por momentos de graves dificultades e incertidumbres (sequ\u00eda, inestabilidad de los mercados,\u00a0falta de rentabilidad de las explotaciones, bajos precios en origen, altos costes de producci\u00f3n y normativas lesivas).<strong>\/<\/strong><\/p>\n","protected":false},"excerpt":{"rendered":"<p>La Junta Directiva de ASAJA, reunida el viernes 2 de junio en Madrid en sesi\u00f3n ordinaria, ha decidido pedir la dimisi\u00f3n de la vicepresidenta tercera del Gobierno, Teresa Ribera, por sus mensajes alentando al boicot de las fresas de Huelva. Una vez m\u00e1s, un destacado integrante del Gobierno que preside Pedro S\u00e1nchez infringe un duro [&hellip;]<\/p>\n","protected":false},"author":9,"featured_media":13433,"comment_status":"open","ping_status":"open","sticky":false,"template":"","format":"standard","meta":{"footnotes":""},"categories":[9,29,28],"tags":[58,238,242,77,239,240,241,237],"yoast_head":"<!-- This site is optimized with the Yoast SEO plugin v24.5 - https:\/\/yoast.com\/wordpress\/plugins\/seo\/ -->\n<title>ASAJA reclama la dimisi\u00f3n de la vicepresidenta Ribera por un nuevo ataque frontal al sector agrario - ASAJA Palencia<\/title>\n<meta name=\"description\" content=\"La Junta Directiva de ASAJA, reunida el viernes 2 de junio en Madrid en sesi\u00f3n ordinaria, ha decidido pedir la dimisi\u00f3n de la vicepresidenta tercera del\" \/>\n<meta name=\"robots\" content=\"index, follow, max-snippet:-1, max-image-preview:large, max-video-preview:-1\" \/>\n<link rel=\"canonical\" href=\"https:\/\/www.asajacyl.com\/palencia\/asaja-palencia-informa\/asaja-reclama-la-dimision-de-la-vicepresidenta-ribera-por-un-nuevo-ataque-frontal-al-sector-agrario\" \/>\n<meta property=\"og:locale\" content=\"es_ES\" \/>\n<meta property=\"og:type\" content=\"article\" \/>\n<meta property=\"og:title\" content=\"ASAJA reclama la dimisi\u00f3n de la vicepresidenta Ribera por un nuevo ataque frontal al sector agrario - ASAJA Palencia\" \/>\n<meta property=\"og:description\" content=\"La Junta Directiva de ASAJA, reunida el viernes 2 de junio en Madrid en sesi\u00f3n ordinaria, ha decidido pedir la dimisi\u00f3n de la vicepresidenta tercera del\" \/>\n<meta property=\"og:url\" content=\"https:\/\/www.asajacyl.com\/palencia\/asaja-palencia-informa\/asaja-reclama-la-dimision-de-la-vicepresidenta-ribera-por-un-nuevo-ataque-frontal-al-sector-agrario\" \/>\n<meta property=\"og:site_name\" content=\"ASAJA Palencia\" \/>\n<meta property=\"article:published_time\" content=\"2023-06-05T11:32:36+00:00\" \/>\n<meta property=\"article:modified_time\" content=\"2023-06-05T11:32:37+00:00\" \/>\n<meta property=\"og:image\" content=\"https:\/\/www.asajacyl.com\/palencia\/wp-content\/uploads\/sites\/3\/2023\/06\/230328_teresariberaalaentradadelconsejoeuropeodeenergia_tcm30-560731.jpeg\" \/>\n\t<meta property=\"og:image:width\" content=\"1600\" \/>\n\t<meta property=\"og:image:height\" content=\"1199\" \/>\n\t<meta property=\"og:image:type\" content=\"image\/jpeg\" \/>\n<meta name=\"author\" content=\"Administrador\" \/>\n<meta name=\"twitter:card\" content=\"summary_large_image\" \/>\n<meta name=\"twitter:label1\" content=\"Escrito por\" \/>\n\t<meta name=\"twitter:data1\" content=\"Administrador\" \/>\n\t<meta name=\"twitter:label2\" content=\"Tiempo de lectura\" \/>\n\t<meta name=\"twitter:data2\" content=\"3 minutos\" \/>\n<script type=\"application\/ld+json\" class=\"yoast-schema-graph\">{\"@context\":\"https:\/\/schema.org\",\"@graph\":[{\"@type\":\"WebPage\",\"@id\":\"https:\/\/www.asajacyl.com\/palencia\/asaja-palencia-informa\/asaja-reclama-la-dimision-de-la-vicepresidenta-ribera-por-un-nuevo-ataque-frontal-al-sector-agrario\",\"url\":\"https:\/\/www.asajacyl.com\/palencia\/asaja-palencia-informa\/asaja-reclama-la-dimision-de-la-vicepresidenta-ribera-por-un-nuevo-ataque-frontal-al-sector-agrario\",\"name\":\"ASAJA reclama la dimisi\u00f3n de la vicepresidenta Ribera por un nuevo ataque frontal al sector agrario - ASAJA Palencia\",\"isPartOf\":{\"@id\":\"https:\/\/www.asajacyl.com\/palencia\/#website\"},\"primaryImageOfPage\":{\"@id\":\"https:\/\/www.asajacyl.com\/palencia\/asaja-palencia-informa\/asaja-reclama-la-dimision-de-la-vicepresidenta-ribera-por-un-nuevo-ataque-frontal-al-sector-agrario#primaryimage\"},\"image\":{\"@id\":\"https:\/\/www.asajacyl.com\/palencia\/asaja-palencia-informa\/asaja-reclama-la-dimision-de-la-vicepresidenta-ribera-por-un-nuevo-ataque-frontal-al-sector-agrario#primaryimage\"},\"thumbnailUrl\":\"https:\/\/www.asajacyl.com\/palencia\/wp-content\/uploads\/sites\/3\/2023\/06\/230328_teresariberaalaentradadelconsejoeuropeodeenergia_tcm30-560731.jpeg\",\"datePublished\":\"2023-06-05T11:32:36+00:00\",\"dateModified\":\"2023-06-05T11:32:37+00:00\",\"author\":{\"@id\":\"https:\/\/www.asajacyl.com\/palencia\/#\/schema\/person\/3ab17aeb03527485c317557fae64aab1\"},\"description\":\"La Junta Directiva de ASAJA, reunida el viernes 2 de junio en Madrid en sesi\u00f3n ordinaria, ha decidido pedir la dimisi\u00f3n de la vicepresidenta tercera del\",\"breadcrumb\":{\"@id\":\"https:\/\/www.asajacyl.com\/palencia\/asaja-palencia-informa\/asaja-reclama-la-dimision-de-la-vicepresidenta-ribera-por-un-nuevo-ataque-frontal-al-sector-agrario#breadcrumb\"},\"inLanguage\":\"es\",\"potentialAction\":[{\"@type\":\"ReadAction\",\"target\":[\"https:\/\/www.asajacyl.com\/palencia\/asaja-palencia-informa\/asaja-reclama-la-dimision-de-la-vicepresidenta-ribera-por-un-nuevo-ataque-frontal-al-sector-agrario\"]}]},{\"@type\":\"ImageObject\",\"inLanguage\":\"es\",\"@id\":\"https:\/\/www.asajacyl.com\/palencia\/asaja-palencia-informa\/asaja-reclama-la-dimision-de-la-vicepresidenta-ribera-por-un-nuevo-ataque-frontal-al-sector-agrario#primaryimage\",\"url\":\"https:\/\/www.asajacyl.com\/palencia\/wp-content\/uploads\/sites\/3\/2023\/06\/230328_teresariberaalaentradadelconsejoeuropeodeenergia_tcm30-560731.jpeg\",\"contentUrl\":\"https:\/\/www.asajacyl.com\/palencia\/wp-content\/uploads\/sites\/3\/2023\/06\/230328_teresariberaalaentradadelconsejoeuropeodeenergia_tcm30-560731.jpeg\",\"width\":1600,\"height\":1199},{\"@type\":\"BreadcrumbList\",\"@id\":\"https:\/\/www.asajacyl.com\/palencia\/asaja-palencia-informa\/asaja-reclama-la-dimision-de-la-vicepresidenta-ribera-por-un-nuevo-ataque-frontal-al-sector-agrario#breadcrumb\",\"itemListElement\":[{\"@type\":\"ListItem\",\"position\":1,\"name\":\"Portada\",\"item\":\"https:\/\/www.asajacyl.com\/palencia\/\"},{\"@type\":\"ListItem\",\"position\":2,\"name\":\"ASAJA reclama la dimisi\u00f3n de la vicepresidenta Ribera por un nuevo ataque frontal al sector agrario\"}]},{\"@type\":\"WebSite\",\"@id\":\"https:\/\/www.asajacyl.com\/palencia\/#website\",\"url\":\"https:\/\/www.asajacyl.com\/palencia\/\",\"name\":\"ASAJA Palencia\",\"description\":\"Otro sitio m\u00e1s de Provincias ASAJA Castilla y Le\u00f3n\",\"potentialAction\":[{\"@type\":\"SearchAction\",\"target\":{\"@type\":\"EntryPoint\",\"urlTemplate\":\"https:\/\/www.asajacyl.com\/palencia\/?s={search_term_string}\"},\"query-input\":{\"@type\":\"PropertyValueSpecification\",\"valueRequired\":true,\"valueName\":\"search_term_string\"}}],\"inLanguage\":\"es\"},{\"@type\":\"Person\",\"@id\":\"https:\/\/www.asajacyl.com\/palencia\/#\/schema\/person\/3ab17aeb03527485c317557fae64aab1\",\"name\":\"Administrador\",\"image\":{\"@type\":\"ImageObject\",\"inLanguage\":\"es\",\"@id\":\"https:\/\/www.asajacyl.com\/palencia\/#\/schema\/person\/image\/\",\"url\":\"https:\/\/secure.gravatar.com\/avatar\/517384810d242ca9e38c180f3c9fb973?s=96&d=mm&r=g\",\"contentUrl\":\"https:\/\/secure.gravatar.com\/avatar\/517384810d242ca9e38c180f3c9fb973?s=96&d=mm&r=g\",\"caption\":\"Administrador\"},\"url\":\"https:\/\/www.asajacyl.com\/palencia\/author\/carlosrm\"}]}<\/script>\n<!-- \/ Yoast SEO plugin. -->","yoast_head_json":{"title":"ASAJA reclama la dimisi\u00f3n de la vicepresidenta Ribera por un nuevo ataque frontal al sector agrario - ASAJA Palencia","description":"La Junta Directiva de ASAJA, reunida el viernes 2 de junio en Madrid en sesi\u00f3n ordinaria, ha decidido pedir la dimisi\u00f3n de la vicepresidenta tercera del","robots":{"index":"index","follow":"follow","max-snippet":"max-snippet:-1","max-image-preview":"max-image-preview:large","max-video-preview":"max-video-preview:-1"},"canonical":"https:\/\/www.asajacyl.com\/palencia\/asaja-palencia-informa\/asaja-reclama-la-dimision-de-la-vicepresidenta-ribera-por-un-nuevo-ataque-frontal-al-sector-agrario","og_locale":"es_ES","og_type":"article","og_title":"ASAJA reclama la dimisi\u00f3n de la vicepresidenta Ribera por un nuevo ataque frontal al sector agrario - ASAJA Palencia","og_description":"La Junta Directiva de ASAJA, reunida el viernes 2 de junio en Madrid en sesi\u00f3n ordinaria, ha decidido pedir la dimisi\u00f3n de la vicepresidenta tercera del","og_url":"https:\/\/www.asajacyl.com\/palencia\/asaja-palencia-informa\/asaja-reclama-la-dimision-de-la-vicepresidenta-ribera-por-un-nuevo-ataque-frontal-al-sector-agrario","og_site_name":"ASAJA Palencia","article_published_time":"2023-06-05T11:32:36+00:00","article_modified_time":"2023-06-05T11:32:37+00:00","og_image":[{"width":1600,"height":1199,"url":"https:\/\/www.asajacyl.com\/palencia\/wp-content\/uploads\/sites\/3\/2023\/06\/230328_teresariberaalaentradadelconsejoeuropeodeenergia_tcm30-560731.jpeg","type":"image\/jpeg"}],"author":"Administrador","twitter_card":"summary_large_image","twitter_misc":{"Escrito por":"Administrador","Tiempo de lectura":"3 minutos"},"schema":{"@context":"https:\/\/schema.org","@graph":[{"@type":"WebPage","@id":"https:\/\/www.asajacyl.com\/palencia\/asaja-palencia-informa\/asaja-reclama-la-dimision-de-la-vicepresidenta-ribera-por-un-nuevo-ataque-frontal-al-sector-agrario","url":"https:\/\/www.asajacyl.com\/palencia\/asaja-palencia-informa\/asaja-reclama-la-dimision-de-la-vicepresidenta-ribera-por-un-nuevo-ataque-frontal-al-sector-agrario","name":"ASAJA reclama la dimisi\u00f3n de la vicepresidenta Ribera por un nuevo ataque frontal al sector agrario - ASAJA Palencia","isPartOf":{"@id":"https:\/\/www.asajacyl.com\/palencia\/#website"},"primaryImageOfPage":{"@id":"https:\/\/www.asajacyl.com\/palencia\/asaja-palencia-informa\/asaja-reclama-la-dimision-de-la-vicepresidenta-ribera-por-un-nuevo-ataque-frontal-al-sector-agrario#primaryimage"},"image":{"@id":"https:\/\/www.asajacyl.com\/palencia\/asaja-palencia-informa\/asaja-reclama-la-dimision-de-la-vicepresidenta-ribera-por-un-nuevo-ataque-frontal-al-sector-agrario#primaryimage"},"thumbnailUrl":"https:\/\/www.asajacyl.com\/palencia\/wp-content\/uploads\/sites\/3\/2023\/06\/230328_teresariberaalaentradadelconsejoeuropeodeenergia_tcm30-560731.jpeg","datePublished":"2023-06-05T11:32:36+00:00","dateModified":"2023-06-05T11:32:37+00:00","author":{"@id":"https:\/\/www.asajacyl.com\/palencia\/#\/schema\/person\/3ab17aeb03527485c317557fae64aab1"},"description":"La Junta Directiva de ASAJA, reunida el viernes 2 de junio en Madrid en sesi\u00f3n ordinaria, ha decidido pedir la dimisi\u00f3n de la vicepresidenta tercera del","breadcrumb":{"@id":"https:\/\/www.asajacyl.com\/palencia\/asaja-palencia-informa\/asaja-reclama-la-dimision-de-la-vicepresidenta-ribera-por-un-nuevo-ataque-frontal-al-sector-agrario#breadcrumb"},"inLanguage":"es","potentialAction":[{"@type":"ReadAction","target":["https:\/\/www.asajacyl.com\/palencia\/asaja-palencia-informa\/asaja-reclama-la-dimision-de-la-vicepresidenta-ribera-por-un-nuevo-ataque-frontal-al-sector-agrario"]}]},{"@type":"ImageObject","inLanguage":"es","@id":"https:\/\/www.asajacyl.com\/palencia\/asaja-palencia-informa\/asaja-reclama-la-dimision-de-la-vicepresidenta-ribera-por-un-nuevo-ataque-frontal-al-sector-agrario#primaryimage","url":"https:\/\/www.asajacyl.com\/palencia\/wp-content\/uploads\/sites\/3\/2023\/06\/230328_teresariberaalaentradadelconsejoeuropeodeenergia_tcm30-560731.jpeg","contentUrl":"https:\/\/www.asajacyl.com\/palencia\/wp-content\/uploads\/sites\/3\/2023\/06\/230328_teresariberaalaentradadelconsejoeuropeodeenergia_tcm30-560731.jpeg","width":1600,"height":1199},{"@type":"BreadcrumbList","@id":"https:\/\/www.asajacyl.com\/palencia\/asaja-palencia-informa\/asaja-reclama-la-dimision-de-la-vicepresidenta-ribera-por-un-nuevo-ataque-frontal-al-sector-agrario#breadcrumb","itemListElement":[{"@type":"ListItem","position":1,"name":"Portada","item":"https:\/\/www.asajacyl.com\/palencia\/"},{"@type":"ListItem","position":2,"name":"ASAJA reclama la dimisi\u00f3n de la vicepresidenta Ribera por un nuevo ataque frontal al sector agrario"}]},{"@type":"WebSite","@id":"https:\/\/www.asajacyl.com\/palencia\/#website","url":"https:\/\/www.asajacyl.com\/palencia\/","name":"ASAJA Palencia","description":"Otro sitio m\u00e1s de Provincias ASAJA Castilla y Le\u00f3n","potentialAction":[{"@type":"SearchAction","target":{"@type":"EntryPoint","urlTemplate":"https:\/\/www.asajacyl.com\/palencia\/?s={search_term_string}"},"query-input":{"@type":"PropertyValueSpecification","valueRequired":true,"valueName":"search_term_string"}}],"inLanguage":"es"},{"@type":"Person","@id":"https:\/\/www.asajacyl.com\/palencia\/#\/schema\/person\/3ab17aeb03527485c317557fae64aab1","name":"Administrador","image":{"@type":"ImageObject","inLanguage":"es","@id":"https:\/\/www.asajacyl.com\/palencia\/#\/schema\/person\/image\/","url":"https:\/\/secure.gravatar.com\/avatar\/517384810d242ca9e38c180f3c9fb973?s=96&d=mm&r=g","contentUrl":"https:\/\/secure.gravatar.com\/avatar\/517384810d242ca9e38c180f3c9fb973?s=96&d=mm&r=g","caption":"Administrador"},"url":"https:\/\/www.asajacyl.com\/palencia\/author\/carlosrm"}]}},"_links":{"self":[{"href":"https:\/\/www.asajacyl.com\/palencia\/wp-json\/wp\/v2\/posts\/13432"}],"collection":[{"href":"https:\/\/www.asajacyl.com\/palencia\/wp-json\/wp\/v2\/posts"}],"about":[{"href":"https:\/\/www.asajacyl.com\/palencia\/wp-json\/wp\/v2\/types\/post"}],"author":[{"embeddable":true,"href":"https:\/\/www.asajacyl.com\/palencia\/wp-json\/wp\/v2\/users\/9"}],"replies":[{"embeddable":true,"href":"https:\/\/www.asajacyl.com\/palencia\/wp-json\/wp\/v2\/comments?post=13432"}],"version-history":[{"count":1,"href":"https:\/\/www.asajacyl.com\/palencia\/wp-json\/wp\/v2\/posts\/13432\/revisions"}],"predecessor-version":[{"id":13434,"href":"https:\/\/www.asajacyl.com\/palencia\/wp-json\/wp\/v2\/posts\/13432\/revisions\/13434"}],"wp:featuredmedia":[{"embeddable":true,"href":"https:\/\/www.asajacyl.com\/palencia\/wp-json\/wp\/v2\/media\/13433"}],"wp:attachment":[{"href":"https:\/\/www.asajacyl.com\/palencia\/wp-json\/wp\/v2\/media?parent=13432"}],"wp:term":[{"taxonomy":"category","embeddable":true,"href":"https:\/\/www.asajacyl.com\/palencia\/wp-json\/wp\/v2\/categories?post=13432"},{"taxonomy":"post_tag","embeddable":true,"href":"https:\/\/www.asajacyl.com\/palencia\/wp-json\/wp\/v2\/tags?post=13432"}],"curies":[{"name":"wp","href":"https:\/\/api.w.org\/{rel}","templated":true}]}}