{"id":13444,"date":"2023-06-06T14:55:15","date_gmt":"2023-06-06T12:55:15","guid":{"rendered":"https:\/\/www.asajacyl.com\/palencia\/?p=13444"},"modified":"2023-06-06T14:55:17","modified_gmt":"2023-06-06T12:55:17","slug":"el-campo-de-castilla-y-leon-saldra-a-la-calle-para-reclamar-ayudas-urgentes-por-la-sequia","status":"publish","type":"post","link":"https:\/\/www.asajacyl.com\/palencia\/asaja-palencia-informa\/el-campo-de-castilla-y-leon-saldra-a-la-calle-para-reclamar-ayudas-urgentes-por-la-sequia","title":{"rendered":"El campo de Castilla y Le\u00f3n saldr\u00e1 a la calle para reclamar ayudas urgentes por la sequ\u00eda"},"content":{"rendered":"\n<p class=\"has-vivid-green-cyan-color has-text-color\"><strong>Las organizaciones profesionales agrarias, en unidad de acci\u00f3n, convocan una gran manifestaci\u00f3n para el pr\u00f3ximo 15 DE JUNIO en Valladolid<\/strong><\/p>\n\n\n\n<p>En unidad de acci\u00f3n, las organizaciones profesionales agrarias, ASAJA Castilla y Le\u00f3n, la Alianza UPA-COAG y la Uni\u00f3n de Campesinos de Castilla y Le\u00f3n (UCCL) se movilizar\u00e1n en las calles de Valladolid el pr\u00f3ximo JUEVES 15 DE JUNIO para reclamar ayudas urgentes para un campo devastado por las consecuencias de la sequ\u00eda.<\/p>\n\n\n\n<p>Agricultores y ganaderos de toda la Comunidad Aut\u00f3noma est\u00e1n llamados a esta movilizaci\u00f3n, que partir\u00e1 de las puertas de la Delegaci\u00f3n del Gobierno de Espa\u00f1a y concluir\u00e1 frente a la Consejer\u00eda de Agricultura, Ganader\u00eda y Desarrollo Rural. Las demandas de los convocantes afectan a ambas Administraciones. Por un lado, al Ministerio de Agricultura, que ha propuesto unas medidas exiguas y que adem\u00e1s penalizan a Castilla y Le\u00f3n, al discriminarla en el reparto, con unas ayudas ganaderas que son la mitad de lo que recibir\u00e1n en otras comunidades aut\u00f3nomas. Por otro, a la Consejer\u00eda de Agricultura y Ganader\u00eda de la Junta de Castilla y Le\u00f3n, que por ahora no ha concretado ni presupuestado un solo euro para paliar el desastre que por la sequ\u00eda viven las explotaciones agrarias y ganaderas de la comunidad aut\u00f3noma. Por \u00faltimo, tambi\u00e9n reclama la implicaci\u00f3n de Bruselas, que tiene que activar ya la reserva de crisis de la PAC para proteger al sector agroganadero espa\u00f1ol.<\/p>\n\n\n\n<p>Todas las estimaciones sobre la posible cosecha en Castilla y Le\u00f3n coinciden en que ser\u00e1 de las peores de los \u00faltimos a\u00f1os, al nivel de la p\u00e9sima campa\u00f1a de 2017. A estas malas producciones hay que sumar el descalabro econ\u00f3mico que para las explotaciones ha supuesto esta sementera de costes disparados como nunca. La sequ\u00eda tambi\u00e9n golpea al sector ganadero, que lleva meses sin disponer de pastos de calidad, con unos piensos muy caros y paja y forraje que cotizan a precios desorbitados y nunca conocidos.<\/p>\n\n\n\n<p>El des\u00e1nimo en el campo es grande, sobre todo porque lo peor est\u00e1 por venir, tanto en el plano ganadero, puesto que hay que seguir alimentando d\u00eda a d\u00eda a los animales, como en el agr\u00edcola, porque las cuentas est\u00e1n ya en n\u00fameros rojos y en septiembre hay que afrontar sin liquidez una nueva campa\u00f1a. Las organizaciones agrarias reclaman unas ayudas directas y urgentes que ofrezcan ox\u00edgeno a los agricultores y ganaderos para mantener sus explotaciones. Y tambi\u00e9n reclaman una revisi\u00f3n completa de los requisitos de la nueva PAC, que est\u00e1n suponiendo una dificultad y costes a\u00f1adidos -y muchas veces sin m\u00e1s l\u00f3gica que la burocr\u00e1tica- al trabajo de los profesionales.<\/p>\n","protected":false},"excerpt":{"rendered":"<p>Las organizaciones profesionales agrarias, en unidad de acci\u00f3n, convocan una gran manifestaci\u00f3n para el pr\u00f3ximo 15 DE JUNIO en Valladolid En unidad de acci\u00f3n, las organizaciones profesionales agrarias, ASAJA Castilla y Le\u00f3n, la Alianza UPA-COAG y la Uni\u00f3n de Campesinos de Castilla y Le\u00f3n (UCCL) se movilizar\u00e1n en las calles de Valladolid el pr\u00f3ximo JUEVES [&hellip;]<\/p>\n","protected":false},"author":9,"featured_media":10096,"comment_status":"open","ping_status":"open","sticky":false,"template":"","format":"standard","meta":{"footnotes":""},"categories":[9,28],"tags":[],"yoast_head":"<!-- This site is optimized with the Yoast SEO plugin v24.5 - https:\/\/yoast.com\/wordpress\/plugins\/seo\/ -->\n<title>El campo de Castilla y Le\u00f3n saldr\u00e1 a la calle para reclamar ayudas urgentes por la sequ\u00eda - ASAJA Palencia<\/title>\n<meta name=\"description\" content=\"Las organizaciones profesionales agrarias, en unidad de acci\u00f3n, convocan una gran manifestaci\u00f3n para el pr\u00f3ximo 15 DE JUNIO en Valladolid En unidad de\" \/>\n<meta name=\"robots\" content=\"index, follow, max-snippet:-1, max-image-preview:large, max-video-preview:-1\" \/>\n<link rel=\"canonical\" href=\"https:\/\/www.asajacyl.com\/palencia\/asaja-palencia-informa\/el-campo-de-castilla-y-leon-saldra-a-la-calle-para-reclamar-ayudas-urgentes-por-la-sequia\" \/>\n<meta property=\"og:locale\" content=\"es_ES\" \/>\n<meta property=\"og:type\" content=\"article\" \/>\n<meta property=\"og:title\" content=\"El campo de Castilla y Le\u00f3n saldr\u00e1 a la calle para reclamar ayudas urgentes por la sequ\u00eda - ASAJA Palencia\" \/>\n<meta property=\"og:description\" content=\"Las organizaciones profesionales agrarias, en unidad de acci\u00f3n, convocan una gran manifestaci\u00f3n para el pr\u00f3ximo 15 DE JUNIO en Valladolid En unidad de\" \/>\n<meta property=\"og:url\" content=\"https:\/\/www.asajacyl.com\/palencia\/asaja-palencia-informa\/el-campo-de-castilla-y-leon-saldra-a-la-calle-para-reclamar-ayudas-urgentes-por-la-sequia\" \/>\n<meta property=\"og:site_name\" content=\"ASAJA Palencia\" \/>\n<meta property=\"article:published_time\" content=\"2023-06-06T12:55:15+00:00\" \/>\n<meta property=\"article:modified_time\" content=\"2023-06-06T12:55:17+00:00\" \/>\n<meta property=\"og:image\" content=\"https:\/\/www.asajacyl.com\/palencia\/wp-content\/uploads\/sites\/3\/2022\/03\/PHOTO-2022-03-20-17-46-32.jpg\" \/>\n\t<meta property=\"og:image:width\" content=\"1024\" \/>\n\t<meta property=\"og:image:height\" content=\"768\" \/>\n\t<meta property=\"og:image:type\" content=\"image\/jpeg\" \/>\n<meta name=\"author\" content=\"Administrador\" \/>\n<meta name=\"twitter:card\" content=\"summary_large_image\" \/>\n<meta name=\"twitter:label1\" content=\"Escrito por\" \/>\n\t<meta name=\"twitter:data1\" content=\"Administrador\" \/>\n\t<meta name=\"twitter:label2\" content=\"Tiempo de lectura\" \/>\n\t<meta name=\"twitter:data2\" content=\"2 minutos\" \/>\n<script type=\"application\/ld+json\" class=\"yoast-schema-graph\">{\"@context\":\"https:\/\/schema.org\",\"@graph\":[{\"@type\":\"WebPage\",\"@id\":\"https:\/\/www.asajacyl.com\/palencia\/asaja-palencia-informa\/el-campo-de-castilla-y-leon-saldra-a-la-calle-para-reclamar-ayudas-urgentes-por-la-sequia\",\"url\":\"https:\/\/www.asajacyl.com\/palencia\/asaja-palencia-informa\/el-campo-de-castilla-y-leon-saldra-a-la-calle-para-reclamar-ayudas-urgentes-por-la-sequia\",\"name\":\"El campo de Castilla y Le\u00f3n saldr\u00e1 a la calle para reclamar ayudas urgentes por la sequ\u00eda - ASAJA Palencia\",\"isPartOf\":{\"@id\":\"https:\/\/www.asajacyl.com\/palencia\/#website\"},\"primaryImageOfPage\":{\"@id\":\"https:\/\/www.asajacyl.com\/palencia\/asaja-palencia-informa\/el-campo-de-castilla-y-leon-saldra-a-la-calle-para-reclamar-ayudas-urgentes-por-la-sequia#primaryimage\"},\"image\":{\"@id\":\"https:\/\/www.asajacyl.com\/palencia\/asaja-palencia-informa\/el-campo-de-castilla-y-leon-saldra-a-la-calle-para-reclamar-ayudas-urgentes-por-la-sequia#primaryimage\"},\"thumbnailUrl\":\"https:\/\/www.asajacyl.com\/palencia\/wp-content\/uploads\/sites\/3\/2022\/03\/PHOTO-2022-03-20-17-46-32.jpg\",\"datePublished\":\"2023-06-06T12:55:15+00:00\",\"dateModified\":\"2023-06-06T12:55:17+00:00\",\"author\":{\"@id\":\"https:\/\/www.asajacyl.com\/palencia\/#\/schema\/person\/3ab17aeb03527485c317557fae64aab1\"},\"description\":\"Las organizaciones profesionales agrarias, en unidad de acci\u00f3n, convocan una gran manifestaci\u00f3n para el pr\u00f3ximo 15 DE JUNIO en Valladolid En unidad de\",\"breadcrumb\":{\"@id\":\"https:\/\/www.asajacyl.com\/palencia\/asaja-palencia-informa\/el-campo-de-castilla-y-leon-saldra-a-la-calle-para-reclamar-ayudas-urgentes-por-la-sequia#breadcrumb\"},\"inLanguage\":\"es\",\"potentialAction\":[{\"@type\":\"ReadAction\",\"target\":[\"https:\/\/www.asajacyl.com\/palencia\/asaja-palencia-informa\/el-campo-de-castilla-y-leon-saldra-a-la-calle-para-reclamar-ayudas-urgentes-por-la-sequia\"]}]},{\"@type\":\"ImageObject\",\"inLanguage\":\"es\",\"@id\":\"https:\/\/www.asajacyl.com\/palencia\/asaja-palencia-informa\/el-campo-de-castilla-y-leon-saldra-a-la-calle-para-reclamar-ayudas-urgentes-por-la-sequia#primaryimage\",\"url\":\"https:\/\/www.asajacyl.com\/palencia\/wp-content\/uploads\/sites\/3\/2022\/03\/PHOTO-2022-03-20-17-46-32.jpg\",\"contentUrl\":\"https:\/\/www.asajacyl.com\/palencia\/wp-content\/uploads\/sites\/3\/2022\/03\/PHOTO-2022-03-20-17-46-32.jpg\",\"width\":1024,\"height\":768},{\"@type\":\"BreadcrumbList\",\"@id\":\"https:\/\/www.asajacyl.com\/palencia\/asaja-palencia-informa\/el-campo-de-castilla-y-leon-saldra-a-la-calle-para-reclamar-ayudas-urgentes-por-la-sequia#breadcrumb\",\"itemListElement\":[{\"@type\":\"ListItem\",\"position\":1,\"name\":\"Portada\",\"item\":\"https:\/\/www.asajacyl.com\/palencia\/\"},{\"@type\":\"ListItem\",\"position\":2,\"name\":\"El campo de Castilla y Le\u00f3n saldr\u00e1 a la calle para reclamar ayudas urgentes por la sequ\u00eda\"}]},{\"@type\":\"WebSite\",\"@id\":\"https:\/\/www.asajacyl.com\/palencia\/#website\",\"url\":\"https:\/\/www.asajacyl.com\/palencia\/\",\"name\":\"ASAJA Palencia\",\"description\":\"Otro sitio m\u00e1s de Provincias ASAJA Castilla y Le\u00f3n\",\"potentialAction\":[{\"@type\":\"SearchAction\",\"target\":{\"@type\":\"EntryPoint\",\"urlTemplate\":\"https:\/\/www.asajacyl.com\/palencia\/?s={search_term_string}\"},\"query-input\":{\"@type\":\"PropertyValueSpecification\",\"valueRequired\":true,\"valueName\":\"search_term_string\"}}],\"inLanguage\":\"es\"},{\"@type\":\"Person\",\"@id\":\"https:\/\/www.asajacyl.com\/palencia\/#\/schema\/person\/3ab17aeb03527485c317557fae64aab1\",\"name\":\"Administrador\",\"image\":{\"@type\":\"ImageObject\",\"inLanguage\":\"es\",\"@id\":\"https:\/\/www.asajacyl.com\/palencia\/#\/schema\/person\/image\/\",\"url\":\"https:\/\/secure.gravatar.com\/avatar\/517384810d242ca9e38c180f3c9fb973?s=96&d=mm&r=g\",\"contentUrl\":\"https:\/\/secure.gravatar.com\/avatar\/517384810d242ca9e38c180f3c9fb973?s=96&d=mm&r=g\",\"caption\":\"Administrador\"},\"url\":\"https:\/\/www.asajacyl.com\/palencia\/author\/carlosrm\"}]}<\/script>\n<!-- \/ Yoast SEO plugin. -->","yoast_head_json":{"title":"El campo de Castilla y Le\u00f3n saldr\u00e1 a la calle para reclamar ayudas urgentes por la sequ\u00eda - ASAJA Palencia","description":"Las organizaciones profesionales agrarias, en unidad de acci\u00f3n, convocan una gran manifestaci\u00f3n para el pr\u00f3ximo 15 DE JUNIO en Valladolid En unidad de","robots":{"index":"index","follow":"follow","max-snippet":"max-snippet:-1","max-image-preview":"max-image-preview:large","max-video-preview":"max-video-preview:-1"},"canonical":"https:\/\/www.asajacyl.com\/palencia\/asaja-palencia-informa\/el-campo-de-castilla-y-leon-saldra-a-la-calle-para-reclamar-ayudas-urgentes-por-la-sequia","og_locale":"es_ES","og_type":"article","og_title":"El campo de Castilla y Le\u00f3n saldr\u00e1 a la calle para reclamar ayudas urgentes por la sequ\u00eda - ASAJA Palencia","og_description":"Las organizaciones profesionales agrarias, en unidad de acci\u00f3n, convocan una gran manifestaci\u00f3n para el pr\u00f3ximo 15 DE JUNIO en Valladolid En unidad de","og_url":"https:\/\/www.asajacyl.com\/palencia\/asaja-palencia-informa\/el-campo-de-castilla-y-leon-saldra-a-la-calle-para-reclamar-ayudas-urgentes-por-la-sequia","og_site_name":"ASAJA Palencia","article_published_time":"2023-06-06T12:55:15+00:00","article_modified_time":"2023-06-06T12:55:17+00:00","og_image":[{"width":1024,"height":768,"url":"https:\/\/www.asajacyl.com\/palencia\/wp-content\/uploads\/sites\/3\/2022\/03\/PHOTO-2022-03-20-17-46-32.jpg","type":"image\/jpeg"}],"author":"Administrador","twitter_card":"summary_large_image","twitter_misc":{"Escrito por":"Administrador","Tiempo de lectura":"2 minutos"},"schema":{"@context":"https:\/\/schema.org","@graph":[{"@type":"WebPage","@id":"https:\/\/www.asajacyl.com\/palencia\/asaja-palencia-informa\/el-campo-de-castilla-y-leon-saldra-a-la-calle-para-reclamar-ayudas-urgentes-por-la-sequia","url":"https:\/\/www.asajacyl.com\/palencia\/asaja-palencia-informa\/el-campo-de-castilla-y-leon-saldra-a-la-calle-para-reclamar-ayudas-urgentes-por-la-sequia","name":"El campo de Castilla y Le\u00f3n saldr\u00e1 a la calle para reclamar ayudas urgentes por la sequ\u00eda - ASAJA Palencia","isPartOf":{"@id":"https:\/\/www.asajacyl.com\/palencia\/#website"},"primaryImageOfPage":{"@id":"https:\/\/www.asajacyl.com\/palencia\/asaja-palencia-informa\/el-campo-de-castilla-y-leon-saldra-a-la-calle-para-reclamar-ayudas-urgentes-por-la-sequia#primaryimage"},"image":{"@id":"https:\/\/www.asajacyl.com\/palencia\/asaja-palencia-informa\/el-campo-de-castilla-y-leon-saldra-a-la-calle-para-reclamar-ayudas-urgentes-por-la-sequia#primaryimage"},"thumbnailUrl":"https:\/\/www.asajacyl.com\/palencia\/wp-content\/uploads\/sites\/3\/2022\/03\/PHOTO-2022-03-20-17-46-32.jpg","datePublished":"2023-06-06T12:55:15+00:00","dateModified":"2023-06-06T12:55:17+00:00","author":{"@id":"https:\/\/www.asajacyl.com\/palencia\/#\/schema\/person\/3ab17aeb03527485c317557fae64aab1"},"description":"Las organizaciones profesionales agrarias, en unidad de acci\u00f3n, convocan una gran manifestaci\u00f3n para el pr\u00f3ximo 15 DE JUNIO en Valladolid En unidad de","breadcrumb":{"@id":"https:\/\/www.asajacyl.com\/palencia\/asaja-palencia-informa\/el-campo-de-castilla-y-leon-saldra-a-la-calle-para-reclamar-ayudas-urgentes-por-la-sequia#breadcrumb"},"inLanguage":"es","potentialAction":[{"@type":"ReadAction","target":["https:\/\/www.asajacyl.com\/palencia\/asaja-palencia-informa\/el-campo-de-castilla-y-leon-saldra-a-la-calle-para-reclamar-ayudas-urgentes-por-la-sequia"]}]},{"@type":"ImageObject","inLanguage":"es","@id":"https:\/\/www.asajacyl.com\/palencia\/asaja-palencia-informa\/el-campo-de-castilla-y-leon-saldra-a-la-calle-para-reclamar-ayudas-urgentes-por-la-sequia#primaryimage","url":"https:\/\/www.asajacyl.com\/palencia\/wp-content\/uploads\/sites\/3\/2022\/03\/PHOTO-2022-03-20-17-46-32.jpg","contentUrl":"https:\/\/www.asajacyl.com\/palencia\/wp-content\/uploads\/sites\/3\/2022\/03\/PHOTO-2022-03-20-17-46-32.jpg","width":1024,"height":768},{"@type":"BreadcrumbList","@id":"https:\/\/www.asajacyl.com\/palencia\/asaja-palencia-informa\/el-campo-de-castilla-y-leon-saldra-a-la-calle-para-reclamar-ayudas-urgentes-por-la-sequia#breadcrumb","itemListElement":[{"@type":"ListItem","position":1,"name":"Portada","item":"https:\/\/www.asajacyl.com\/palencia\/"},{"@type":"ListItem","position":2,"name":"El campo de Castilla y Le\u00f3n saldr\u00e1 a la calle para reclamar ayudas urgentes por la sequ\u00eda"}]},{"@type":"WebSite","@id":"https:\/\/www.asajacyl.com\/palencia\/#website","url":"https:\/\/www.asajacyl.com\/palencia\/","name":"ASAJA Palencia","description":"Otro sitio m\u00e1s de Provincias ASAJA Castilla y Le\u00f3n","potentialAction":[{"@type":"SearchAction","target":{"@type":"EntryPoint","urlTemplate":"https:\/\/www.asajacyl.com\/palencia\/?s={search_term_string}"},"query-input":{"@type":"PropertyValueSpecification","valueRequired":true,"valueName":"search_term_string"}}],"inLanguage":"es"},{"@type":"Person","@id":"https:\/\/www.asajacyl.com\/palencia\/#\/schema\/person\/3ab17aeb03527485c317557fae64aab1","name":"Administrador","image":{"@type":"ImageObject","inLanguage":"es","@id":"https:\/\/www.asajacyl.com\/palencia\/#\/schema\/person\/image\/","url":"https:\/\/secure.gravatar.com\/avatar\/517384810d242ca9e38c180f3c9fb973?s=96&d=mm&r=g","contentUrl":"https:\/\/secure.gravatar.com\/avatar\/517384810d242ca9e38c180f3c9fb973?s=96&d=mm&r=g","caption":"Administrador"},"url":"https:\/\/www.asajacyl.com\/palencia\/author\/carlosrm"}]}},"_links":{"self":[{"href":"https:\/\/www.asajacyl.com\/palencia\/wp-json\/wp\/v2\/posts\/13444"}],"collection":[{"href":"https:\/\/www.asajacyl.com\/palencia\/wp-json\/wp\/v2\/posts"}],"about":[{"href":"https:\/\/www.asajacyl.com\/palencia\/wp-json\/wp\/v2\/types\/post"}],"author":[{"embeddable":true,"href":"https:\/\/www.asajacyl.com\/palencia\/wp-json\/wp\/v2\/users\/9"}],"replies":[{"embeddable":true,"href":"https:\/\/www.asajacyl.com\/palencia\/wp-json\/wp\/v2\/comments?post=13444"}],"version-history":[{"count":1,"href":"https:\/\/www.asajacyl.com\/palencia\/wp-json\/wp\/v2\/posts\/13444\/revisions"}],"predecessor-version":[{"id":13445,"href":"https:\/\/www.asajacyl.com\/palencia\/wp-json\/wp\/v2\/posts\/13444\/revisions\/13445"}],"wp:featuredmedia":[{"embeddable":true,"href":"https:\/\/www.asajacyl.com\/palencia\/wp-json\/wp\/v2\/media\/10096"}],"wp:attachment":[{"href":"https:\/\/www.asajacyl.com\/palencia\/wp-json\/wp\/v2\/media?parent=13444"}],"wp:term":[{"taxonomy":"category","embeddable":true,"href":"https:\/\/www.asajacyl.com\/palencia\/wp-json\/wp\/v2\/categories?post=13444"},{"taxonomy":"post_tag","embeddable":true,"href":"https:\/\/www.asajacyl.com\/palencia\/wp-json\/wp\/v2\/tags?post=13444"}],"curies":[{"name":"wp","href":"https:\/\/api.w.org\/{rel}","templated":true}]}}