{"id":13447,"date":"2023-06-07T14:02:50","date_gmt":"2023-06-07T12:02:50","guid":{"rendered":"https:\/\/www.asajacyl.com\/palencia\/?p=13447"},"modified":"2023-06-07T14:02:52","modified_gmt":"2023-06-07T12:02:52","slug":"asaja-muestra-ante-el-parlamento-europeo-su-rechazo-a-la-ley-de-restauracion-de-la-naturaleza","status":"publish","type":"post","link":"https:\/\/www.asajacyl.com\/palencia\/asaja-palencia-informa\/asaja-muestra-ante-el-parlamento-europeo-su-rechazo-a-la-ley-de-restauracion-de-la-naturaleza","title":{"rendered":"ASAJA muestra ante el Parlamento Europeo su rechazo a la Ley de Restauraci\u00f3n de la Naturaleza"},"content":{"rendered":"\n<h2 class=\"wp-block-heading\">ASAJA se ha unido a la reciente manifestaci\u00f3n celebrada por las organizaciones y cooperativas agropecuarias del \u00e1mbito comunitario contra la Ley de Restauraci\u00f3n de la Naturaleza (LRN) ante el Parlamento Europeo, en Bruselas. La LRN busca promover la conservaci\u00f3n del medio ambiente, pero carece de un enfoque equilibrado y no tiene en cuenta las necesidades y realidades del sector agr\u00edcola. En Espa\u00f1a, la aprobaci\u00f3n de esta ley supondr\u00eda que alrededor del 40% de la superficie total que est\u00e1 bajo la Red Natura 2000 quedase improductiva la Comisi\u00f3n de Agricultura y Desarrollo Rural y la de Pesca del Parlamento Europeo rechaz\u00f3 por amplia mayor\u00eda el dictamen. El 15 de junio ser\u00e1 el turno de la votaci\u00f3n en el Comit\u00e9 de Medio Ambiente para que en julio el Parlamento adopte su posici\u00f3n final.<\/h2>\n\n\n\n<p>El 1 de junio ASAJA, junto al COPA-COGECA, que agrupa a las organizaciones del sector agropecuario de la Uni\u00f3n Europea, y a m\u00e1s de una quincena de eurodiputados de los comit\u00e9s de Agricultura, Medio Ambiente y Salud P\u00fablica ha manifestado p\u00fablicamente su indignaci\u00f3n sobre la Ley de Restauraci\u00f3n de la Naturaleza (LRN) frente al Parlamento Europeo.<\/p>\n\n\n\n<p>Las asociaciones agrarias de la Uni\u00f3n Europea agrupadas en Copa-Cogeca nos hemos movilizado para dejar clara nuestra posici\u00f3n ante un grave problema: asegurar que no se apruebe la Ley de Restauraci\u00f3n de la Naturaleza, ya que supone una clara amenaza para la agricultura y el entorno en el que los agricultores desarrollan el sustento de vida para toda la poblaci\u00f3n.<\/p>\n\n\n\n<p>Consideramos que esta legislaci\u00f3n, si bien busca promover la conservaci\u00f3n del medio ambiente, carece de un enfoque equilibrado y no tiene en cuenta las necesidades y realidades del sector agr\u00edcola. En este sentido, en Espa\u00f1a supondr\u00eda que alrededor del 40% de la superficie total que est\u00e1 bajo la Red Natura 2000, quedar\u00eda improductiva debido a que no permitir\u00eda la misma actividad agr\u00edcola como hasta ahora, a pesar de cumplir ya con numerosos condicionantes como son las Zonas Especiales de Conservaci\u00f3n (ZEC) as\u00ed como de Zonas de Especial Protecci\u00f3n para las Aves (ZEPA).<\/p>\n\n\n\n<p><strong>M\u00c1S RESTRICCIONES. <\/strong>La Ley de Restauraci\u00f3n de la Naturaleza, en su forma actual, impone una serie de restricciones y obligaciones desproporcionadas sobre los agricultores y ganaderos, sin considerar el impacto econ\u00f3mico y social que esto conlleva. Estas medidas restrictivas amenazan la viabilidad de nuestras explotaciones y ponen en peligro el sustento de miles de familias rurales.<\/p>\n\n\n\n<p>Mediante este acto de propuesta, queremos dejar claras las preocupaciones de nuestros agricultores en Bruselas. Llevamos demasiado tiempo esperando a que los responsables de la Comisi\u00f3n Europea aclaren d\u00f3nde se encuentran los agricultores en todo el entramado de regulaciones contradictorias que pretenden sacar adelante. Si existe la intenci\u00f3n de que el sector primario contin\u00fae encajando en el panorama europeo, esta LRN debe modificarse radicalmente para que sea racional y realista respecto a los problemas a los que ya nos enfrentamos, y no conduzca a los Estados miembros al fracaso en sus primeros objetivos, incluso antes de empezar.<\/p>\n\n\n\n<p><strong>LOCURA LEGISLATIVA. <\/strong>El presidente de ASAJA, Pedro Barato, ha declarado al finalizar la protesta que \u00abno vamos a tolerar esta locura legislativa que nos quieren imponer desde las instituciones europeas, y no van a tenernos como aliados a menos que estas propuestas vuelvan a rehacerse (muchas de ellas insultantes) sin que se tengan en cuenta los pertinentes estudios de impacto acumulativos y, sobre todo, sin que haya mecanismos que obliguen a cumplir a los Terceros Pa\u00edses exactamente los mismos requisitos que al sector agropecuario europeo\u00bb.<\/p>\n\n\n\n<p>Igualmente, Barato ha asegurado que \u00abestamos en un momento decisivo para el devenir de Europa y su sector primario\u00bb, a la vez que ha defendido que \u00abno aceptaremos extorsiones por parte de la Comisi\u00f3n Europea y de su vicepresidente Frans Timmermans, que ha revelado aceptar las Nuevas T\u00e9cnicas de Edici\u00f3n Gen\u00e9tica si, a cambio, el sector agr\u00edcola apoya la LRN y la Regulaci\u00f3n de Uso Sostenible de Pesticidas\u00bb. <\/p>\n\n\n\n<p><strong>APELACI\u00d3N A LOS EURODIPUTADOS.<\/strong> Por \u00faltimo, desde ASAJA hacemos un llamamiento a los eurodiputados de la Comisi\u00f3n de Medioambiente (COMENVI) para rechazar la LRN, tal y como hizo ya la Comisi\u00f3n de Agricultura y Pesca. En concreto, nos dirigimos a los eurodiputados C\u00e9sar Luena (PSOE) y Soraya Rodr\u00edguez (Ciudadanos), que juegan un papel fundamental para poder revertir esta situaci\u00f3n indeseable para el mundo rural que dicen proteger. En definitiva, pedimos que escuchen a los agricultores y no ignoren nuestro consejo.<\/p>\n\n\n\n<p>El Comit\u00e9 de Agricultura y Desarrollo Rural del Parlamento Europeo rechaz\u00f3 por amplia mayor\u00eda el dictamen sobre restauraci\u00f3n de la naturaleza, y lo mismo hizo el Comit\u00e9 de Pesca, en un acto sin precedentes. El pr\u00f3ximo 15 de junio ser\u00e1 el turno de la votaci\u00f3n de esta ley en el Comit\u00e9 de Medio Ambiente, que debe respetar y reconocer que a quienes va a afectar directamente las consecuencias de esta ley, no la ven factible, viable ni aplicable.<\/p>\n\n\n\n<p>El Parlamento Europeo adoptar\u00e1 su posici\u00f3n final en julio. El Consejo Europeo tambi\u00e9n tendr\u00e1 que adoptar a\u00fan su posici\u00f3n final al respecto. Ahora es crucial que los eurodiputados no firmen un cheque en blanco sin tener en cuenta todas las consecuencias de esta ley en su af\u00e1n de restaurar la naturaleza a su criterio.<\/p>\n","protected":false},"excerpt":{"rendered":"<p>ASAJA se ha unido a la reciente manifestaci\u00f3n celebrada por las organizaciones y cooperativas agropecuarias del \u00e1mbito comunitario contra la Ley de Restauraci\u00f3n de la Naturaleza (LRN) ante el Parlamento Europeo, en Bruselas. La LRN busca promover la conservaci\u00f3n del medio ambiente, pero carece de un enfoque equilibrado y no tiene en cuenta las necesidades [&hellip;]<\/p>\n","protected":false},"author":9,"featured_media":13448,"comment_status":"open","ping_status":"open","sticky":false,"template":"","format":"standard","meta":{"footnotes":""},"categories":[9,29,28],"tags":[58,101,100,192,77,104,127,44],"yoast_head":"<!-- This site is optimized with the Yoast SEO plugin v24.5 - https:\/\/yoast.com\/wordpress\/plugins\/seo\/ -->\n<title>ASAJA muestra ante el Parlamento Europeo su rechazo a la Ley de Restauraci\u00f3n de la Naturaleza - ASAJA Palencia<\/title>\n<meta name=\"description\" content=\"ASAJA se ha unido a la reciente manifestaci\u00f3n celebrada por las organizaciones y cooperativas agropecuarias del \u00e1mbito comunitario contra la Ley de\" \/>\n<meta name=\"robots\" content=\"index, follow, max-snippet:-1, max-image-preview:large, max-video-preview:-1\" \/>\n<link rel=\"canonical\" href=\"https:\/\/www.asajacyl.com\/palencia\/asaja-palencia-informa\/asaja-muestra-ante-el-parlamento-europeo-su-rechazo-a-la-ley-de-restauracion-de-la-naturaleza\" \/>\n<meta property=\"og:locale\" content=\"es_ES\" \/>\n<meta property=\"og:type\" content=\"article\" \/>\n<meta property=\"og:title\" content=\"ASAJA muestra ante el Parlamento Europeo su rechazo a la Ley de Restauraci\u00f3n de la Naturaleza - ASAJA Palencia\" \/>\n<meta property=\"og:description\" content=\"ASAJA se ha unido a la reciente manifestaci\u00f3n celebrada por las organizaciones y cooperativas agropecuarias del \u00e1mbito comunitario contra la Ley de\" \/>\n<meta property=\"og:url\" content=\"https:\/\/www.asajacyl.com\/palencia\/asaja-palencia-informa\/asaja-muestra-ante-el-parlamento-europeo-su-rechazo-a-la-ley-de-restauracion-de-la-naturaleza\" \/>\n<meta property=\"og:site_name\" content=\"ASAJA Palencia\" \/>\n<meta property=\"article:published_time\" content=\"2023-06-07T12:02:50+00:00\" \/>\n<meta property=\"article:modified_time\" content=\"2023-06-07T12:02:52+00:00\" \/>\n<meta property=\"og:image\" content=\"https:\/\/www.asajacyl.com\/palencia\/wp-content\/uploads\/sites\/3\/2023\/06\/Copa-Cogeca-Bruselas-LRN.jpg\" \/>\n\t<meta property=\"og:image:width\" content=\"2500\" \/>\n\t<meta property=\"og:image:height\" content=\"1667\" \/>\n\t<meta property=\"og:image:type\" content=\"image\/jpeg\" \/>\n<meta name=\"author\" content=\"Administrador\" \/>\n<meta name=\"twitter:card\" content=\"summary_large_image\" \/>\n<meta name=\"twitter:label1\" content=\"Escrito por\" \/>\n\t<meta name=\"twitter:data1\" content=\"Administrador\" \/>\n\t<meta name=\"twitter:label2\" content=\"Tiempo de lectura\" \/>\n\t<meta name=\"twitter:data2\" content=\"4 minutos\" \/>\n<script type=\"application\/ld+json\" class=\"yoast-schema-graph\">{\"@context\":\"https:\/\/schema.org\",\"@graph\":[{\"@type\":\"WebPage\",\"@id\":\"https:\/\/www.asajacyl.com\/palencia\/asaja-palencia-informa\/asaja-muestra-ante-el-parlamento-europeo-su-rechazo-a-la-ley-de-restauracion-de-la-naturaleza\",\"url\":\"https:\/\/www.asajacyl.com\/palencia\/asaja-palencia-informa\/asaja-muestra-ante-el-parlamento-europeo-su-rechazo-a-la-ley-de-restauracion-de-la-naturaleza\",\"name\":\"ASAJA muestra ante el Parlamento Europeo su rechazo a la Ley de Restauraci\u00f3n de la Naturaleza - ASAJA Palencia\",\"isPartOf\":{\"@id\":\"https:\/\/www.asajacyl.com\/palencia\/#website\"},\"primaryImageOfPage\":{\"@id\":\"https:\/\/www.asajacyl.com\/palencia\/asaja-palencia-informa\/asaja-muestra-ante-el-parlamento-europeo-su-rechazo-a-la-ley-de-restauracion-de-la-naturaleza#primaryimage\"},\"image\":{\"@id\":\"https:\/\/www.asajacyl.com\/palencia\/asaja-palencia-informa\/asaja-muestra-ante-el-parlamento-europeo-su-rechazo-a-la-ley-de-restauracion-de-la-naturaleza#primaryimage\"},\"thumbnailUrl\":\"https:\/\/www.asajacyl.com\/palencia\/wp-content\/uploads\/sites\/3\/2023\/06\/Copa-Cogeca-Bruselas-LRN.jpg\",\"datePublished\":\"2023-06-07T12:02:50+00:00\",\"dateModified\":\"2023-06-07T12:02:52+00:00\",\"author\":{\"@id\":\"https:\/\/www.asajacyl.com\/palencia\/#\/schema\/person\/3ab17aeb03527485c317557fae64aab1\"},\"description\":\"ASAJA se ha unido a la reciente manifestaci\u00f3n celebrada por las organizaciones y cooperativas agropecuarias del \u00e1mbito comunitario contra la Ley de\",\"breadcrumb\":{\"@id\":\"https:\/\/www.asajacyl.com\/palencia\/asaja-palencia-informa\/asaja-muestra-ante-el-parlamento-europeo-su-rechazo-a-la-ley-de-restauracion-de-la-naturaleza#breadcrumb\"},\"inLanguage\":\"es\",\"potentialAction\":[{\"@type\":\"ReadAction\",\"target\":[\"https:\/\/www.asajacyl.com\/palencia\/asaja-palencia-informa\/asaja-muestra-ante-el-parlamento-europeo-su-rechazo-a-la-ley-de-restauracion-de-la-naturaleza\"]}]},{\"@type\":\"ImageObject\",\"inLanguage\":\"es\",\"@id\":\"https:\/\/www.asajacyl.com\/palencia\/asaja-palencia-informa\/asaja-muestra-ante-el-parlamento-europeo-su-rechazo-a-la-ley-de-restauracion-de-la-naturaleza#primaryimage\",\"url\":\"https:\/\/www.asajacyl.com\/palencia\/wp-content\/uploads\/sites\/3\/2023\/06\/Copa-Cogeca-Bruselas-LRN.jpg\",\"contentUrl\":\"https:\/\/www.asajacyl.com\/palencia\/wp-content\/uploads\/sites\/3\/2023\/06\/Copa-Cogeca-Bruselas-LRN.jpg\",\"width\":2500,\"height\":1667},{\"@type\":\"BreadcrumbList\",\"@id\":\"https:\/\/www.asajacyl.com\/palencia\/asaja-palencia-informa\/asaja-muestra-ante-el-parlamento-europeo-su-rechazo-a-la-ley-de-restauracion-de-la-naturaleza#breadcrumb\",\"itemListElement\":[{\"@type\":\"ListItem\",\"position\":1,\"name\":\"Portada\",\"item\":\"https:\/\/www.asajacyl.com\/palencia\/\"},{\"@type\":\"ListItem\",\"position\":2,\"name\":\"ASAJA muestra ante el Parlamento Europeo su rechazo a la Ley de Restauraci\u00f3n de la Naturaleza\"}]},{\"@type\":\"WebSite\",\"@id\":\"https:\/\/www.asajacyl.com\/palencia\/#website\",\"url\":\"https:\/\/www.asajacyl.com\/palencia\/\",\"name\":\"ASAJA Palencia\",\"description\":\"Otro sitio m\u00e1s de Provincias ASAJA Castilla y Le\u00f3n\",\"potentialAction\":[{\"@type\":\"SearchAction\",\"target\":{\"@type\":\"EntryPoint\",\"urlTemplate\":\"https:\/\/www.asajacyl.com\/palencia\/?s={search_term_string}\"},\"query-input\":{\"@type\":\"PropertyValueSpecification\",\"valueRequired\":true,\"valueName\":\"search_term_string\"}}],\"inLanguage\":\"es\"},{\"@type\":\"Person\",\"@id\":\"https:\/\/www.asajacyl.com\/palencia\/#\/schema\/person\/3ab17aeb03527485c317557fae64aab1\",\"name\":\"Administrador\",\"image\":{\"@type\":\"ImageObject\",\"inLanguage\":\"es\",\"@id\":\"https:\/\/www.asajacyl.com\/palencia\/#\/schema\/person\/image\/\",\"url\":\"https:\/\/secure.gravatar.com\/avatar\/517384810d242ca9e38c180f3c9fb973?s=96&d=mm&r=g\",\"contentUrl\":\"https:\/\/secure.gravatar.com\/avatar\/517384810d242ca9e38c180f3c9fb973?s=96&d=mm&r=g\",\"caption\":\"Administrador\"},\"url\":\"https:\/\/www.asajacyl.com\/palencia\/author\/carlosrm\"}]}<\/script>\n<!-- \/ Yoast SEO plugin. -->","yoast_head_json":{"title":"ASAJA muestra ante el Parlamento Europeo su rechazo a la Ley de Restauraci\u00f3n de la Naturaleza - ASAJA Palencia","description":"ASAJA se ha unido a la reciente manifestaci\u00f3n celebrada por las organizaciones y cooperativas agropecuarias del \u00e1mbito comunitario contra la Ley de","robots":{"index":"index","follow":"follow","max-snippet":"max-snippet:-1","max-image-preview":"max-image-preview:large","max-video-preview":"max-video-preview:-1"},"canonical":"https:\/\/www.asajacyl.com\/palencia\/asaja-palencia-informa\/asaja-muestra-ante-el-parlamento-europeo-su-rechazo-a-la-ley-de-restauracion-de-la-naturaleza","og_locale":"es_ES","og_type":"article","og_title":"ASAJA muestra ante el Parlamento Europeo su rechazo a la Ley de Restauraci\u00f3n de la Naturaleza - ASAJA Palencia","og_description":"ASAJA se ha unido a la reciente manifestaci\u00f3n celebrada por las organizaciones y cooperativas agropecuarias del \u00e1mbito comunitario contra la Ley de","og_url":"https:\/\/www.asajacyl.com\/palencia\/asaja-palencia-informa\/asaja-muestra-ante-el-parlamento-europeo-su-rechazo-a-la-ley-de-restauracion-de-la-naturaleza","og_site_name":"ASAJA Palencia","article_published_time":"2023-06-07T12:02:50+00:00","article_modified_time":"2023-06-07T12:02:52+00:00","og_image":[{"width":2500,"height":1667,"url":"https:\/\/www.asajacyl.com\/palencia\/wp-content\/uploads\/sites\/3\/2023\/06\/Copa-Cogeca-Bruselas-LRN.jpg","type":"image\/jpeg"}],"author":"Administrador","twitter_card":"summary_large_image","twitter_misc":{"Escrito por":"Administrador","Tiempo de lectura":"4 minutos"},"schema":{"@context":"https:\/\/schema.org","@graph":[{"@type":"WebPage","@id":"https:\/\/www.asajacyl.com\/palencia\/asaja-palencia-informa\/asaja-muestra-ante-el-parlamento-europeo-su-rechazo-a-la-ley-de-restauracion-de-la-naturaleza","url":"https:\/\/www.asajacyl.com\/palencia\/asaja-palencia-informa\/asaja-muestra-ante-el-parlamento-europeo-su-rechazo-a-la-ley-de-restauracion-de-la-naturaleza","name":"ASAJA muestra ante el Parlamento Europeo su rechazo a la Ley de Restauraci\u00f3n de la Naturaleza - ASAJA Palencia","isPartOf":{"@id":"https:\/\/www.asajacyl.com\/palencia\/#website"},"primaryImageOfPage":{"@id":"https:\/\/www.asajacyl.com\/palencia\/asaja-palencia-informa\/asaja-muestra-ante-el-parlamento-europeo-su-rechazo-a-la-ley-de-restauracion-de-la-naturaleza#primaryimage"},"image":{"@id":"https:\/\/www.asajacyl.com\/palencia\/asaja-palencia-informa\/asaja-muestra-ante-el-parlamento-europeo-su-rechazo-a-la-ley-de-restauracion-de-la-naturaleza#primaryimage"},"thumbnailUrl":"https:\/\/www.asajacyl.com\/palencia\/wp-content\/uploads\/sites\/3\/2023\/06\/Copa-Cogeca-Bruselas-LRN.jpg","datePublished":"2023-06-07T12:02:50+00:00","dateModified":"2023-06-07T12:02:52+00:00","author":{"@id":"https:\/\/www.asajacyl.com\/palencia\/#\/schema\/person\/3ab17aeb03527485c317557fae64aab1"},"description":"ASAJA se ha unido a la reciente manifestaci\u00f3n celebrada por las organizaciones y cooperativas agropecuarias del \u00e1mbito comunitario contra la Ley de","breadcrumb":{"@id":"https:\/\/www.asajacyl.com\/palencia\/asaja-palencia-informa\/asaja-muestra-ante-el-parlamento-europeo-su-rechazo-a-la-ley-de-restauracion-de-la-naturaleza#breadcrumb"},"inLanguage":"es","potentialAction":[{"@type":"ReadAction","target":["https:\/\/www.asajacyl.com\/palencia\/asaja-palencia-informa\/asaja-muestra-ante-el-parlamento-europeo-su-rechazo-a-la-ley-de-restauracion-de-la-naturaleza"]}]},{"@type":"ImageObject","inLanguage":"es","@id":"https:\/\/www.asajacyl.com\/palencia\/asaja-palencia-informa\/asaja-muestra-ante-el-parlamento-europeo-su-rechazo-a-la-ley-de-restauracion-de-la-naturaleza#primaryimage","url":"https:\/\/www.asajacyl.com\/palencia\/wp-content\/uploads\/sites\/3\/2023\/06\/Copa-Cogeca-Bruselas-LRN.jpg","contentUrl":"https:\/\/www.asajacyl.com\/palencia\/wp-content\/uploads\/sites\/3\/2023\/06\/Copa-Cogeca-Bruselas-LRN.jpg","width":2500,"height":1667},{"@type":"BreadcrumbList","@id":"https:\/\/www.asajacyl.com\/palencia\/asaja-palencia-informa\/asaja-muestra-ante-el-parlamento-europeo-su-rechazo-a-la-ley-de-restauracion-de-la-naturaleza#breadcrumb","itemListElement":[{"@type":"ListItem","position":1,"name":"Portada","item":"https:\/\/www.asajacyl.com\/palencia\/"},{"@type":"ListItem","position":2,"name":"ASAJA muestra ante el Parlamento Europeo su rechazo a la Ley de Restauraci\u00f3n de la Naturaleza"}]},{"@type":"WebSite","@id":"https:\/\/www.asajacyl.com\/palencia\/#website","url":"https:\/\/www.asajacyl.com\/palencia\/","name":"ASAJA Palencia","description":"Otro sitio m\u00e1s de Provincias ASAJA Castilla y Le\u00f3n","potentialAction":[{"@type":"SearchAction","target":{"@type":"EntryPoint","urlTemplate":"https:\/\/www.asajacyl.com\/palencia\/?s={search_term_string}"},"query-input":{"@type":"PropertyValueSpecification","valueRequired":true,"valueName":"search_term_string"}}],"inLanguage":"es"},{"@type":"Person","@id":"https:\/\/www.asajacyl.com\/palencia\/#\/schema\/person\/3ab17aeb03527485c317557fae64aab1","name":"Administrador","image":{"@type":"ImageObject","inLanguage":"es","@id":"https:\/\/www.asajacyl.com\/palencia\/#\/schema\/person\/image\/","url":"https:\/\/secure.gravatar.com\/avatar\/517384810d242ca9e38c180f3c9fb973?s=96&d=mm&r=g","contentUrl":"https:\/\/secure.gravatar.com\/avatar\/517384810d242ca9e38c180f3c9fb973?s=96&d=mm&r=g","caption":"Administrador"},"url":"https:\/\/www.asajacyl.com\/palencia\/author\/carlosrm"}]}},"_links":{"self":[{"href":"https:\/\/www.asajacyl.com\/palencia\/wp-json\/wp\/v2\/posts\/13447"}],"collection":[{"href":"https:\/\/www.asajacyl.com\/palencia\/wp-json\/wp\/v2\/posts"}],"about":[{"href":"https:\/\/www.asajacyl.com\/palencia\/wp-json\/wp\/v2\/types\/post"}],"author":[{"embeddable":true,"href":"https:\/\/www.asajacyl.com\/palencia\/wp-json\/wp\/v2\/users\/9"}],"replies":[{"embeddable":true,"href":"https:\/\/www.asajacyl.com\/palencia\/wp-json\/wp\/v2\/comments?post=13447"}],"version-history":[{"count":1,"href":"https:\/\/www.asajacyl.com\/palencia\/wp-json\/wp\/v2\/posts\/13447\/revisions"}],"predecessor-version":[{"id":13449,"href":"https:\/\/www.asajacyl.com\/palencia\/wp-json\/wp\/v2\/posts\/13447\/revisions\/13449"}],"wp:featuredmedia":[{"embeddable":true,"href":"https:\/\/www.asajacyl.com\/palencia\/wp-json\/wp\/v2\/media\/13448"}],"wp:attachment":[{"href":"https:\/\/www.asajacyl.com\/palencia\/wp-json\/wp\/v2\/media?parent=13447"}],"wp:term":[{"taxonomy":"category","embeddable":true,"href":"https:\/\/www.asajacyl.com\/palencia\/wp-json\/wp\/v2\/categories?post=13447"},{"taxonomy":"post_tag","embeddable":true,"href":"https:\/\/www.asajacyl.com\/palencia\/wp-json\/wp\/v2\/tags?post=13447"}],"curies":[{"name":"wp","href":"https:\/\/api.w.org\/{rel}","templated":true}]}}