{"id":13453,"date":"2023-06-08T10:49:19","date_gmt":"2023-06-08T08:49:19","guid":{"rendered":"https:\/\/www.asajacyl.com\/palencia\/?p=13453"},"modified":"2023-06-08T10:49:22","modified_gmt":"2023-06-08T08:49:22","slug":"la-justicia-suspende-la-flexibilidad-del-movimiento-de-ganado-que-hace-un-mes-impulso-la-junta","status":"publish","type":"post","link":"https:\/\/www.asajacyl.com\/palencia\/asaja-palencia-informa\/la-justicia-suspende-la-flexibilidad-del-movimiento-de-ganado-que-hace-un-mes-impulso-la-junta","title":{"rendered":"La Justicia suspende la flexibilidad del movimiento de ganado que hace un mes impuls\u00f3 la Junta"},"content":{"rendered":"\n<h2 class=\"wp-block-heading\">El Bolet\u00edn Oficial de Castilla y Le\u00f3n ha publicado (BOCYL del 7 de junio de 2023) el auto del Tribunal Superior de Justicia (TSJ) de Castilla y Le\u00f3n que suspende de modo cautelar la orden dictada hace aproximadamente un mes por la Junta de Castilla y Le\u00f3n sobre los programas nacionales de enfermedades de los rumiantes, en la que flexibiliz\u00f3 el movimiento de ganado. La resoluci\u00f3n judicial anula de momento el cambio que promov\u00eda la Consejer\u00eda de Agricultura, Ganader\u00eda y Desarrollo Rural, y <strong>de hecho supone la vuelta al r\u00e9gimen que se ven\u00eda aplicando antes del 10 de mayo<\/strong>. Esta modificaci\u00f3n auton\u00f3mica suscit\u00f3 la reacci\u00f3n del Gobierno de Espa\u00f1a: adem\u00e1s de recurrir al TSJ, anul\u00f3 la orden de la Junta al considerar que contraven\u00eda la legislaci\u00f3n nacional y europea para la total erradicaci\u00f3n de la tuberculosis bovina. <br><strong>ASAJA-Castilla y Le\u00f3n<\/strong>, que reclam\u00f3 la inmediata convocatoria de un Consejo Agrario monogr\u00e1fico a ra\u00edz de este enfrentamiento institucional, lamenta que \u00a0el asunto de la sanidad animal se est\u00e9 cargando de ideolog\u00eda y que, a las grandes complicaciones administrativas que ya conlleva para los ganaderos, se haya sumado ahora una guerra pol\u00edtica que, caso de prolongarse, seguir\u00e1 perjudicando a los profesionales del sector, lo que nuestra organizaci\u00f3n no va a consentir de ning\u00fan modo.\u00a0<\/h2>\n\n\n\n<p>La resoluci\u00f3n del TSJ responde a ese recurso contencioso-administrativo que plante\u00f3 el Ministerio de Agricultura, Pesca y Alimentaci\u00f3n contra la resoluci\u00f3n de 10 de mayo de la Junta. Seg\u00fan el Gobierno, la Consejer\u00eda de Agricultura contraven\u00eda determinados aspectos de la legislaci\u00f3n nacional y europea en relaci\u00f3n al movimiento del ganado.<\/p>\n\n\n\n<p>La Abogac\u00eda del Estado bas\u00f3 la petici\u00f3n de suspensi\u00f3n cautelar en una \u00abilegalidad manifiesta de la resoluci\u00f3n\u00bb, al estimar que incurr\u00eda en una \u00abinfracci\u00f3n tanto de la normativa europea como de la normativa b\u00e1sica del Estado espa\u00f1ol\u00bb. Asimismo, la administraci\u00f3n central argumentaba que \u00abde no tomarse la medida cautelar, se habr\u00eda consumado un da\u00f1o irreparable sobre la caba\u00f1a ganadera espa\u00f1ola y europea, por el incremento potencial del riego de contagio de la tuberculosis bovina\u00bb.<\/p>\n\n\n\n<p><strong>ACEPTADA POR AMBAS PARTES. <\/strong>El TSJ reconoce en su auto que la Junta no se opuso a esta medida cautelar, porque \u00abambas partes est\u00e1n conformes en que la ponderaci\u00f3n de los actuales intereses en conflicto reclama la adopci\u00f3n de la suspensi\u00f3n\u00bb.<\/p>\n\n\n\n<p>Coincidiendo con la publicaci\u00f3n del auto del alto tribunal auton\u00f3mico, este mi\u00e9rcoles ha ofrecido una rueda de prensa el consejero de Agricultura, Ganader\u00eda y Medio Rural, Gerardo Due\u00f1as, para explicar la postura de la administraci\u00f3n auton\u00f3mica tras la suspensi\u00f3n y afirmar que en este asunto \u00abse ha llevado muy al extremo la salud p\u00fablica\u00bb.<\/p>\n\n\n\n<p><strong>LOS OJOS DE OTRO GOBIERNO. <\/strong>Due\u00f1as, uno de los consejeros de VOX en el Gobierno de Castilla y Le\u00f3n, ha afirmado que no renuncia a relajar las medidas\u00a0de saneamiento ganadero, lo que f\u00eda a un futuro a corto plazo, tras las elecciones generales del 23 de julio, con \u00abcuando un nuevo Gobierno lo vea con otros ojos\u00bb.<\/p>\n\n\n\n<p>\u00abNo podemos matar a todas las vacas para controlar la tuberculosis\u00bb, ha declarado el consejero, quien reconoce que \u00abno podemos decir que no existe riesgo de zoonosis, porque s\u00ed lo hay, pero no podemos llevar al extremo algo que, hoy por hoy, es muy bajo\u00bb, al tiempo que ha subrayado que el Gobierno auton\u00f3mico no cree que su orden vulnere la legalidad nacional y comunitaria sobre la materia.<strong>\/<\/strong><\/p>\n","protected":false},"excerpt":{"rendered":"<p>El Bolet\u00edn Oficial de Castilla y Le\u00f3n ha publicado (BOCYL del 7 de junio de 2023) el auto del Tribunal Superior de Justicia (TSJ) de Castilla y Le\u00f3n que suspende de modo cautelar la orden dictada hace aproximadamente un mes por la Junta de Castilla y Le\u00f3n sobre los programas nacionales de enfermedades de los [&hellip;]<\/p>\n","protected":false},"author":9,"featured_media":13454,"comment_status":"open","ping_status":"open","sticky":false,"template":"","format":"standard","meta":{"footnotes":""},"categories":[9,29,28],"tags":[142,77,239,66,110,245,218,144],"yoast_head":"<!-- This site is optimized with the Yoast SEO plugin v24.5 - https:\/\/yoast.com\/wordpress\/plugins\/seo\/ -->\n<title>La Justicia suspende la flexibilidad del movimiento de ganado que hace un mes impuls\u00f3 la Junta - ASAJA Palencia<\/title>\n<meta name=\"description\" content=\"El Bolet\u00edn Oficial de Castilla y Le\u00f3n ha publicado (BOCYL del 7 de junio de 2023) el auto del Tribunal Superior de Justicia (TSJ) de Castilla y Le\u00f3n que\" \/>\n<meta name=\"robots\" content=\"index, follow, max-snippet:-1, max-image-preview:large, max-video-preview:-1\" \/>\n<link rel=\"canonical\" href=\"https:\/\/www.asajacyl.com\/palencia\/asaja-palencia-informa\/la-justicia-suspende-la-flexibilidad-del-movimiento-de-ganado-que-hace-un-mes-impulso-la-junta\" \/>\n<meta property=\"og:locale\" content=\"es_ES\" \/>\n<meta property=\"og:type\" content=\"article\" \/>\n<meta property=\"og:title\" content=\"La Justicia suspende la flexibilidad del movimiento de ganado que hace un mes impuls\u00f3 la Junta - ASAJA Palencia\" \/>\n<meta property=\"og:description\" content=\"El Bolet\u00edn Oficial de Castilla y Le\u00f3n ha publicado (BOCYL del 7 de junio de 2023) el auto del Tribunal Superior de Justicia (TSJ) de Castilla y Le\u00f3n que\" \/>\n<meta property=\"og:url\" content=\"https:\/\/www.asajacyl.com\/palencia\/asaja-palencia-informa\/la-justicia-suspende-la-flexibilidad-del-movimiento-de-ganado-que-hace-un-mes-impulso-la-junta\" \/>\n<meta property=\"og:site_name\" content=\"ASAJA Palencia\" \/>\n<meta property=\"article:published_time\" content=\"2023-06-08T08:49:19+00:00\" \/>\n<meta property=\"article:modified_time\" content=\"2023-06-08T08:49:22+00:00\" \/>\n<meta property=\"og:image\" content=\"https:\/\/www.asajacyl.com\/palencia\/wp-content\/uploads\/sites\/3\/2023\/06\/20230607RUEDAPRENSAAGRICULTURA02.jpg\" \/>\n\t<meta property=\"og:image:width\" content=\"2500\" \/>\n\t<meta property=\"og:image:height\" content=\"1547\" \/>\n\t<meta property=\"og:image:type\" content=\"image\/jpeg\" \/>\n<meta name=\"author\" content=\"Administrador\" \/>\n<meta name=\"twitter:card\" content=\"summary_large_image\" \/>\n<meta name=\"twitter:label1\" content=\"Escrito por\" \/>\n\t<meta name=\"twitter:data1\" content=\"Administrador\" \/>\n\t<meta name=\"twitter:label2\" content=\"Tiempo de lectura\" \/>\n\t<meta name=\"twitter:data2\" content=\"3 minutos\" \/>\n<script type=\"application\/ld+json\" class=\"yoast-schema-graph\">{\"@context\":\"https:\/\/schema.org\",\"@graph\":[{\"@type\":\"WebPage\",\"@id\":\"https:\/\/www.asajacyl.com\/palencia\/asaja-palencia-informa\/la-justicia-suspende-la-flexibilidad-del-movimiento-de-ganado-que-hace-un-mes-impulso-la-junta\",\"url\":\"https:\/\/www.asajacyl.com\/palencia\/asaja-palencia-informa\/la-justicia-suspende-la-flexibilidad-del-movimiento-de-ganado-que-hace-un-mes-impulso-la-junta\",\"name\":\"La Justicia suspende la flexibilidad del movimiento de ganado que hace un mes impuls\u00f3 la Junta - ASAJA Palencia\",\"isPartOf\":{\"@id\":\"https:\/\/www.asajacyl.com\/palencia\/#website\"},\"primaryImageOfPage\":{\"@id\":\"https:\/\/www.asajacyl.com\/palencia\/asaja-palencia-informa\/la-justicia-suspende-la-flexibilidad-del-movimiento-de-ganado-que-hace-un-mes-impulso-la-junta#primaryimage\"},\"image\":{\"@id\":\"https:\/\/www.asajacyl.com\/palencia\/asaja-palencia-informa\/la-justicia-suspende-la-flexibilidad-del-movimiento-de-ganado-que-hace-un-mes-impulso-la-junta#primaryimage\"},\"thumbnailUrl\":\"https:\/\/www.asajacyl.com\/palencia\/wp-content\/uploads\/sites\/3\/2023\/06\/20230607RUEDAPRENSAAGRICULTURA02.jpg\",\"datePublished\":\"2023-06-08T08:49:19+00:00\",\"dateModified\":\"2023-06-08T08:49:22+00:00\",\"author\":{\"@id\":\"https:\/\/www.asajacyl.com\/palencia\/#\/schema\/person\/3ab17aeb03527485c317557fae64aab1\"},\"description\":\"El Bolet\u00edn Oficial de Castilla y Le\u00f3n ha publicado (BOCYL del 7 de junio de 2023) el auto del Tribunal Superior de Justicia (TSJ) de Castilla y Le\u00f3n que\",\"breadcrumb\":{\"@id\":\"https:\/\/www.asajacyl.com\/palencia\/asaja-palencia-informa\/la-justicia-suspende-la-flexibilidad-del-movimiento-de-ganado-que-hace-un-mes-impulso-la-junta#breadcrumb\"},\"inLanguage\":\"es\",\"potentialAction\":[{\"@type\":\"ReadAction\",\"target\":[\"https:\/\/www.asajacyl.com\/palencia\/asaja-palencia-informa\/la-justicia-suspende-la-flexibilidad-del-movimiento-de-ganado-que-hace-un-mes-impulso-la-junta\"]}]},{\"@type\":\"ImageObject\",\"inLanguage\":\"es\",\"@id\":\"https:\/\/www.asajacyl.com\/palencia\/asaja-palencia-informa\/la-justicia-suspende-la-flexibilidad-del-movimiento-de-ganado-que-hace-un-mes-impulso-la-junta#primaryimage\",\"url\":\"https:\/\/www.asajacyl.com\/palencia\/wp-content\/uploads\/sites\/3\/2023\/06\/20230607RUEDAPRENSAAGRICULTURA02.jpg\",\"contentUrl\":\"https:\/\/www.asajacyl.com\/palencia\/wp-content\/uploads\/sites\/3\/2023\/06\/20230607RUEDAPRENSAAGRICULTURA02.jpg\",\"width\":2500,\"height\":1547,\"caption\":\"Rueda prensa Consejer\u00eda Agricultura (C) JCYL\"},{\"@type\":\"BreadcrumbList\",\"@id\":\"https:\/\/www.asajacyl.com\/palencia\/asaja-palencia-informa\/la-justicia-suspende-la-flexibilidad-del-movimiento-de-ganado-que-hace-un-mes-impulso-la-junta#breadcrumb\",\"itemListElement\":[{\"@type\":\"ListItem\",\"position\":1,\"name\":\"Portada\",\"item\":\"https:\/\/www.asajacyl.com\/palencia\/\"},{\"@type\":\"ListItem\",\"position\":2,\"name\":\"La Justicia suspende la flexibilidad del movimiento de ganado que hace un mes impuls\u00f3 la Junta\"}]},{\"@type\":\"WebSite\",\"@id\":\"https:\/\/www.asajacyl.com\/palencia\/#website\",\"url\":\"https:\/\/www.asajacyl.com\/palencia\/\",\"name\":\"ASAJA Palencia\",\"description\":\"Otro sitio m\u00e1s de Provincias ASAJA Castilla y Le\u00f3n\",\"potentialAction\":[{\"@type\":\"SearchAction\",\"target\":{\"@type\":\"EntryPoint\",\"urlTemplate\":\"https:\/\/www.asajacyl.com\/palencia\/?s={search_term_string}\"},\"query-input\":{\"@type\":\"PropertyValueSpecification\",\"valueRequired\":true,\"valueName\":\"search_term_string\"}}],\"inLanguage\":\"es\"},{\"@type\":\"Person\",\"@id\":\"https:\/\/www.asajacyl.com\/palencia\/#\/schema\/person\/3ab17aeb03527485c317557fae64aab1\",\"name\":\"Administrador\",\"image\":{\"@type\":\"ImageObject\",\"inLanguage\":\"es\",\"@id\":\"https:\/\/www.asajacyl.com\/palencia\/#\/schema\/person\/image\/\",\"url\":\"https:\/\/secure.gravatar.com\/avatar\/517384810d242ca9e38c180f3c9fb973?s=96&d=mm&r=g\",\"contentUrl\":\"https:\/\/secure.gravatar.com\/avatar\/517384810d242ca9e38c180f3c9fb973?s=96&d=mm&r=g\",\"caption\":\"Administrador\"},\"url\":\"https:\/\/www.asajacyl.com\/palencia\/author\/carlosrm\"}]}<\/script>\n<!-- \/ Yoast SEO plugin. -->","yoast_head_json":{"title":"La Justicia suspende la flexibilidad del movimiento de ganado que hace un mes impuls\u00f3 la Junta - ASAJA Palencia","description":"El Bolet\u00edn Oficial de Castilla y Le\u00f3n ha publicado (BOCYL del 7 de junio de 2023) el auto del Tribunal Superior de Justicia (TSJ) de Castilla y Le\u00f3n que","robots":{"index":"index","follow":"follow","max-snippet":"max-snippet:-1","max-image-preview":"max-image-preview:large","max-video-preview":"max-video-preview:-1"},"canonical":"https:\/\/www.asajacyl.com\/palencia\/asaja-palencia-informa\/la-justicia-suspende-la-flexibilidad-del-movimiento-de-ganado-que-hace-un-mes-impulso-la-junta","og_locale":"es_ES","og_type":"article","og_title":"La Justicia suspende la flexibilidad del movimiento de ganado que hace un mes impuls\u00f3 la Junta - ASAJA Palencia","og_description":"El Bolet\u00edn Oficial de Castilla y Le\u00f3n ha publicado (BOCYL del 7 de junio de 2023) el auto del Tribunal Superior de Justicia (TSJ) de Castilla y Le\u00f3n que","og_url":"https:\/\/www.asajacyl.com\/palencia\/asaja-palencia-informa\/la-justicia-suspende-la-flexibilidad-del-movimiento-de-ganado-que-hace-un-mes-impulso-la-junta","og_site_name":"ASAJA Palencia","article_published_time":"2023-06-08T08:49:19+00:00","article_modified_time":"2023-06-08T08:49:22+00:00","og_image":[{"width":2500,"height":1547,"url":"https:\/\/www.asajacyl.com\/palencia\/wp-content\/uploads\/sites\/3\/2023\/06\/20230607RUEDAPRENSAAGRICULTURA02.jpg","type":"image\/jpeg"}],"author":"Administrador","twitter_card":"summary_large_image","twitter_misc":{"Escrito por":"Administrador","Tiempo de lectura":"3 minutos"},"schema":{"@context":"https:\/\/schema.org","@graph":[{"@type":"WebPage","@id":"https:\/\/www.asajacyl.com\/palencia\/asaja-palencia-informa\/la-justicia-suspende-la-flexibilidad-del-movimiento-de-ganado-que-hace-un-mes-impulso-la-junta","url":"https:\/\/www.asajacyl.com\/palencia\/asaja-palencia-informa\/la-justicia-suspende-la-flexibilidad-del-movimiento-de-ganado-que-hace-un-mes-impulso-la-junta","name":"La Justicia suspende la flexibilidad del movimiento de ganado que hace un mes impuls\u00f3 la Junta - ASAJA Palencia","isPartOf":{"@id":"https:\/\/www.asajacyl.com\/palencia\/#website"},"primaryImageOfPage":{"@id":"https:\/\/www.asajacyl.com\/palencia\/asaja-palencia-informa\/la-justicia-suspende-la-flexibilidad-del-movimiento-de-ganado-que-hace-un-mes-impulso-la-junta#primaryimage"},"image":{"@id":"https:\/\/www.asajacyl.com\/palencia\/asaja-palencia-informa\/la-justicia-suspende-la-flexibilidad-del-movimiento-de-ganado-que-hace-un-mes-impulso-la-junta#primaryimage"},"thumbnailUrl":"https:\/\/www.asajacyl.com\/palencia\/wp-content\/uploads\/sites\/3\/2023\/06\/20230607RUEDAPRENSAAGRICULTURA02.jpg","datePublished":"2023-06-08T08:49:19+00:00","dateModified":"2023-06-08T08:49:22+00:00","author":{"@id":"https:\/\/www.asajacyl.com\/palencia\/#\/schema\/person\/3ab17aeb03527485c317557fae64aab1"},"description":"El Bolet\u00edn Oficial de Castilla y Le\u00f3n ha publicado (BOCYL del 7 de junio de 2023) el auto del Tribunal Superior de Justicia (TSJ) de Castilla y Le\u00f3n que","breadcrumb":{"@id":"https:\/\/www.asajacyl.com\/palencia\/asaja-palencia-informa\/la-justicia-suspende-la-flexibilidad-del-movimiento-de-ganado-que-hace-un-mes-impulso-la-junta#breadcrumb"},"inLanguage":"es","potentialAction":[{"@type":"ReadAction","target":["https:\/\/www.asajacyl.com\/palencia\/asaja-palencia-informa\/la-justicia-suspende-la-flexibilidad-del-movimiento-de-ganado-que-hace-un-mes-impulso-la-junta"]}]},{"@type":"ImageObject","inLanguage":"es","@id":"https:\/\/www.asajacyl.com\/palencia\/asaja-palencia-informa\/la-justicia-suspende-la-flexibilidad-del-movimiento-de-ganado-que-hace-un-mes-impulso-la-junta#primaryimage","url":"https:\/\/www.asajacyl.com\/palencia\/wp-content\/uploads\/sites\/3\/2023\/06\/20230607RUEDAPRENSAAGRICULTURA02.jpg","contentUrl":"https:\/\/www.asajacyl.com\/palencia\/wp-content\/uploads\/sites\/3\/2023\/06\/20230607RUEDAPRENSAAGRICULTURA02.jpg","width":2500,"height":1547,"caption":"Rueda prensa Consejer\u00eda Agricultura (C) JCYL"},{"@type":"BreadcrumbList","@id":"https:\/\/www.asajacyl.com\/palencia\/asaja-palencia-informa\/la-justicia-suspende-la-flexibilidad-del-movimiento-de-ganado-que-hace-un-mes-impulso-la-junta#breadcrumb","itemListElement":[{"@type":"ListItem","position":1,"name":"Portada","item":"https:\/\/www.asajacyl.com\/palencia\/"},{"@type":"ListItem","position":2,"name":"La Justicia suspende la flexibilidad del movimiento de ganado que hace un mes impuls\u00f3 la Junta"}]},{"@type":"WebSite","@id":"https:\/\/www.asajacyl.com\/palencia\/#website","url":"https:\/\/www.asajacyl.com\/palencia\/","name":"ASAJA Palencia","description":"Otro sitio m\u00e1s de Provincias ASAJA Castilla y Le\u00f3n","potentialAction":[{"@type":"SearchAction","target":{"@type":"EntryPoint","urlTemplate":"https:\/\/www.asajacyl.com\/palencia\/?s={search_term_string}"},"query-input":{"@type":"PropertyValueSpecification","valueRequired":true,"valueName":"search_term_string"}}],"inLanguage":"es"},{"@type":"Person","@id":"https:\/\/www.asajacyl.com\/palencia\/#\/schema\/person\/3ab17aeb03527485c317557fae64aab1","name":"Administrador","image":{"@type":"ImageObject","inLanguage":"es","@id":"https:\/\/www.asajacyl.com\/palencia\/#\/schema\/person\/image\/","url":"https:\/\/secure.gravatar.com\/avatar\/517384810d242ca9e38c180f3c9fb973?s=96&d=mm&r=g","contentUrl":"https:\/\/secure.gravatar.com\/avatar\/517384810d242ca9e38c180f3c9fb973?s=96&d=mm&r=g","caption":"Administrador"},"url":"https:\/\/www.asajacyl.com\/palencia\/author\/carlosrm"}]}},"_links":{"self":[{"href":"https:\/\/www.asajacyl.com\/palencia\/wp-json\/wp\/v2\/posts\/13453"}],"collection":[{"href":"https:\/\/www.asajacyl.com\/palencia\/wp-json\/wp\/v2\/posts"}],"about":[{"href":"https:\/\/www.asajacyl.com\/palencia\/wp-json\/wp\/v2\/types\/post"}],"author":[{"embeddable":true,"href":"https:\/\/www.asajacyl.com\/palencia\/wp-json\/wp\/v2\/users\/9"}],"replies":[{"embeddable":true,"href":"https:\/\/www.asajacyl.com\/palencia\/wp-json\/wp\/v2\/comments?post=13453"}],"version-history":[{"count":3,"href":"https:\/\/www.asajacyl.com\/palencia\/wp-json\/wp\/v2\/posts\/13453\/revisions"}],"predecessor-version":[{"id":13457,"href":"https:\/\/www.asajacyl.com\/palencia\/wp-json\/wp\/v2\/posts\/13453\/revisions\/13457"}],"wp:featuredmedia":[{"embeddable":true,"href":"https:\/\/www.asajacyl.com\/palencia\/wp-json\/wp\/v2\/media\/13454"}],"wp:attachment":[{"href":"https:\/\/www.asajacyl.com\/palencia\/wp-json\/wp\/v2\/media?parent=13453"}],"wp:term":[{"taxonomy":"category","embeddable":true,"href":"https:\/\/www.asajacyl.com\/palencia\/wp-json\/wp\/v2\/categories?post=13453"},{"taxonomy":"post_tag","embeddable":true,"href":"https:\/\/www.asajacyl.com\/palencia\/wp-json\/wp\/v2\/tags?post=13453"}],"curies":[{"name":"wp","href":"https:\/\/api.w.org\/{rel}","templated":true}]}}