{"id":13462,"date":"2023-06-12T10:49:30","date_gmt":"2023-06-12T08:49:30","guid":{"rendered":"https:\/\/www.asajacyl.com\/palencia\/?p=13462"},"modified":"2023-06-12T10:49:32","modified_gmt":"2023-06-12T08:49:32","slug":"las-lluvias-de-abril-y-mayo-en-palencia-no-llegan-ni-a-un-tercio-29-del-promedio-de-la-ultima-decada","status":"publish","type":"post","link":"https:\/\/www.asajacyl.com\/palencia\/asaja-palencia-informa\/las-lluvias-de-abril-y-mayo-en-palencia-no-llegan-ni-a-un-tercio-29-del-promedio-de-la-ultima-decada","title":{"rendered":"Las lluvias de abril y mayo en Palencia no llegan ni a un tercio (29%) del promedio de la \u00faltima d\u00e9cada"},"content":{"rendered":"\n<h2 class=\"wp-block-heading\">Que las \u00faltimas lluvias no despisten sobre la sequ\u00eda y las malas perspectivas de cosecha. El da\u00f1o ya estaba hecho. El tradicional bimestre \u00abllave del a\u00f1o\u00bb para el campo provincial se ha saldado con 27 litros por metro cuadrado de precipitaci\u00f3n, frente a los 92 de media del periodo 2013-2022. La estaci\u00f3n de ITACyL (Instituto Tecnol\u00f3gico Agrario de Castilla y Le\u00f3n) en Torquemada, con apenas 15 litros, registr\u00f3 la sexta parte de las lluvias de un a\u00f1o normal. Tan solo en La Valdavia se superaron los 50 litros entre ambos meses, que en todo caso representan la mitad de precipitaci\u00f3n que se dio en la d\u00e9cada precedente.<\/h2>\n\n\n\n<p><strong>Las lluvias de las \u00faltimas semanas pueden llevar a enga\u00f1o sobre la perspectiva de cosecha del campo palentino. El mal ya estaba hecho, en especial en los cultivos de secano. As\u00ed se desprende de los p\u00e9simos datos de precipitaciones de abril y mayo, tradicionalmente considerados las \u00abllaves del a\u00f1o\u00bb agr\u00edcola en esta provincia. Las ocho estaciones pluviom\u00e9tricas del ITACyL (Instituto Tecn\u00f3l\u00f3gico Agrario de Castilla y Le\u00f3n) distribuidas en los dos tercios sur de la provincia ni siquiera alcanzaron en ambos meses un tercio del promedio de lluvias de ese bimestre registrado en la d\u00e9cada anterior. Frente a los 92,4 litros por metro cuadrado logrados de media entre abril y mayo en la d\u00e9cada 2013-2022, en el a\u00f1o actual solo cayeron 27,2 litros, que representan el 29,4% de ese orientativo precedente. Dicho de modo m\u00e1s gr\u00e1fico, en los meses clave de esta primavera solo cayeron tres de cada diez litros que podr\u00edan esperarse en esas fechas. M\u00e1s all\u00e1 de datos, basta y sobra con un paseo atento por el territorio palentino, en especial por las zonas de cultivos de cereal, leguminosas y forrajes, para comprobar las malas perspectivas de cosecha. Las \u00faltimas lluvias no pueden convertirse, pues, en una cortina de humo \u2014en este caso, de agua\u2014 que despiste sobre la necesidad de ayudas p\u00fablicas al sector para paliar los da\u00f1os de la sequ\u00eda. Esta reclamaci\u00f3n ha llevado a ASAJA, en uni\u00f3n con las otras organizaciones profesionales, a convocar este jueves 15, a manifestarse a partir de las doce del mediod\u00eda por las calles de Valladolid, desde la Delegaci\u00f3n del Gobierno hasta la Consejer\u00eda de Agricultura, Ganader\u00eda y Medio Rural de la Junta de Castilla y Le\u00f3n.<\/strong><\/p>\n\n\n\n<p>Entre las ocho estaciones pluviom\u00e9tricas del&nbsp; ITACyL, distribuidas por los dos tercios sur de la provincia de Palencia, el caso extremo se ha producido en <strong>Torquemada<\/strong>, con tan solo 15 litros por metro cuadrado de precipitaciones entre los meses de abril y mayo. Esta cantidad raqu\u00edtica representa apenas una sexta parte del promedio de lluvias que en ese mismo punto se midieron en ese bimestre en la d\u00e9cada anterior (90 l\/m<sup>2<\/sup>).<\/p>\n\n\n\n<p>Otras cuatro estaciones se situaron tambi\u00e9n por debajo incluso de la media provincial de este a\u00f1o en abril y mayo (es decir, ni siquiera alcanzaron ese 29,4% de la lluvia registrada en el bimestre en el periodo 2013-2022). Se trata de <strong>Fuentes de Nava<\/strong> (18,4 l\/m<sup>2<\/sup>), <strong>Lantadilla<\/strong>, <strong>Villaluenga de la Vega<\/strong> (23,4 l\/m<sup>2<\/sup>) y <strong>Villamuriel de Cerrato<\/strong> (22,3 l\/m<sup>2<\/sup>), con porcentajes que se sit\u00faan entre una quinta y una tercera parte del precedente inmediato de esos meses en la d\u00e9cada 2013-2022.<\/p>\n\n\n\n<p>Particularmente significativo es el caso de Villaluenga de la Vega, porque se trata de uno de los puntos donde de superaron en la anterior d\u00e9cada los cien litros por metro cuadrado como promedio (116,1 l\/m<sup>2<\/sup>). Es tambi\u00e9n el caso de la estaci\u00f3n de <strong>Herrera de Pisuerga<\/strong>, donde se registraron 108 litros por metro cuadrado de promedio en abril y mayo en el periodo 2013-2022, mientras este a\u00f1o el bimestre se ha quedado en solo 41,6 litros.<\/p>\n\n\n\n<p>Solo en una de las estaciones del ITACyL, <strong>Villaeles de Valdavia<\/strong>, se superaron los cincuenta litros por metro cuadrado \u2014en concreto, 50,2 l\/m<sup>2<\/sup>\u2014, pero esa cifra apenas supera la mitad (55%) de la cantidad media registrada en ese mismo punto en los meses de abril y mayo de la d\u00e9cada inmediatamente anterior (91,3 l\/m<sup>2<\/sup>). El caso de <strong>Villoldo<\/strong>, con solo 29,1 litros por metro cuadrado y menos de un tercio del precedente de la d\u00e9cada pasada (32,6%) resulta paradigm\u00e1tico de ese p\u00e9simo comportamiento pluviom\u00e9trico en la provincia de Palencia y, en su caso, del que ha padecido esta primavera Tierra de Campos.<strong>\/<\/strong><\/p>\n\n\n\n<figure class=\"wp-block-image size-large is-resized\"><img loading=\"lazy\" decoding=\"async\" src=\"https:\/\/www.asajacyl.com\/palencia\/wp-content\/uploads\/sites\/3\/2023\/06\/Pluviometria-ITACYL-abrilmayo-2023-1024x339.jpg\" alt=\"\" class=\"wp-image-13464\" width=\"1071\" height=\"356\" srcset=\"https:\/\/www.asajacyl.com\/palencia\/wp-content\/uploads\/sites\/3\/2023\/06\/Pluviometria-ITACYL-abrilmayo-2023-1024x339.jpg 1024w, https:\/\/www.asajacyl.com\/palencia\/wp-content\/uploads\/sites\/3\/2023\/06\/Pluviometria-ITACYL-abrilmayo-2023-300x99.jpg 300w, https:\/\/www.asajacyl.com\/palencia\/wp-content\/uploads\/sites\/3\/2023\/06\/Pluviometria-ITACYL-abrilmayo-2023-768x254.jpg 768w, https:\/\/www.asajacyl.com\/palencia\/wp-content\/uploads\/sites\/3\/2023\/06\/Pluviometria-ITACYL-abrilmayo-2023-696x230.jpg 696w\" sizes=\"(max-width: 1071px) 100vw, 1071px\" \/><\/figure>\n","protected":false},"excerpt":{"rendered":"<p>Que las \u00faltimas lluvias no despisten sobre la sequ\u00eda y las malas perspectivas de cosecha. El da\u00f1o ya estaba hecho. El tradicional bimestre \u00abllave del a\u00f1o\u00bb para el campo provincial se ha saldado con 27 litros por metro cuadrado de precipitaci\u00f3n, frente a los 92 de media del periodo 2013-2022. La estaci\u00f3n de ITACyL (Instituto [&hellip;]<\/p>\n","protected":false},"author":9,"featured_media":13465,"comment_status":"open","ping_status":"open","sticky":false,"template":"","format":"standard","meta":{"footnotes":""},"categories":[9,29,28],"tags":[58,63,247,93],"yoast_head":"<!-- This site is optimized with the Yoast SEO plugin v24.5 - https:\/\/yoast.com\/wordpress\/plugins\/seo\/ -->\n<title>Las lluvias de abril y mayo en Palencia no llegan ni a un tercio (29%) del promedio de la \u00faltima d\u00e9cada - ASAJA Palencia<\/title>\n<meta name=\"description\" content=\"Que las \u00faltimas lluvias no despisten sobre la sequ\u00eda y las malas perspectivas de cosecha. El da\u00f1o ya estaba hecho. El tradicional bimestre &quot;llave del a\u00f1o&quot;\" \/>\n<meta name=\"robots\" content=\"index, follow, max-snippet:-1, max-image-preview:large, max-video-preview:-1\" \/>\n<link rel=\"canonical\" href=\"https:\/\/www.asajacyl.com\/palencia\/asaja-palencia-informa\/las-lluvias-de-abril-y-mayo-en-palencia-no-llegan-ni-a-un-tercio-29-del-promedio-de-la-ultima-decada\" \/>\n<meta property=\"og:locale\" content=\"es_ES\" \/>\n<meta property=\"og:type\" content=\"article\" \/>\n<meta property=\"og:title\" content=\"Las lluvias de abril y mayo en Palencia no llegan ni a un tercio (29%) del promedio de la \u00faltima d\u00e9cada - ASAJA Palencia\" \/>\n<meta property=\"og:description\" content=\"Que las \u00faltimas lluvias no despisten sobre la sequ\u00eda y las malas perspectivas de cosecha. El da\u00f1o ya estaba hecho. El tradicional bimestre &quot;llave del a\u00f1o&quot;\" \/>\n<meta property=\"og:url\" content=\"https:\/\/www.asajacyl.com\/palencia\/asaja-palencia-informa\/las-lluvias-de-abril-y-mayo-en-palencia-no-llegan-ni-a-un-tercio-29-del-promedio-de-la-ultima-decada\" \/>\n<meta property=\"og:site_name\" content=\"ASAJA Palencia\" \/>\n<meta property=\"article:published_time\" content=\"2023-06-12T08:49:30+00:00\" \/>\n<meta property=\"article:modified_time\" content=\"2023-06-12T08:49:32+00:00\" \/>\n<meta property=\"og:image\" content=\"https:\/\/www.asajacyl.com\/palencia\/wp-content\/uploads\/sites\/3\/2023\/06\/Precipitacion-media-mayo-Cy.jpg\" \/>\n\t<meta property=\"og:image:width\" content=\"1168\" \/>\n\t<meta property=\"og:image:height\" content=\"827\" \/>\n\t<meta property=\"og:image:type\" content=\"image\/jpeg\" \/>\n<meta name=\"author\" content=\"Administrador\" \/>\n<meta name=\"twitter:card\" content=\"summary_large_image\" \/>\n<meta name=\"twitter:label1\" content=\"Escrito por\" \/>\n\t<meta name=\"twitter:data1\" content=\"Administrador\" \/>\n\t<meta name=\"twitter:label2\" content=\"Tiempo de lectura\" \/>\n\t<meta name=\"twitter:data2\" content=\"4 minutos\" \/>\n<script type=\"application\/ld+json\" class=\"yoast-schema-graph\">{\"@context\":\"https:\/\/schema.org\",\"@graph\":[{\"@type\":\"WebPage\",\"@id\":\"https:\/\/www.asajacyl.com\/palencia\/asaja-palencia-informa\/las-lluvias-de-abril-y-mayo-en-palencia-no-llegan-ni-a-un-tercio-29-del-promedio-de-la-ultima-decada\",\"url\":\"https:\/\/www.asajacyl.com\/palencia\/asaja-palencia-informa\/las-lluvias-de-abril-y-mayo-en-palencia-no-llegan-ni-a-un-tercio-29-del-promedio-de-la-ultima-decada\",\"name\":\"Las lluvias de abril y mayo en Palencia no llegan ni a un tercio (29%) del promedio de la \u00faltima d\u00e9cada - ASAJA Palencia\",\"isPartOf\":{\"@id\":\"https:\/\/www.asajacyl.com\/palencia\/#website\"},\"primaryImageOfPage\":{\"@id\":\"https:\/\/www.asajacyl.com\/palencia\/asaja-palencia-informa\/las-lluvias-de-abril-y-mayo-en-palencia-no-llegan-ni-a-un-tercio-29-del-promedio-de-la-ultima-decada#primaryimage\"},\"image\":{\"@id\":\"https:\/\/www.asajacyl.com\/palencia\/asaja-palencia-informa\/las-lluvias-de-abril-y-mayo-en-palencia-no-llegan-ni-a-un-tercio-29-del-promedio-de-la-ultima-decada#primaryimage\"},\"thumbnailUrl\":\"https:\/\/www.asajacyl.com\/palencia\/wp-content\/uploads\/sites\/3\/2023\/06\/Precipitacion-media-mayo-Cy.jpg\",\"datePublished\":\"2023-06-12T08:49:30+00:00\",\"dateModified\":\"2023-06-12T08:49:32+00:00\",\"author\":{\"@id\":\"https:\/\/www.asajacyl.com\/palencia\/#\/schema\/person\/3ab17aeb03527485c317557fae64aab1\"},\"description\":\"Que las \u00faltimas lluvias no despisten sobre la sequ\u00eda y las malas perspectivas de cosecha. El da\u00f1o ya estaba hecho. El tradicional bimestre \\\"llave del a\u00f1o\\\"\",\"breadcrumb\":{\"@id\":\"https:\/\/www.asajacyl.com\/palencia\/asaja-palencia-informa\/las-lluvias-de-abril-y-mayo-en-palencia-no-llegan-ni-a-un-tercio-29-del-promedio-de-la-ultima-decada#breadcrumb\"},\"inLanguage\":\"es\",\"potentialAction\":[{\"@type\":\"ReadAction\",\"target\":[\"https:\/\/www.asajacyl.com\/palencia\/asaja-palencia-informa\/las-lluvias-de-abril-y-mayo-en-palencia-no-llegan-ni-a-un-tercio-29-del-promedio-de-la-ultima-decada\"]}]},{\"@type\":\"ImageObject\",\"inLanguage\":\"es\",\"@id\":\"https:\/\/www.asajacyl.com\/palencia\/asaja-palencia-informa\/las-lluvias-de-abril-y-mayo-en-palencia-no-llegan-ni-a-un-tercio-29-del-promedio-de-la-ultima-decada#primaryimage\",\"url\":\"https:\/\/www.asajacyl.com\/palencia\/wp-content\/uploads\/sites\/3\/2023\/06\/Precipitacion-media-mayo-Cy.jpg\",\"contentUrl\":\"https:\/\/www.asajacyl.com\/palencia\/wp-content\/uploads\/sites\/3\/2023\/06\/Precipitacion-media-mayo-Cy.jpg\",\"width\":1168,\"height\":827},{\"@type\":\"BreadcrumbList\",\"@id\":\"https:\/\/www.asajacyl.com\/palencia\/asaja-palencia-informa\/las-lluvias-de-abril-y-mayo-en-palencia-no-llegan-ni-a-un-tercio-29-del-promedio-de-la-ultima-decada#breadcrumb\",\"itemListElement\":[{\"@type\":\"ListItem\",\"position\":1,\"name\":\"Portada\",\"item\":\"https:\/\/www.asajacyl.com\/palencia\/\"},{\"@type\":\"ListItem\",\"position\":2,\"name\":\"Las lluvias de abril y mayo en Palencia no llegan ni a un tercio (29%) del promedio de la \u00faltima d\u00e9cada\"}]},{\"@type\":\"WebSite\",\"@id\":\"https:\/\/www.asajacyl.com\/palencia\/#website\",\"url\":\"https:\/\/www.asajacyl.com\/palencia\/\",\"name\":\"ASAJA Palencia\",\"description\":\"Otro sitio m\u00e1s de Provincias ASAJA Castilla y Le\u00f3n\",\"potentialAction\":[{\"@type\":\"SearchAction\",\"target\":{\"@type\":\"EntryPoint\",\"urlTemplate\":\"https:\/\/www.asajacyl.com\/palencia\/?s={search_term_string}\"},\"query-input\":{\"@type\":\"PropertyValueSpecification\",\"valueRequired\":true,\"valueName\":\"search_term_string\"}}],\"inLanguage\":\"es\"},{\"@type\":\"Person\",\"@id\":\"https:\/\/www.asajacyl.com\/palencia\/#\/schema\/person\/3ab17aeb03527485c317557fae64aab1\",\"name\":\"Administrador\",\"image\":{\"@type\":\"ImageObject\",\"inLanguage\":\"es\",\"@id\":\"https:\/\/www.asajacyl.com\/palencia\/#\/schema\/person\/image\/\",\"url\":\"https:\/\/secure.gravatar.com\/avatar\/517384810d242ca9e38c180f3c9fb973?s=96&d=mm&r=g\",\"contentUrl\":\"https:\/\/secure.gravatar.com\/avatar\/517384810d242ca9e38c180f3c9fb973?s=96&d=mm&r=g\",\"caption\":\"Administrador\"},\"url\":\"https:\/\/www.asajacyl.com\/palencia\/author\/carlosrm\"}]}<\/script>\n<!-- \/ Yoast SEO plugin. -->","yoast_head_json":{"title":"Las lluvias de abril y mayo en Palencia no llegan ni a un tercio (29%) del promedio de la \u00faltima d\u00e9cada - ASAJA Palencia","description":"Que las \u00faltimas lluvias no despisten sobre la sequ\u00eda y las malas perspectivas de cosecha. El da\u00f1o ya estaba hecho. El tradicional bimestre \"llave del a\u00f1o\"","robots":{"index":"index","follow":"follow","max-snippet":"max-snippet:-1","max-image-preview":"max-image-preview:large","max-video-preview":"max-video-preview:-1"},"canonical":"https:\/\/www.asajacyl.com\/palencia\/asaja-palencia-informa\/las-lluvias-de-abril-y-mayo-en-palencia-no-llegan-ni-a-un-tercio-29-del-promedio-de-la-ultima-decada","og_locale":"es_ES","og_type":"article","og_title":"Las lluvias de abril y mayo en Palencia no llegan ni a un tercio (29%) del promedio de la \u00faltima d\u00e9cada - ASAJA Palencia","og_description":"Que las \u00faltimas lluvias no despisten sobre la sequ\u00eda y las malas perspectivas de cosecha. El da\u00f1o ya estaba hecho. El tradicional bimestre \"llave del a\u00f1o\"","og_url":"https:\/\/www.asajacyl.com\/palencia\/asaja-palencia-informa\/las-lluvias-de-abril-y-mayo-en-palencia-no-llegan-ni-a-un-tercio-29-del-promedio-de-la-ultima-decada","og_site_name":"ASAJA Palencia","article_published_time":"2023-06-12T08:49:30+00:00","article_modified_time":"2023-06-12T08:49:32+00:00","og_image":[{"width":1168,"height":827,"url":"https:\/\/www.asajacyl.com\/palencia\/wp-content\/uploads\/sites\/3\/2023\/06\/Precipitacion-media-mayo-Cy.jpg","type":"image\/jpeg"}],"author":"Administrador","twitter_card":"summary_large_image","twitter_misc":{"Escrito por":"Administrador","Tiempo de lectura":"4 minutos"},"schema":{"@context":"https:\/\/schema.org","@graph":[{"@type":"WebPage","@id":"https:\/\/www.asajacyl.com\/palencia\/asaja-palencia-informa\/las-lluvias-de-abril-y-mayo-en-palencia-no-llegan-ni-a-un-tercio-29-del-promedio-de-la-ultima-decada","url":"https:\/\/www.asajacyl.com\/palencia\/asaja-palencia-informa\/las-lluvias-de-abril-y-mayo-en-palencia-no-llegan-ni-a-un-tercio-29-del-promedio-de-la-ultima-decada","name":"Las lluvias de abril y mayo en Palencia no llegan ni a un tercio (29%) del promedio de la \u00faltima d\u00e9cada - ASAJA Palencia","isPartOf":{"@id":"https:\/\/www.asajacyl.com\/palencia\/#website"},"primaryImageOfPage":{"@id":"https:\/\/www.asajacyl.com\/palencia\/asaja-palencia-informa\/las-lluvias-de-abril-y-mayo-en-palencia-no-llegan-ni-a-un-tercio-29-del-promedio-de-la-ultima-decada#primaryimage"},"image":{"@id":"https:\/\/www.asajacyl.com\/palencia\/asaja-palencia-informa\/las-lluvias-de-abril-y-mayo-en-palencia-no-llegan-ni-a-un-tercio-29-del-promedio-de-la-ultima-decada#primaryimage"},"thumbnailUrl":"https:\/\/www.asajacyl.com\/palencia\/wp-content\/uploads\/sites\/3\/2023\/06\/Precipitacion-media-mayo-Cy.jpg","datePublished":"2023-06-12T08:49:30+00:00","dateModified":"2023-06-12T08:49:32+00:00","author":{"@id":"https:\/\/www.asajacyl.com\/palencia\/#\/schema\/person\/3ab17aeb03527485c317557fae64aab1"},"description":"Que las \u00faltimas lluvias no despisten sobre la sequ\u00eda y las malas perspectivas de cosecha. El da\u00f1o ya estaba hecho. El tradicional bimestre \"llave del a\u00f1o\"","breadcrumb":{"@id":"https:\/\/www.asajacyl.com\/palencia\/asaja-palencia-informa\/las-lluvias-de-abril-y-mayo-en-palencia-no-llegan-ni-a-un-tercio-29-del-promedio-de-la-ultima-decada#breadcrumb"},"inLanguage":"es","potentialAction":[{"@type":"ReadAction","target":["https:\/\/www.asajacyl.com\/palencia\/asaja-palencia-informa\/las-lluvias-de-abril-y-mayo-en-palencia-no-llegan-ni-a-un-tercio-29-del-promedio-de-la-ultima-decada"]}]},{"@type":"ImageObject","inLanguage":"es","@id":"https:\/\/www.asajacyl.com\/palencia\/asaja-palencia-informa\/las-lluvias-de-abril-y-mayo-en-palencia-no-llegan-ni-a-un-tercio-29-del-promedio-de-la-ultima-decada#primaryimage","url":"https:\/\/www.asajacyl.com\/palencia\/wp-content\/uploads\/sites\/3\/2023\/06\/Precipitacion-media-mayo-Cy.jpg","contentUrl":"https:\/\/www.asajacyl.com\/palencia\/wp-content\/uploads\/sites\/3\/2023\/06\/Precipitacion-media-mayo-Cy.jpg","width":1168,"height":827},{"@type":"BreadcrumbList","@id":"https:\/\/www.asajacyl.com\/palencia\/asaja-palencia-informa\/las-lluvias-de-abril-y-mayo-en-palencia-no-llegan-ni-a-un-tercio-29-del-promedio-de-la-ultima-decada#breadcrumb","itemListElement":[{"@type":"ListItem","position":1,"name":"Portada","item":"https:\/\/www.asajacyl.com\/palencia\/"},{"@type":"ListItem","position":2,"name":"Las lluvias de abril y mayo en Palencia no llegan ni a un tercio (29%) del promedio de la \u00faltima d\u00e9cada"}]},{"@type":"WebSite","@id":"https:\/\/www.asajacyl.com\/palencia\/#website","url":"https:\/\/www.asajacyl.com\/palencia\/","name":"ASAJA Palencia","description":"Otro sitio m\u00e1s de Provincias ASAJA Castilla y Le\u00f3n","potentialAction":[{"@type":"SearchAction","target":{"@type":"EntryPoint","urlTemplate":"https:\/\/www.asajacyl.com\/palencia\/?s={search_term_string}"},"query-input":{"@type":"PropertyValueSpecification","valueRequired":true,"valueName":"search_term_string"}}],"inLanguage":"es"},{"@type":"Person","@id":"https:\/\/www.asajacyl.com\/palencia\/#\/schema\/person\/3ab17aeb03527485c317557fae64aab1","name":"Administrador","image":{"@type":"ImageObject","inLanguage":"es","@id":"https:\/\/www.asajacyl.com\/palencia\/#\/schema\/person\/image\/","url":"https:\/\/secure.gravatar.com\/avatar\/517384810d242ca9e38c180f3c9fb973?s=96&d=mm&r=g","contentUrl":"https:\/\/secure.gravatar.com\/avatar\/517384810d242ca9e38c180f3c9fb973?s=96&d=mm&r=g","caption":"Administrador"},"url":"https:\/\/www.asajacyl.com\/palencia\/author\/carlosrm"}]}},"_links":{"self":[{"href":"https:\/\/www.asajacyl.com\/palencia\/wp-json\/wp\/v2\/posts\/13462"}],"collection":[{"href":"https:\/\/www.asajacyl.com\/palencia\/wp-json\/wp\/v2\/posts"}],"about":[{"href":"https:\/\/www.asajacyl.com\/palencia\/wp-json\/wp\/v2\/types\/post"}],"author":[{"embeddable":true,"href":"https:\/\/www.asajacyl.com\/palencia\/wp-json\/wp\/v2\/users\/9"}],"replies":[{"embeddable":true,"href":"https:\/\/www.asajacyl.com\/palencia\/wp-json\/wp\/v2\/comments?post=13462"}],"version-history":[{"count":1,"href":"https:\/\/www.asajacyl.com\/palencia\/wp-json\/wp\/v2\/posts\/13462\/revisions"}],"predecessor-version":[{"id":13466,"href":"https:\/\/www.asajacyl.com\/palencia\/wp-json\/wp\/v2\/posts\/13462\/revisions\/13466"}],"wp:featuredmedia":[{"embeddable":true,"href":"https:\/\/www.asajacyl.com\/palencia\/wp-json\/wp\/v2\/media\/13465"}],"wp:attachment":[{"href":"https:\/\/www.asajacyl.com\/palencia\/wp-json\/wp\/v2\/media?parent=13462"}],"wp:term":[{"taxonomy":"category","embeddable":true,"href":"https:\/\/www.asajacyl.com\/palencia\/wp-json\/wp\/v2\/categories?post=13462"},{"taxonomy":"post_tag","embeddable":true,"href":"https:\/\/www.asajacyl.com\/palencia\/wp-json\/wp\/v2\/tags?post=13462"}],"curies":[{"name":"wp","href":"https:\/\/api.w.org\/{rel}","templated":true}]}}