{"id":13483,"date":"2023-06-14T13:24:29","date_gmt":"2023-06-14T11:24:29","guid":{"rendered":"https:\/\/www.asajacyl.com\/palencia\/?p=13483"},"modified":"2023-06-16T11:03:07","modified_gmt":"2023-06-16T09:03:07","slug":"el-viernes-30-acaba-el-plazo-de-la-pac-2023-2027-con-cambios-por-la-sequia-aprobados-a-mediados-de-mayo","status":"publish","type":"post","link":"https:\/\/www.asajacyl.com\/palencia\/asaja-palencia-informa\/el-viernes-30-acaba-el-plazo-de-la-pac-2023-2027-con-cambios-por-la-sequia-aprobados-a-mediados-de-mayo","title":{"rendered":"El viernes 30 acaba el plazo de la PAC-2023\/2027, con cambios por la sequ\u00eda aprobados a mediados de mayo"},"content":{"rendered":"\n<h2 class=\"wp-block-heading\">El pr\u00f3ximo 30 de junio acaba el plazo para la presentaci\u00f3n tanto de la solicitud \u00fanica de la PAC-2023 como de la de incorporaci\u00f3n a las ayudas agroambientales, por lo que ASAJA-Palencia aconseja a los asociados que a\u00fan no han formalizado la solicitud o prev\u00e9n introducir cambios que lo efect\u00faen cuanto antes, m\u00e1xime teniendo en cuenta tres circunstancias: en primer lugar, que se han introducido flexibilidades en los requisitos con motivo de la sequ\u00eda (que se detallan en esta informaci\u00f3n); en segundo lugar, porque cumplimentarla con tiempo suficiente antes de cumplir los plazos, facilita empezar con los controles para revisar datos y detectar posibles errores; y en tercer lugar, porque al subsanarlos cuanto antes se evitan demoras en el pago de los anticipos, que la Junta de Castilla y Le\u00f3n prev\u00e9 para mediados de octubre.<\/h2>\n\n\n\n<p>La administraci\u00f3n auton\u00f3mica tambi\u00e9n ha recordado la importancia de que los agricultores y los ganaderos dispongan de pruebas documentales de las distintas actividades de su explotaci\u00f3n (fotograf\u00edas georreferenciadas preventivas, facturas de la semilla utilizada, declaraciones de siniestros por motivos meteorol\u00f3gicos que justifiquen la actividad agraria ante posibles dudas y controles posteriores&#8230;). La Consejer\u00eda de Agricultura, Ganader\u00eda y Medio Rural pone a disposici\u00f3n la aplicaci\u00f3n GeoFotos, para realizar fotograf\u00edas que incluyen geolocalizaci\u00f3n, identificaci\u00f3n del interesado y&nbsp;del tr\u00e1mite administrativo, entre otros datos.<\/p>\n\n\n\n<p>Una vez definida la circular del Fondo Espa\u00f1ol de Garant\u00eda Agraria (FEGA) relativa al establecimiento de medidas excepcionales como consecuencia de la sequ\u00eda, est\u00e1 pendiente que la Junta recoja el desarrollo normativo de estas excepciones, principalmente sobre las normas de condicionalidad reforzada y sobre las condiciones de cumplimiento de los ecorreg\u00edmenes. No obstante, el portal web de la Consejer\u00eda dedicado a la PAC ya recoge la flexibilidad prevista, que comprende los siguientes aspectos relativos a cuatro apartados:<\/p>\n\n\n\n<ol>\n<li><strong>Condicionalidad reforzada.<\/strong><\/li>\n\n\n\n<li><strong>Ecorreg\u00edmenes.<\/strong><\/li>\n\n\n\n<li><strong>Ayudas asociadas.<\/strong><\/li>\n\n\n\n<li><strong>Ayudas agroambientales y ecol\u00f3gicas.<\/strong><\/li>\n<\/ol>\n\n\n\n<ol>\n<li>Cambios en los requisitos de la <strong>CONDICIONALIDAD REFORZADA<\/strong><\/li>\n<\/ol>\n\n\n\n<p>\u00b7\u00a0<em> BCAM 4 (Creaci\u00f3n de franjas de protecci\u00f3n en los m\u00e1rgenes de los r\u00edos).\u00a0<\/em>Se permitir\u00e1 la siega con fines agr\u00edcolas de las franjas.<\/p>\n\n\n\n<p>\u00b7&nbsp;<em> BCAM 6 (Cobertura m\u00ednima del suelo para evitar suelos desnudos en periodos m\u00e1s sensibles).&nbsp;<\/em>Ante la previsi\u00f3n de mala cosecha de grano por la sequ\u00eda, parte de los <strong>herb\u00e1ceos de invierno se siegan en verde <\/strong>para alimento de ganado. Las \u00faltimas lluvias han provocado que prolifere una vegetaci\u00f3n (tanto en estas superficies como en otras de escaso desarrollo que impiden su aprovechamiento) que, de no controlarse en el momento apropiado, condicionar\u00eda mucho la siembra de oto\u00f1o. Por ello, <strong>se permiten labores r\u00e1pidas de poca profundidad <\/strong>para aprovechar en beneficio del suelo una materia org\u00e1nica que de otra forma se perder\u00eda; incorporar al suelo el CO2&nbsp;fijado por la vegetaci\u00f3n; y reducir el consumo de gas\u00f3leo y fitosanitarios. Es <strong>importante recordar<\/strong> que el agricultor acogido al ecorr\u00e9gimen de siembra directa con complemento (25\u20ac\/ha) por realizarla en esta campa\u00f1a agr\u00edcola y la siguiente, no podr\u00eda realizar este laboreo si quiere cobrarlo, salvo que se establezca alguna excepci\u00f3n para la PAC-2024, lo que se desconoce por ahora. Del mismo modo, toda superficie cultivada mediante t\u00e9cnicas de <strong>producci\u00f3n ecol\u00f3gica<\/strong>, que controlan esa vegetaci\u00f3n solo con labores mec\u00e1nicas, podr\u00e1n realizar esas labores de poca profundidad, fundamentales cara a la pr\u00f3xima siembra, para que no se vea afectada la futura productividad de esas parcelas.<\/p>\n\n\n\n<p>En todo caso, debe respetarse toda normativa sectorial en materia de pastos y rastrojeras en cada municipio o entidad local.<\/p>\n\n\n\n<p>\u00b7&nbsp; <em>BCAM 8.1 (Porcentaje m\u00ednimo de superficie agr\u00edcola dedicada a superficies o elementos no productivos).<\/em>&nbsp;Se permitir\u00e1 el pastoreo de las superficies de barbecho.<\/p>\n\n\n\n<p>2. Cambios en los requisitos de los&nbsp;<strong>ECORREG\u00cdMENES<\/strong>:<\/p>\n\n\n\n<p>\u00b7\u00a0<em> P1. Pastoreo extensivo.\u00a0<\/em>Se reduce la carga ganadera m\u00ednima sobre las superficies de pastos durante el periodo de pastoreo a un m\u00ednimo de 0,1 UGM\/hect\u00e1rea en pastos mediterr\u00e1neos y 0,2 UGM\/hect\u00e1rea en pastos h\u00famedos. En estos \u00faltimos utilizados en com\u00fan, si no se alcanza el umbral de 0,2 UGM\/ha, el m\u00e1ximo de hect\u00e1reas con derecho a la ayuda ser\u00e1 aquel con el que se hubiera alcanzado esa carga ganadera con el n\u00famero de UGM de la explotaci\u00f3n. Las superficies de pastos deben ser aprovechadas a diente con animales de la propia explotaci\u00f3n, pero el periodo de pastoreo se reduce hasta los 60 d\u00edas al a\u00f1o, de forma continua o discontinua.<\/p>\n\n\n\n<p>\u00b7&nbsp; <em>P2A. Islas de biodiversidad.&nbsp;<\/em>Se adelanta al 15 de agosto la fecha a partir de la cual se permite la siega o el pastoreo. Si es con animales de la propia explotaci\u00f3n, se atender\u00e1 a la flexibilizaci\u00f3n anterior.<\/p>\n\n\n\n<p>\u00b7&nbsp; <em>P2B. Siega sostenible.<\/em>&nbsp;Se permitir\u00e1 un \u00fanico corte que justifique el ejercicio de la actividad agraria.<\/p>\n\n\n\n<p>\u00b7&nbsp; <em>P3. Rotaci\u00f3n con especies mejorantes.&nbsp;<\/em>Se permite la rotaci\u00f3n con barbecho en <strong>secanos <\/strong>sembrados de leguminosas en 2022. Se reduce el porcentaje de especies mejorantes al 5% de leguminosas, si se sembraron antes del 1 de mayo en <strong>secanos <\/strong>cuando la sequ\u00eda impida la siembra del 5% restante. Se permite la siega o pastoreo de las leguminosas al margen de su estado, as\u00ed como de los cultivos de la rotaci\u00f3n. Se aumenta la superficie de barbecho de <strong>secano <\/strong>hasta el 50%.<\/p>\n\n\n\n<p>\u00b7&nbsp; <em>P4. Siembra directa.&nbsp;<\/em>A efectos de rotaci\u00f3n, se permite que las tierras de leguminosas en 2022 puedan ir de barbecho de secano en 2023.<\/p>\n\n\n\n<p>\u00b7&nbsp; <em>P5. Espacios de biodiversidad.<\/em>&nbsp;Se permite la siega o el pastoreo de los barbechos y m\u00e1rgenes e islas de biodiversidad.<\/p>\n\n\n\n<p>3. Cambios en las <strong>AYUDAS ASOCIADAS:<\/strong><\/p>\n\n\n\n<p>En la producci\u00f3n sostenible de prote\u00edna de origen vegetal, se permite pastorear o segar sin alcanzar el estado fenol\u00f3gico establecido; y se podr\u00e1 realizar abonado en verde sin alcanzar el citado estado fenol\u00f3gico.<\/p>\n\n\n\n<p>4. Cambios en las <strong>AYUDAS AGROAMBIENTALES Y ECOL\u00d3GICAS:<\/strong><\/p>\n\n\n\n<p>En general, para todas las ayudas agroambientales y ecol\u00f3gicas, 2023 no computa como a\u00f1o de incumplimiento a efectos del compromiso plurianual. No se aplicar\u00e1n penalizaciones por diferencias en la determinaci\u00f3n de superficies con derecho a pago.<\/p>\n\n\n\n<p>\u00b7&nbsp;<em> Ayuda a la agricultura ecol\u00f3gica:&nbsp;<\/em>La obligaci\u00f3n de acreditar se comprobar\u00e1 seg\u00fan la ubicaci\u00f3n de la explotaci\u00f3n, las condiciones de cosecha medias de la zona y el cultivo.<\/p>\n\n\n\n<p>\u00b7&nbsp; <em>Ayuda a la introducci\u00f3n de cultivos minoritarios:<\/em>&nbsp;En las arom\u00e1ticas, dejar sin cosechar hasta el 1 de agosto de 2023 al menos el 5% y no m\u00e1s del 10% de la superficie de contrato (superficie que deber\u00e1 estar ubicada en diferentes ubicaciones cada a\u00f1o).<\/p>\n\n\n\n<p>\u00b7\u00a0 <em>Agroecosistemas extensivos de secano:\u00a0<\/em>Nuevo <strong><em>calendario de recolecci\u00f3n de cereales<\/em><\/strong>\u00a0 por lo que respecta a las comarcas de Palencia: Cerrato y Campos (20 de junio); y Salda\u00f1a y Boedo-Ojeda (25 de junio).<strong>\/<\/strong><\/p>\n","protected":false},"excerpt":{"rendered":"<p>El pr\u00f3ximo 30 de junio acaba el plazo para la presentaci\u00f3n tanto de la solicitud \u00fanica de la PAC-2023 como de la de incorporaci\u00f3n a las ayudas agroambientales, por lo que ASAJA-Palencia aconseja a los asociados que a\u00fan no han formalizado la solicitud o prev\u00e9n introducir cambios que lo efect\u00faen cuanto antes, m\u00e1xime teniendo en [&hellip;]<\/p>\n","protected":false},"author":9,"featured_media":13488,"comment_status":"open","ping_status":"open","sticky":false,"template":"","format":"standard","meta":{"footnotes":""},"categories":[9,31,29,28],"tags":[58,76,59,253,46,142,250,56,77,254,66,96,110,45,93],"yoast_head":"<!-- This site is optimized with the Yoast SEO plugin v24.5 - https:\/\/yoast.com\/wordpress\/plugins\/seo\/ -->\n<title>El viernes 30 acaba el plazo de la PAC-2023\/2027, con cambios por la sequ\u00eda aprobados a mediados de mayo - ASAJA Palencia<\/title>\n<meta name=\"description\" content=\"El pr\u00f3ximo 30 de junio acaba el plazo para la presentaci\u00f3n tanto de la solicitud \u00fanica de la PAC-2023 como de la de incorporaci\u00f3n a las ayudas\" \/>\n<meta name=\"robots\" content=\"index, follow, max-snippet:-1, max-image-preview:large, max-video-preview:-1\" \/>\n<link rel=\"canonical\" href=\"https:\/\/www.asajacyl.com\/palencia\/asaja-palencia-informa\/el-viernes-30-acaba-el-plazo-de-la-pac-2023-2027-con-cambios-por-la-sequia-aprobados-a-mediados-de-mayo\" \/>\n<meta property=\"og:locale\" content=\"es_ES\" \/>\n<meta property=\"og:type\" content=\"article\" \/>\n<meta property=\"og:title\" content=\"El viernes 30 acaba el plazo de la PAC-2023\/2027, con cambios por la sequ\u00eda aprobados a mediados de mayo - ASAJA Palencia\" \/>\n<meta property=\"og:description\" content=\"El pr\u00f3ximo 30 de junio acaba el plazo para la presentaci\u00f3n tanto de la solicitud \u00fanica de la PAC-2023 como de la de incorporaci\u00f3n a las ayudas\" \/>\n<meta property=\"og:url\" content=\"https:\/\/www.asajacyl.com\/palencia\/asaja-palencia-informa\/el-viernes-30-acaba-el-plazo-de-la-pac-2023-2027-con-cambios-por-la-sequia-aprobados-a-mediados-de-mayo\" \/>\n<meta property=\"og:site_name\" content=\"ASAJA Palencia\" \/>\n<meta property=\"article:published_time\" content=\"2023-06-14T11:24:29+00:00\" \/>\n<meta property=\"article:modified_time\" content=\"2023-06-16T09:03:07+00:00\" \/>\n<meta property=\"og:image\" content=\"https:\/\/www.asajacyl.com\/palencia\/wp-content\/uploads\/sites\/3\/2023\/06\/PAC-2023-2027.jpg\" \/>\n\t<meta property=\"og:image:width\" content=\"1600\" \/>\n\t<meta property=\"og:image:height\" content=\"1031\" \/>\n\t<meta property=\"og:image:type\" content=\"image\/jpeg\" \/>\n<meta name=\"author\" content=\"Administrador\" \/>\n<meta name=\"twitter:card\" content=\"summary_large_image\" \/>\n<meta name=\"twitter:label1\" content=\"Escrito por\" \/>\n\t<meta name=\"twitter:data1\" content=\"Administrador\" \/>\n\t<meta name=\"twitter:label2\" content=\"Tiempo de lectura\" \/>\n\t<meta name=\"twitter:data2\" content=\"5 minutos\" \/>\n<script type=\"application\/ld+json\" class=\"yoast-schema-graph\">{\"@context\":\"https:\/\/schema.org\",\"@graph\":[{\"@type\":\"WebPage\",\"@id\":\"https:\/\/www.asajacyl.com\/palencia\/asaja-palencia-informa\/el-viernes-30-acaba-el-plazo-de-la-pac-2023-2027-con-cambios-por-la-sequia-aprobados-a-mediados-de-mayo\",\"url\":\"https:\/\/www.asajacyl.com\/palencia\/asaja-palencia-informa\/el-viernes-30-acaba-el-plazo-de-la-pac-2023-2027-con-cambios-por-la-sequia-aprobados-a-mediados-de-mayo\",\"name\":\"El viernes 30 acaba el plazo de la PAC-2023\/2027, con cambios por la sequ\u00eda aprobados a mediados de mayo - ASAJA Palencia\",\"isPartOf\":{\"@id\":\"https:\/\/www.asajacyl.com\/palencia\/#website\"},\"primaryImageOfPage\":{\"@id\":\"https:\/\/www.asajacyl.com\/palencia\/asaja-palencia-informa\/el-viernes-30-acaba-el-plazo-de-la-pac-2023-2027-con-cambios-por-la-sequia-aprobados-a-mediados-de-mayo#primaryimage\"},\"image\":{\"@id\":\"https:\/\/www.asajacyl.com\/palencia\/asaja-palencia-informa\/el-viernes-30-acaba-el-plazo-de-la-pac-2023-2027-con-cambios-por-la-sequia-aprobados-a-mediados-de-mayo#primaryimage\"},\"thumbnailUrl\":\"https:\/\/www.asajacyl.com\/palencia\/wp-content\/uploads\/sites\/3\/2023\/06\/PAC-2023-2027.jpg\",\"datePublished\":\"2023-06-14T11:24:29+00:00\",\"dateModified\":\"2023-06-16T09:03:07+00:00\",\"author\":{\"@id\":\"https:\/\/www.asajacyl.com\/palencia\/#\/schema\/person\/3ab17aeb03527485c317557fae64aab1\"},\"description\":\"El pr\u00f3ximo 30 de junio acaba el plazo para la presentaci\u00f3n tanto de la solicitud \u00fanica de la PAC-2023 como de la de incorporaci\u00f3n a las ayudas\",\"breadcrumb\":{\"@id\":\"https:\/\/www.asajacyl.com\/palencia\/asaja-palencia-informa\/el-viernes-30-acaba-el-plazo-de-la-pac-2023-2027-con-cambios-por-la-sequia-aprobados-a-mediados-de-mayo#breadcrumb\"},\"inLanguage\":\"es\",\"potentialAction\":[{\"@type\":\"ReadAction\",\"target\":[\"https:\/\/www.asajacyl.com\/palencia\/asaja-palencia-informa\/el-viernes-30-acaba-el-plazo-de-la-pac-2023-2027-con-cambios-por-la-sequia-aprobados-a-mediados-de-mayo\"]}]},{\"@type\":\"ImageObject\",\"inLanguage\":\"es\",\"@id\":\"https:\/\/www.asajacyl.com\/palencia\/asaja-palencia-informa\/el-viernes-30-acaba-el-plazo-de-la-pac-2023-2027-con-cambios-por-la-sequia-aprobados-a-mediados-de-mayo#primaryimage\",\"url\":\"https:\/\/www.asajacyl.com\/palencia\/wp-content\/uploads\/sites\/3\/2023\/06\/PAC-2023-2027.jpg\",\"contentUrl\":\"https:\/\/www.asajacyl.com\/palencia\/wp-content\/uploads\/sites\/3\/2023\/06\/PAC-2023-2027.jpg\",\"width\":1600,\"height\":1031},{\"@type\":\"BreadcrumbList\",\"@id\":\"https:\/\/www.asajacyl.com\/palencia\/asaja-palencia-informa\/el-viernes-30-acaba-el-plazo-de-la-pac-2023-2027-con-cambios-por-la-sequia-aprobados-a-mediados-de-mayo#breadcrumb\",\"itemListElement\":[{\"@type\":\"ListItem\",\"position\":1,\"name\":\"Portada\",\"item\":\"https:\/\/www.asajacyl.com\/palencia\/\"},{\"@type\":\"ListItem\",\"position\":2,\"name\":\"El viernes 30 acaba el plazo de la PAC-2023\/2027, con cambios por la sequ\u00eda aprobados a mediados de mayo\"}]},{\"@type\":\"WebSite\",\"@id\":\"https:\/\/www.asajacyl.com\/palencia\/#website\",\"url\":\"https:\/\/www.asajacyl.com\/palencia\/\",\"name\":\"ASAJA Palencia\",\"description\":\"Otro sitio m\u00e1s de Provincias ASAJA Castilla y Le\u00f3n\",\"potentialAction\":[{\"@type\":\"SearchAction\",\"target\":{\"@type\":\"EntryPoint\",\"urlTemplate\":\"https:\/\/www.asajacyl.com\/palencia\/?s={search_term_string}\"},\"query-input\":{\"@type\":\"PropertyValueSpecification\",\"valueRequired\":true,\"valueName\":\"search_term_string\"}}],\"inLanguage\":\"es\"},{\"@type\":\"Person\",\"@id\":\"https:\/\/www.asajacyl.com\/palencia\/#\/schema\/person\/3ab17aeb03527485c317557fae64aab1\",\"name\":\"Administrador\",\"image\":{\"@type\":\"ImageObject\",\"inLanguage\":\"es\",\"@id\":\"https:\/\/www.asajacyl.com\/palencia\/#\/schema\/person\/image\/\",\"url\":\"https:\/\/secure.gravatar.com\/avatar\/517384810d242ca9e38c180f3c9fb973?s=96&d=mm&r=g\",\"contentUrl\":\"https:\/\/secure.gravatar.com\/avatar\/517384810d242ca9e38c180f3c9fb973?s=96&d=mm&r=g\",\"caption\":\"Administrador\"},\"url\":\"https:\/\/www.asajacyl.com\/palencia\/author\/carlosrm\"}]}<\/script>\n<!-- \/ Yoast SEO plugin. -->","yoast_head_json":{"title":"El viernes 30 acaba el plazo de la PAC-2023\/2027, con cambios por la sequ\u00eda aprobados a mediados de mayo - ASAJA Palencia","description":"El pr\u00f3ximo 30 de junio acaba el plazo para la presentaci\u00f3n tanto de la solicitud \u00fanica de la PAC-2023 como de la de incorporaci\u00f3n a las ayudas","robots":{"index":"index","follow":"follow","max-snippet":"max-snippet:-1","max-image-preview":"max-image-preview:large","max-video-preview":"max-video-preview:-1"},"canonical":"https:\/\/www.asajacyl.com\/palencia\/asaja-palencia-informa\/el-viernes-30-acaba-el-plazo-de-la-pac-2023-2027-con-cambios-por-la-sequia-aprobados-a-mediados-de-mayo","og_locale":"es_ES","og_type":"article","og_title":"El viernes 30 acaba el plazo de la PAC-2023\/2027, con cambios por la sequ\u00eda aprobados a mediados de mayo - ASAJA Palencia","og_description":"El pr\u00f3ximo 30 de junio acaba el plazo para la presentaci\u00f3n tanto de la solicitud \u00fanica de la PAC-2023 como de la de incorporaci\u00f3n a las ayudas","og_url":"https:\/\/www.asajacyl.com\/palencia\/asaja-palencia-informa\/el-viernes-30-acaba-el-plazo-de-la-pac-2023-2027-con-cambios-por-la-sequia-aprobados-a-mediados-de-mayo","og_site_name":"ASAJA Palencia","article_published_time":"2023-06-14T11:24:29+00:00","article_modified_time":"2023-06-16T09:03:07+00:00","og_image":[{"width":1600,"height":1031,"url":"https:\/\/www.asajacyl.com\/palencia\/wp-content\/uploads\/sites\/3\/2023\/06\/PAC-2023-2027.jpg","type":"image\/jpeg"}],"author":"Administrador","twitter_card":"summary_large_image","twitter_misc":{"Escrito por":"Administrador","Tiempo de lectura":"5 minutos"},"schema":{"@context":"https:\/\/schema.org","@graph":[{"@type":"WebPage","@id":"https:\/\/www.asajacyl.com\/palencia\/asaja-palencia-informa\/el-viernes-30-acaba-el-plazo-de-la-pac-2023-2027-con-cambios-por-la-sequia-aprobados-a-mediados-de-mayo","url":"https:\/\/www.asajacyl.com\/palencia\/asaja-palencia-informa\/el-viernes-30-acaba-el-plazo-de-la-pac-2023-2027-con-cambios-por-la-sequia-aprobados-a-mediados-de-mayo","name":"El viernes 30 acaba el plazo de la PAC-2023\/2027, con cambios por la sequ\u00eda aprobados a mediados de mayo - ASAJA Palencia","isPartOf":{"@id":"https:\/\/www.asajacyl.com\/palencia\/#website"},"primaryImageOfPage":{"@id":"https:\/\/www.asajacyl.com\/palencia\/asaja-palencia-informa\/el-viernes-30-acaba-el-plazo-de-la-pac-2023-2027-con-cambios-por-la-sequia-aprobados-a-mediados-de-mayo#primaryimage"},"image":{"@id":"https:\/\/www.asajacyl.com\/palencia\/asaja-palencia-informa\/el-viernes-30-acaba-el-plazo-de-la-pac-2023-2027-con-cambios-por-la-sequia-aprobados-a-mediados-de-mayo#primaryimage"},"thumbnailUrl":"https:\/\/www.asajacyl.com\/palencia\/wp-content\/uploads\/sites\/3\/2023\/06\/PAC-2023-2027.jpg","datePublished":"2023-06-14T11:24:29+00:00","dateModified":"2023-06-16T09:03:07+00:00","author":{"@id":"https:\/\/www.asajacyl.com\/palencia\/#\/schema\/person\/3ab17aeb03527485c317557fae64aab1"},"description":"El pr\u00f3ximo 30 de junio acaba el plazo para la presentaci\u00f3n tanto de la solicitud \u00fanica de la PAC-2023 como de la de incorporaci\u00f3n a las ayudas","breadcrumb":{"@id":"https:\/\/www.asajacyl.com\/palencia\/asaja-palencia-informa\/el-viernes-30-acaba-el-plazo-de-la-pac-2023-2027-con-cambios-por-la-sequia-aprobados-a-mediados-de-mayo#breadcrumb"},"inLanguage":"es","potentialAction":[{"@type":"ReadAction","target":["https:\/\/www.asajacyl.com\/palencia\/asaja-palencia-informa\/el-viernes-30-acaba-el-plazo-de-la-pac-2023-2027-con-cambios-por-la-sequia-aprobados-a-mediados-de-mayo"]}]},{"@type":"ImageObject","inLanguage":"es","@id":"https:\/\/www.asajacyl.com\/palencia\/asaja-palencia-informa\/el-viernes-30-acaba-el-plazo-de-la-pac-2023-2027-con-cambios-por-la-sequia-aprobados-a-mediados-de-mayo#primaryimage","url":"https:\/\/www.asajacyl.com\/palencia\/wp-content\/uploads\/sites\/3\/2023\/06\/PAC-2023-2027.jpg","contentUrl":"https:\/\/www.asajacyl.com\/palencia\/wp-content\/uploads\/sites\/3\/2023\/06\/PAC-2023-2027.jpg","width":1600,"height":1031},{"@type":"BreadcrumbList","@id":"https:\/\/www.asajacyl.com\/palencia\/asaja-palencia-informa\/el-viernes-30-acaba-el-plazo-de-la-pac-2023-2027-con-cambios-por-la-sequia-aprobados-a-mediados-de-mayo#breadcrumb","itemListElement":[{"@type":"ListItem","position":1,"name":"Portada","item":"https:\/\/www.asajacyl.com\/palencia\/"},{"@type":"ListItem","position":2,"name":"El viernes 30 acaba el plazo de la PAC-2023\/2027, con cambios por la sequ\u00eda aprobados a mediados de mayo"}]},{"@type":"WebSite","@id":"https:\/\/www.asajacyl.com\/palencia\/#website","url":"https:\/\/www.asajacyl.com\/palencia\/","name":"ASAJA Palencia","description":"Otro sitio m\u00e1s de Provincias ASAJA Castilla y Le\u00f3n","potentialAction":[{"@type":"SearchAction","target":{"@type":"EntryPoint","urlTemplate":"https:\/\/www.asajacyl.com\/palencia\/?s={search_term_string}"},"query-input":{"@type":"PropertyValueSpecification","valueRequired":true,"valueName":"search_term_string"}}],"inLanguage":"es"},{"@type":"Person","@id":"https:\/\/www.asajacyl.com\/palencia\/#\/schema\/person\/3ab17aeb03527485c317557fae64aab1","name":"Administrador","image":{"@type":"ImageObject","inLanguage":"es","@id":"https:\/\/www.asajacyl.com\/palencia\/#\/schema\/person\/image\/","url":"https:\/\/secure.gravatar.com\/avatar\/517384810d242ca9e38c180f3c9fb973?s=96&d=mm&r=g","contentUrl":"https:\/\/secure.gravatar.com\/avatar\/517384810d242ca9e38c180f3c9fb973?s=96&d=mm&r=g","caption":"Administrador"},"url":"https:\/\/www.asajacyl.com\/palencia\/author\/carlosrm"}]}},"_links":{"self":[{"href":"https:\/\/www.asajacyl.com\/palencia\/wp-json\/wp\/v2\/posts\/13483"}],"collection":[{"href":"https:\/\/www.asajacyl.com\/palencia\/wp-json\/wp\/v2\/posts"}],"about":[{"href":"https:\/\/www.asajacyl.com\/palencia\/wp-json\/wp\/v2\/types\/post"}],"author":[{"embeddable":true,"href":"https:\/\/www.asajacyl.com\/palencia\/wp-json\/wp\/v2\/users\/9"}],"replies":[{"embeddable":true,"href":"https:\/\/www.asajacyl.com\/palencia\/wp-json\/wp\/v2\/comments?post=13483"}],"version-history":[{"count":6,"href":"https:\/\/www.asajacyl.com\/palencia\/wp-json\/wp\/v2\/posts\/13483\/revisions"}],"predecessor-version":[{"id":13501,"href":"https:\/\/www.asajacyl.com\/palencia\/wp-json\/wp\/v2\/posts\/13483\/revisions\/13501"}],"wp:featuredmedia":[{"embeddable":true,"href":"https:\/\/www.asajacyl.com\/palencia\/wp-json\/wp\/v2\/media\/13488"}],"wp:attachment":[{"href":"https:\/\/www.asajacyl.com\/palencia\/wp-json\/wp\/v2\/media?parent=13483"}],"wp:term":[{"taxonomy":"category","embeddable":true,"href":"https:\/\/www.asajacyl.com\/palencia\/wp-json\/wp\/v2\/categories?post=13483"},{"taxonomy":"post_tag","embeddable":true,"href":"https:\/\/www.asajacyl.com\/palencia\/wp-json\/wp\/v2\/tags?post=13483"}],"curies":[{"name":"wp","href":"https:\/\/api.w.org\/{rel}","templated":true}]}}