{"id":13504,"date":"2023-06-17T11:18:46","date_gmt":"2023-06-17T09:18:46","guid":{"rendered":"https:\/\/www.asajacyl.com\/palencia\/?p=13504"},"modified":"2023-06-16T12:32:13","modified_gmt":"2023-06-16T10:32:13","slug":"asaja-reclama-que-la-pac-2023-se-flexibilice-mas-en-castilla-y-leon-debido-a-la-sequia","status":"publish","type":"post","link":"https:\/\/www.asajacyl.com\/palencia\/asaja-palencia-informa\/asaja-reclama-que-la-pac-2023-se-flexibilice-mas-en-castilla-y-leon-debido-a-la-sequia","title":{"rendered":"ASAJA reclama que la PAC-2023 se flexibilice m\u00e1s en Castilla y Le\u00f3n debido a la sequ\u00eda"},"content":{"rendered":"\n<h2 class=\"wp-block-heading\">ASAJA ha pedido que en Castilla y Le\u00f3n se aumente el margen de flexibilizaci\u00f3n que permite el Fondo Espa\u00f1ol de Garant\u00eda Agraria (FEGA) en su reciente circular 8\/23 sobre establecimiento de medidas excepcionales como consecuencia de la sequ\u00eda en la gesti\u00f3n, seguimiento y control de la PAC.<\/h2>\n\n\n\n<p>Nuestra organizaci\u00f3n considera que es insuficiente lo propuesto por la administraci\u00f3n auton\u00f3mica, ya que deja fuera numerosos casos que afectan a nuestra agricultura (el enlace al final de esta noticia se pueden consultar las excepciones aprobadas hasta ahora).<\/p>\n\n\n\n<p>Entre las medidas sin contemplar puede mencionarse la situaci\u00f3n de las parcelas que se han estado tratando, pensando en sembrarlas de girasol, pero que al final, debido a la sequ\u00eda, no han podido sembrarse y quedar\u00e1n de barbecho. <\/p>\n\n\n\n<p>Pero hay otros puntos muy necesarios, como realizar abonado org\u00e1nico sobre el barbecho durante todo el a\u00f1o. A\u00fan est\u00e1 pendiente la transposici\u00f3n auton\u00f3mica de toda la normativa nacional, por lo que ASAJA espera que se permitan todas estas peticiones, ante la situaci\u00f3n cr\u00edtica que atraviesa el campo, motivo de la reciente manifestaci\u00f3n convocada por todas las organizaciones del sector.<strong>\/<\/strong><\/p>\n\n\n\n<p><a href=\"https:\/\/www.asajacyl.com\/palencia\/asaja-palencia-informa\/el-viernes-30-acaba-el-plazo-de-la-pac-2023-2027-con-cambios-por-la-sequia-aprobados-a-mediados-de-mayo\">Cambios en la PAC-2023 por la sequ\u00eda<\/a><\/p>\n","protected":false},"excerpt":{"rendered":"<p>ASAJA ha pedido que en Castilla y Le\u00f3n se aumente el margen de flexibilizaci\u00f3n que permite el Fondo Espa\u00f1ol de Garant\u00eda Agraria (FEGA) en su reciente circular 8\/23 sobre establecimiento de medidas excepcionales como consecuencia de la sequ\u00eda en la gesti\u00f3n, seguimiento y control de la PAC. Nuestra organizaci\u00f3n considera que es insuficiente lo propuesto [&hellip;]<\/p>\n","protected":false},"author":9,"featured_media":13507,"comment_status":"open","ping_status":"open","sticky":false,"template":"","format":"standard","meta":{"footnotes":""},"categories":[9,29,28],"tags":[58,77,66,110],"yoast_head":"<!-- This site is optimized with the Yoast SEO plugin v24.5 - https:\/\/yoast.com\/wordpress\/plugins\/seo\/ -->\n<title>ASAJA reclama que la PAC-2023 se flexibilice m\u00e1s en Castilla y Le\u00f3n debido a la sequ\u00eda - ASAJA Palencia<\/title>\n<meta name=\"description\" content=\"ASAJA ha pedido que en Castilla y Le\u00f3n se aumente el margen de flexibilizaci\u00f3n que permite el Fondo Espa\u00f1ol de Garant\u00eda Agraria (FEGA) en su reciente\" \/>\n<meta name=\"robots\" content=\"index, follow, max-snippet:-1, max-image-preview:large, max-video-preview:-1\" \/>\n<link rel=\"canonical\" href=\"https:\/\/www.asajacyl.com\/palencia\/asaja-palencia-informa\/asaja-reclama-que-la-pac-2023-se-flexibilice-mas-en-castilla-y-leon-debido-a-la-sequia\" \/>\n<meta property=\"og:locale\" content=\"es_ES\" \/>\n<meta property=\"og:type\" content=\"article\" \/>\n<meta property=\"og:title\" content=\"ASAJA reclama que la PAC-2023 se flexibilice m\u00e1s en Castilla y Le\u00f3n debido a la sequ\u00eda - ASAJA Palencia\" \/>\n<meta property=\"og:description\" content=\"ASAJA ha pedido que en Castilla y Le\u00f3n se aumente el margen de flexibilizaci\u00f3n que permite el Fondo Espa\u00f1ol de Garant\u00eda Agraria (FEGA) en su reciente\" \/>\n<meta property=\"og:url\" content=\"https:\/\/www.asajacyl.com\/palencia\/asaja-palencia-informa\/asaja-reclama-que-la-pac-2023-se-flexibilice-mas-en-castilla-y-leon-debido-a-la-sequia\" \/>\n<meta property=\"og:site_name\" content=\"ASAJA Palencia\" \/>\n<meta property=\"article:published_time\" content=\"2023-06-17T09:18:46+00:00\" \/>\n<meta property=\"og:image\" content=\"https:\/\/www.asajacyl.com\/palencia\/wp-content\/uploads\/sites\/3\/2023\/06\/Cebada-sequia-mayo-2023-743x1024.jpg\" \/>\n\t<meta property=\"og:image:width\" content=\"743\" \/>\n\t<meta property=\"og:image:height\" content=\"1024\" \/>\n\t<meta property=\"og:image:type\" content=\"image\/jpeg\" \/>\n<meta name=\"author\" content=\"Administrador\" \/>\n<meta name=\"twitter:card\" content=\"summary_large_image\" \/>\n<meta name=\"twitter:label1\" content=\"Escrito por\" \/>\n\t<meta name=\"twitter:data1\" content=\"Administrador\" \/>\n\t<meta name=\"twitter:label2\" content=\"Tiempo de lectura\" \/>\n\t<meta name=\"twitter:data2\" content=\"1 minuto\" \/>\n<script type=\"application\/ld+json\" class=\"yoast-schema-graph\">{\"@context\":\"https:\/\/schema.org\",\"@graph\":[{\"@type\":\"WebPage\",\"@id\":\"https:\/\/www.asajacyl.com\/palencia\/asaja-palencia-informa\/asaja-reclama-que-la-pac-2023-se-flexibilice-mas-en-castilla-y-leon-debido-a-la-sequia\",\"url\":\"https:\/\/www.asajacyl.com\/palencia\/asaja-palencia-informa\/asaja-reclama-que-la-pac-2023-se-flexibilice-mas-en-castilla-y-leon-debido-a-la-sequia\",\"name\":\"ASAJA reclama que la PAC-2023 se flexibilice m\u00e1s en Castilla y Le\u00f3n debido a la sequ\u00eda - ASAJA Palencia\",\"isPartOf\":{\"@id\":\"https:\/\/www.asajacyl.com\/palencia\/#website\"},\"primaryImageOfPage\":{\"@id\":\"https:\/\/www.asajacyl.com\/palencia\/asaja-palencia-informa\/asaja-reclama-que-la-pac-2023-se-flexibilice-mas-en-castilla-y-leon-debido-a-la-sequia#primaryimage\"},\"image\":{\"@id\":\"https:\/\/www.asajacyl.com\/palencia\/asaja-palencia-informa\/asaja-reclama-que-la-pac-2023-se-flexibilice-mas-en-castilla-y-leon-debido-a-la-sequia#primaryimage\"},\"thumbnailUrl\":\"https:\/\/www.asajacyl.com\/palencia\/wp-content\/uploads\/sites\/3\/2023\/06\/Cebada-sequia-mayo-2023.jpg\",\"datePublished\":\"2023-06-17T09:18:46+00:00\",\"author\":{\"@id\":\"https:\/\/www.asajacyl.com\/palencia\/#\/schema\/person\/3ab17aeb03527485c317557fae64aab1\"},\"description\":\"ASAJA ha pedido que en Castilla y Le\u00f3n se aumente el margen de flexibilizaci\u00f3n que permite el Fondo Espa\u00f1ol de Garant\u00eda Agraria (FEGA) en su reciente\",\"breadcrumb\":{\"@id\":\"https:\/\/www.asajacyl.com\/palencia\/asaja-palencia-informa\/asaja-reclama-que-la-pac-2023-se-flexibilice-mas-en-castilla-y-leon-debido-a-la-sequia#breadcrumb\"},\"inLanguage\":\"es\",\"potentialAction\":[{\"@type\":\"ReadAction\",\"target\":[\"https:\/\/www.asajacyl.com\/palencia\/asaja-palencia-informa\/asaja-reclama-que-la-pac-2023-se-flexibilice-mas-en-castilla-y-leon-debido-a-la-sequia\"]}]},{\"@type\":\"ImageObject\",\"inLanguage\":\"es\",\"@id\":\"https:\/\/www.asajacyl.com\/palencia\/asaja-palencia-informa\/asaja-reclama-que-la-pac-2023-se-flexibilice-mas-en-castilla-y-leon-debido-a-la-sequia#primaryimage\",\"url\":\"https:\/\/www.asajacyl.com\/palencia\/wp-content\/uploads\/sites\/3\/2023\/06\/Cebada-sequia-mayo-2023.jpg\",\"contentUrl\":\"https:\/\/www.asajacyl.com\/palencia\/wp-content\/uploads\/sites\/3\/2023\/06\/Cebada-sequia-mayo-2023.jpg\",\"width\":6376,\"height\":8788},{\"@type\":\"BreadcrumbList\",\"@id\":\"https:\/\/www.asajacyl.com\/palencia\/asaja-palencia-informa\/asaja-reclama-que-la-pac-2023-se-flexibilice-mas-en-castilla-y-leon-debido-a-la-sequia#breadcrumb\",\"itemListElement\":[{\"@type\":\"ListItem\",\"position\":1,\"name\":\"Portada\",\"item\":\"https:\/\/www.asajacyl.com\/palencia\/\"},{\"@type\":\"ListItem\",\"position\":2,\"name\":\"ASAJA reclama que la PAC-2023 se flexibilice m\u00e1s en Castilla y Le\u00f3n debido a la sequ\u00eda\"}]},{\"@type\":\"WebSite\",\"@id\":\"https:\/\/www.asajacyl.com\/palencia\/#website\",\"url\":\"https:\/\/www.asajacyl.com\/palencia\/\",\"name\":\"ASAJA Palencia\",\"description\":\"Otro sitio m\u00e1s de Provincias ASAJA Castilla y Le\u00f3n\",\"potentialAction\":[{\"@type\":\"SearchAction\",\"target\":{\"@type\":\"EntryPoint\",\"urlTemplate\":\"https:\/\/www.asajacyl.com\/palencia\/?s={search_term_string}\"},\"query-input\":{\"@type\":\"PropertyValueSpecification\",\"valueRequired\":true,\"valueName\":\"search_term_string\"}}],\"inLanguage\":\"es\"},{\"@type\":\"Person\",\"@id\":\"https:\/\/www.asajacyl.com\/palencia\/#\/schema\/person\/3ab17aeb03527485c317557fae64aab1\",\"name\":\"Administrador\",\"image\":{\"@type\":\"ImageObject\",\"inLanguage\":\"es\",\"@id\":\"https:\/\/www.asajacyl.com\/palencia\/#\/schema\/person\/image\/\",\"url\":\"https:\/\/secure.gravatar.com\/avatar\/517384810d242ca9e38c180f3c9fb973?s=96&d=mm&r=g\",\"contentUrl\":\"https:\/\/secure.gravatar.com\/avatar\/517384810d242ca9e38c180f3c9fb973?s=96&d=mm&r=g\",\"caption\":\"Administrador\"},\"url\":\"https:\/\/www.asajacyl.com\/palencia\/author\/carlosrm\"}]}<\/script>\n<!-- \/ Yoast SEO plugin. -->","yoast_head_json":{"title":"ASAJA reclama que la PAC-2023 se flexibilice m\u00e1s en Castilla y Le\u00f3n debido a la sequ\u00eda - ASAJA Palencia","description":"ASAJA ha pedido que en Castilla y Le\u00f3n se aumente el margen de flexibilizaci\u00f3n que permite el Fondo Espa\u00f1ol de Garant\u00eda Agraria (FEGA) en su reciente","robots":{"index":"index","follow":"follow","max-snippet":"max-snippet:-1","max-image-preview":"max-image-preview:large","max-video-preview":"max-video-preview:-1"},"canonical":"https:\/\/www.asajacyl.com\/palencia\/asaja-palencia-informa\/asaja-reclama-que-la-pac-2023-se-flexibilice-mas-en-castilla-y-leon-debido-a-la-sequia","og_locale":"es_ES","og_type":"article","og_title":"ASAJA reclama que la PAC-2023 se flexibilice m\u00e1s en Castilla y Le\u00f3n debido a la sequ\u00eda - ASAJA Palencia","og_description":"ASAJA ha pedido que en Castilla y Le\u00f3n se aumente el margen de flexibilizaci\u00f3n que permite el Fondo Espa\u00f1ol de Garant\u00eda Agraria (FEGA) en su reciente","og_url":"https:\/\/www.asajacyl.com\/palencia\/asaja-palencia-informa\/asaja-reclama-que-la-pac-2023-se-flexibilice-mas-en-castilla-y-leon-debido-a-la-sequia","og_site_name":"ASAJA Palencia","article_published_time":"2023-06-17T09:18:46+00:00","og_image":[{"width":743,"height":1024,"url":"https:\/\/www.asajacyl.com\/palencia\/wp-content\/uploads\/sites\/3\/2023\/06\/Cebada-sequia-mayo-2023-743x1024.jpg","type":"image\/jpeg"}],"author":"Administrador","twitter_card":"summary_large_image","twitter_misc":{"Escrito por":"Administrador","Tiempo de lectura":"1 minuto"},"schema":{"@context":"https:\/\/schema.org","@graph":[{"@type":"WebPage","@id":"https:\/\/www.asajacyl.com\/palencia\/asaja-palencia-informa\/asaja-reclama-que-la-pac-2023-se-flexibilice-mas-en-castilla-y-leon-debido-a-la-sequia","url":"https:\/\/www.asajacyl.com\/palencia\/asaja-palencia-informa\/asaja-reclama-que-la-pac-2023-se-flexibilice-mas-en-castilla-y-leon-debido-a-la-sequia","name":"ASAJA reclama que la PAC-2023 se flexibilice m\u00e1s en Castilla y Le\u00f3n debido a la sequ\u00eda - ASAJA Palencia","isPartOf":{"@id":"https:\/\/www.asajacyl.com\/palencia\/#website"},"primaryImageOfPage":{"@id":"https:\/\/www.asajacyl.com\/palencia\/asaja-palencia-informa\/asaja-reclama-que-la-pac-2023-se-flexibilice-mas-en-castilla-y-leon-debido-a-la-sequia#primaryimage"},"image":{"@id":"https:\/\/www.asajacyl.com\/palencia\/asaja-palencia-informa\/asaja-reclama-que-la-pac-2023-se-flexibilice-mas-en-castilla-y-leon-debido-a-la-sequia#primaryimage"},"thumbnailUrl":"https:\/\/www.asajacyl.com\/palencia\/wp-content\/uploads\/sites\/3\/2023\/06\/Cebada-sequia-mayo-2023.jpg","datePublished":"2023-06-17T09:18:46+00:00","author":{"@id":"https:\/\/www.asajacyl.com\/palencia\/#\/schema\/person\/3ab17aeb03527485c317557fae64aab1"},"description":"ASAJA ha pedido que en Castilla y Le\u00f3n se aumente el margen de flexibilizaci\u00f3n que permite el Fondo Espa\u00f1ol de Garant\u00eda Agraria (FEGA) en su reciente","breadcrumb":{"@id":"https:\/\/www.asajacyl.com\/palencia\/asaja-palencia-informa\/asaja-reclama-que-la-pac-2023-se-flexibilice-mas-en-castilla-y-leon-debido-a-la-sequia#breadcrumb"},"inLanguage":"es","potentialAction":[{"@type":"ReadAction","target":["https:\/\/www.asajacyl.com\/palencia\/asaja-palencia-informa\/asaja-reclama-que-la-pac-2023-se-flexibilice-mas-en-castilla-y-leon-debido-a-la-sequia"]}]},{"@type":"ImageObject","inLanguage":"es","@id":"https:\/\/www.asajacyl.com\/palencia\/asaja-palencia-informa\/asaja-reclama-que-la-pac-2023-se-flexibilice-mas-en-castilla-y-leon-debido-a-la-sequia#primaryimage","url":"https:\/\/www.asajacyl.com\/palencia\/wp-content\/uploads\/sites\/3\/2023\/06\/Cebada-sequia-mayo-2023.jpg","contentUrl":"https:\/\/www.asajacyl.com\/palencia\/wp-content\/uploads\/sites\/3\/2023\/06\/Cebada-sequia-mayo-2023.jpg","width":6376,"height":8788},{"@type":"BreadcrumbList","@id":"https:\/\/www.asajacyl.com\/palencia\/asaja-palencia-informa\/asaja-reclama-que-la-pac-2023-se-flexibilice-mas-en-castilla-y-leon-debido-a-la-sequia#breadcrumb","itemListElement":[{"@type":"ListItem","position":1,"name":"Portada","item":"https:\/\/www.asajacyl.com\/palencia\/"},{"@type":"ListItem","position":2,"name":"ASAJA reclama que la PAC-2023 se flexibilice m\u00e1s en Castilla y Le\u00f3n debido a la sequ\u00eda"}]},{"@type":"WebSite","@id":"https:\/\/www.asajacyl.com\/palencia\/#website","url":"https:\/\/www.asajacyl.com\/palencia\/","name":"ASAJA Palencia","description":"Otro sitio m\u00e1s de Provincias ASAJA Castilla y Le\u00f3n","potentialAction":[{"@type":"SearchAction","target":{"@type":"EntryPoint","urlTemplate":"https:\/\/www.asajacyl.com\/palencia\/?s={search_term_string}"},"query-input":{"@type":"PropertyValueSpecification","valueRequired":true,"valueName":"search_term_string"}}],"inLanguage":"es"},{"@type":"Person","@id":"https:\/\/www.asajacyl.com\/palencia\/#\/schema\/person\/3ab17aeb03527485c317557fae64aab1","name":"Administrador","image":{"@type":"ImageObject","inLanguage":"es","@id":"https:\/\/www.asajacyl.com\/palencia\/#\/schema\/person\/image\/","url":"https:\/\/secure.gravatar.com\/avatar\/517384810d242ca9e38c180f3c9fb973?s=96&d=mm&r=g","contentUrl":"https:\/\/secure.gravatar.com\/avatar\/517384810d242ca9e38c180f3c9fb973?s=96&d=mm&r=g","caption":"Administrador"},"url":"https:\/\/www.asajacyl.com\/palencia\/author\/carlosrm"}]}},"_links":{"self":[{"href":"https:\/\/www.asajacyl.com\/palencia\/wp-json\/wp\/v2\/posts\/13504"}],"collection":[{"href":"https:\/\/www.asajacyl.com\/palencia\/wp-json\/wp\/v2\/posts"}],"about":[{"href":"https:\/\/www.asajacyl.com\/palencia\/wp-json\/wp\/v2\/types\/post"}],"author":[{"embeddable":true,"href":"https:\/\/www.asajacyl.com\/palencia\/wp-json\/wp\/v2\/users\/9"}],"replies":[{"embeddable":true,"href":"https:\/\/www.asajacyl.com\/palencia\/wp-json\/wp\/v2\/comments?post=13504"}],"version-history":[{"count":2,"href":"https:\/\/www.asajacyl.com\/palencia\/wp-json\/wp\/v2\/posts\/13504\/revisions"}],"predecessor-version":[{"id":13506,"href":"https:\/\/www.asajacyl.com\/palencia\/wp-json\/wp\/v2\/posts\/13504\/revisions\/13506"}],"wp:featuredmedia":[{"embeddable":true,"href":"https:\/\/www.asajacyl.com\/palencia\/wp-json\/wp\/v2\/media\/13507"}],"wp:attachment":[{"href":"https:\/\/www.asajacyl.com\/palencia\/wp-json\/wp\/v2\/media?parent=13504"}],"wp:term":[{"taxonomy":"category","embeddable":true,"href":"https:\/\/www.asajacyl.com\/palencia\/wp-json\/wp\/v2\/categories?post=13504"},{"taxonomy":"post_tag","embeddable":true,"href":"https:\/\/www.asajacyl.com\/palencia\/wp-json\/wp\/v2\/tags?post=13504"}],"curies":[{"name":"wp","href":"https:\/\/api.w.org\/{rel}","templated":true}]}}