{"id":13508,"date":"2023-06-18T12:33:24","date_gmt":"2023-06-18T10:33:24","guid":{"rendered":"https:\/\/www.asajacyl.com\/palencia\/?p=13508"},"modified":"2023-06-16T12:41:42","modified_gmt":"2023-06-16T10:41:42","slug":"el-parlamento-europeo-reconoce-la-necesidad-de-apoyar-al-sector-agropecuario-en-aras-de-la-autonomia-alimentaria","status":"publish","type":"post","link":"https:\/\/www.asajacyl.com\/palencia\/asaja-palencia-informa\/el-parlamento-europeo-reconoce-la-necesidad-de-apoyar-al-sector-agropecuario-en-aras-de-la-autonomia-alimentaria","title":{"rendered":"El Parlamento Europeo reconoce la necesidad de apoyar al sector agropecuario en aras de la autonom\u00eda alimentaria"},"content":{"rendered":"\n<h2 class=\"wp-block-heading\">Hasta el Parlamento Europeo se ha dado cuenta de lo que lleva mucho tiempo diciendo ASAJA: la pandemia, la guerra de Rusia contra Ucrania y el cambio clim\u00e1tico evidencian la necesidad de que la Uni\u00f3n Europea (UE) refuerce su seguridad alimentaria y la resistencia del sector agropecuario. As\u00ed lo reconoce el Parlamento Europeo en una reciente resoluci\u00f3n, donde pide reducir la dependencia de terceros pa\u00edses y marcar una estrategia para prote\u00ednas y piensos, con apoyo financiero a los agricultores.<\/h2>\n\n\n\n<p>En una\u00a0<a href=\"https:\/\/www.europarl.europa.eu\/news\/es\/press-room\/20230609IPR96209\/el-pe-demanda-un-plan-de-seguridad-alimentaria-y-mas-recursos-para-agricultores\">resoluci\u00f3n aprobada<\/a>\u00a0este mi\u00e9rcoles 14 de junio (con 447 votos a favor, 142 en contra y 31 abstenciones), el Parlamento Europeo hace hincapi\u00e9 en que la UE debe reducir su dependencia de terceros pa\u00edses y diversificar el suministro de importaciones clave para la producci\u00f3n, como los fertilizantes, piensos y materias primas. Los eurodiputados piden un plan de seguridad alimentaria, basado en las reservas alimentarias, una estrategia para prote\u00ednas y piensos y apoyo financiero a los agricultores.<\/p>\n\n\n\n<p>Ofrecer financiaci\u00f3n para que los productores puedan acceder a tecnolog\u00edas digitales y la agricultura de precisi\u00f3n resultar\u00e1 clave para elevar el rendimiento y reducir el uso de pesticidas y el consumo de agua, subraya el texto. La C\u00e1mara tambi\u00e9n plantea poner en marcha un nuevo programa europeo para modernizar las instalaciones de riego e impulsar nuevas infraestructuras para la gesti\u00f3n h\u00eddrica.<\/p>\n\n\n\n<p>Los eurodiputados reclaman, asimismo, campa\u00f1as contra el desperdicio alimentario, y apoyo a los Estados miembros para prevenirlo, adem\u00e1s de instar a los supermercados a abordar esta cuesti\u00f3n y a colaborar con bancos de alimentos. En su opini\u00f3n, hace falta inversi\u00f3n en infraestructuras para un transporte y almacenamiento de productos agr\u00edcolas m\u00e1s sostenible.<\/p>\n\n\n\n<p>Los eurodiputados consideran que los acuerdos comerciales deben incluir un cap\u00edtulo sobre productos de alimentaci\u00f3n y agr\u00edcolas para combatir la competencia desleal de los productores de terceros pa\u00edses, que a menudo est\u00e1n sujetos a legislaci\u00f3n menos estricta.<\/p>\n\n\n\n<p><strong>Impacto del Pacto Verde Europeo en la agricultura<\/strong><\/p>\n\n\n\n<p>Los eurodiputados constatan que el Pacto Verde Europeo puede convertirse en un punto de inflexi\u00f3n en la transici\u00f3n de la UE hacia una econom\u00eda y agricultura m\u00e1s verde, sostenible y resiliente, pero se\u00f1alan que algunas de las medidas propuestas pueden tener efectos indeseados en la producci\u00f3n agr\u00edcola, todav\u00eda no evaluados en detalle. La Comisi\u00f3n debe garantizar que, en la aplicaci\u00f3n del Pacto Verde, \u00abse mantengan la actividad y la iniciativa empresarial agr\u00edcolas en toda la Uni\u00f3n desde un punto de vista estrat\u00e9gico en t\u00e9rminos de seguridad alimentaria\u00bb.<\/p>\n\n\n\n<p><strong>Declaraci\u00f3n de la ponente<\/strong><\/p>\n\n\n\n<p>La ponente Marlene Mortler (PPE, Alemania) dijo: \u00ab<strong>La autonom\u00eda alimentaria no puede darse por supuesta. Europa debe ser m\u00e1s autosuficiente. S\u00f3lo podremos garantizar la seguridad alimentaria si los agricultores europeos tienen una posici\u00f3n s\u00f3lida, viable, en la cadena alimentaria y pueden invertir para el futuro. El Parlamento propone aumentar el apoyo a los j\u00f3venes agricultores y las mujeres, as\u00ed como impulsar la inversi\u00f3n y la innovaci\u00f3n. Es la \u00fanica manera de ofrecerles una perspectiva positiva, tambi\u00e9n a las generaciones futuras y la seguridad alimentaria\u00bb.\/<\/strong><\/p>\n\n\n\n<figure class=\"wp-block-image is-resized\" id=\"attachment_22072\"><img loading=\"lazy\" decoding=\"async\" src=\"https:\/\/www.asajacyl.com\/wp-content\/uploads\/2023\/06\/parlamento-europeo-seguridad-alimentaria.jpg\" alt=\"\" class=\"wp-image-22072\" width=\"1034\" height=\"718\" \/><figcaption class=\"wp-element-caption\">EP Plenary session \u2013 Need for an urgent EU Action Plan to ensure Food Security inside and outside the EU in light of the Russian invasion of Ukraine<\/figcaption><\/figure>\n","protected":false},"excerpt":{"rendered":"<p>Hasta el Parlamento Europeo se ha dado cuenta de lo que lleva mucho tiempo diciendo ASAJA: la pandemia, la guerra de Rusia contra Ucrania y el cambio clim\u00e1tico evidencian la necesidad de que la Uni\u00f3n Europea (UE) refuerce su seguridad alimentaria y la resistencia del sector agropecuario. As\u00ed lo reconoce el Parlamento Europeo en una [&hellip;]<\/p>\n","protected":false},"author":9,"featured_media":13513,"comment_status":"open","ping_status":"open","sticky":false,"template":"","format":"standard","meta":{"footnotes":""},"categories":[9,29,28],"tags":[58,255,59,77,257,191,256,44],"yoast_head":"<!-- This site is optimized with the Yoast SEO plugin v24.5 - https:\/\/yoast.com\/wordpress\/plugins\/seo\/ -->\n<title>El Parlamento Europeo reconoce la necesidad de apoyar al sector agropecuario en aras de la autonom\u00eda alimentaria - ASAJA Palencia<\/title>\n<meta name=\"description\" content=\"Hasta el Parlamento Europeo se ha dado cuenta de lo que lleva mucho tiempo diciendo ASAJA: la pandemia, la guerra de Rusia contra Ucrania y el cambio\" \/>\n<meta name=\"robots\" content=\"index, follow, max-snippet:-1, max-image-preview:large, max-video-preview:-1\" \/>\n<link rel=\"canonical\" href=\"https:\/\/www.asajacyl.com\/palencia\/asaja-palencia-informa\/el-parlamento-europeo-reconoce-la-necesidad-de-apoyar-al-sector-agropecuario-en-aras-de-la-autonomia-alimentaria\" \/>\n<meta property=\"og:locale\" content=\"es_ES\" \/>\n<meta property=\"og:type\" content=\"article\" \/>\n<meta property=\"og:title\" content=\"El Parlamento Europeo reconoce la necesidad de apoyar al sector agropecuario en aras de la autonom\u00eda alimentaria - ASAJA Palencia\" \/>\n<meta property=\"og:description\" content=\"Hasta el Parlamento Europeo se ha dado cuenta de lo que lleva mucho tiempo diciendo ASAJA: la pandemia, la guerra de Rusia contra Ucrania y el cambio\" \/>\n<meta property=\"og:url\" content=\"https:\/\/www.asajacyl.com\/palencia\/asaja-palencia-informa\/el-parlamento-europeo-reconoce-la-necesidad-de-apoyar-al-sector-agropecuario-en-aras-de-la-autonomia-alimentaria\" \/>\n<meta property=\"og:site_name\" content=\"ASAJA Palencia\" \/>\n<meta property=\"article:published_time\" content=\"2023-06-18T10:33:24+00:00\" \/>\n<meta property=\"og:image\" content=\"https:\/\/www.asajacyl.com\/palencia\/wp-content\/uploads\/sites\/3\/2023\/06\/parlamento-europeo-seguridad-alimentaria.jpg\" \/>\n\t<meta property=\"og:image:width\" content=\"656\" \/>\n\t<meta property=\"og:image:height\" content=\"452\" \/>\n\t<meta property=\"og:image:type\" content=\"image\/jpeg\" \/>\n<meta name=\"author\" content=\"Administrador\" \/>\n<meta name=\"twitter:card\" content=\"summary_large_image\" \/>\n<meta name=\"twitter:label1\" content=\"Escrito por\" \/>\n\t<meta name=\"twitter:data1\" content=\"Administrador\" \/>\n\t<meta name=\"twitter:label2\" content=\"Tiempo de lectura\" \/>\n\t<meta name=\"twitter:data2\" content=\"3 minutos\" \/>\n<script type=\"application\/ld+json\" class=\"yoast-schema-graph\">{\"@context\":\"https:\/\/schema.org\",\"@graph\":[{\"@type\":\"WebPage\",\"@id\":\"https:\/\/www.asajacyl.com\/palencia\/asaja-palencia-informa\/el-parlamento-europeo-reconoce-la-necesidad-de-apoyar-al-sector-agropecuario-en-aras-de-la-autonomia-alimentaria\",\"url\":\"https:\/\/www.asajacyl.com\/palencia\/asaja-palencia-informa\/el-parlamento-europeo-reconoce-la-necesidad-de-apoyar-al-sector-agropecuario-en-aras-de-la-autonomia-alimentaria\",\"name\":\"El Parlamento Europeo reconoce la necesidad de apoyar al sector agropecuario en aras de la autonom\u00eda alimentaria - ASAJA Palencia\",\"isPartOf\":{\"@id\":\"https:\/\/www.asajacyl.com\/palencia\/#website\"},\"primaryImageOfPage\":{\"@id\":\"https:\/\/www.asajacyl.com\/palencia\/asaja-palencia-informa\/el-parlamento-europeo-reconoce-la-necesidad-de-apoyar-al-sector-agropecuario-en-aras-de-la-autonomia-alimentaria#primaryimage\"},\"image\":{\"@id\":\"https:\/\/www.asajacyl.com\/palencia\/asaja-palencia-informa\/el-parlamento-europeo-reconoce-la-necesidad-de-apoyar-al-sector-agropecuario-en-aras-de-la-autonomia-alimentaria#primaryimage\"},\"thumbnailUrl\":\"https:\/\/www.asajacyl.com\/palencia\/wp-content\/uploads\/sites\/3\/2023\/06\/parlamento-europeo-seguridad-alimentaria.jpg\",\"datePublished\":\"2023-06-18T10:33:24+00:00\",\"author\":{\"@id\":\"https:\/\/www.asajacyl.com\/palencia\/#\/schema\/person\/3ab17aeb03527485c317557fae64aab1\"},\"description\":\"Hasta el Parlamento Europeo se ha dado cuenta de lo que lleva mucho tiempo diciendo ASAJA: la pandemia, la guerra de Rusia contra Ucrania y el cambio\",\"breadcrumb\":{\"@id\":\"https:\/\/www.asajacyl.com\/palencia\/asaja-palencia-informa\/el-parlamento-europeo-reconoce-la-necesidad-de-apoyar-al-sector-agropecuario-en-aras-de-la-autonomia-alimentaria#breadcrumb\"},\"inLanguage\":\"es\",\"potentialAction\":[{\"@type\":\"ReadAction\",\"target\":[\"https:\/\/www.asajacyl.com\/palencia\/asaja-palencia-informa\/el-parlamento-europeo-reconoce-la-necesidad-de-apoyar-al-sector-agropecuario-en-aras-de-la-autonomia-alimentaria\"]}]},{\"@type\":\"ImageObject\",\"inLanguage\":\"es\",\"@id\":\"https:\/\/www.asajacyl.com\/palencia\/asaja-palencia-informa\/el-parlamento-europeo-reconoce-la-necesidad-de-apoyar-al-sector-agropecuario-en-aras-de-la-autonomia-alimentaria#primaryimage\",\"url\":\"https:\/\/www.asajacyl.com\/palencia\/wp-content\/uploads\/sites\/3\/2023\/06\/parlamento-europeo-seguridad-alimentaria.jpg\",\"contentUrl\":\"https:\/\/www.asajacyl.com\/palencia\/wp-content\/uploads\/sites\/3\/2023\/06\/parlamento-europeo-seguridad-alimentaria.jpg\",\"width\":656,\"height\":452},{\"@type\":\"BreadcrumbList\",\"@id\":\"https:\/\/www.asajacyl.com\/palencia\/asaja-palencia-informa\/el-parlamento-europeo-reconoce-la-necesidad-de-apoyar-al-sector-agropecuario-en-aras-de-la-autonomia-alimentaria#breadcrumb\",\"itemListElement\":[{\"@type\":\"ListItem\",\"position\":1,\"name\":\"Portada\",\"item\":\"https:\/\/www.asajacyl.com\/palencia\/\"},{\"@type\":\"ListItem\",\"position\":2,\"name\":\"El Parlamento Europeo reconoce la necesidad de apoyar al sector agropecuario en aras de la autonom\u00eda alimentaria\"}]},{\"@type\":\"WebSite\",\"@id\":\"https:\/\/www.asajacyl.com\/palencia\/#website\",\"url\":\"https:\/\/www.asajacyl.com\/palencia\/\",\"name\":\"ASAJA Palencia\",\"description\":\"Otro sitio m\u00e1s de Provincias ASAJA Castilla y Le\u00f3n\",\"potentialAction\":[{\"@type\":\"SearchAction\",\"target\":{\"@type\":\"EntryPoint\",\"urlTemplate\":\"https:\/\/www.asajacyl.com\/palencia\/?s={search_term_string}\"},\"query-input\":{\"@type\":\"PropertyValueSpecification\",\"valueRequired\":true,\"valueName\":\"search_term_string\"}}],\"inLanguage\":\"es\"},{\"@type\":\"Person\",\"@id\":\"https:\/\/www.asajacyl.com\/palencia\/#\/schema\/person\/3ab17aeb03527485c317557fae64aab1\",\"name\":\"Administrador\",\"image\":{\"@type\":\"ImageObject\",\"inLanguage\":\"es\",\"@id\":\"https:\/\/www.asajacyl.com\/palencia\/#\/schema\/person\/image\/\",\"url\":\"https:\/\/secure.gravatar.com\/avatar\/517384810d242ca9e38c180f3c9fb973?s=96&d=mm&r=g\",\"contentUrl\":\"https:\/\/secure.gravatar.com\/avatar\/517384810d242ca9e38c180f3c9fb973?s=96&d=mm&r=g\",\"caption\":\"Administrador\"},\"url\":\"https:\/\/www.asajacyl.com\/palencia\/author\/carlosrm\"}]}<\/script>\n<!-- \/ Yoast SEO plugin. -->","yoast_head_json":{"title":"El Parlamento Europeo reconoce la necesidad de apoyar al sector agropecuario en aras de la autonom\u00eda alimentaria - ASAJA Palencia","description":"Hasta el Parlamento Europeo se ha dado cuenta de lo que lleva mucho tiempo diciendo ASAJA: la pandemia, la guerra de Rusia contra Ucrania y el cambio","robots":{"index":"index","follow":"follow","max-snippet":"max-snippet:-1","max-image-preview":"max-image-preview:large","max-video-preview":"max-video-preview:-1"},"canonical":"https:\/\/www.asajacyl.com\/palencia\/asaja-palencia-informa\/el-parlamento-europeo-reconoce-la-necesidad-de-apoyar-al-sector-agropecuario-en-aras-de-la-autonomia-alimentaria","og_locale":"es_ES","og_type":"article","og_title":"El Parlamento Europeo reconoce la necesidad de apoyar al sector agropecuario en aras de la autonom\u00eda alimentaria - ASAJA Palencia","og_description":"Hasta el Parlamento Europeo se ha dado cuenta de lo que lleva mucho tiempo diciendo ASAJA: la pandemia, la guerra de Rusia contra Ucrania y el cambio","og_url":"https:\/\/www.asajacyl.com\/palencia\/asaja-palencia-informa\/el-parlamento-europeo-reconoce-la-necesidad-de-apoyar-al-sector-agropecuario-en-aras-de-la-autonomia-alimentaria","og_site_name":"ASAJA Palencia","article_published_time":"2023-06-18T10:33:24+00:00","og_image":[{"width":656,"height":452,"url":"https:\/\/www.asajacyl.com\/palencia\/wp-content\/uploads\/sites\/3\/2023\/06\/parlamento-europeo-seguridad-alimentaria.jpg","type":"image\/jpeg"}],"author":"Administrador","twitter_card":"summary_large_image","twitter_misc":{"Escrito por":"Administrador","Tiempo de lectura":"3 minutos"},"schema":{"@context":"https:\/\/schema.org","@graph":[{"@type":"WebPage","@id":"https:\/\/www.asajacyl.com\/palencia\/asaja-palencia-informa\/el-parlamento-europeo-reconoce-la-necesidad-de-apoyar-al-sector-agropecuario-en-aras-de-la-autonomia-alimentaria","url":"https:\/\/www.asajacyl.com\/palencia\/asaja-palencia-informa\/el-parlamento-europeo-reconoce-la-necesidad-de-apoyar-al-sector-agropecuario-en-aras-de-la-autonomia-alimentaria","name":"El Parlamento Europeo reconoce la necesidad de apoyar al sector agropecuario en aras de la autonom\u00eda alimentaria - ASAJA Palencia","isPartOf":{"@id":"https:\/\/www.asajacyl.com\/palencia\/#website"},"primaryImageOfPage":{"@id":"https:\/\/www.asajacyl.com\/palencia\/asaja-palencia-informa\/el-parlamento-europeo-reconoce-la-necesidad-de-apoyar-al-sector-agropecuario-en-aras-de-la-autonomia-alimentaria#primaryimage"},"image":{"@id":"https:\/\/www.asajacyl.com\/palencia\/asaja-palencia-informa\/el-parlamento-europeo-reconoce-la-necesidad-de-apoyar-al-sector-agropecuario-en-aras-de-la-autonomia-alimentaria#primaryimage"},"thumbnailUrl":"https:\/\/www.asajacyl.com\/palencia\/wp-content\/uploads\/sites\/3\/2023\/06\/parlamento-europeo-seguridad-alimentaria.jpg","datePublished":"2023-06-18T10:33:24+00:00","author":{"@id":"https:\/\/www.asajacyl.com\/palencia\/#\/schema\/person\/3ab17aeb03527485c317557fae64aab1"},"description":"Hasta el Parlamento Europeo se ha dado cuenta de lo que lleva mucho tiempo diciendo ASAJA: la pandemia, la guerra de Rusia contra Ucrania y el cambio","breadcrumb":{"@id":"https:\/\/www.asajacyl.com\/palencia\/asaja-palencia-informa\/el-parlamento-europeo-reconoce-la-necesidad-de-apoyar-al-sector-agropecuario-en-aras-de-la-autonomia-alimentaria#breadcrumb"},"inLanguage":"es","potentialAction":[{"@type":"ReadAction","target":["https:\/\/www.asajacyl.com\/palencia\/asaja-palencia-informa\/el-parlamento-europeo-reconoce-la-necesidad-de-apoyar-al-sector-agropecuario-en-aras-de-la-autonomia-alimentaria"]}]},{"@type":"ImageObject","inLanguage":"es","@id":"https:\/\/www.asajacyl.com\/palencia\/asaja-palencia-informa\/el-parlamento-europeo-reconoce-la-necesidad-de-apoyar-al-sector-agropecuario-en-aras-de-la-autonomia-alimentaria#primaryimage","url":"https:\/\/www.asajacyl.com\/palencia\/wp-content\/uploads\/sites\/3\/2023\/06\/parlamento-europeo-seguridad-alimentaria.jpg","contentUrl":"https:\/\/www.asajacyl.com\/palencia\/wp-content\/uploads\/sites\/3\/2023\/06\/parlamento-europeo-seguridad-alimentaria.jpg","width":656,"height":452},{"@type":"BreadcrumbList","@id":"https:\/\/www.asajacyl.com\/palencia\/asaja-palencia-informa\/el-parlamento-europeo-reconoce-la-necesidad-de-apoyar-al-sector-agropecuario-en-aras-de-la-autonomia-alimentaria#breadcrumb","itemListElement":[{"@type":"ListItem","position":1,"name":"Portada","item":"https:\/\/www.asajacyl.com\/palencia\/"},{"@type":"ListItem","position":2,"name":"El Parlamento Europeo reconoce la necesidad de apoyar al sector agropecuario en aras de la autonom\u00eda alimentaria"}]},{"@type":"WebSite","@id":"https:\/\/www.asajacyl.com\/palencia\/#website","url":"https:\/\/www.asajacyl.com\/palencia\/","name":"ASAJA Palencia","description":"Otro sitio m\u00e1s de Provincias ASAJA Castilla y Le\u00f3n","potentialAction":[{"@type":"SearchAction","target":{"@type":"EntryPoint","urlTemplate":"https:\/\/www.asajacyl.com\/palencia\/?s={search_term_string}"},"query-input":{"@type":"PropertyValueSpecification","valueRequired":true,"valueName":"search_term_string"}}],"inLanguage":"es"},{"@type":"Person","@id":"https:\/\/www.asajacyl.com\/palencia\/#\/schema\/person\/3ab17aeb03527485c317557fae64aab1","name":"Administrador","image":{"@type":"ImageObject","inLanguage":"es","@id":"https:\/\/www.asajacyl.com\/palencia\/#\/schema\/person\/image\/","url":"https:\/\/secure.gravatar.com\/avatar\/517384810d242ca9e38c180f3c9fb973?s=96&d=mm&r=g","contentUrl":"https:\/\/secure.gravatar.com\/avatar\/517384810d242ca9e38c180f3c9fb973?s=96&d=mm&r=g","caption":"Administrador"},"url":"https:\/\/www.asajacyl.com\/palencia\/author\/carlosrm"}]}},"_links":{"self":[{"href":"https:\/\/www.asajacyl.com\/palencia\/wp-json\/wp\/v2\/posts\/13508"}],"collection":[{"href":"https:\/\/www.asajacyl.com\/palencia\/wp-json\/wp\/v2\/posts"}],"about":[{"href":"https:\/\/www.asajacyl.com\/palencia\/wp-json\/wp\/v2\/types\/post"}],"author":[{"embeddable":true,"href":"https:\/\/www.asajacyl.com\/palencia\/wp-json\/wp\/v2\/users\/9"}],"replies":[{"embeddable":true,"href":"https:\/\/www.asajacyl.com\/palencia\/wp-json\/wp\/v2\/comments?post=13508"}],"version-history":[{"count":1,"href":"https:\/\/www.asajacyl.com\/palencia\/wp-json\/wp\/v2\/posts\/13508\/revisions"}],"predecessor-version":[{"id":13514,"href":"https:\/\/www.asajacyl.com\/palencia\/wp-json\/wp\/v2\/posts\/13508\/revisions\/13514"}],"wp:featuredmedia":[{"embeddable":true,"href":"https:\/\/www.asajacyl.com\/palencia\/wp-json\/wp\/v2\/media\/13513"}],"wp:attachment":[{"href":"https:\/\/www.asajacyl.com\/palencia\/wp-json\/wp\/v2\/media?parent=13508"}],"wp:term":[{"taxonomy":"category","embeddable":true,"href":"https:\/\/www.asajacyl.com\/palencia\/wp-json\/wp\/v2\/categories?post=13508"},{"taxonomy":"post_tag","embeddable":true,"href":"https:\/\/www.asajacyl.com\/palencia\/wp-json\/wp\/v2\/tags?post=13508"}],"curies":[{"name":"wp","href":"https:\/\/api.w.org\/{rel}","templated":true}]}}