{"id":13526,"date":"2023-06-20T14:03:53","date_gmt":"2023-06-20T12:03:53","guid":{"rendered":"https:\/\/www.asajacyl.com\/palencia\/?p=13526"},"modified":"2023-06-20T19:14:06","modified_gmt":"2023-06-20T17:14:06","slug":"la-junta-declara-esta-campana-agricola-excepcional-por-la-sequia","status":"publish","type":"post","link":"https:\/\/www.asajacyl.com\/palencia\/asaja-palencia-informa\/la-junta-declara-esta-campana-agricola-excepcional-por-la-sequia","title":{"rendered":"ASAJA pide a la Junta el doble de presupuesto y ayudas directas a todos los profesionales"},"content":{"rendered":"\n<h2 class=\"wp-block-heading\">ASAJA califica de totalmente insuficiente el montante de ayudas anunciado este martes 20 de junio por la Consejer\u00eda de Agricultura, Ganader\u00eda y Desarrollo Rural en el Consejo Agrario de Castilla y Le\u00f3n, a la vez que denuncia que excluye a buena parte de las explotaciones m\u00e1s perjudicadas por la sequ\u00eda. La cantidad prevista por la Junta para apoyar al sector agrario y ganadero de la comunidad aut\u00f3noma ronda los cien millones de euros. La cifra queda muy lejos del m\u00ednimo de doscientos millones que reclamaba el sector para que, junto a las ayudas del Ministerio y de Europa, aporte al menos ox\u00edgeno a un campo devastado, que acumula p\u00e9rdidas por valor de cerca de dos mil millones de euros. El Bolet\u00edn Oficial de Castilla y Le\u00f3n public\u00f3 este lunes la\u00a0Declaraci\u00f3n de excepcionalidad de la campa\u00f1a agr\u00edcola\u00a02022-2023 de Castilla y Le\u00f3n a consecuencia de la sequ\u00eda. ASAJA reclam\u00f3 que en este Consejo Agrario se concretasen las medidas urgentes de apoyo anunciadas en paralelo a esa declaraci\u00f3n.<\/h2>\n\n\n\n<p>Seg\u00fan ha explicado Donaciano Dujo, presidente regional de ASAJA, a la salida de un consejo que se ha prolongado m\u00e1s de cuatro horas, Gerardo Due\u00f1as, consejero de Agricultura, ha apuntado que se dedicar\u00e1n sesenta millones a sufragar el 30% de la franquicia del seguro agrario, y otros cuarenta millones a pr\u00e9stamos bonificados. <\/p>\n\n\n\n<p>ASAJA reclama una ayuda directa para todos los agricultores y ganaderos profesionales \u00abporque si se vincula exclusivamente al seguro muchos no podr\u00e1n beneficiarse, especialmente en las provincias del sur de la comunidad, donde la sequ\u00eda ha sido a\u00fan m\u00e1s severa, que son las que tienen un aseguramiento m\u00e1s bajo, porque las condiciones y rendimientos hacen que no sea asequible\u00bb. Desde ASAJA reclamamos el doble de presupuesto y ayudas directas a los profesionales, tengan o no seguro.<\/p>\n\n\n\n<p>Respecto al apoyo a los pr\u00e9stamos y las condiciones propuestas por la Consejer\u00eda \u2014una cuant\u00eda m\u00e1xima cubierta de 60.000 euros, un a\u00f1o de carencia y cuatro m\u00e1ximo de amortizaci\u00f3n\u2014, Dujo afirm\u00f3 que \u00abse aproximan m\u00e1s a las necesidades del sector, pero deber\u00edan ser dos a\u00f1os de carencia y no s\u00f3lo uno, y por supuesto al 0% de inter\u00e9s, porque el sector est\u00e1 bajo m\u00ednimos tras varias campa\u00f1as malas\u00bb.<\/p>\n\n\n\n<p>Otro punto reivindicado por las organizaciones en el Consejo Agrario es que las tasas agrarias y ganaderas se reduzcan al m\u00e1ximo permitido, el 95%, tanto en este ejercicio de 2023, como en los de 2024 y 2025.<\/p>\n\n\n\n<p><strong>PAC FLEXIBLE Y URGENCIA.<\/strong> Respecto a la flexibilizaci\u00f3n de la PAC, igualmente se ha reclamado que sea amplia y adem\u00e1s se extienda a a\u00f1os sucesivos, \u00abporque muchas medidas que se nos pide realizar son una barbaridad y deben ser suprimidas, pues complican la vida al agricultor y encima no repercuten en ning\u00fan beneficio medioambiental, porque no est\u00e1n adaptadas a la realidad de nuestro pa\u00eds\u00bb.<\/p>\n\n\n\n<p>Donaciano Dujo ha pedido que todas estas medidas est\u00e9n aprobadas, financiadas y en marcha antes del 15 de septiembre, para que los agricultores puedan iniciar la nueva campa\u00f1a con normalidad, lo que adem\u00e1s corresponde a la propia declaraci\u00f3n de urgencia de la administraci\u00f3n regional, publicada este lunes en el BOCYL, para la adopci\u00f3n de medidas de apoyo al sector agrario, dirigidas a dotar de liquidez a las explotaciones de modo que permitan paliar los efectos negativos de la sequ\u00eda y las consecuencias derivadas de la guerra en Ucrania.<\/p>\n\n\n\n<p>Tras su declaraci\u00f3n de excepcionalidad de esta cosecha, la Consejer\u00eda de Agricultura, Ganader\u00eda y Desarrollo Rural debe determinar ahora el alcance de las obligaciones y los criterios de admisibilidad de actuaciones de la propia Consejer\u00eda y de las ayudas de la Pol\u00edtica Agr\u00edcola Com\u00fan, tanto con cargo al Feaga como al Feader, equiparando esta situaci\u00f3n a las de \u00abfuerza mayor o circunstancias excepcionales\u00bb.<strong>\/<\/strong><\/p>\n","protected":false},"excerpt":{"rendered":"<p>ASAJA califica de totalmente insuficiente el montante de ayudas anunciado este martes 20 de junio por la Consejer\u00eda de Agricultura, Ganader\u00eda y Desarrollo Rural en el Consejo Agrario de Castilla y Le\u00f3n, a la vez que denuncia que excluye a buena parte de las explotaciones m\u00e1s perjudicadas por la sequ\u00eda. La cantidad prevista por la [&hellip;]<\/p>\n","protected":false},"author":9,"featured_media":13531,"comment_status":"open","ping_status":"open","sticky":false,"template":"","format":"standard","meta":{"footnotes":""},"categories":[9,29,28],"tags":[58,59,142,190,77,66,185,93],"yoast_head":"<!-- This site is optimized with the Yoast SEO plugin v24.5 - https:\/\/yoast.com\/wordpress\/plugins\/seo\/ -->\n<title>ASAJA pide a la Junta el doble de presupuesto y ayudas directas a todos los profesionales - ASAJA Palencia<\/title>\n<meta name=\"description\" content=\"ASAJA califica de totalmente insuficiente el montante de ayudas anunciado este martes 20 de junio por la Consejer\u00eda de Agricultura, Ganader\u00eda y Desarrollo\" \/>\n<meta name=\"robots\" content=\"index, follow, max-snippet:-1, max-image-preview:large, max-video-preview:-1\" \/>\n<link rel=\"canonical\" href=\"https:\/\/www.asajacyl.com\/palencia\/asaja-palencia-informa\/la-junta-declara-esta-campana-agricola-excepcional-por-la-sequia\" \/>\n<meta property=\"og:locale\" content=\"es_ES\" \/>\n<meta property=\"og:type\" content=\"article\" \/>\n<meta property=\"og:title\" content=\"ASAJA pide a la Junta el doble de presupuesto y ayudas directas a todos los profesionales - ASAJA Palencia\" \/>\n<meta property=\"og:description\" content=\"ASAJA califica de totalmente insuficiente el montante de ayudas anunciado este martes 20 de junio por la Consejer\u00eda de Agricultura, Ganader\u00eda y Desarrollo\" \/>\n<meta property=\"og:url\" content=\"https:\/\/www.asajacyl.com\/palencia\/asaja-palencia-informa\/la-junta-declara-esta-campana-agricola-excepcional-por-la-sequia\" \/>\n<meta property=\"og:site_name\" content=\"ASAJA Palencia\" \/>\n<meta property=\"article:published_time\" content=\"2023-06-20T12:03:53+00:00\" \/>\n<meta property=\"article:modified_time\" content=\"2023-06-20T17:14:06+00:00\" \/>\n<meta property=\"og:image\" content=\"https:\/\/www.asajacyl.com\/palencia\/wp-content\/uploads\/sites\/3\/2023\/06\/consejo-agrario-donaciano-tele.jpg\" \/>\n\t<meta property=\"og:image:width\" content=\"663\" \/>\n\t<meta property=\"og:image:height\" content=\"449\" \/>\n\t<meta property=\"og:image:type\" content=\"image\/jpeg\" \/>\n<meta name=\"author\" content=\"Administrador\" \/>\n<meta name=\"twitter:card\" content=\"summary_large_image\" \/>\n<meta name=\"twitter:label1\" content=\"Escrito por\" \/>\n\t<meta name=\"twitter:data1\" content=\"Administrador\" \/>\n\t<meta name=\"twitter:label2\" content=\"Tiempo de lectura\" \/>\n\t<meta name=\"twitter:data2\" content=\"3 minutos\" \/>\n<script type=\"application\/ld+json\" class=\"yoast-schema-graph\">{\"@context\":\"https:\/\/schema.org\",\"@graph\":[{\"@type\":\"WebPage\",\"@id\":\"https:\/\/www.asajacyl.com\/palencia\/asaja-palencia-informa\/la-junta-declara-esta-campana-agricola-excepcional-por-la-sequia\",\"url\":\"https:\/\/www.asajacyl.com\/palencia\/asaja-palencia-informa\/la-junta-declara-esta-campana-agricola-excepcional-por-la-sequia\",\"name\":\"ASAJA pide a la Junta el doble de presupuesto y ayudas directas a todos los profesionales - ASAJA Palencia\",\"isPartOf\":{\"@id\":\"https:\/\/www.asajacyl.com\/palencia\/#website\"},\"primaryImageOfPage\":{\"@id\":\"https:\/\/www.asajacyl.com\/palencia\/asaja-palencia-informa\/la-junta-declara-esta-campana-agricola-excepcional-por-la-sequia#primaryimage\"},\"image\":{\"@id\":\"https:\/\/www.asajacyl.com\/palencia\/asaja-palencia-informa\/la-junta-declara-esta-campana-agricola-excepcional-por-la-sequia#primaryimage\"},\"thumbnailUrl\":\"https:\/\/www.asajacyl.com\/palencia\/wp-content\/uploads\/sites\/3\/2023\/06\/consejo-agrario-donaciano-tele.jpg\",\"datePublished\":\"2023-06-20T12:03:53+00:00\",\"dateModified\":\"2023-06-20T17:14:06+00:00\",\"author\":{\"@id\":\"https:\/\/www.asajacyl.com\/palencia\/#\/schema\/person\/3ab17aeb03527485c317557fae64aab1\"},\"description\":\"ASAJA califica de totalmente insuficiente el montante de ayudas anunciado este martes 20 de junio por la Consejer\u00eda de Agricultura, Ganader\u00eda y Desarrollo\",\"breadcrumb\":{\"@id\":\"https:\/\/www.asajacyl.com\/palencia\/asaja-palencia-informa\/la-junta-declara-esta-campana-agricola-excepcional-por-la-sequia#breadcrumb\"},\"inLanguage\":\"es\",\"potentialAction\":[{\"@type\":\"ReadAction\",\"target\":[\"https:\/\/www.asajacyl.com\/palencia\/asaja-palencia-informa\/la-junta-declara-esta-campana-agricola-excepcional-por-la-sequia\"]}]},{\"@type\":\"ImageObject\",\"inLanguage\":\"es\",\"@id\":\"https:\/\/www.asajacyl.com\/palencia\/asaja-palencia-informa\/la-junta-declara-esta-campana-agricola-excepcional-por-la-sequia#primaryimage\",\"url\":\"https:\/\/www.asajacyl.com\/palencia\/wp-content\/uploads\/sites\/3\/2023\/06\/consejo-agrario-donaciano-tele.jpg\",\"contentUrl\":\"https:\/\/www.asajacyl.com\/palencia\/wp-content\/uploads\/sites\/3\/2023\/06\/consejo-agrario-donaciano-tele.jpg\",\"width\":663,\"height\":449},{\"@type\":\"BreadcrumbList\",\"@id\":\"https:\/\/www.asajacyl.com\/palencia\/asaja-palencia-informa\/la-junta-declara-esta-campana-agricola-excepcional-por-la-sequia#breadcrumb\",\"itemListElement\":[{\"@type\":\"ListItem\",\"position\":1,\"name\":\"Portada\",\"item\":\"https:\/\/www.asajacyl.com\/palencia\/\"},{\"@type\":\"ListItem\",\"position\":2,\"name\":\"ASAJA pide a la Junta el doble de presupuesto y ayudas directas a todos los profesionales\"}]},{\"@type\":\"WebSite\",\"@id\":\"https:\/\/www.asajacyl.com\/palencia\/#website\",\"url\":\"https:\/\/www.asajacyl.com\/palencia\/\",\"name\":\"ASAJA Palencia\",\"description\":\"Otro sitio m\u00e1s de Provincias ASAJA Castilla y Le\u00f3n\",\"potentialAction\":[{\"@type\":\"SearchAction\",\"target\":{\"@type\":\"EntryPoint\",\"urlTemplate\":\"https:\/\/www.asajacyl.com\/palencia\/?s={search_term_string}\"},\"query-input\":{\"@type\":\"PropertyValueSpecification\",\"valueRequired\":true,\"valueName\":\"search_term_string\"}}],\"inLanguage\":\"es\"},{\"@type\":\"Person\",\"@id\":\"https:\/\/www.asajacyl.com\/palencia\/#\/schema\/person\/3ab17aeb03527485c317557fae64aab1\",\"name\":\"Administrador\",\"image\":{\"@type\":\"ImageObject\",\"inLanguage\":\"es\",\"@id\":\"https:\/\/www.asajacyl.com\/palencia\/#\/schema\/person\/image\/\",\"url\":\"https:\/\/secure.gravatar.com\/avatar\/517384810d242ca9e38c180f3c9fb973?s=96&d=mm&r=g\",\"contentUrl\":\"https:\/\/secure.gravatar.com\/avatar\/517384810d242ca9e38c180f3c9fb973?s=96&d=mm&r=g\",\"caption\":\"Administrador\"},\"url\":\"https:\/\/www.asajacyl.com\/palencia\/author\/carlosrm\"}]}<\/script>\n<!-- \/ Yoast SEO plugin. -->","yoast_head_json":{"title":"ASAJA pide a la Junta el doble de presupuesto y ayudas directas a todos los profesionales - ASAJA Palencia","description":"ASAJA califica de totalmente insuficiente el montante de ayudas anunciado este martes 20 de junio por la Consejer\u00eda de Agricultura, Ganader\u00eda y Desarrollo","robots":{"index":"index","follow":"follow","max-snippet":"max-snippet:-1","max-image-preview":"max-image-preview:large","max-video-preview":"max-video-preview:-1"},"canonical":"https:\/\/www.asajacyl.com\/palencia\/asaja-palencia-informa\/la-junta-declara-esta-campana-agricola-excepcional-por-la-sequia","og_locale":"es_ES","og_type":"article","og_title":"ASAJA pide a la Junta el doble de presupuesto y ayudas directas a todos los profesionales - ASAJA Palencia","og_description":"ASAJA califica de totalmente insuficiente el montante de ayudas anunciado este martes 20 de junio por la Consejer\u00eda de Agricultura, Ganader\u00eda y Desarrollo","og_url":"https:\/\/www.asajacyl.com\/palencia\/asaja-palencia-informa\/la-junta-declara-esta-campana-agricola-excepcional-por-la-sequia","og_site_name":"ASAJA Palencia","article_published_time":"2023-06-20T12:03:53+00:00","article_modified_time":"2023-06-20T17:14:06+00:00","og_image":[{"width":663,"height":449,"url":"https:\/\/www.asajacyl.com\/palencia\/wp-content\/uploads\/sites\/3\/2023\/06\/consejo-agrario-donaciano-tele.jpg","type":"image\/jpeg"}],"author":"Administrador","twitter_card":"summary_large_image","twitter_misc":{"Escrito por":"Administrador","Tiempo de lectura":"3 minutos"},"schema":{"@context":"https:\/\/schema.org","@graph":[{"@type":"WebPage","@id":"https:\/\/www.asajacyl.com\/palencia\/asaja-palencia-informa\/la-junta-declara-esta-campana-agricola-excepcional-por-la-sequia","url":"https:\/\/www.asajacyl.com\/palencia\/asaja-palencia-informa\/la-junta-declara-esta-campana-agricola-excepcional-por-la-sequia","name":"ASAJA pide a la Junta el doble de presupuesto y ayudas directas a todos los profesionales - ASAJA Palencia","isPartOf":{"@id":"https:\/\/www.asajacyl.com\/palencia\/#website"},"primaryImageOfPage":{"@id":"https:\/\/www.asajacyl.com\/palencia\/asaja-palencia-informa\/la-junta-declara-esta-campana-agricola-excepcional-por-la-sequia#primaryimage"},"image":{"@id":"https:\/\/www.asajacyl.com\/palencia\/asaja-palencia-informa\/la-junta-declara-esta-campana-agricola-excepcional-por-la-sequia#primaryimage"},"thumbnailUrl":"https:\/\/www.asajacyl.com\/palencia\/wp-content\/uploads\/sites\/3\/2023\/06\/consejo-agrario-donaciano-tele.jpg","datePublished":"2023-06-20T12:03:53+00:00","dateModified":"2023-06-20T17:14:06+00:00","author":{"@id":"https:\/\/www.asajacyl.com\/palencia\/#\/schema\/person\/3ab17aeb03527485c317557fae64aab1"},"description":"ASAJA califica de totalmente insuficiente el montante de ayudas anunciado este martes 20 de junio por la Consejer\u00eda de Agricultura, Ganader\u00eda y Desarrollo","breadcrumb":{"@id":"https:\/\/www.asajacyl.com\/palencia\/asaja-palencia-informa\/la-junta-declara-esta-campana-agricola-excepcional-por-la-sequia#breadcrumb"},"inLanguage":"es","potentialAction":[{"@type":"ReadAction","target":["https:\/\/www.asajacyl.com\/palencia\/asaja-palencia-informa\/la-junta-declara-esta-campana-agricola-excepcional-por-la-sequia"]}]},{"@type":"ImageObject","inLanguage":"es","@id":"https:\/\/www.asajacyl.com\/palencia\/asaja-palencia-informa\/la-junta-declara-esta-campana-agricola-excepcional-por-la-sequia#primaryimage","url":"https:\/\/www.asajacyl.com\/palencia\/wp-content\/uploads\/sites\/3\/2023\/06\/consejo-agrario-donaciano-tele.jpg","contentUrl":"https:\/\/www.asajacyl.com\/palencia\/wp-content\/uploads\/sites\/3\/2023\/06\/consejo-agrario-donaciano-tele.jpg","width":663,"height":449},{"@type":"BreadcrumbList","@id":"https:\/\/www.asajacyl.com\/palencia\/asaja-palencia-informa\/la-junta-declara-esta-campana-agricola-excepcional-por-la-sequia#breadcrumb","itemListElement":[{"@type":"ListItem","position":1,"name":"Portada","item":"https:\/\/www.asajacyl.com\/palencia\/"},{"@type":"ListItem","position":2,"name":"ASAJA pide a la Junta el doble de presupuesto y ayudas directas a todos los profesionales"}]},{"@type":"WebSite","@id":"https:\/\/www.asajacyl.com\/palencia\/#website","url":"https:\/\/www.asajacyl.com\/palencia\/","name":"ASAJA Palencia","description":"Otro sitio m\u00e1s de Provincias ASAJA Castilla y Le\u00f3n","potentialAction":[{"@type":"SearchAction","target":{"@type":"EntryPoint","urlTemplate":"https:\/\/www.asajacyl.com\/palencia\/?s={search_term_string}"},"query-input":{"@type":"PropertyValueSpecification","valueRequired":true,"valueName":"search_term_string"}}],"inLanguage":"es"},{"@type":"Person","@id":"https:\/\/www.asajacyl.com\/palencia\/#\/schema\/person\/3ab17aeb03527485c317557fae64aab1","name":"Administrador","image":{"@type":"ImageObject","inLanguage":"es","@id":"https:\/\/www.asajacyl.com\/palencia\/#\/schema\/person\/image\/","url":"https:\/\/secure.gravatar.com\/avatar\/517384810d242ca9e38c180f3c9fb973?s=96&d=mm&r=g","contentUrl":"https:\/\/secure.gravatar.com\/avatar\/517384810d242ca9e38c180f3c9fb973?s=96&d=mm&r=g","caption":"Administrador"},"url":"https:\/\/www.asajacyl.com\/palencia\/author\/carlosrm"}]}},"_links":{"self":[{"href":"https:\/\/www.asajacyl.com\/palencia\/wp-json\/wp\/v2\/posts\/13526"}],"collection":[{"href":"https:\/\/www.asajacyl.com\/palencia\/wp-json\/wp\/v2\/posts"}],"about":[{"href":"https:\/\/www.asajacyl.com\/palencia\/wp-json\/wp\/v2\/types\/post"}],"author":[{"embeddable":true,"href":"https:\/\/www.asajacyl.com\/palencia\/wp-json\/wp\/v2\/users\/9"}],"replies":[{"embeddable":true,"href":"https:\/\/www.asajacyl.com\/palencia\/wp-json\/wp\/v2\/comments?post=13526"}],"version-history":[{"count":2,"href":"https:\/\/www.asajacyl.com\/palencia\/wp-json\/wp\/v2\/posts\/13526\/revisions"}],"predecessor-version":[{"id":13530,"href":"https:\/\/www.asajacyl.com\/palencia\/wp-json\/wp\/v2\/posts\/13526\/revisions\/13530"}],"wp:featuredmedia":[{"embeddable":true,"href":"https:\/\/www.asajacyl.com\/palencia\/wp-json\/wp\/v2\/media\/13531"}],"wp:attachment":[{"href":"https:\/\/www.asajacyl.com\/palencia\/wp-json\/wp\/v2\/media?parent=13526"}],"wp:term":[{"taxonomy":"category","embeddable":true,"href":"https:\/\/www.asajacyl.com\/palencia\/wp-json\/wp\/v2\/categories?post=13526"},{"taxonomy":"post_tag","embeddable":true,"href":"https:\/\/www.asajacyl.com\/palencia\/wp-json\/wp\/v2\/tags?post=13526"}],"curies":[{"name":"wp","href":"https:\/\/api.w.org\/{rel}","templated":true}]}}