{"id":13543,"date":"2023-06-22T10:13:05","date_gmt":"2023-06-22T08:13:05","guid":{"rendered":"https:\/\/www.asajacyl.com\/palencia\/?p=13543"},"modified":"2023-06-21T10:36:15","modified_gmt":"2023-06-21T08:36:15","slug":"convocatoria-de-asamblea-de-la-concentracion-de-revilla-de-collazos-bascones-de-ojeda-y-collazos-y-olea-de-boedo","status":"publish","type":"post","link":"https:\/\/www.asajacyl.com\/palencia\/sin-categoria\/convocatoria-de-asamblea-de-la-concentracion-de-revilla-de-collazos-bascones-de-ojeda-y-collazos-y-olea-de-boedo","title":{"rendered":"Convocatoria de asamblea de la concentraci\u00f3n de Revilla de Collazos, B\u00e1scones de Ojeda y Collazos y Olea de Boedo"},"content":{"rendered":"\n<p>La Junta de Castilla y Le\u00f3n ha convocado para el 5 de julio las asambleas \u00fanicas para elegir a los miembros del grupo m auxiliar de trabajo y de la comisi\u00f3n local de la concentraci\u00f3n parcelaria en los municipios de B\u00e1scones de Ojeda, Revilla de Collazos, Collazos de Boedo y Olea de Boedo. Las asambleas se celebrar\u00e1n a lo largo de la ma\u00f1ana en los ayuntamientos de cada localidad.<\/p>\n\n\n\n<p>El Servicio Territorial de Agricultura, Ganader\u00eda y Desarrollo Rural de Palencia ha convocado estas asambleas, que dar\u00e1n comienzo en la ma\u00f1ana del mi\u00e9rcoles 5 de julio en las respectivas casas consistoriales con arreglo a este horario:<\/p>\n\n\n\n<ul>\n<li>OLEA DE BOEDO: 9:15 horas<\/li>\n\n\n\n<li>COLLAZOS DE BOEDO: 10:15 horas<\/li>\n\n\n\n<li>REVILLA DE COLLAZOS: 11:15 horas<\/li>\n\n\n\n<li>B\u00c1SCONES DE OJEDA: 12:15 horas<\/li>\n<\/ul>\n\n\n\n<p>Seg\u00fan el Reglamento de Concentraci\u00f3n Parcelaria de Castilla y Le\u00f3n, los grupos auxiliares de trabajo deber\u00e1n crearse con anterioridad a la elaboraci\u00f3n del estudio t\u00e9cnico previo y estar\u00e1n integrados por agricultores y propietarios de terrenos r\u00fasticos residentes en la zona, en n\u00famero de tres a seis, elegidos entre los participantes en el proceso de concentraci\u00f3n en asamblea \u00fanica. Por su parte, la comisi\u00f3n local se elegir\u00e1 entre los participantes del proceso de concentraci\u00f3n (propietarios y titulares de derechos reales y situaciones jur\u00eddicas existentes).<strong>\/<\/strong><\/p>\n\n\n\n<p><\/p>\n\n\n\n<p><\/p>\n\n\n\n<p><\/p>\n","protected":false},"excerpt":{"rendered":"<p>La Junta de Castilla y Le\u00f3n ha convocado para el 5 de julio las asambleas \u00fanicas para elegir a los miembros del grupo m auxiliar de trabajo y de la comisi\u00f3n local de la concentraci\u00f3n parcelaria en los municipios de B\u00e1scones de Ojeda, Revilla de Collazos, Collazos de Boedo y Olea de Boedo. Las asambleas [&hellip;]<\/p>\n","protected":false},"author":9,"featured_media":13545,"comment_status":"open","ping_status":"open","sticky":false,"template":"","format":"standard","meta":{"footnotes":""},"categories":[9,31,29,28,13,1],"tags":[58,264,265,169,142,77,66,266,263],"yoast_head":"<!-- This site is optimized with the Yoast SEO plugin v24.5 - https:\/\/yoast.com\/wordpress\/plugins\/seo\/ -->\n<title>Convocatoria de asamblea de la concentraci\u00f3n de Revilla de Collazos, B\u00e1scones de Ojeda y Collazos y Olea de Boedo - ASAJA Palencia<\/title>\n<meta name=\"description\" content=\"La Junta de Castilla y Le\u00f3n ha convocado para el 5 de julio las asambleas \u00fanicas para elegir a los miembros del grupo m auxiliar de trabajo y de la\" \/>\n<meta name=\"robots\" content=\"index, follow, max-snippet:-1, max-image-preview:large, max-video-preview:-1\" \/>\n<link rel=\"canonical\" href=\"https:\/\/www.asajacyl.com\/palencia\/sin-categoria\/convocatoria-de-asamblea-de-la-concentracion-de-revilla-de-collazos-bascones-de-ojeda-y-collazos-y-olea-de-boedo\" \/>\n<meta property=\"og:locale\" content=\"es_ES\" \/>\n<meta property=\"og:type\" content=\"article\" \/>\n<meta property=\"og:title\" content=\"Convocatoria de asamblea de la concentraci\u00f3n de Revilla de Collazos, B\u00e1scones de Ojeda y Collazos y Olea de Boedo - ASAJA Palencia\" \/>\n<meta property=\"og:description\" content=\"La Junta de Castilla y Le\u00f3n ha convocado para el 5 de julio las asambleas \u00fanicas para elegir a los miembros del grupo m auxiliar de trabajo y de la\" \/>\n<meta property=\"og:url\" content=\"https:\/\/www.asajacyl.com\/palencia\/sin-categoria\/convocatoria-de-asamblea-de-la-concentracion-de-revilla-de-collazos-bascones-de-ojeda-y-collazos-y-olea-de-boedo\" \/>\n<meta property=\"og:site_name\" content=\"ASAJA Palencia\" \/>\n<meta property=\"article:published_time\" content=\"2023-06-22T08:13:05+00:00\" \/>\n<meta property=\"og:image\" content=\"https:\/\/www.asajacyl.com\/palencia\/wp-content\/uploads\/sites\/3\/2023\/06\/Concentracion-Ojeda-Boedo-1024x896.jpg\" \/>\n\t<meta property=\"og:image:width\" content=\"1024\" \/>\n\t<meta property=\"og:image:height\" content=\"896\" \/>\n\t<meta property=\"og:image:type\" content=\"image\/jpeg\" \/>\n<meta name=\"author\" content=\"Administrador\" \/>\n<meta name=\"twitter:card\" content=\"summary_large_image\" \/>\n<meta name=\"twitter:label1\" content=\"Escrito por\" \/>\n\t<meta name=\"twitter:data1\" content=\"Administrador\" \/>\n\t<meta name=\"twitter:label2\" content=\"Tiempo de lectura\" \/>\n\t<meta name=\"twitter:data2\" content=\"1 minuto\" \/>\n<script type=\"application\/ld+json\" class=\"yoast-schema-graph\">{\"@context\":\"https:\/\/schema.org\",\"@graph\":[{\"@type\":\"WebPage\",\"@id\":\"https:\/\/www.asajacyl.com\/palencia\/sin-categoria\/convocatoria-de-asamblea-de-la-concentracion-de-revilla-de-collazos-bascones-de-ojeda-y-collazos-y-olea-de-boedo\",\"url\":\"https:\/\/www.asajacyl.com\/palencia\/sin-categoria\/convocatoria-de-asamblea-de-la-concentracion-de-revilla-de-collazos-bascones-de-ojeda-y-collazos-y-olea-de-boedo\",\"name\":\"Convocatoria de asamblea de la concentraci\u00f3n de Revilla de Collazos, B\u00e1scones de Ojeda y Collazos y Olea de Boedo - ASAJA Palencia\",\"isPartOf\":{\"@id\":\"https:\/\/www.asajacyl.com\/palencia\/#website\"},\"primaryImageOfPage\":{\"@id\":\"https:\/\/www.asajacyl.com\/palencia\/sin-categoria\/convocatoria-de-asamblea-de-la-concentracion-de-revilla-de-collazos-bascones-de-ojeda-y-collazos-y-olea-de-boedo#primaryimage\"},\"image\":{\"@id\":\"https:\/\/www.asajacyl.com\/palencia\/sin-categoria\/convocatoria-de-asamblea-de-la-concentracion-de-revilla-de-collazos-bascones-de-ojeda-y-collazos-y-olea-de-boedo#primaryimage\"},\"thumbnailUrl\":\"https:\/\/www.asajacyl.com\/palencia\/wp-content\/uploads\/sites\/3\/2023\/06\/Concentracion-Ojeda-Boedo.jpg\",\"datePublished\":\"2023-06-22T08:13:05+00:00\",\"author\":{\"@id\":\"https:\/\/www.asajacyl.com\/palencia\/#\/schema\/person\/3ab17aeb03527485c317557fae64aab1\"},\"description\":\"La Junta de Castilla y Le\u00f3n ha convocado para el 5 de julio las asambleas \u00fanicas para elegir a los miembros del grupo m auxiliar de trabajo y de la\",\"breadcrumb\":{\"@id\":\"https:\/\/www.asajacyl.com\/palencia\/sin-categoria\/convocatoria-de-asamblea-de-la-concentracion-de-revilla-de-collazos-bascones-de-ojeda-y-collazos-y-olea-de-boedo#breadcrumb\"},\"inLanguage\":\"es\",\"potentialAction\":[{\"@type\":\"ReadAction\",\"target\":[\"https:\/\/www.asajacyl.com\/palencia\/sin-categoria\/convocatoria-de-asamblea-de-la-concentracion-de-revilla-de-collazos-bascones-de-ojeda-y-collazos-y-olea-de-boedo\"]}]},{\"@type\":\"ImageObject\",\"inLanguage\":\"es\",\"@id\":\"https:\/\/www.asajacyl.com\/palencia\/sin-categoria\/convocatoria-de-asamblea-de-la-concentracion-de-revilla-de-collazos-bascones-de-ojeda-y-collazos-y-olea-de-boedo#primaryimage\",\"url\":\"https:\/\/www.asajacyl.com\/palencia\/wp-content\/uploads\/sites\/3\/2023\/06\/Concentracion-Ojeda-Boedo.jpg\",\"contentUrl\":\"https:\/\/www.asajacyl.com\/palencia\/wp-content\/uploads\/sites\/3\/2023\/06\/Concentracion-Ojeda-Boedo.jpg\",\"width\":1890,\"height\":1654},{\"@type\":\"BreadcrumbList\",\"@id\":\"https:\/\/www.asajacyl.com\/palencia\/sin-categoria\/convocatoria-de-asamblea-de-la-concentracion-de-revilla-de-collazos-bascones-de-ojeda-y-collazos-y-olea-de-boedo#breadcrumb\",\"itemListElement\":[{\"@type\":\"ListItem\",\"position\":1,\"name\":\"Portada\",\"item\":\"https:\/\/www.asajacyl.com\/palencia\/\"},{\"@type\":\"ListItem\",\"position\":2,\"name\":\"Convocatoria de asamblea de la concentraci\u00f3n de Revilla de Collazos, B\u00e1scones de Ojeda y Collazos y Olea de Boedo\"}]},{\"@type\":\"WebSite\",\"@id\":\"https:\/\/www.asajacyl.com\/palencia\/#website\",\"url\":\"https:\/\/www.asajacyl.com\/palencia\/\",\"name\":\"ASAJA Palencia\",\"description\":\"Otro sitio m\u00e1s de Provincias ASAJA Castilla y Le\u00f3n\",\"potentialAction\":[{\"@type\":\"SearchAction\",\"target\":{\"@type\":\"EntryPoint\",\"urlTemplate\":\"https:\/\/www.asajacyl.com\/palencia\/?s={search_term_string}\"},\"query-input\":{\"@type\":\"PropertyValueSpecification\",\"valueRequired\":true,\"valueName\":\"search_term_string\"}}],\"inLanguage\":\"es\"},{\"@type\":\"Person\",\"@id\":\"https:\/\/www.asajacyl.com\/palencia\/#\/schema\/person\/3ab17aeb03527485c317557fae64aab1\",\"name\":\"Administrador\",\"image\":{\"@type\":\"ImageObject\",\"inLanguage\":\"es\",\"@id\":\"https:\/\/www.asajacyl.com\/palencia\/#\/schema\/person\/image\/\",\"url\":\"https:\/\/secure.gravatar.com\/avatar\/517384810d242ca9e38c180f3c9fb973?s=96&d=mm&r=g\",\"contentUrl\":\"https:\/\/secure.gravatar.com\/avatar\/517384810d242ca9e38c180f3c9fb973?s=96&d=mm&r=g\",\"caption\":\"Administrador\"},\"url\":\"https:\/\/www.asajacyl.com\/palencia\/author\/carlosrm\"}]}<\/script>\n<!-- \/ Yoast SEO plugin. -->","yoast_head_json":{"title":"Convocatoria de asamblea de la concentraci\u00f3n de Revilla de Collazos, B\u00e1scones de Ojeda y Collazos y Olea de Boedo - ASAJA Palencia","description":"La Junta de Castilla y Le\u00f3n ha convocado para el 5 de julio las asambleas \u00fanicas para elegir a los miembros del grupo m auxiliar de trabajo y de la","robots":{"index":"index","follow":"follow","max-snippet":"max-snippet:-1","max-image-preview":"max-image-preview:large","max-video-preview":"max-video-preview:-1"},"canonical":"https:\/\/www.asajacyl.com\/palencia\/sin-categoria\/convocatoria-de-asamblea-de-la-concentracion-de-revilla-de-collazos-bascones-de-ojeda-y-collazos-y-olea-de-boedo","og_locale":"es_ES","og_type":"article","og_title":"Convocatoria de asamblea de la concentraci\u00f3n de Revilla de Collazos, B\u00e1scones de Ojeda y Collazos y Olea de Boedo - ASAJA Palencia","og_description":"La Junta de Castilla y Le\u00f3n ha convocado para el 5 de julio las asambleas \u00fanicas para elegir a los miembros del grupo m auxiliar de trabajo y de la","og_url":"https:\/\/www.asajacyl.com\/palencia\/sin-categoria\/convocatoria-de-asamblea-de-la-concentracion-de-revilla-de-collazos-bascones-de-ojeda-y-collazos-y-olea-de-boedo","og_site_name":"ASAJA Palencia","article_published_time":"2023-06-22T08:13:05+00:00","og_image":[{"width":1024,"height":896,"url":"https:\/\/www.asajacyl.com\/palencia\/wp-content\/uploads\/sites\/3\/2023\/06\/Concentracion-Ojeda-Boedo-1024x896.jpg","type":"image\/jpeg"}],"author":"Administrador","twitter_card":"summary_large_image","twitter_misc":{"Escrito por":"Administrador","Tiempo de lectura":"1 minuto"},"schema":{"@context":"https:\/\/schema.org","@graph":[{"@type":"WebPage","@id":"https:\/\/www.asajacyl.com\/palencia\/sin-categoria\/convocatoria-de-asamblea-de-la-concentracion-de-revilla-de-collazos-bascones-de-ojeda-y-collazos-y-olea-de-boedo","url":"https:\/\/www.asajacyl.com\/palencia\/sin-categoria\/convocatoria-de-asamblea-de-la-concentracion-de-revilla-de-collazos-bascones-de-ojeda-y-collazos-y-olea-de-boedo","name":"Convocatoria de asamblea de la concentraci\u00f3n de Revilla de Collazos, B\u00e1scones de Ojeda y Collazos y Olea de Boedo - ASAJA Palencia","isPartOf":{"@id":"https:\/\/www.asajacyl.com\/palencia\/#website"},"primaryImageOfPage":{"@id":"https:\/\/www.asajacyl.com\/palencia\/sin-categoria\/convocatoria-de-asamblea-de-la-concentracion-de-revilla-de-collazos-bascones-de-ojeda-y-collazos-y-olea-de-boedo#primaryimage"},"image":{"@id":"https:\/\/www.asajacyl.com\/palencia\/sin-categoria\/convocatoria-de-asamblea-de-la-concentracion-de-revilla-de-collazos-bascones-de-ojeda-y-collazos-y-olea-de-boedo#primaryimage"},"thumbnailUrl":"https:\/\/www.asajacyl.com\/palencia\/wp-content\/uploads\/sites\/3\/2023\/06\/Concentracion-Ojeda-Boedo.jpg","datePublished":"2023-06-22T08:13:05+00:00","author":{"@id":"https:\/\/www.asajacyl.com\/palencia\/#\/schema\/person\/3ab17aeb03527485c317557fae64aab1"},"description":"La Junta de Castilla y Le\u00f3n ha convocado para el 5 de julio las asambleas \u00fanicas para elegir a los miembros del grupo m auxiliar de trabajo y de la","breadcrumb":{"@id":"https:\/\/www.asajacyl.com\/palencia\/sin-categoria\/convocatoria-de-asamblea-de-la-concentracion-de-revilla-de-collazos-bascones-de-ojeda-y-collazos-y-olea-de-boedo#breadcrumb"},"inLanguage":"es","potentialAction":[{"@type":"ReadAction","target":["https:\/\/www.asajacyl.com\/palencia\/sin-categoria\/convocatoria-de-asamblea-de-la-concentracion-de-revilla-de-collazos-bascones-de-ojeda-y-collazos-y-olea-de-boedo"]}]},{"@type":"ImageObject","inLanguage":"es","@id":"https:\/\/www.asajacyl.com\/palencia\/sin-categoria\/convocatoria-de-asamblea-de-la-concentracion-de-revilla-de-collazos-bascones-de-ojeda-y-collazos-y-olea-de-boedo#primaryimage","url":"https:\/\/www.asajacyl.com\/palencia\/wp-content\/uploads\/sites\/3\/2023\/06\/Concentracion-Ojeda-Boedo.jpg","contentUrl":"https:\/\/www.asajacyl.com\/palencia\/wp-content\/uploads\/sites\/3\/2023\/06\/Concentracion-Ojeda-Boedo.jpg","width":1890,"height":1654},{"@type":"BreadcrumbList","@id":"https:\/\/www.asajacyl.com\/palencia\/sin-categoria\/convocatoria-de-asamblea-de-la-concentracion-de-revilla-de-collazos-bascones-de-ojeda-y-collazos-y-olea-de-boedo#breadcrumb","itemListElement":[{"@type":"ListItem","position":1,"name":"Portada","item":"https:\/\/www.asajacyl.com\/palencia\/"},{"@type":"ListItem","position":2,"name":"Convocatoria de asamblea de la concentraci\u00f3n de Revilla de Collazos, B\u00e1scones de Ojeda y Collazos y Olea de Boedo"}]},{"@type":"WebSite","@id":"https:\/\/www.asajacyl.com\/palencia\/#website","url":"https:\/\/www.asajacyl.com\/palencia\/","name":"ASAJA Palencia","description":"Otro sitio m\u00e1s de Provincias ASAJA Castilla y Le\u00f3n","potentialAction":[{"@type":"SearchAction","target":{"@type":"EntryPoint","urlTemplate":"https:\/\/www.asajacyl.com\/palencia\/?s={search_term_string}"},"query-input":{"@type":"PropertyValueSpecification","valueRequired":true,"valueName":"search_term_string"}}],"inLanguage":"es"},{"@type":"Person","@id":"https:\/\/www.asajacyl.com\/palencia\/#\/schema\/person\/3ab17aeb03527485c317557fae64aab1","name":"Administrador","image":{"@type":"ImageObject","inLanguage":"es","@id":"https:\/\/www.asajacyl.com\/palencia\/#\/schema\/person\/image\/","url":"https:\/\/secure.gravatar.com\/avatar\/517384810d242ca9e38c180f3c9fb973?s=96&d=mm&r=g","contentUrl":"https:\/\/secure.gravatar.com\/avatar\/517384810d242ca9e38c180f3c9fb973?s=96&d=mm&r=g","caption":"Administrador"},"url":"https:\/\/www.asajacyl.com\/palencia\/author\/carlosrm"}]}},"_links":{"self":[{"href":"https:\/\/www.asajacyl.com\/palencia\/wp-json\/wp\/v2\/posts\/13543"}],"collection":[{"href":"https:\/\/www.asajacyl.com\/palencia\/wp-json\/wp\/v2\/posts"}],"about":[{"href":"https:\/\/www.asajacyl.com\/palencia\/wp-json\/wp\/v2\/types\/post"}],"author":[{"embeddable":true,"href":"https:\/\/www.asajacyl.com\/palencia\/wp-json\/wp\/v2\/users\/9"}],"replies":[{"embeddable":true,"href":"https:\/\/www.asajacyl.com\/palencia\/wp-json\/wp\/v2\/comments?post=13543"}],"version-history":[{"count":3,"href":"https:\/\/www.asajacyl.com\/palencia\/wp-json\/wp\/v2\/posts\/13543\/revisions"}],"predecessor-version":[{"id":13547,"href":"https:\/\/www.asajacyl.com\/palencia\/wp-json\/wp\/v2\/posts\/13543\/revisions\/13547"}],"wp:featuredmedia":[{"embeddable":true,"href":"https:\/\/www.asajacyl.com\/palencia\/wp-json\/wp\/v2\/media\/13545"}],"wp:attachment":[{"href":"https:\/\/www.asajacyl.com\/palencia\/wp-json\/wp\/v2\/media?parent=13543"}],"wp:term":[{"taxonomy":"category","embeddable":true,"href":"https:\/\/www.asajacyl.com\/palencia\/wp-json\/wp\/v2\/categories?post=13543"},{"taxonomy":"post_tag","embeddable":true,"href":"https:\/\/www.asajacyl.com\/palencia\/wp-json\/wp\/v2\/tags?post=13543"}],"curies":[{"name":"wp","href":"https:\/\/api.w.org\/{rel}","templated":true}]}}