{"id":13552,"date":"2023-06-22T09:14:31","date_gmt":"2023-06-22T07:14:31","guid":{"rendered":"https:\/\/www.asajacyl.com\/palencia\/?p=13552"},"modified":"2023-06-22T09:18:24","modified_gmt":"2023-06-22T07:18:24","slug":"asaja-denuncia-la-falta-de-compromiso-del-gobierno-de-espana-con-el-campo-en-puertas-de-la-presidencia-europea","status":"publish","type":"post","link":"https:\/\/www.asajacyl.com\/palencia\/asaja-palencia-informa\/asaja-denuncia-la-falta-de-compromiso-del-gobierno-de-espana-con-el-campo-en-puertas-de-la-presidencia-europea","title":{"rendered":"ASAJA ve en el Gobierno de Espa\u00f1a falta de compromiso con el campo en puertas de presidir la UE"},"content":{"rendered":"\n<h2 class=\"wp-block-heading\">A diez d\u00edas del comienzo de la presidencia espa\u00f1ola del Consejo de la UE, el Gobierno de Espa\u00f1a ha presentado sus prioridades para los pr\u00f3ximos seis meses, en los que nuestro pa\u00eds pasar\u00e1 a liderar la agenda europea. <a href=\"https:\/\/www.asaja.com\/publicaciones\/asaja_denuncia_la_falta_de_compromiso_del_gobierno_de_espana_con_el_sector_agropecuario_ante_la_inminente_presidencia_espanola_del_consejo_de_la_ue__11186\">La direcci\u00f3n nacional de ASAJA ha difundido un comunicado donde <\/a>critica que nada se mencione en materia agropecuaria.<\/h2>\n\n\n\n<p>Los agricultores y los ganaderos de Espa\u00f1a y del conjunto de la Uni\u00f3n Europea se encuentran en una situaci\u00f3n alarmante, porque la Comisi\u00f3n Europea propone regulaciones demasiado ambiciosas, que no tienen en cuenta la realidad socioecon\u00f3mica y clim\u00e1tica que existe en el campo. En ese sentido, desde&nbsp;<a href=\"https:\/\/www.asaja.com\/publicaciones\/asaja_denuncia_la_falta_de_compromiso_del_gobierno_de_espana_con_el_sector_agropecuario_ante_la_inminente_presidencia_espanola_del_consejo_de_la_ue__11186\">ASAJA<\/a>&nbsp;reclamamos la colaboraci\u00f3n del Gobierno de Espa\u00f1a \u2014en concreto del Ministerio de Agricultura, Pesca y Alimentaci\u00f3n (MAPA) y del Ministerio de Transici\u00f3n Ecol\u00f3gica y Reto Demogr\u00e1\ufb01co (MITECO)\u2014 para que durante la presidencia del Consejo asuma las siguientes prioridades para nuestra organizaci\u00f3n, en defensa de los intereses y las necesidades de los profesionales del sector agropecuario:<\/p>\n\n\n\n<p><strong><u>AGRICULTURA<\/u><\/strong><\/p>\n\n\n\n<ul>\n<li><strong>Mejorar la propuesta legislativa para las Nuevas T\u00e9cnicas de Edici\u00f3n Gen\u00e9tica<\/strong>&nbsp;(NGTs) &nbsp;para que se consideren fuera de la reglamentaci\u00f3n de los Organismos Gen\u00e9ticamente Modi\ufb01cados (OGM) y que tanto la mutag\u00e9nesis como la cisg\u00e9nesis queden catalogadas como \u201cno OGM\u201d. Ante unas condiciones clim\u00e1ticas cada vez m\u00e1s adversas, resultan necesarias variedades m\u00e1s resistentes a la sequ\u00eda y a las plagas.<\/li>\n\n\n\n<li><strong>Paralizar la legislaci\u00f3n del Reglamento de Uso de Fitosanitarios (SUR) y la Ley de la Restauraci\u00f3n de la Naturaleza (LRN)<\/strong>, ya que resulta ilusorio pretender eliminar el uso de \ufb01tosanitarios en un 50% y reducir la superficie cultivable, a costa de la PAC, a la vez que querer garantizar la seguridad alimentaria en la Uni\u00f3n Europea sin acudir a importaciones de pa\u00edses que en ning\u00fan caso cumplen con estas medidas.<\/li>\n\n\n\n<li><strong>Proponer la ampliaci\u00f3n del presupuesto de la PAC en el pr\u00f3ximo Marco Financiero Plurianual (MFP).<\/strong>&nbsp;El sector agrario necesita de inversiones para fomentar planes imprescindibles como la modernizaci\u00f3n de los regad\u00edos. Adem\u00e1s, pedimos que Espa\u00f1a lidere una petici\u00f3n para incrementar exponencialmente la reserva de crisis para hacer frente a problemas ex\u00f3genos al sector agropecuario (guerra de Ucrania, in\ufb02aci\u00f3n, costes de producci\u00f3n y sequ\u00eda).<\/li>\n\n\n\n<li>Crear un&nbsp;<strong>sistema privado y voluntario que genere cr\u00e9ditos de carbono<\/strong>&nbsp;que sirva como un ingreso extra para agricultores y ganaderos, adem\u00e1s de mitigar las emisiones de industrias contaminantes.<\/li>\n\n\n\n<li>Propuesta de&nbsp;<strong>creaci\u00f3n de un organismo europeo que asegure el control en fronteras<\/strong>, en coordinaci\u00f3n con los Estados miembros, con el objetivo de impedir la entrada de posibles plagas \ufb01tosanitarias a la UE.<\/li>\n\n\n\n<li>Reclamamos el&nbsp;<strong>reconocimiento del papel que juegan los agricultores<\/strong>&nbsp;en el desarrollo rural y la conservaci\u00f3n del medio ambiente, la biodiversidad y el paisaje.<\/li>\n<\/ul>\n\n\n\n<p><strong>GANADER\u00cdA<\/strong><\/p>\n\n\n\n<ul>\n<li><strong>Abogar por el statu quo para la Directiva de Usos Industriales (IED)<\/strong>&nbsp;para que no se compare el sector agropecuario con industrias pesadas, como la automovil\u00edstica o la ferretera.<\/li>\n\n\n\n<li>Ponderar las propuestas que se publicar\u00e1n en oto\u00f1o sobre&nbsp;<strong>bienestar animal<\/strong>&nbsp;con respecto a las buenas pr\u00e1cticas en granjas, transporte, matadero y etiquetado. En este sentido, el fin de las jaulas significar\u00eda la ampliaci\u00f3n de la superficie de las granjas para que los ganaderos no perdieran rentabilidad. Sin embargo, esto chocar\u00eda frontalmente con la Ley de Restauraci\u00f3n de la Naturaleza, que de\ufb01ende la reducci\u00f3n de super\ufb01cie agraria.<\/li>\n\n\n\n<li>Asimismo, no continuar con&nbsp;<strong>etiquetados obligatorios<\/strong>&nbsp;que vayan m\u00e1s all\u00e1 de lo que exige la legislaci\u00f3n, ni volver a&nbsp;<strong>mataderos de cercan\u00eda<\/strong>&nbsp;como imposici\u00f3n, ante la inseguridad jur\u00eddica que provoca. En este sentido, tampoco se deben permitir las&nbsp;<strong>restricciones para el transporte de animales vivos<\/strong>&nbsp;por v\u00eda mar\u00edtima debido a la importancia de nuestro comercio con los pa\u00edses, por condiciones de calor en horas m\u00e1ximas al ser pa\u00eds de periferia y en el norte de \u00c1frica.<\/li>\n\n\n\n<li><strong>Paralizar de forma inmediata el Acuerdo Comercial del MERCOSUR<\/strong>&nbsp;por la imposibilidad de competir con los mismos est\u00e1ndares y&nbsp;<strong>no facilitar m\u00e1s acceso a<\/strong>&nbsp;<strong>Nueva Zelanda<\/strong>&nbsp;a nuestros mercados para la venta de carne (en especial ovino y caprino).<\/li>\n\n\n\n<li>Proponer la&nbsp;<strong>modi\ufb01caci\u00f3n de los anexos de la Directiva H\u00e1bitat<\/strong>&nbsp;para declarar al lobo como especie cineg\u00e9tica a nivel europeo.<\/li>\n\n\n\n<li><strong>Modi\ufb01car la normativa de la tuberculosis<\/strong>&nbsp;para zonas que tendr\u00e1n que convivir con esta enfermedad de forma continua por imposibilidad de erradicarla.<\/li>\n\n\n\n<li>Propuesta de creaci\u00f3n de un&nbsp;<strong>organismo europeo que asegure el control en fronteras<\/strong>, en coordinaci\u00f3n con los Estados miembros con el objetivo de impedir la entrada de posibles enfermedades animales a la UE.<\/li>\n\n\n\n<li>Reclamamos&nbsp;<strong>el reconocimiento del papel que juegan los ganaderos<\/strong>&nbsp;en el desarrollo rural y la conservaci\u00f3n del medio ambiente, la biodiversidad y el paisaje.<strong>\/<\/strong><\/li>\n<\/ul>\n","protected":false},"excerpt":{"rendered":"<p>A diez d\u00edas del comienzo de la presidencia espa\u00f1ola del Consejo de la UE, el Gobierno de Espa\u00f1a ha presentado sus prioridades para los pr\u00f3ximos seis meses, en los que nuestro pa\u00eds pasar\u00e1 a liderar la agenda europea. La direcci\u00f3n nacional de ASAJA ha difundido un comunicado donde critica que nada se mencione en materia [&hellip;]<\/p>\n","protected":false},"author":9,"featured_media":1176,"comment_status":"open","ping_status":"open","sticky":false,"template":"","format":"standard","meta":{"footnotes":""},"categories":[9,29,28],"tags":[58,267,190,141,77,239,104,110,237,45,44],"yoast_head":"<!-- This site is optimized with the Yoast SEO plugin v24.5 - https:\/\/yoast.com\/wordpress\/plugins\/seo\/ -->\n<title>ASAJA ve en el Gobierno de Espa\u00f1a falta de compromiso con el campo en puertas de presidir la UE - ASAJA Palencia<\/title>\n<meta name=\"description\" content=\"A diez d\u00edas del comienzo de la presidencia espa\u00f1ola del Consejo de la UE, el Gobierno de Espa\u00f1a ha presentado sus prioridades para los pr\u00f3ximos seis\" \/>\n<meta name=\"robots\" content=\"index, follow, max-snippet:-1, max-image-preview:large, max-video-preview:-1\" \/>\n<link rel=\"canonical\" href=\"https:\/\/www.asajacyl.com\/palencia\/asaja-palencia-informa\/asaja-denuncia-la-falta-de-compromiso-del-gobierno-de-espana-con-el-campo-en-puertas-de-la-presidencia-europea\" \/>\n<meta property=\"og:locale\" content=\"es_ES\" \/>\n<meta property=\"og:type\" content=\"article\" \/>\n<meta property=\"og:title\" content=\"ASAJA ve en el Gobierno de Espa\u00f1a falta de compromiso con el campo en puertas de presidir la UE - ASAJA Palencia\" \/>\n<meta property=\"og:description\" content=\"A diez d\u00edas del comienzo de la presidencia espa\u00f1ola del Consejo de la UE, el Gobierno de Espa\u00f1a ha presentado sus prioridades para los pr\u00f3ximos seis\" \/>\n<meta property=\"og:url\" content=\"https:\/\/www.asajacyl.com\/palencia\/asaja-palencia-informa\/asaja-denuncia-la-falta-de-compromiso-del-gobierno-de-espana-con-el-campo-en-puertas-de-la-presidencia-europea\" \/>\n<meta property=\"og:site_name\" content=\"ASAJA Palencia\" \/>\n<meta property=\"article:published_time\" content=\"2023-06-22T07:14:31+00:00\" \/>\n<meta property=\"article:modified_time\" content=\"2023-06-22T07:18:24+00:00\" \/>\n<meta property=\"og:image\" content=\"https:\/\/www.asajacyl.com\/palencia\/wp-content\/uploads\/sites\/3\/2023\/06\/COMISION-EUROPEA-16x14-1.jpg\" \/>\n\t<meta property=\"og:image:width\" content=\"1890\" \/>\n\t<meta property=\"og:image:height\" content=\"1654\" \/>\n\t<meta property=\"og:image:type\" content=\"image\/jpeg\" \/>\n<meta name=\"author\" content=\"Administrador\" \/>\n<meta name=\"twitter:card\" content=\"summary_large_image\" \/>\n<meta name=\"twitter:label1\" content=\"Escrito por\" \/>\n\t<meta name=\"twitter:data1\" content=\"Administrador\" \/>\n\t<meta name=\"twitter:label2\" content=\"Tiempo de lectura\" \/>\n\t<meta name=\"twitter:data2\" content=\"4 minutos\" \/>\n<script type=\"application\/ld+json\" class=\"yoast-schema-graph\">{\"@context\":\"https:\/\/schema.org\",\"@graph\":[{\"@type\":\"WebPage\",\"@id\":\"https:\/\/www.asajacyl.com\/palencia\/asaja-palencia-informa\/asaja-denuncia-la-falta-de-compromiso-del-gobierno-de-espana-con-el-campo-en-puertas-de-la-presidencia-europea\",\"url\":\"https:\/\/www.asajacyl.com\/palencia\/asaja-palencia-informa\/asaja-denuncia-la-falta-de-compromiso-del-gobierno-de-espana-con-el-campo-en-puertas-de-la-presidencia-europea\",\"name\":\"ASAJA ve en el Gobierno de Espa\u00f1a falta de compromiso con el campo en puertas de presidir la UE - ASAJA Palencia\",\"isPartOf\":{\"@id\":\"https:\/\/www.asajacyl.com\/palencia\/#website\"},\"primaryImageOfPage\":{\"@id\":\"https:\/\/www.asajacyl.com\/palencia\/asaja-palencia-informa\/asaja-denuncia-la-falta-de-compromiso-del-gobierno-de-espana-con-el-campo-en-puertas-de-la-presidencia-europea#primaryimage\"},\"image\":{\"@id\":\"https:\/\/www.asajacyl.com\/palencia\/asaja-palencia-informa\/asaja-denuncia-la-falta-de-compromiso-del-gobierno-de-espana-con-el-campo-en-puertas-de-la-presidencia-europea#primaryimage\"},\"thumbnailUrl\":\"\",\"datePublished\":\"2023-06-22T07:14:31+00:00\",\"dateModified\":\"2023-06-22T07:18:24+00:00\",\"author\":{\"@id\":\"https:\/\/www.asajacyl.com\/palencia\/#\/schema\/person\/3ab17aeb03527485c317557fae64aab1\"},\"description\":\"A diez d\u00edas del comienzo de la presidencia espa\u00f1ola del Consejo de la UE, el Gobierno de Espa\u00f1a ha presentado sus prioridades para los pr\u00f3ximos seis\",\"breadcrumb\":{\"@id\":\"https:\/\/www.asajacyl.com\/palencia\/asaja-palencia-informa\/asaja-denuncia-la-falta-de-compromiso-del-gobierno-de-espana-con-el-campo-en-puertas-de-la-presidencia-europea#breadcrumb\"},\"inLanguage\":\"es\",\"potentialAction\":[{\"@type\":\"ReadAction\",\"target\":[\"https:\/\/www.asajacyl.com\/palencia\/asaja-palencia-informa\/asaja-denuncia-la-falta-de-compromiso-del-gobierno-de-espana-con-el-campo-en-puertas-de-la-presidencia-europea\"]}]},{\"@type\":\"ImageObject\",\"inLanguage\":\"es\",\"@id\":\"https:\/\/www.asajacyl.com\/palencia\/asaja-palencia-informa\/asaja-denuncia-la-falta-de-compromiso-del-gobierno-de-espana-con-el-campo-en-puertas-de-la-presidencia-europea#primaryimage\",\"url\":\"\",\"contentUrl\":\"\"},{\"@type\":\"BreadcrumbList\",\"@id\":\"https:\/\/www.asajacyl.com\/palencia\/asaja-palencia-informa\/asaja-denuncia-la-falta-de-compromiso-del-gobierno-de-espana-con-el-campo-en-puertas-de-la-presidencia-europea#breadcrumb\",\"itemListElement\":[{\"@type\":\"ListItem\",\"position\":1,\"name\":\"Portada\",\"item\":\"https:\/\/www.asajacyl.com\/palencia\/\"},{\"@type\":\"ListItem\",\"position\":2,\"name\":\"ASAJA ve en el Gobierno de Espa\u00f1a falta de compromiso con el campo en puertas de presidir la UE\"}]},{\"@type\":\"WebSite\",\"@id\":\"https:\/\/www.asajacyl.com\/palencia\/#website\",\"url\":\"https:\/\/www.asajacyl.com\/palencia\/\",\"name\":\"ASAJA Palencia\",\"description\":\"Otro sitio m\u00e1s de Provincias ASAJA Castilla y Le\u00f3n\",\"potentialAction\":[{\"@type\":\"SearchAction\",\"target\":{\"@type\":\"EntryPoint\",\"urlTemplate\":\"https:\/\/www.asajacyl.com\/palencia\/?s={search_term_string}\"},\"query-input\":{\"@type\":\"PropertyValueSpecification\",\"valueRequired\":true,\"valueName\":\"search_term_string\"}}],\"inLanguage\":\"es\"},{\"@type\":\"Person\",\"@id\":\"https:\/\/www.asajacyl.com\/palencia\/#\/schema\/person\/3ab17aeb03527485c317557fae64aab1\",\"name\":\"Administrador\",\"image\":{\"@type\":\"ImageObject\",\"inLanguage\":\"es\",\"@id\":\"https:\/\/www.asajacyl.com\/palencia\/#\/schema\/person\/image\/\",\"url\":\"https:\/\/secure.gravatar.com\/avatar\/517384810d242ca9e38c180f3c9fb973?s=96&d=mm&r=g\",\"contentUrl\":\"https:\/\/secure.gravatar.com\/avatar\/517384810d242ca9e38c180f3c9fb973?s=96&d=mm&r=g\",\"caption\":\"Administrador\"},\"url\":\"https:\/\/www.asajacyl.com\/palencia\/author\/carlosrm\"}]}<\/script>\n<!-- \/ Yoast SEO plugin. -->","yoast_head_json":{"title":"ASAJA ve en el Gobierno de Espa\u00f1a falta de compromiso con el campo en puertas de presidir la UE - ASAJA Palencia","description":"A diez d\u00edas del comienzo de la presidencia espa\u00f1ola del Consejo de la UE, el Gobierno de Espa\u00f1a ha presentado sus prioridades para los pr\u00f3ximos seis","robots":{"index":"index","follow":"follow","max-snippet":"max-snippet:-1","max-image-preview":"max-image-preview:large","max-video-preview":"max-video-preview:-1"},"canonical":"https:\/\/www.asajacyl.com\/palencia\/asaja-palencia-informa\/asaja-denuncia-la-falta-de-compromiso-del-gobierno-de-espana-con-el-campo-en-puertas-de-la-presidencia-europea","og_locale":"es_ES","og_type":"article","og_title":"ASAJA ve en el Gobierno de Espa\u00f1a falta de compromiso con el campo en puertas de presidir la UE - ASAJA Palencia","og_description":"A diez d\u00edas del comienzo de la presidencia espa\u00f1ola del Consejo de la UE, el Gobierno de Espa\u00f1a ha presentado sus prioridades para los pr\u00f3ximos seis","og_url":"https:\/\/www.asajacyl.com\/palencia\/asaja-palencia-informa\/asaja-denuncia-la-falta-de-compromiso-del-gobierno-de-espana-con-el-campo-en-puertas-de-la-presidencia-europea","og_site_name":"ASAJA Palencia","article_published_time":"2023-06-22T07:14:31+00:00","article_modified_time":"2023-06-22T07:18:24+00:00","og_image":[{"width":1890,"height":1654,"url":"https:\/\/www.asajacyl.com\/palencia\/wp-content\/uploads\/sites\/3\/2023\/06\/COMISION-EUROPEA-16x14-1.jpg","type":"image\/jpeg"}],"author":"Administrador","twitter_card":"summary_large_image","twitter_misc":{"Escrito por":"Administrador","Tiempo de lectura":"4 minutos"},"schema":{"@context":"https:\/\/schema.org","@graph":[{"@type":"WebPage","@id":"https:\/\/www.asajacyl.com\/palencia\/asaja-palencia-informa\/asaja-denuncia-la-falta-de-compromiso-del-gobierno-de-espana-con-el-campo-en-puertas-de-la-presidencia-europea","url":"https:\/\/www.asajacyl.com\/palencia\/asaja-palencia-informa\/asaja-denuncia-la-falta-de-compromiso-del-gobierno-de-espana-con-el-campo-en-puertas-de-la-presidencia-europea","name":"ASAJA ve en el Gobierno de Espa\u00f1a falta de compromiso con el campo en puertas de presidir la UE - ASAJA Palencia","isPartOf":{"@id":"https:\/\/www.asajacyl.com\/palencia\/#website"},"primaryImageOfPage":{"@id":"https:\/\/www.asajacyl.com\/palencia\/asaja-palencia-informa\/asaja-denuncia-la-falta-de-compromiso-del-gobierno-de-espana-con-el-campo-en-puertas-de-la-presidencia-europea#primaryimage"},"image":{"@id":"https:\/\/www.asajacyl.com\/palencia\/asaja-palencia-informa\/asaja-denuncia-la-falta-de-compromiso-del-gobierno-de-espana-con-el-campo-en-puertas-de-la-presidencia-europea#primaryimage"},"thumbnailUrl":"","datePublished":"2023-06-22T07:14:31+00:00","dateModified":"2023-06-22T07:18:24+00:00","author":{"@id":"https:\/\/www.asajacyl.com\/palencia\/#\/schema\/person\/3ab17aeb03527485c317557fae64aab1"},"description":"A diez d\u00edas del comienzo de la presidencia espa\u00f1ola del Consejo de la UE, el Gobierno de Espa\u00f1a ha presentado sus prioridades para los pr\u00f3ximos seis","breadcrumb":{"@id":"https:\/\/www.asajacyl.com\/palencia\/asaja-palencia-informa\/asaja-denuncia-la-falta-de-compromiso-del-gobierno-de-espana-con-el-campo-en-puertas-de-la-presidencia-europea#breadcrumb"},"inLanguage":"es","potentialAction":[{"@type":"ReadAction","target":["https:\/\/www.asajacyl.com\/palencia\/asaja-palencia-informa\/asaja-denuncia-la-falta-de-compromiso-del-gobierno-de-espana-con-el-campo-en-puertas-de-la-presidencia-europea"]}]},{"@type":"ImageObject","inLanguage":"es","@id":"https:\/\/www.asajacyl.com\/palencia\/asaja-palencia-informa\/asaja-denuncia-la-falta-de-compromiso-del-gobierno-de-espana-con-el-campo-en-puertas-de-la-presidencia-europea#primaryimage","url":"","contentUrl":""},{"@type":"BreadcrumbList","@id":"https:\/\/www.asajacyl.com\/palencia\/asaja-palencia-informa\/asaja-denuncia-la-falta-de-compromiso-del-gobierno-de-espana-con-el-campo-en-puertas-de-la-presidencia-europea#breadcrumb","itemListElement":[{"@type":"ListItem","position":1,"name":"Portada","item":"https:\/\/www.asajacyl.com\/palencia\/"},{"@type":"ListItem","position":2,"name":"ASAJA ve en el Gobierno de Espa\u00f1a falta de compromiso con el campo en puertas de presidir la UE"}]},{"@type":"WebSite","@id":"https:\/\/www.asajacyl.com\/palencia\/#website","url":"https:\/\/www.asajacyl.com\/palencia\/","name":"ASAJA Palencia","description":"Otro sitio m\u00e1s de Provincias ASAJA Castilla y Le\u00f3n","potentialAction":[{"@type":"SearchAction","target":{"@type":"EntryPoint","urlTemplate":"https:\/\/www.asajacyl.com\/palencia\/?s={search_term_string}"},"query-input":{"@type":"PropertyValueSpecification","valueRequired":true,"valueName":"search_term_string"}}],"inLanguage":"es"},{"@type":"Person","@id":"https:\/\/www.asajacyl.com\/palencia\/#\/schema\/person\/3ab17aeb03527485c317557fae64aab1","name":"Administrador","image":{"@type":"ImageObject","inLanguage":"es","@id":"https:\/\/www.asajacyl.com\/palencia\/#\/schema\/person\/image\/","url":"https:\/\/secure.gravatar.com\/avatar\/517384810d242ca9e38c180f3c9fb973?s=96&d=mm&r=g","contentUrl":"https:\/\/secure.gravatar.com\/avatar\/517384810d242ca9e38c180f3c9fb973?s=96&d=mm&r=g","caption":"Administrador"},"url":"https:\/\/www.asajacyl.com\/palencia\/author\/carlosrm"}]}},"_links":{"self":[{"href":"https:\/\/www.asajacyl.com\/palencia\/wp-json\/wp\/v2\/posts\/13552"}],"collection":[{"href":"https:\/\/www.asajacyl.com\/palencia\/wp-json\/wp\/v2\/posts"}],"about":[{"href":"https:\/\/www.asajacyl.com\/palencia\/wp-json\/wp\/v2\/types\/post"}],"author":[{"embeddable":true,"href":"https:\/\/www.asajacyl.com\/palencia\/wp-json\/wp\/v2\/users\/9"}],"replies":[{"embeddable":true,"href":"https:\/\/www.asajacyl.com\/palencia\/wp-json\/wp\/v2\/comments?post=13552"}],"version-history":[{"count":3,"href":"https:\/\/www.asajacyl.com\/palencia\/wp-json\/wp\/v2\/posts\/13552\/revisions"}],"predecessor-version":[{"id":13556,"href":"https:\/\/www.asajacyl.com\/palencia\/wp-json\/wp\/v2\/posts\/13552\/revisions\/13556"}],"wp:featuredmedia":[{"embeddable":true,"href":"https:\/\/www.asajacyl.com\/palencia\/wp-json\/"}],"wp:attachment":[{"href":"https:\/\/www.asajacyl.com\/palencia\/wp-json\/wp\/v2\/media?parent=13552"}],"wp:term":[{"taxonomy":"category","embeddable":true,"href":"https:\/\/www.asajacyl.com\/palencia\/wp-json\/wp\/v2\/categories?post=13552"},{"taxonomy":"post_tag","embeddable":true,"href":"https:\/\/www.asajacyl.com\/palencia\/wp-json\/wp\/v2\/tags?post=13552"}],"curies":[{"name":"wp","href":"https:\/\/api.w.org\/{rel}","templated":true}]}}