{"id":13563,"date":"2023-06-25T09:17:00","date_gmt":"2023-06-25T07:17:00","guid":{"rendered":"https:\/\/www.asajacyl.com\/palencia\/?p=13563"},"modified":"2023-07-27T09:58:31","modified_gmt":"2023-07-27T07:58:31","slug":"asaja-critica-la-escasez-y-el-injusto-reparto-de-las-ayudas-del-ministerio-por-la-sequia-y-ucrania","status":"publish","type":"post","link":"https:\/\/www.asajacyl.com\/palencia\/asaja-palencia-informa\/asaja-critica-la-escasez-y-el-injusto-reparto-de-las-ayudas-del-ministerio-por-la-sequia-y-ucrania","title":{"rendered":"ASAJA critica la escasez y el injusto reparto de las ayudas del Ministerio por la sequ\u00eda y Ucrania"},"content":{"rendered":"\n<h2 class=\"wp-block-heading\">ASAJA-Castilla y Le\u00f3n considera que las ayudas directas al sector agropecuario del Ministerio de Agricultura, Pesca y Alimentaci\u00f3n (MAPA) son escasas y se est\u00e1n repartiendo de manera injusta. El MAPA ha informado esta semana a las comunidades aut\u00f3nomas y a las organizaciones profesionales agrarias del sistema de reparto de las ayudas previstas en el Real Decreto Ley 4\/2023, que el propio Ministerio cifra en unos 277 millones de euros. Nuestra organizaci\u00f3n recuerda que ya critic\u00f3 en su d\u00eda que el Gobierno de Espa\u00f1a considerase a Castilla y Le\u00f3n como comunidad con incidencia media de sequ\u00eda para el reparto de las ayudas ganaderas, lo que las redujo a la mitad que en las regiones con incidencia alta y usurp\u00f3 a esta regi\u00f3n alrededor de 60 millones de euros. \u00abLejos de rectificar, ha sostenido ese mismo error\u00bb al repartir las ayudas agrarias, ha lamentado Donaciano Dujo, presidente de ASAJA-Castilla y Le\u00f3n, que anuncia que continuar\u00e1 reivindicando que se considere a nuestra comunidad como territorio con alta incidencia de sequ\u00eda.&nbsp;<\/h2>\n\n\n\n<p>El Gobierno estima que indemnizar\u00e1 dos millones de hect\u00e1reas de cultivos de herb\u00e1ceos en secano (excepto girasol) con una cantidad que rondar\u00e1 los 20 euros por hect\u00e1rea, \u00abcuando deber\u00edan corresponder 40; es decir, vuelve a robar 40 millones de euros al sector en Castilla y Le\u00f3n, que se suman a los 60 usurpados a los ganaderos el pasado mes\u00bb, seg\u00fan destaca Donaciano Dujo, para quien las ayudas deber\u00edan centrarse en los agricultores profesionales y no para todos los declarantes de la PAC. Esta ayuda se presta a un m\u00e1ximo de trescientas hect\u00e1reas por declarante (es decir, la compensaci\u00f3n m\u00e1xima ser\u00e1 de 6.000 euros).<\/p>\n\n\n\n<p>ASAJA-Castilla y Le\u00f3n califica como un \u00abesc\u00e1ndalo\u00bb y un \u00abagravio sin precedentes\u00bb estos cien millones escamoteados por el Gobierno de Espa\u00f1a a esta comunidad por no considerarla zona de sequ\u00eda intensa, cuando \u00abla realidad es que s\u00ed sufre sequ\u00eda intensa\u00bb, como bien est\u00e1 constatando Agroseguro en las tasaciones de los siniestros de cultivos herb\u00e1ceos en secano.<\/p>\n\n\n\n<p>Asimismo, la Junta de Castilla y Le\u00f3n califica en su reciente Acuerdo 50\/2023, de 15 de junio, que esta regi\u00f3n padece una \u00abcat\u00e1strofe natural grave que afecta seriamente a las explotaciones\u00bb.<\/p>\n\n\n\n<p><strong>LA M\u00c1S PERJUDICADA. <\/strong>Nuestra organizaci\u00f3n recuerda que, seg\u00fan el propio Real Decreto Ley del Ministerio, las ayudas buscan compensar no solo la sequ\u00eda, sino el fuerte incremento de costes productivos por la inflaci\u00f3n derivada del conflicto b\u00e9lico de Ucrania. Castilla y Le\u00f3n, que posee la mayor superficie de cultivos herb\u00e1ceos de secano, es la comunidad que acumula m\u00e1s p\u00e9rdidas por esa v\u00eda, lo que el Ministerio se niega a reconocer.<\/p>\n\n\n\n<p>Donaciano Dujo, que acudi\u00f3 a la reuni\u00f3n en Madrid con el secretario del Ministerio, Fernando Miranda, rechaza los criterios del departamento de Agricultura, porque dejan a los agricultores y ganaderos en una situaci\u00f3n cr\u00edtica para encarar los gastos que se les avecinan y por el  trato evidentemente discriminatorio para con Castilla y Le\u00f3n, comunidad l\u00edder de Espa\u00f1a en muchas producciones agropecuarias, como el cereal, que va a liderar tambi\u00e9n el volumen de p\u00e9rdidas por ambos factores, la sequ\u00eda y la guerra de Ucrania.\u00a0<\/p>\n\n\n\n<p>ASAJA no va a frenar sus reivindicaciones, que tambi\u00e9n ha trasladado a la delegada del Gobierno en Castilla y Le\u00f3n, Virginia Barcones. Es necesario que el Ministerio de Agricultura reconozca la gravedad de la situaci\u00f3n, admita unas peticiones que son de justicia y d\u00e9 a esta comunidad el trato que merece, porque est\u00e1 en juego la continuidad de miles de explotaciones en esta regi\u00f3n.<strong>\/<\/strong><\/p>\n","protected":false},"excerpt":{"rendered":"<p>ASAJA-Castilla y Le\u00f3n considera que las ayudas directas al sector agropecuario del Ministerio de Agricultura, Pesca y Alimentaci\u00f3n (MAPA) son escasas y se est\u00e1n repartiendo de manera injusta. El MAPA ha informado esta semana a las comunidades aut\u00f3nomas y a las organizaciones profesionales agrarias del sistema de reparto de las ayudas previstas en el Real [&hellip;]<\/p>\n","protected":false},"author":9,"featured_media":9602,"comment_status":"open","ping_status":"open","sticky":false,"template":"","format":"standard","meta":{"footnotes":""},"categories":[9,29,28],"tags":[58,46,77,66,110,269,93],"yoast_head":"<!-- This site is optimized with the Yoast SEO plugin v24.5 - https:\/\/yoast.com\/wordpress\/plugins\/seo\/ -->\n<title>ASAJA critica la escasez y el injusto reparto de las ayudas del Ministerio por la sequ\u00eda y Ucrania - ASAJA Palencia<\/title>\n<meta name=\"description\" content=\"ASAJA-Castilla y Le\u00f3n considera que las ayudas directas al sector agropecuario del Ministerio de Agricultura, Pesca y Alimentaci\u00f3n (MAPA) son escasas y se\" \/>\n<meta name=\"robots\" content=\"index, follow, max-snippet:-1, max-image-preview:large, max-video-preview:-1\" \/>\n<link rel=\"canonical\" href=\"https:\/\/www.asajacyl.com\/palencia\/asaja-palencia-informa\/asaja-critica-la-escasez-y-el-injusto-reparto-de-las-ayudas-del-ministerio-por-la-sequia-y-ucrania\" \/>\n<meta property=\"og:locale\" content=\"es_ES\" \/>\n<meta property=\"og:type\" content=\"article\" \/>\n<meta property=\"og:title\" content=\"ASAJA critica la escasez y el injusto reparto de las ayudas del Ministerio por la sequ\u00eda y Ucrania - ASAJA Palencia\" \/>\n<meta property=\"og:description\" content=\"ASAJA-Castilla y Le\u00f3n considera que las ayudas directas al sector agropecuario del Ministerio de Agricultura, Pesca y Alimentaci\u00f3n (MAPA) son escasas y se\" \/>\n<meta property=\"og:url\" content=\"https:\/\/www.asajacyl.com\/palencia\/asaja-palencia-informa\/asaja-critica-la-escasez-y-el-injusto-reparto-de-las-ayudas-del-ministerio-por-la-sequia-y-ucrania\" \/>\n<meta property=\"og:site_name\" content=\"ASAJA Palencia\" \/>\n<meta property=\"article:published_time\" content=\"2023-06-25T07:17:00+00:00\" \/>\n<meta property=\"article:modified_time\" content=\"2023-07-27T07:58:31+00:00\" \/>\n<meta property=\"og:image\" content=\"https:\/\/www.asajacyl.com\/palencia\/wp-content\/uploads\/sites\/3\/2021\/12\/LUIS-PLANAS.jpg\" \/>\n\t<meta property=\"og:image:width\" content=\"1024\" \/>\n\t<meta property=\"og:image:height\" content=\"682\" \/>\n\t<meta property=\"og:image:type\" content=\"image\/jpeg\" \/>\n<meta name=\"author\" content=\"Administrador\" \/>\n<meta name=\"twitter:card\" content=\"summary_large_image\" \/>\n<meta name=\"twitter:label1\" content=\"Escrito por\" \/>\n\t<meta name=\"twitter:data1\" content=\"Administrador\" \/>\n\t<meta name=\"twitter:label2\" content=\"Tiempo de lectura\" \/>\n\t<meta name=\"twitter:data2\" content=\"3 minutos\" \/>\n<script type=\"application\/ld+json\" class=\"yoast-schema-graph\">{\"@context\":\"https:\/\/schema.org\",\"@graph\":[{\"@type\":\"WebPage\",\"@id\":\"https:\/\/www.asajacyl.com\/palencia\/asaja-palencia-informa\/asaja-critica-la-escasez-y-el-injusto-reparto-de-las-ayudas-del-ministerio-por-la-sequia-y-ucrania\",\"url\":\"https:\/\/www.asajacyl.com\/palencia\/asaja-palencia-informa\/asaja-critica-la-escasez-y-el-injusto-reparto-de-las-ayudas-del-ministerio-por-la-sequia-y-ucrania\",\"name\":\"ASAJA critica la escasez y el injusto reparto de las ayudas del Ministerio por la sequ\u00eda y Ucrania - ASAJA Palencia\",\"isPartOf\":{\"@id\":\"https:\/\/www.asajacyl.com\/palencia\/#website\"},\"primaryImageOfPage\":{\"@id\":\"https:\/\/www.asajacyl.com\/palencia\/asaja-palencia-informa\/asaja-critica-la-escasez-y-el-injusto-reparto-de-las-ayudas-del-ministerio-por-la-sequia-y-ucrania#primaryimage\"},\"image\":{\"@id\":\"https:\/\/www.asajacyl.com\/palencia\/asaja-palencia-informa\/asaja-critica-la-escasez-y-el-injusto-reparto-de-las-ayudas-del-ministerio-por-la-sequia-y-ucrania#primaryimage\"},\"thumbnailUrl\":\"https:\/\/www.asajacyl.com\/palencia\/wp-content\/uploads\/sites\/3\/2021\/12\/LUIS-PLANAS.jpg\",\"datePublished\":\"2023-06-25T07:17:00+00:00\",\"dateModified\":\"2023-07-27T07:58:31+00:00\",\"author\":{\"@id\":\"https:\/\/www.asajacyl.com\/palencia\/#\/schema\/person\/3ab17aeb03527485c317557fae64aab1\"},\"description\":\"ASAJA-Castilla y Le\u00f3n considera que las ayudas directas al sector agropecuario del Ministerio de Agricultura, Pesca y Alimentaci\u00f3n (MAPA) son escasas y se\",\"breadcrumb\":{\"@id\":\"https:\/\/www.asajacyl.com\/palencia\/asaja-palencia-informa\/asaja-critica-la-escasez-y-el-injusto-reparto-de-las-ayudas-del-ministerio-por-la-sequia-y-ucrania#breadcrumb\"},\"inLanguage\":\"es\",\"potentialAction\":[{\"@type\":\"ReadAction\",\"target\":[\"https:\/\/www.asajacyl.com\/palencia\/asaja-palencia-informa\/asaja-critica-la-escasez-y-el-injusto-reparto-de-las-ayudas-del-ministerio-por-la-sequia-y-ucrania\"]}]},{\"@type\":\"ImageObject\",\"inLanguage\":\"es\",\"@id\":\"https:\/\/www.asajacyl.com\/palencia\/asaja-palencia-informa\/asaja-critica-la-escasez-y-el-injusto-reparto-de-las-ayudas-del-ministerio-por-la-sequia-y-ucrania#primaryimage\",\"url\":\"https:\/\/www.asajacyl.com\/palencia\/wp-content\/uploads\/sites\/3\/2021\/12\/LUIS-PLANAS.jpg\",\"contentUrl\":\"https:\/\/www.asajacyl.com\/palencia\/wp-content\/uploads\/sites\/3\/2021\/12\/LUIS-PLANAS.jpg\",\"width\":1024,\"height\":682},{\"@type\":\"BreadcrumbList\",\"@id\":\"https:\/\/www.asajacyl.com\/palencia\/asaja-palencia-informa\/asaja-critica-la-escasez-y-el-injusto-reparto-de-las-ayudas-del-ministerio-por-la-sequia-y-ucrania#breadcrumb\",\"itemListElement\":[{\"@type\":\"ListItem\",\"position\":1,\"name\":\"Portada\",\"item\":\"https:\/\/www.asajacyl.com\/palencia\/\"},{\"@type\":\"ListItem\",\"position\":2,\"name\":\"ASAJA critica la escasez y el injusto reparto de las ayudas del Ministerio por la sequ\u00eda y Ucrania\"}]},{\"@type\":\"WebSite\",\"@id\":\"https:\/\/www.asajacyl.com\/palencia\/#website\",\"url\":\"https:\/\/www.asajacyl.com\/palencia\/\",\"name\":\"ASAJA Palencia\",\"description\":\"Otro sitio m\u00e1s de Provincias ASAJA Castilla y Le\u00f3n\",\"potentialAction\":[{\"@type\":\"SearchAction\",\"target\":{\"@type\":\"EntryPoint\",\"urlTemplate\":\"https:\/\/www.asajacyl.com\/palencia\/?s={search_term_string}\"},\"query-input\":{\"@type\":\"PropertyValueSpecification\",\"valueRequired\":true,\"valueName\":\"search_term_string\"}}],\"inLanguage\":\"es\"},{\"@type\":\"Person\",\"@id\":\"https:\/\/www.asajacyl.com\/palencia\/#\/schema\/person\/3ab17aeb03527485c317557fae64aab1\",\"name\":\"Administrador\",\"image\":{\"@type\":\"ImageObject\",\"inLanguage\":\"es\",\"@id\":\"https:\/\/www.asajacyl.com\/palencia\/#\/schema\/person\/image\/\",\"url\":\"https:\/\/secure.gravatar.com\/avatar\/517384810d242ca9e38c180f3c9fb973?s=96&d=mm&r=g\",\"contentUrl\":\"https:\/\/secure.gravatar.com\/avatar\/517384810d242ca9e38c180f3c9fb973?s=96&d=mm&r=g\",\"caption\":\"Administrador\"},\"url\":\"https:\/\/www.asajacyl.com\/palencia\/author\/carlosrm\"}]}<\/script>\n<!-- \/ Yoast SEO plugin. -->","yoast_head_json":{"title":"ASAJA critica la escasez y el injusto reparto de las ayudas del Ministerio por la sequ\u00eda y Ucrania - ASAJA Palencia","description":"ASAJA-Castilla y Le\u00f3n considera que las ayudas directas al sector agropecuario del Ministerio de Agricultura, Pesca y Alimentaci\u00f3n (MAPA) son escasas y se","robots":{"index":"index","follow":"follow","max-snippet":"max-snippet:-1","max-image-preview":"max-image-preview:large","max-video-preview":"max-video-preview:-1"},"canonical":"https:\/\/www.asajacyl.com\/palencia\/asaja-palencia-informa\/asaja-critica-la-escasez-y-el-injusto-reparto-de-las-ayudas-del-ministerio-por-la-sequia-y-ucrania","og_locale":"es_ES","og_type":"article","og_title":"ASAJA critica la escasez y el injusto reparto de las ayudas del Ministerio por la sequ\u00eda y Ucrania - ASAJA Palencia","og_description":"ASAJA-Castilla y Le\u00f3n considera que las ayudas directas al sector agropecuario del Ministerio de Agricultura, Pesca y Alimentaci\u00f3n (MAPA) son escasas y se","og_url":"https:\/\/www.asajacyl.com\/palencia\/asaja-palencia-informa\/asaja-critica-la-escasez-y-el-injusto-reparto-de-las-ayudas-del-ministerio-por-la-sequia-y-ucrania","og_site_name":"ASAJA Palencia","article_published_time":"2023-06-25T07:17:00+00:00","article_modified_time":"2023-07-27T07:58:31+00:00","og_image":[{"width":1024,"height":682,"url":"https:\/\/www.asajacyl.com\/palencia\/wp-content\/uploads\/sites\/3\/2021\/12\/LUIS-PLANAS.jpg","type":"image\/jpeg"}],"author":"Administrador","twitter_card":"summary_large_image","twitter_misc":{"Escrito por":"Administrador","Tiempo de lectura":"3 minutos"},"schema":{"@context":"https:\/\/schema.org","@graph":[{"@type":"WebPage","@id":"https:\/\/www.asajacyl.com\/palencia\/asaja-palencia-informa\/asaja-critica-la-escasez-y-el-injusto-reparto-de-las-ayudas-del-ministerio-por-la-sequia-y-ucrania","url":"https:\/\/www.asajacyl.com\/palencia\/asaja-palencia-informa\/asaja-critica-la-escasez-y-el-injusto-reparto-de-las-ayudas-del-ministerio-por-la-sequia-y-ucrania","name":"ASAJA critica la escasez y el injusto reparto de las ayudas del Ministerio por la sequ\u00eda y Ucrania - ASAJA Palencia","isPartOf":{"@id":"https:\/\/www.asajacyl.com\/palencia\/#website"},"primaryImageOfPage":{"@id":"https:\/\/www.asajacyl.com\/palencia\/asaja-palencia-informa\/asaja-critica-la-escasez-y-el-injusto-reparto-de-las-ayudas-del-ministerio-por-la-sequia-y-ucrania#primaryimage"},"image":{"@id":"https:\/\/www.asajacyl.com\/palencia\/asaja-palencia-informa\/asaja-critica-la-escasez-y-el-injusto-reparto-de-las-ayudas-del-ministerio-por-la-sequia-y-ucrania#primaryimage"},"thumbnailUrl":"https:\/\/www.asajacyl.com\/palencia\/wp-content\/uploads\/sites\/3\/2021\/12\/LUIS-PLANAS.jpg","datePublished":"2023-06-25T07:17:00+00:00","dateModified":"2023-07-27T07:58:31+00:00","author":{"@id":"https:\/\/www.asajacyl.com\/palencia\/#\/schema\/person\/3ab17aeb03527485c317557fae64aab1"},"description":"ASAJA-Castilla y Le\u00f3n considera que las ayudas directas al sector agropecuario del Ministerio de Agricultura, Pesca y Alimentaci\u00f3n (MAPA) son escasas y se","breadcrumb":{"@id":"https:\/\/www.asajacyl.com\/palencia\/asaja-palencia-informa\/asaja-critica-la-escasez-y-el-injusto-reparto-de-las-ayudas-del-ministerio-por-la-sequia-y-ucrania#breadcrumb"},"inLanguage":"es","potentialAction":[{"@type":"ReadAction","target":["https:\/\/www.asajacyl.com\/palencia\/asaja-palencia-informa\/asaja-critica-la-escasez-y-el-injusto-reparto-de-las-ayudas-del-ministerio-por-la-sequia-y-ucrania"]}]},{"@type":"ImageObject","inLanguage":"es","@id":"https:\/\/www.asajacyl.com\/palencia\/asaja-palencia-informa\/asaja-critica-la-escasez-y-el-injusto-reparto-de-las-ayudas-del-ministerio-por-la-sequia-y-ucrania#primaryimage","url":"https:\/\/www.asajacyl.com\/palencia\/wp-content\/uploads\/sites\/3\/2021\/12\/LUIS-PLANAS.jpg","contentUrl":"https:\/\/www.asajacyl.com\/palencia\/wp-content\/uploads\/sites\/3\/2021\/12\/LUIS-PLANAS.jpg","width":1024,"height":682},{"@type":"BreadcrumbList","@id":"https:\/\/www.asajacyl.com\/palencia\/asaja-palencia-informa\/asaja-critica-la-escasez-y-el-injusto-reparto-de-las-ayudas-del-ministerio-por-la-sequia-y-ucrania#breadcrumb","itemListElement":[{"@type":"ListItem","position":1,"name":"Portada","item":"https:\/\/www.asajacyl.com\/palencia\/"},{"@type":"ListItem","position":2,"name":"ASAJA critica la escasez y el injusto reparto de las ayudas del Ministerio por la sequ\u00eda y Ucrania"}]},{"@type":"WebSite","@id":"https:\/\/www.asajacyl.com\/palencia\/#website","url":"https:\/\/www.asajacyl.com\/palencia\/","name":"ASAJA Palencia","description":"Otro sitio m\u00e1s de Provincias ASAJA Castilla y Le\u00f3n","potentialAction":[{"@type":"SearchAction","target":{"@type":"EntryPoint","urlTemplate":"https:\/\/www.asajacyl.com\/palencia\/?s={search_term_string}"},"query-input":{"@type":"PropertyValueSpecification","valueRequired":true,"valueName":"search_term_string"}}],"inLanguage":"es"},{"@type":"Person","@id":"https:\/\/www.asajacyl.com\/palencia\/#\/schema\/person\/3ab17aeb03527485c317557fae64aab1","name":"Administrador","image":{"@type":"ImageObject","inLanguage":"es","@id":"https:\/\/www.asajacyl.com\/palencia\/#\/schema\/person\/image\/","url":"https:\/\/secure.gravatar.com\/avatar\/517384810d242ca9e38c180f3c9fb973?s=96&d=mm&r=g","contentUrl":"https:\/\/secure.gravatar.com\/avatar\/517384810d242ca9e38c180f3c9fb973?s=96&d=mm&r=g","caption":"Administrador"},"url":"https:\/\/www.asajacyl.com\/palencia\/author\/carlosrm"}]}},"_links":{"self":[{"href":"https:\/\/www.asajacyl.com\/palencia\/wp-json\/wp\/v2\/posts\/13563"}],"collection":[{"href":"https:\/\/www.asajacyl.com\/palencia\/wp-json\/wp\/v2\/posts"}],"about":[{"href":"https:\/\/www.asajacyl.com\/palencia\/wp-json\/wp\/v2\/types\/post"}],"author":[{"embeddable":true,"href":"https:\/\/www.asajacyl.com\/palencia\/wp-json\/wp\/v2\/users\/9"}],"replies":[{"embeddable":true,"href":"https:\/\/www.asajacyl.com\/palencia\/wp-json\/wp\/v2\/comments?post=13563"}],"version-history":[{"count":3,"href":"https:\/\/www.asajacyl.com\/palencia\/wp-json\/wp\/v2\/posts\/13563\/revisions"}],"predecessor-version":[{"id":13865,"href":"https:\/\/www.asajacyl.com\/palencia\/wp-json\/wp\/v2\/posts\/13563\/revisions\/13865"}],"wp:featuredmedia":[{"embeddable":true,"href":"https:\/\/www.asajacyl.com\/palencia\/wp-json\/wp\/v2\/media\/9602"}],"wp:attachment":[{"href":"https:\/\/www.asajacyl.com\/palencia\/wp-json\/wp\/v2\/media?parent=13563"}],"wp:term":[{"taxonomy":"category","embeddable":true,"href":"https:\/\/www.asajacyl.com\/palencia\/wp-json\/wp\/v2\/categories?post=13563"},{"taxonomy":"post_tag","embeddable":true,"href":"https:\/\/www.asajacyl.com\/palencia\/wp-json\/wp\/v2\/tags?post=13563"}],"curies":[{"name":"wp","href":"https:\/\/api.w.org\/{rel}","templated":true}]}}