{"id":13603,"date":"2023-06-29T10:12:00","date_gmt":"2023-06-29T08:12:00","guid":{"rendered":"https:\/\/www.asajacyl.com\/palencia\/?p=13603"},"modified":"2023-06-28T13:16:16","modified_gmt":"2023-06-28T11:16:16","slug":"mencion-especial-del-ces-a-la-grave-situacion-del-campo-de-castilla-y-leon","status":"publish","type":"post","link":"https:\/\/www.asajacyl.com\/palencia\/asaja-palencia-informa\/mencion-especial-del-ces-a-la-grave-situacion-del-campo-de-castilla-y-leon","title":{"rendered":"Menci\u00f3n especial del CES a la grave situaci\u00f3n del campo de Castilla y Le\u00f3n por la sequ\u00eda"},"content":{"rendered":"\n<h1 class=\"wp-block-heading\">ASAJA agradece al Consejo Econ\u00f3mico y Social de Castilla y Le\u00f3n (CES) que haya recogido en su informe anual de 2022 varias de las propuestas de nuestra organizaci\u00f3n. El \u00f3rgano consultivo efectu\u00f3 en el pleno una menci\u00f3n especial a la grave situaci\u00f3n que atraviesa el campo en esta comunidad aut\u00f3noma debido a la sequ\u00eda, que azota por segundo a\u00f1o consecutivo a los agricultores y los ganaderos de la regi\u00f3n.<\/h1>\n\n\n\n<p>El Consejo Econ\u00f3mico y social de Castilla y Le\u00f3n, reunido este mi\u00e9rcoles 28 de junio en sesi\u00f3n plenaria para aprobar el informe sobre la situaci\u00f3n econ\u00f3mica y social de la comunidad en 2022, ha secundado a petici\u00f3n de ASAJA una menci\u00f3n especial de reconocimiento de la grave situaci\u00f3n por la que atraviesan las explotaciones agr\u00edcolas y ganaderas de Castilla y Le\u00f3n por la sequ\u00eda extrema que padece la mayor parte del territorio, en muestra de solidaridad con el sector.<\/p>\n\n\n\n<p>ASAJA-Castilla y Le\u00f3n solicit\u00f3 en la sesi\u00f3n que el CES, \u00f3rgano consultivo del que forman parte las organizaciones agrarias, dejara constancia en este pleno de la grave situaci\u00f3n que sufre el sector primario, envuelto en una crisis sin precedentes por la combinaci\u00f3n de sequ\u00eda intensa m\u00e1s los problemas econ\u00f3micos derivados de las alt\u00edsimas inversiones realizadas en la campa\u00f1a, con unos costes de producci\u00f3n disparados por el impacto de la guerra en Ucrania. <\/p>\n\n\n\n<p><strong>REPERCUSI\u00d3N EN OTROS SECTORES. <\/strong>La situaci\u00f3n cr\u00edtica del campo tendr\u00e1 consecuencias para otros eslabones de la cadena econ\u00f3mica que dependen de nosotros. La agricultura y la ganader\u00eda son el motor de buena parte de la econom\u00eda regional, por eso es tan importante que se apoye al sector, para que se active y recupere cuanto antes. ASAJA agradece una vez m\u00e1s al CES, y en especial a su presidente Enrique Cabero, la sensibilidad y el compromiso que viene demostrando con el sector agropecuario.<\/p>\n\n\n\n<p>Igualmente, ASAJA valora que se hayan incluido en el informe aprobado sobre la situaci\u00f3n econ\u00f3mica y social de Castilla y Le\u00f3n numerosas aportaciones que ha realizado al documento, para que refleje con nitidez las necesidades del sector agroganadero.<\/p>\n\n\n\n<p><strong>SIMPLIFICAR NORMATIVAS.<\/strong> Entre otros puntos, recogidos en las recomendaciones del CES a sugerencia de ASAJA, est\u00e1 la petici\u00f3n de que se simplifique la excesiva normativa europea, nacional y auton\u00f3mica, que impacta en la actividad primaria haci\u00e9ndola inviable.<\/p>\n\n\n\n<p>Tambi\u00e9n se ha incluido que se apoye al sector para que supere el agujero econ\u00f3mico que ha supuesto la subida de los precios de los insumos agrarios como consecuencia de la guerra en Ucrania y las adversas condiciones climatol\u00f3gicas que est\u00e1n alcanzando un car\u00e1cter estructural.<\/p>\n\n\n\n<p><strong>SEGUROS AGRARIOS. <\/strong>Otras recomendaciones respaldadas por el CES a petici\u00f3n de ASAJA se refieren al necesario apoyo de las administraciones al sistema de seguros agrarios, m\u00e1s necesario que nunca ante la creciente frecuencia de las adversidades derivadas del cambio clim\u00e1tico.  Es urgente que se potencien los seguros y que haya un ajuste del condicionado de las distintas l\u00edneas de aseguramiento a las necesidades del sector, para que se extienda la suscripci\u00f3n del seguro a todas las producciones y en todas las zonas.<\/p>\n\n\n\n<p>Entre el resto de aportaciones del sector recogidas en el informe, ASAJA quiere destacar las recomendaciones para solucionar el problema de la fauna salvaje. Para el caso espec\u00edfico del lobo, se pide un cambio de planteamiento que escuche a las partes afectadas, principalmente los ganaderos. <\/p>\n\n\n\n<p><strong>DA\u00d1OS DE LA FAUNA. <\/strong>Desde el CES se recomienda un control riguroso, facilitando las capturas cineg\u00e9ticas y otras medidas que de verdad sean eficaces de control de las poblaciones de especies silvestres (ciervos, corzos, jabal\u00edes, topillos, conejos, buitres, abejarucos\u2026 entre otras), que se alimentan del ganado y de los cultivos, transmiten enfermedades a la caba\u00f1a ganadera y causan accidentes en las zonas rurales. Adem\u00e1s, la administraci\u00f3n deber\u00eda asumir la responsabilidad patrimonial de los da\u00f1os y perjuicios causados.<\/p>\n\n\n\n<p>Por \u00faltimo, destacar otros temas en los que trabaja ASAJA y que aparecen reflejados en el informe, como es la gesti\u00f3n del agua y la b\u00fasqueda de medios para garantizar la sostenibilidad del regad\u00edo en un contexto de carencia, o, en el apartado laboral, la necesidad de que se estudie la realizaci\u00f3n de las reformas necesarias para la integraci\u00f3n de las lagunas de cotizaci\u00f3n de trabajadores del sector agrario, aut\u00f3nomos y por cuenta ajena.<strong>\/<\/strong><\/p>\n","protected":false},"excerpt":{"rendered":"<p>ASAJA agradece al Consejo Econ\u00f3mico y Social de Castilla y Le\u00f3n (CES) que haya recogido en su informe anual de 2022 varias de las propuestas de nuestra organizaci\u00f3n. El \u00f3rgano consultivo efectu\u00f3 en el pleno una menci\u00f3n especial a la grave situaci\u00f3n que atraviesa el campo en esta comunidad aut\u00f3noma debido a la sequ\u00eda, que [&hellip;]<\/p>\n","protected":false},"author":9,"featured_media":13615,"comment_status":"open","ping_status":"open","sticky":false,"template":"","format":"standard","meta":{"footnotes":""},"categories":[9,29,28],"tags":[58,278,272,277,166,270,231,77,102,276,185,93],"yoast_head":"<!-- This site is optimized with the Yoast SEO plugin v24.5 - https:\/\/yoast.com\/wordpress\/plugins\/seo\/ -->\n<title>Menci\u00f3n especial del CES a la grave situaci\u00f3n del campo de Castilla y Le\u00f3n por la sequ\u00eda - ASAJA Palencia<\/title>\n<meta name=\"description\" content=\"ASAJA agradece al Consejo Econ\u00f3mico y Social de Castilla y Le\u00f3n (CES) que haya recogido en su informe anual de 2022 varias de las propuestas de nuestra\" \/>\n<meta name=\"robots\" content=\"index, follow, max-snippet:-1, max-image-preview:large, max-video-preview:-1\" \/>\n<link rel=\"canonical\" href=\"https:\/\/www.asajacyl.com\/palencia\/asaja-palencia-informa\/mencion-especial-del-ces-a-la-grave-situacion-del-campo-de-castilla-y-leon\" \/>\n<meta property=\"og:locale\" content=\"es_ES\" \/>\n<meta property=\"og:type\" content=\"article\" \/>\n<meta property=\"og:title\" content=\"Menci\u00f3n especial del CES a la grave situaci\u00f3n del campo de Castilla y Le\u00f3n por la sequ\u00eda - ASAJA Palencia\" \/>\n<meta property=\"og:description\" content=\"ASAJA agradece al Consejo Econ\u00f3mico y Social de Castilla y Le\u00f3n (CES) que haya recogido en su informe anual de 2022 varias de las propuestas de nuestra\" \/>\n<meta property=\"og:url\" content=\"https:\/\/www.asajacyl.com\/palencia\/asaja-palencia-informa\/mencion-especial-del-ces-a-la-grave-situacion-del-campo-de-castilla-y-leon\" \/>\n<meta property=\"og:site_name\" content=\"ASAJA Palencia\" \/>\n<meta property=\"article:published_time\" content=\"2023-06-29T08:12:00+00:00\" \/>\n<meta property=\"og:image\" content=\"https:\/\/www.asajacyl.com\/palencia\/wp-content\/uploads\/sites\/3\/2023\/06\/Intervencion-Nuria-gerente-ASAJACyL-CES-1024x577.jpg\" \/>\n\t<meta property=\"og:image:width\" content=\"1024\" \/>\n\t<meta property=\"og:image:height\" content=\"577\" \/>\n\t<meta property=\"og:image:type\" content=\"image\/jpeg\" \/>\n<meta name=\"author\" content=\"Administrador\" \/>\n<meta name=\"twitter:card\" content=\"summary_large_image\" \/>\n<meta name=\"twitter:label1\" content=\"Escrito por\" \/>\n\t<meta name=\"twitter:data1\" content=\"Administrador\" \/>\n\t<meta name=\"twitter:label2\" content=\"Tiempo de lectura\" \/>\n\t<meta name=\"twitter:data2\" content=\"4 minutos\" \/>\n<script type=\"application\/ld+json\" class=\"yoast-schema-graph\">{\"@context\":\"https:\/\/schema.org\",\"@graph\":[{\"@type\":\"WebPage\",\"@id\":\"https:\/\/www.asajacyl.com\/palencia\/asaja-palencia-informa\/mencion-especial-del-ces-a-la-grave-situacion-del-campo-de-castilla-y-leon\",\"url\":\"https:\/\/www.asajacyl.com\/palencia\/asaja-palencia-informa\/mencion-especial-del-ces-a-la-grave-situacion-del-campo-de-castilla-y-leon\",\"name\":\"Menci\u00f3n especial del CES a la grave situaci\u00f3n del campo de Castilla y Le\u00f3n por la sequ\u00eda - ASAJA Palencia\",\"isPartOf\":{\"@id\":\"https:\/\/www.asajacyl.com\/palencia\/#website\"},\"primaryImageOfPage\":{\"@id\":\"https:\/\/www.asajacyl.com\/palencia\/asaja-palencia-informa\/mencion-especial-del-ces-a-la-grave-situacion-del-campo-de-castilla-y-leon#primaryimage\"},\"image\":{\"@id\":\"https:\/\/www.asajacyl.com\/palencia\/asaja-palencia-informa\/mencion-especial-del-ces-a-la-grave-situacion-del-campo-de-castilla-y-leon#primaryimage\"},\"thumbnailUrl\":\"https:\/\/www.asajacyl.com\/palencia\/wp-content\/uploads\/sites\/3\/2023\/06\/Intervencion-Nuria-gerente-ASAJACyL-CES.jpg\",\"datePublished\":\"2023-06-29T08:12:00+00:00\",\"author\":{\"@id\":\"https:\/\/www.asajacyl.com\/palencia\/#\/schema\/person\/3ab17aeb03527485c317557fae64aab1\"},\"description\":\"ASAJA agradece al Consejo Econ\u00f3mico y Social de Castilla y Le\u00f3n (CES) que haya recogido en su informe anual de 2022 varias de las propuestas de nuestra\",\"breadcrumb\":{\"@id\":\"https:\/\/www.asajacyl.com\/palencia\/asaja-palencia-informa\/mencion-especial-del-ces-a-la-grave-situacion-del-campo-de-castilla-y-leon#breadcrumb\"},\"inLanguage\":\"es\",\"potentialAction\":[{\"@type\":\"ReadAction\",\"target\":[\"https:\/\/www.asajacyl.com\/palencia\/asaja-palencia-informa\/mencion-especial-del-ces-a-la-grave-situacion-del-campo-de-castilla-y-leon\"]}]},{\"@type\":\"ImageObject\",\"inLanguage\":\"es\",\"@id\":\"https:\/\/www.asajacyl.com\/palencia\/asaja-palencia-informa\/mencion-especial-del-ces-a-la-grave-situacion-del-campo-de-castilla-y-leon#primaryimage\",\"url\":\"https:\/\/www.asajacyl.com\/palencia\/wp-content\/uploads\/sites\/3\/2023\/06\/Intervencion-Nuria-gerente-ASAJACyL-CES.jpg\",\"contentUrl\":\"https:\/\/www.asajacyl.com\/palencia\/wp-content\/uploads\/sites\/3\/2023\/06\/Intervencion-Nuria-gerente-ASAJACyL-CES.jpg\",\"width\":2323,\"height\":1308},{\"@type\":\"BreadcrumbList\",\"@id\":\"https:\/\/www.asajacyl.com\/palencia\/asaja-palencia-informa\/mencion-especial-del-ces-a-la-grave-situacion-del-campo-de-castilla-y-leon#breadcrumb\",\"itemListElement\":[{\"@type\":\"ListItem\",\"position\":1,\"name\":\"Portada\",\"item\":\"https:\/\/www.asajacyl.com\/palencia\/\"},{\"@type\":\"ListItem\",\"position\":2,\"name\":\"Menci\u00f3n especial del CES a la grave situaci\u00f3n del campo de Castilla y Le\u00f3n por la sequ\u00eda\"}]},{\"@type\":\"WebSite\",\"@id\":\"https:\/\/www.asajacyl.com\/palencia\/#website\",\"url\":\"https:\/\/www.asajacyl.com\/palencia\/\",\"name\":\"ASAJA Palencia\",\"description\":\"Otro sitio m\u00e1s de Provincias ASAJA Castilla y Le\u00f3n\",\"potentialAction\":[{\"@type\":\"SearchAction\",\"target\":{\"@type\":\"EntryPoint\",\"urlTemplate\":\"https:\/\/www.asajacyl.com\/palencia\/?s={search_term_string}\"},\"query-input\":{\"@type\":\"PropertyValueSpecification\",\"valueRequired\":true,\"valueName\":\"search_term_string\"}}],\"inLanguage\":\"es\"},{\"@type\":\"Person\",\"@id\":\"https:\/\/www.asajacyl.com\/palencia\/#\/schema\/person\/3ab17aeb03527485c317557fae64aab1\",\"name\":\"Administrador\",\"image\":{\"@type\":\"ImageObject\",\"inLanguage\":\"es\",\"@id\":\"https:\/\/www.asajacyl.com\/palencia\/#\/schema\/person\/image\/\",\"url\":\"https:\/\/secure.gravatar.com\/avatar\/517384810d242ca9e38c180f3c9fb973?s=96&d=mm&r=g\",\"contentUrl\":\"https:\/\/secure.gravatar.com\/avatar\/517384810d242ca9e38c180f3c9fb973?s=96&d=mm&r=g\",\"caption\":\"Administrador\"},\"url\":\"https:\/\/www.asajacyl.com\/palencia\/author\/carlosrm\"}]}<\/script>\n<!-- \/ Yoast SEO plugin. -->","yoast_head_json":{"title":"Menci\u00f3n especial del CES a la grave situaci\u00f3n del campo de Castilla y Le\u00f3n por la sequ\u00eda - ASAJA Palencia","description":"ASAJA agradece al Consejo Econ\u00f3mico y Social de Castilla y Le\u00f3n (CES) que haya recogido en su informe anual de 2022 varias de las propuestas de nuestra","robots":{"index":"index","follow":"follow","max-snippet":"max-snippet:-1","max-image-preview":"max-image-preview:large","max-video-preview":"max-video-preview:-1"},"canonical":"https:\/\/www.asajacyl.com\/palencia\/asaja-palencia-informa\/mencion-especial-del-ces-a-la-grave-situacion-del-campo-de-castilla-y-leon","og_locale":"es_ES","og_type":"article","og_title":"Menci\u00f3n especial del CES a la grave situaci\u00f3n del campo de Castilla y Le\u00f3n por la sequ\u00eda - ASAJA Palencia","og_description":"ASAJA agradece al Consejo Econ\u00f3mico y Social de Castilla y Le\u00f3n (CES) que haya recogido en su informe anual de 2022 varias de las propuestas de nuestra","og_url":"https:\/\/www.asajacyl.com\/palencia\/asaja-palencia-informa\/mencion-especial-del-ces-a-la-grave-situacion-del-campo-de-castilla-y-leon","og_site_name":"ASAJA Palencia","article_published_time":"2023-06-29T08:12:00+00:00","og_image":[{"width":1024,"height":577,"url":"https:\/\/www.asajacyl.com\/palencia\/wp-content\/uploads\/sites\/3\/2023\/06\/Intervencion-Nuria-gerente-ASAJACyL-CES-1024x577.jpg","type":"image\/jpeg"}],"author":"Administrador","twitter_card":"summary_large_image","twitter_misc":{"Escrito por":"Administrador","Tiempo de lectura":"4 minutos"},"schema":{"@context":"https:\/\/schema.org","@graph":[{"@type":"WebPage","@id":"https:\/\/www.asajacyl.com\/palencia\/asaja-palencia-informa\/mencion-especial-del-ces-a-la-grave-situacion-del-campo-de-castilla-y-leon","url":"https:\/\/www.asajacyl.com\/palencia\/asaja-palencia-informa\/mencion-especial-del-ces-a-la-grave-situacion-del-campo-de-castilla-y-leon","name":"Menci\u00f3n especial del CES a la grave situaci\u00f3n del campo de Castilla y Le\u00f3n por la sequ\u00eda - ASAJA Palencia","isPartOf":{"@id":"https:\/\/www.asajacyl.com\/palencia\/#website"},"primaryImageOfPage":{"@id":"https:\/\/www.asajacyl.com\/palencia\/asaja-palencia-informa\/mencion-especial-del-ces-a-la-grave-situacion-del-campo-de-castilla-y-leon#primaryimage"},"image":{"@id":"https:\/\/www.asajacyl.com\/palencia\/asaja-palencia-informa\/mencion-especial-del-ces-a-la-grave-situacion-del-campo-de-castilla-y-leon#primaryimage"},"thumbnailUrl":"https:\/\/www.asajacyl.com\/palencia\/wp-content\/uploads\/sites\/3\/2023\/06\/Intervencion-Nuria-gerente-ASAJACyL-CES.jpg","datePublished":"2023-06-29T08:12:00+00:00","author":{"@id":"https:\/\/www.asajacyl.com\/palencia\/#\/schema\/person\/3ab17aeb03527485c317557fae64aab1"},"description":"ASAJA agradece al Consejo Econ\u00f3mico y Social de Castilla y Le\u00f3n (CES) que haya recogido en su informe anual de 2022 varias de las propuestas de nuestra","breadcrumb":{"@id":"https:\/\/www.asajacyl.com\/palencia\/asaja-palencia-informa\/mencion-especial-del-ces-a-la-grave-situacion-del-campo-de-castilla-y-leon#breadcrumb"},"inLanguage":"es","potentialAction":[{"@type":"ReadAction","target":["https:\/\/www.asajacyl.com\/palencia\/asaja-palencia-informa\/mencion-especial-del-ces-a-la-grave-situacion-del-campo-de-castilla-y-leon"]}]},{"@type":"ImageObject","inLanguage":"es","@id":"https:\/\/www.asajacyl.com\/palencia\/asaja-palencia-informa\/mencion-especial-del-ces-a-la-grave-situacion-del-campo-de-castilla-y-leon#primaryimage","url":"https:\/\/www.asajacyl.com\/palencia\/wp-content\/uploads\/sites\/3\/2023\/06\/Intervencion-Nuria-gerente-ASAJACyL-CES.jpg","contentUrl":"https:\/\/www.asajacyl.com\/palencia\/wp-content\/uploads\/sites\/3\/2023\/06\/Intervencion-Nuria-gerente-ASAJACyL-CES.jpg","width":2323,"height":1308},{"@type":"BreadcrumbList","@id":"https:\/\/www.asajacyl.com\/palencia\/asaja-palencia-informa\/mencion-especial-del-ces-a-la-grave-situacion-del-campo-de-castilla-y-leon#breadcrumb","itemListElement":[{"@type":"ListItem","position":1,"name":"Portada","item":"https:\/\/www.asajacyl.com\/palencia\/"},{"@type":"ListItem","position":2,"name":"Menci\u00f3n especial del CES a la grave situaci\u00f3n del campo de Castilla y Le\u00f3n por la sequ\u00eda"}]},{"@type":"WebSite","@id":"https:\/\/www.asajacyl.com\/palencia\/#website","url":"https:\/\/www.asajacyl.com\/palencia\/","name":"ASAJA Palencia","description":"Otro sitio m\u00e1s de Provincias ASAJA Castilla y Le\u00f3n","potentialAction":[{"@type":"SearchAction","target":{"@type":"EntryPoint","urlTemplate":"https:\/\/www.asajacyl.com\/palencia\/?s={search_term_string}"},"query-input":{"@type":"PropertyValueSpecification","valueRequired":true,"valueName":"search_term_string"}}],"inLanguage":"es"},{"@type":"Person","@id":"https:\/\/www.asajacyl.com\/palencia\/#\/schema\/person\/3ab17aeb03527485c317557fae64aab1","name":"Administrador","image":{"@type":"ImageObject","inLanguage":"es","@id":"https:\/\/www.asajacyl.com\/palencia\/#\/schema\/person\/image\/","url":"https:\/\/secure.gravatar.com\/avatar\/517384810d242ca9e38c180f3c9fb973?s=96&d=mm&r=g","contentUrl":"https:\/\/secure.gravatar.com\/avatar\/517384810d242ca9e38c180f3c9fb973?s=96&d=mm&r=g","caption":"Administrador"},"url":"https:\/\/www.asajacyl.com\/palencia\/author\/carlosrm"}]}},"_links":{"self":[{"href":"https:\/\/www.asajacyl.com\/palencia\/wp-json\/wp\/v2\/posts\/13603"}],"collection":[{"href":"https:\/\/www.asajacyl.com\/palencia\/wp-json\/wp\/v2\/posts"}],"about":[{"href":"https:\/\/www.asajacyl.com\/palencia\/wp-json\/wp\/v2\/types\/post"}],"author":[{"embeddable":true,"href":"https:\/\/www.asajacyl.com\/palencia\/wp-json\/wp\/v2\/users\/9"}],"replies":[{"embeddable":true,"href":"https:\/\/www.asajacyl.com\/palencia\/wp-json\/wp\/v2\/comments?post=13603"}],"version-history":[{"count":2,"href":"https:\/\/www.asajacyl.com\/palencia\/wp-json\/wp\/v2\/posts\/13603\/revisions"}],"predecessor-version":[{"id":13616,"href":"https:\/\/www.asajacyl.com\/palencia\/wp-json\/wp\/v2\/posts\/13603\/revisions\/13616"}],"wp:featuredmedia":[{"embeddable":true,"href":"https:\/\/www.asajacyl.com\/palencia\/wp-json\/wp\/v2\/media\/13615"}],"wp:attachment":[{"href":"https:\/\/www.asajacyl.com\/palencia\/wp-json\/wp\/v2\/media?parent=13603"}],"wp:term":[{"taxonomy":"category","embeddable":true,"href":"https:\/\/www.asajacyl.com\/palencia\/wp-json\/wp\/v2\/categories?post=13603"},{"taxonomy":"post_tag","embeddable":true,"href":"https:\/\/www.asajacyl.com\/palencia\/wp-json\/wp\/v2\/tags?post=13603"}],"curies":[{"name":"wp","href":"https:\/\/api.w.org\/{rel}","templated":true}]}}