{"id":13611,"date":"2023-06-30T10:00:00","date_gmt":"2023-06-30T08:00:00","guid":{"rendered":"https:\/\/www.asajacyl.com\/palencia\/?p=13611"},"modified":"2023-06-29T11:03:43","modified_gmt":"2023-06-29T09:03:43","slug":"la-comision-de-medio-ambiente-del-parlamento-europeo-tambien-rechaza-la-ley-de-restauracion-de-la-naturaleza","status":"publish","type":"post","link":"https:\/\/www.asajacyl.com\/palencia\/asaja-palencia-informa\/la-comision-de-medio-ambiente-del-parlamento-europeo-tambien-rechaza-la-ley-de-restauracion-de-la-naturaleza","title":{"rendered":"La Comisi\u00f3n de Medio Ambiente del Parlamento de la UE tambi\u00e9n rechaza la Ley de Restauraci\u00f3n de la Naturaleza"},"content":{"rendered":"\n<h2 class=\"wp-block-heading\">La Ley de Restauraci\u00f3n de la Naturaleza (LRN) ha sido finalmente rechazada en la Comisi\u00f3n de Medio Ambiente, Salud P\u00fablica y Seguridad Alimentaria (COMENVI) del Parlamento Europeo, tras las votaciones sobre las enmiendas a la propuesta de la Comisi\u00f3n que comenzaron el pasado 15 de junio. Las comisiones de Agricultura y Pesca ya hab\u00edan manifestado su oposici\u00f3n con anterioridad, por lo que se espera un voto en contra del pleno, que se celebrar\u00e1 en Estrasburgo entre el 11 y el 13 de julio.\u00a0ASAJA pide a los cincuenta y nueve eurodiputados espa\u00f1oles que voten en contra de la LRE en esa sesi\u00f3n plenaria.<\/h2>\n\n\n\n<p>Nuestra organizaci\u00f3n reclama a los parlamentarios europeos que recojan as\u00ed la posici\u00f3n de las citadas comisiones de \u00e1rea, as\u00ed como la reiterada oposici\u00f3n a esa ley que han mostrado las organizaciones profesionales y cooperativas de la agricultura y la ganader\u00eda de toda la Uni\u00f3n Europea, agrupadas en el COPA y la COGECA, respectivamente.<\/p>\n\n\n\n<p>La LRN, que ha sido propuesta por el eurodiputado socialista C\u00e9sar&nbsp;Luena&nbsp;y apoyada por la eurodiputada de Ciudadanos, Soraya Rodr\u00edguez, se ha saldado en la Comisi\u00f3n de Medio Ambiente, Salud P\u00fablica y Seguridad Alimentaria con 44 votos a favor, 44 en contra y ninguna abstenci\u00f3n, por lo que no alcanz\u00f3 la mayor\u00eda necesaria. <\/p>\n\n\n\n<p>Como consecuencia de este resultado, esta comisi\u00f3n presentar\u00e1 al Pleno del Parlamento Europeo la propuesta de rechazo, al igual que hicieron en su d\u00eda las comisiones de Agricultura y Pesca. El Parlamento en pleno deber\u00e1 pronunciarse, probablemente en la sesi\u00f3n plenaria de julio en Estrasburgo, a la espera de que la Conferencia de\u00a0Presidentes\u00a0apruebe el orden del d\u00eda.\u00a0\u00a0\u00a0<\/p>\n\n\n\n<p>En este sentido, ASAJA&nbsp;insta a todos los eurodiputados espa\u00f1oles a votar en contra de la Ley de Restauraci\u00f3n de la Naturaleza en el pr\u00f3ximo pleno, como se desprende l\u00f3gicamente del rechazo de las comisiones de Agricultura, Pesca y Medio Ambiente. El presidente nacional de ASAJA, Pedro Barato, ha acogido esta noticia con satisfacci\u00f3n y esperanza. <\/p>\n\n\n\n<p>\u00abFinalmente se ha hecho justicia y los europarlamentarios han comprendido que no se puede legislar dando la espalda al medio rural\u00bb, ha afirmado Barato, que reclama a la Comisi\u00f3n Europea, y especialmente a su vicepresidente, el socialista&nbsp;Timmermans, que se retire inmediatamente la propuesta legislativa, ya que ha obtenido el rechazo total de las tres comisiones titulares.<strong>\/<\/strong>&nbsp;<\/p>\n","protected":false},"excerpt":{"rendered":"<p>La Ley de Restauraci\u00f3n de la Naturaleza (LRN) ha sido finalmente rechazada en la Comisi\u00f3n de Medio Ambiente, Salud P\u00fablica y Seguridad Alimentaria (COMENVI) del Parlamento Europeo, tras las votaciones sobre las enmiendas a la propuesta de la Comisi\u00f3n que comenzaron el pasado 15 de junio. Las comisiones de Agricultura y Pesca ya hab\u00edan manifestado [&hellip;]<\/p>\n","protected":false},"author":9,"featured_media":13612,"comment_status":"open","ping_status":"open","sticky":false,"template":"","format":"standard","meta":{"footnotes":""},"categories":[9,29,28],"tags":[58,260,288,77,287,191,286,44],"yoast_head":"<!-- This site is optimized with the Yoast SEO plugin v24.5 - https:\/\/yoast.com\/wordpress\/plugins\/seo\/ -->\n<title>La Comisi\u00f3n de Medio Ambiente del Parlamento de la UE tambi\u00e9n rechaza la Ley de Restauraci\u00f3n de la Naturaleza - ASAJA Palencia<\/title>\n<meta name=\"description\" content=\"La Ley de Restauraci\u00f3n de la Naturaleza (LRN) ha sido finalmente rechazada en la Comisi\u00f3n de Medio Ambiente, Salud P\u00fablica y Seguridad Alimentaria\" \/>\n<meta name=\"robots\" content=\"index, follow, max-snippet:-1, max-image-preview:large, max-video-preview:-1\" \/>\n<link rel=\"canonical\" href=\"https:\/\/www.asajacyl.com\/palencia\/asaja-palencia-informa\/la-comision-de-medio-ambiente-del-parlamento-europeo-tambien-rechaza-la-ley-de-restauracion-de-la-naturaleza\" \/>\n<meta property=\"og:locale\" content=\"es_ES\" \/>\n<meta property=\"og:type\" content=\"article\" \/>\n<meta property=\"og:title\" content=\"La Comisi\u00f3n de Medio Ambiente del Parlamento de la UE tambi\u00e9n rechaza la Ley de Restauraci\u00f3n de la Naturaleza - ASAJA Palencia\" \/>\n<meta property=\"og:description\" content=\"La Ley de Restauraci\u00f3n de la Naturaleza (LRN) ha sido finalmente rechazada en la Comisi\u00f3n de Medio Ambiente, Salud P\u00fablica y Seguridad Alimentaria\" \/>\n<meta property=\"og:url\" content=\"https:\/\/www.asajacyl.com\/palencia\/asaja-palencia-informa\/la-comision-de-medio-ambiente-del-parlamento-europeo-tambien-rechaza-la-ley-de-restauracion-de-la-naturaleza\" \/>\n<meta property=\"og:site_name\" content=\"ASAJA Palencia\" \/>\n<meta property=\"article:published_time\" content=\"2023-06-30T08:00:00+00:00\" \/>\n<meta property=\"og:image\" content=\"https:\/\/www.asajacyl.com\/palencia\/wp-content\/uploads\/sites\/3\/2023\/06\/Parlamento-Europeo.jpg\" \/>\n\t<meta property=\"og:image:width\" content=\"1890\" \/>\n\t<meta property=\"og:image:height\" content=\"1654\" \/>\n\t<meta property=\"og:image:type\" content=\"image\/jpeg\" \/>\n<meta name=\"author\" content=\"Administrador\" \/>\n<meta name=\"twitter:card\" content=\"summary_large_image\" \/>\n<meta name=\"twitter:label1\" content=\"Escrito por\" \/>\n\t<meta name=\"twitter:data1\" content=\"Administrador\" \/>\n\t<meta name=\"twitter:label2\" content=\"Tiempo de lectura\" \/>\n\t<meta name=\"twitter:data2\" content=\"2 minutos\" \/>\n<script type=\"application\/ld+json\" class=\"yoast-schema-graph\">{\"@context\":\"https:\/\/schema.org\",\"@graph\":[{\"@type\":\"WebPage\",\"@id\":\"https:\/\/www.asajacyl.com\/palencia\/asaja-palencia-informa\/la-comision-de-medio-ambiente-del-parlamento-europeo-tambien-rechaza-la-ley-de-restauracion-de-la-naturaleza\",\"url\":\"https:\/\/www.asajacyl.com\/palencia\/asaja-palencia-informa\/la-comision-de-medio-ambiente-del-parlamento-europeo-tambien-rechaza-la-ley-de-restauracion-de-la-naturaleza\",\"name\":\"La Comisi\u00f3n de Medio Ambiente del Parlamento de la UE tambi\u00e9n rechaza la Ley de Restauraci\u00f3n de la Naturaleza - ASAJA Palencia\",\"isPartOf\":{\"@id\":\"https:\/\/www.asajacyl.com\/palencia\/#website\"},\"primaryImageOfPage\":{\"@id\":\"https:\/\/www.asajacyl.com\/palencia\/asaja-palencia-informa\/la-comision-de-medio-ambiente-del-parlamento-europeo-tambien-rechaza-la-ley-de-restauracion-de-la-naturaleza#primaryimage\"},\"image\":{\"@id\":\"https:\/\/www.asajacyl.com\/palencia\/asaja-palencia-informa\/la-comision-de-medio-ambiente-del-parlamento-europeo-tambien-rechaza-la-ley-de-restauracion-de-la-naturaleza#primaryimage\"},\"thumbnailUrl\":\"https:\/\/www.asajacyl.com\/palencia\/wp-content\/uploads\/sites\/3\/2023\/06\/Parlamento-Europeo.jpg\",\"datePublished\":\"2023-06-30T08:00:00+00:00\",\"author\":{\"@id\":\"https:\/\/www.asajacyl.com\/palencia\/#\/schema\/person\/3ab17aeb03527485c317557fae64aab1\"},\"description\":\"La Ley de Restauraci\u00f3n de la Naturaleza (LRN) ha sido finalmente rechazada en la Comisi\u00f3n de Medio Ambiente, Salud P\u00fablica y Seguridad Alimentaria\",\"breadcrumb\":{\"@id\":\"https:\/\/www.asajacyl.com\/palencia\/asaja-palencia-informa\/la-comision-de-medio-ambiente-del-parlamento-europeo-tambien-rechaza-la-ley-de-restauracion-de-la-naturaleza#breadcrumb\"},\"inLanguage\":\"es\",\"potentialAction\":[{\"@type\":\"ReadAction\",\"target\":[\"https:\/\/www.asajacyl.com\/palencia\/asaja-palencia-informa\/la-comision-de-medio-ambiente-del-parlamento-europeo-tambien-rechaza-la-ley-de-restauracion-de-la-naturaleza\"]}]},{\"@type\":\"ImageObject\",\"inLanguage\":\"es\",\"@id\":\"https:\/\/www.asajacyl.com\/palencia\/asaja-palencia-informa\/la-comision-de-medio-ambiente-del-parlamento-europeo-tambien-rechaza-la-ley-de-restauracion-de-la-naturaleza#primaryimage\",\"url\":\"https:\/\/www.asajacyl.com\/palencia\/wp-content\/uploads\/sites\/3\/2023\/06\/Parlamento-Europeo.jpg\",\"contentUrl\":\"https:\/\/www.asajacyl.com\/palencia\/wp-content\/uploads\/sites\/3\/2023\/06\/Parlamento-Europeo.jpg\",\"width\":1890,\"height\":1654},{\"@type\":\"BreadcrumbList\",\"@id\":\"https:\/\/www.asajacyl.com\/palencia\/asaja-palencia-informa\/la-comision-de-medio-ambiente-del-parlamento-europeo-tambien-rechaza-la-ley-de-restauracion-de-la-naturaleza#breadcrumb\",\"itemListElement\":[{\"@type\":\"ListItem\",\"position\":1,\"name\":\"Portada\",\"item\":\"https:\/\/www.asajacyl.com\/palencia\/\"},{\"@type\":\"ListItem\",\"position\":2,\"name\":\"La Comisi\u00f3n de Medio Ambiente del Parlamento de la UE tambi\u00e9n rechaza la Ley de Restauraci\u00f3n de la Naturaleza\"}]},{\"@type\":\"WebSite\",\"@id\":\"https:\/\/www.asajacyl.com\/palencia\/#website\",\"url\":\"https:\/\/www.asajacyl.com\/palencia\/\",\"name\":\"ASAJA Palencia\",\"description\":\"Otro sitio m\u00e1s de Provincias ASAJA Castilla y Le\u00f3n\",\"potentialAction\":[{\"@type\":\"SearchAction\",\"target\":{\"@type\":\"EntryPoint\",\"urlTemplate\":\"https:\/\/www.asajacyl.com\/palencia\/?s={search_term_string}\"},\"query-input\":{\"@type\":\"PropertyValueSpecification\",\"valueRequired\":true,\"valueName\":\"search_term_string\"}}],\"inLanguage\":\"es\"},{\"@type\":\"Person\",\"@id\":\"https:\/\/www.asajacyl.com\/palencia\/#\/schema\/person\/3ab17aeb03527485c317557fae64aab1\",\"name\":\"Administrador\",\"image\":{\"@type\":\"ImageObject\",\"inLanguage\":\"es\",\"@id\":\"https:\/\/www.asajacyl.com\/palencia\/#\/schema\/person\/image\/\",\"url\":\"https:\/\/secure.gravatar.com\/avatar\/517384810d242ca9e38c180f3c9fb973?s=96&d=mm&r=g\",\"contentUrl\":\"https:\/\/secure.gravatar.com\/avatar\/517384810d242ca9e38c180f3c9fb973?s=96&d=mm&r=g\",\"caption\":\"Administrador\"},\"url\":\"https:\/\/www.asajacyl.com\/palencia\/author\/carlosrm\"}]}<\/script>\n<!-- \/ Yoast SEO plugin. -->","yoast_head_json":{"title":"La Comisi\u00f3n de Medio Ambiente del Parlamento de la UE tambi\u00e9n rechaza la Ley de Restauraci\u00f3n de la Naturaleza - ASAJA Palencia","description":"La Ley de Restauraci\u00f3n de la Naturaleza (LRN) ha sido finalmente rechazada en la Comisi\u00f3n de Medio Ambiente, Salud P\u00fablica y Seguridad Alimentaria","robots":{"index":"index","follow":"follow","max-snippet":"max-snippet:-1","max-image-preview":"max-image-preview:large","max-video-preview":"max-video-preview:-1"},"canonical":"https:\/\/www.asajacyl.com\/palencia\/asaja-palencia-informa\/la-comision-de-medio-ambiente-del-parlamento-europeo-tambien-rechaza-la-ley-de-restauracion-de-la-naturaleza","og_locale":"es_ES","og_type":"article","og_title":"La Comisi\u00f3n de Medio Ambiente del Parlamento de la UE tambi\u00e9n rechaza la Ley de Restauraci\u00f3n de la Naturaleza - ASAJA Palencia","og_description":"La Ley de Restauraci\u00f3n de la Naturaleza (LRN) ha sido finalmente rechazada en la Comisi\u00f3n de Medio Ambiente, Salud P\u00fablica y Seguridad Alimentaria","og_url":"https:\/\/www.asajacyl.com\/palencia\/asaja-palencia-informa\/la-comision-de-medio-ambiente-del-parlamento-europeo-tambien-rechaza-la-ley-de-restauracion-de-la-naturaleza","og_site_name":"ASAJA Palencia","article_published_time":"2023-06-30T08:00:00+00:00","og_image":[{"width":1890,"height":1654,"url":"https:\/\/www.asajacyl.com\/palencia\/wp-content\/uploads\/sites\/3\/2023\/06\/Parlamento-Europeo.jpg","type":"image\/jpeg"}],"author":"Administrador","twitter_card":"summary_large_image","twitter_misc":{"Escrito por":"Administrador","Tiempo de lectura":"2 minutos"},"schema":{"@context":"https:\/\/schema.org","@graph":[{"@type":"WebPage","@id":"https:\/\/www.asajacyl.com\/palencia\/asaja-palencia-informa\/la-comision-de-medio-ambiente-del-parlamento-europeo-tambien-rechaza-la-ley-de-restauracion-de-la-naturaleza","url":"https:\/\/www.asajacyl.com\/palencia\/asaja-palencia-informa\/la-comision-de-medio-ambiente-del-parlamento-europeo-tambien-rechaza-la-ley-de-restauracion-de-la-naturaleza","name":"La Comisi\u00f3n de Medio Ambiente del Parlamento de la UE tambi\u00e9n rechaza la Ley de Restauraci\u00f3n de la Naturaleza - ASAJA Palencia","isPartOf":{"@id":"https:\/\/www.asajacyl.com\/palencia\/#website"},"primaryImageOfPage":{"@id":"https:\/\/www.asajacyl.com\/palencia\/asaja-palencia-informa\/la-comision-de-medio-ambiente-del-parlamento-europeo-tambien-rechaza-la-ley-de-restauracion-de-la-naturaleza#primaryimage"},"image":{"@id":"https:\/\/www.asajacyl.com\/palencia\/asaja-palencia-informa\/la-comision-de-medio-ambiente-del-parlamento-europeo-tambien-rechaza-la-ley-de-restauracion-de-la-naturaleza#primaryimage"},"thumbnailUrl":"https:\/\/www.asajacyl.com\/palencia\/wp-content\/uploads\/sites\/3\/2023\/06\/Parlamento-Europeo.jpg","datePublished":"2023-06-30T08:00:00+00:00","author":{"@id":"https:\/\/www.asajacyl.com\/palencia\/#\/schema\/person\/3ab17aeb03527485c317557fae64aab1"},"description":"La Ley de Restauraci\u00f3n de la Naturaleza (LRN) ha sido finalmente rechazada en la Comisi\u00f3n de Medio Ambiente, Salud P\u00fablica y Seguridad Alimentaria","breadcrumb":{"@id":"https:\/\/www.asajacyl.com\/palencia\/asaja-palencia-informa\/la-comision-de-medio-ambiente-del-parlamento-europeo-tambien-rechaza-la-ley-de-restauracion-de-la-naturaleza#breadcrumb"},"inLanguage":"es","potentialAction":[{"@type":"ReadAction","target":["https:\/\/www.asajacyl.com\/palencia\/asaja-palencia-informa\/la-comision-de-medio-ambiente-del-parlamento-europeo-tambien-rechaza-la-ley-de-restauracion-de-la-naturaleza"]}]},{"@type":"ImageObject","inLanguage":"es","@id":"https:\/\/www.asajacyl.com\/palencia\/asaja-palencia-informa\/la-comision-de-medio-ambiente-del-parlamento-europeo-tambien-rechaza-la-ley-de-restauracion-de-la-naturaleza#primaryimage","url":"https:\/\/www.asajacyl.com\/palencia\/wp-content\/uploads\/sites\/3\/2023\/06\/Parlamento-Europeo.jpg","contentUrl":"https:\/\/www.asajacyl.com\/palencia\/wp-content\/uploads\/sites\/3\/2023\/06\/Parlamento-Europeo.jpg","width":1890,"height":1654},{"@type":"BreadcrumbList","@id":"https:\/\/www.asajacyl.com\/palencia\/asaja-palencia-informa\/la-comision-de-medio-ambiente-del-parlamento-europeo-tambien-rechaza-la-ley-de-restauracion-de-la-naturaleza#breadcrumb","itemListElement":[{"@type":"ListItem","position":1,"name":"Portada","item":"https:\/\/www.asajacyl.com\/palencia\/"},{"@type":"ListItem","position":2,"name":"La Comisi\u00f3n de Medio Ambiente del Parlamento de la UE tambi\u00e9n rechaza la Ley de Restauraci\u00f3n de la Naturaleza"}]},{"@type":"WebSite","@id":"https:\/\/www.asajacyl.com\/palencia\/#website","url":"https:\/\/www.asajacyl.com\/palencia\/","name":"ASAJA Palencia","description":"Otro sitio m\u00e1s de Provincias ASAJA Castilla y Le\u00f3n","potentialAction":[{"@type":"SearchAction","target":{"@type":"EntryPoint","urlTemplate":"https:\/\/www.asajacyl.com\/palencia\/?s={search_term_string}"},"query-input":{"@type":"PropertyValueSpecification","valueRequired":true,"valueName":"search_term_string"}}],"inLanguage":"es"},{"@type":"Person","@id":"https:\/\/www.asajacyl.com\/palencia\/#\/schema\/person\/3ab17aeb03527485c317557fae64aab1","name":"Administrador","image":{"@type":"ImageObject","inLanguage":"es","@id":"https:\/\/www.asajacyl.com\/palencia\/#\/schema\/person\/image\/","url":"https:\/\/secure.gravatar.com\/avatar\/517384810d242ca9e38c180f3c9fb973?s=96&d=mm&r=g","contentUrl":"https:\/\/secure.gravatar.com\/avatar\/517384810d242ca9e38c180f3c9fb973?s=96&d=mm&r=g","caption":"Administrador"},"url":"https:\/\/www.asajacyl.com\/palencia\/author\/carlosrm"}]}},"_links":{"self":[{"href":"https:\/\/www.asajacyl.com\/palencia\/wp-json\/wp\/v2\/posts\/13611"}],"collection":[{"href":"https:\/\/www.asajacyl.com\/palencia\/wp-json\/wp\/v2\/posts"}],"about":[{"href":"https:\/\/www.asajacyl.com\/palencia\/wp-json\/wp\/v2\/types\/post"}],"author":[{"embeddable":true,"href":"https:\/\/www.asajacyl.com\/palencia\/wp-json\/wp\/v2\/users\/9"}],"replies":[{"embeddable":true,"href":"https:\/\/www.asajacyl.com\/palencia\/wp-json\/wp\/v2\/comments?post=13611"}],"version-history":[{"count":3,"href":"https:\/\/www.asajacyl.com\/palencia\/wp-json\/wp\/v2\/posts\/13611\/revisions"}],"predecessor-version":[{"id":13620,"href":"https:\/\/www.asajacyl.com\/palencia\/wp-json\/wp\/v2\/posts\/13611\/revisions\/13620"}],"wp:featuredmedia":[{"embeddable":true,"href":"https:\/\/www.asajacyl.com\/palencia\/wp-json\/wp\/v2\/media\/13612"}],"wp:attachment":[{"href":"https:\/\/www.asajacyl.com\/palencia\/wp-json\/wp\/v2\/media?parent=13611"}],"wp:term":[{"taxonomy":"category","embeddable":true,"href":"https:\/\/www.asajacyl.com\/palencia\/wp-json\/wp\/v2\/categories?post=13611"},{"taxonomy":"post_tag","embeddable":true,"href":"https:\/\/www.asajacyl.com\/palencia\/wp-json\/wp\/v2\/tags?post=13611"}],"curies":[{"name":"wp","href":"https:\/\/api.w.org\/{rel}","templated":true}]}}