{"id":13632,"date":"2023-07-02T09:05:46","date_gmt":"2023-07-02T07:05:46","guid":{"rendered":"https:\/\/www.asajacyl.com\/palencia\/?p=13632"},"modified":"2023-06-30T13:17:05","modified_gmt":"2023-06-30T11:17:05","slug":"flexibilizacion-excepcional-debida-a-la-sequia-en-las-ayudas-del-plan-de-desarrollo-rural","status":"publish","type":"post","link":"https:\/\/www.asajacyl.com\/palencia\/asaja-palencia-informa\/flexibilizacion-excepcional-debida-a-la-sequia-en-las-ayudas-del-plan-de-desarrollo-rural","title":{"rendered":"Flexibilizaci\u00f3n excepcional debida a la sequ\u00eda en las ayudas del Plan de Desarrollo Rural"},"content":{"rendered":"\n<h2 class=\"wp-block-heading\">La Consejer\u00eda de Agricultura, Ganader\u00eda y Desarrollo Rural public\u00f3 el mi\u00e9rcoles 28 de junio la orden que recoge medidas excepcionales de flexibilizaci\u00f3n para esta campa\u00f1a del Plan de Desarrollo Rural de Castilla y Le\u00f3n 2014-2020, como consecuencia de la sequ\u00eda que padece nuestra comunidad. La orden afecta tanto a las medidas de \u00abapoyo a las inversiones en las explotaciones agrarias\u00bb como a las de \u00abayuda a la creaci\u00f3n de empresas por j\u00f3venes agricultores\u00bb, ambas incluidas en el citado plan. En concreto, se aplica la flexibilizaci\u00f3n a las convocatorias abiertas desde 2014.<\/h2>\n\n\n\n<p><strong>Expedientes de modernizaci\u00f3n de explotaciones e instalaci\u00f3n de j\u00f3venes agricultores pendientes de certificar<\/strong><\/p>\n\n\n\n<p>\u00b7 Los beneficiarios que no puedan justificar los requisitos exigidos para certificar la ayuda, cuyo plazo de justificaci\u00f3n finalice a lo largo de este a\u00f1o, podr\u00e1n solicitar las ampliaciones de plazo ordinarias (o, en su defecto, la modificaci\u00f3n de los plazos establecidos) hasta la fecha en la que est\u00e9 en condiciones de finalizar las inversiones y ejecutar el plan de mejora o empresa correspondiente, con el m\u00e1ximo de dos a\u00f1os. <\/p>\n\n\n\n<p>\u00b7 En todo caso, en la incorporaci\u00f3n deber\u00e1 finalizarse el plan de empresa en los cinco a\u00f1os posteriores a la concesi\u00f3n. <\/p>\n\n\n\n<p>\u00b7 Estas ampliaciones podr\u00e1n solicitarse en el caso de las inversiones programadas pendientes de certificar que no puedan ejecutarse en los plazos establecidos en la concesi\u00f3n o cuando, habi\u00e9ndose ejecutado en esos t\u00e9rminos, los fen\u00f3menos climatol\u00f3gicos adversos impidan ejecutar el plan de mejora o de empresa aprobado.<\/p>\n\n\n\n<p><strong>Pr\u00f3rrogas en expedientes de modernizaci\u00f3n de explotaciones e instalaci\u00f3n de j\u00f3venes agricultores<\/strong><\/p>\n\n\n\n<p>\u00b7 Se considerar\u00e1 como raz\u00f3n justificada para la concesi\u00f3n de una pr\u00f3rroga la actual sequ\u00eda extrema, siempre que quede demostrada fehacientemente su relaci\u00f3n con esa ausencia de ejecuci\u00f3n de la actividad subvencionable. <\/p>\n\n\n\n<p>\u00b7 La concesi\u00f3n de la pr\u00f3rroga es potestativa y podr\u00e1 concederse previa solicitud del interesado.<\/p>\n\n\n\n<p><strong>Expedientes de modernizaci\u00f3n de explotaciones e instalaci\u00f3n de j\u00f3venes agricultores en fase de compromisos<\/strong><\/p>\n\n\n\n<p>Cuando un expediente de modernizaci\u00f3n de explotaciones o de instalaci\u00f3n de j\u00f3venes agricultores sea objeto de control a posteriori de los compromisos con el a\u00f1o de referencia en 2023, y no cumpliese alguno de los referidos compromisos, siempre que se deba a la actual sequ\u00eda, se tomar\u00e1 como referencia para los indicadores de margen neto la renta unitaria de trabajo (RUT) del a\u00f1o anterior.<\/p>\n\n\n\n<p>En los expedientes certificados, el beneficiario deber\u00e1 informar a la Direcci\u00f3n General de Desarrollo Rural por escrito, adjuntando las pruebas pertinentes de los da\u00f1os sufridos.<\/p>\n\n\n\n<p><strong>En este caso, el plazo para comunicarlo concluye el 10 de agosto de 2023.<\/strong><\/p>\n","protected":false},"excerpt":{"rendered":"<p>La Consejer\u00eda de Agricultura, Ganader\u00eda y Desarrollo Rural public\u00f3 el mi\u00e9rcoles 28 de junio la orden que recoge medidas excepcionales de flexibilizaci\u00f3n para esta campa\u00f1a del Plan de Desarrollo Rural de Castilla y Le\u00f3n 2014-2020, como consecuencia de la sequ\u00eda que padece nuestra comunidad. La orden afecta tanto a las medidas de \u00abapoyo a las [&hellip;]<\/p>\n","protected":false},"author":9,"featured_media":13633,"comment_status":"open","ping_status":"open","sticky":false,"template":"","format":"standard","meta":{"footnotes":""},"categories":[9,31,29,28],"tags":[58,59,142,77,64,296,66,297,93],"yoast_head":"<!-- This site is optimized with the Yoast SEO plugin v24.5 - https:\/\/yoast.com\/wordpress\/plugins\/seo\/ -->\n<title>Flexibilizaci\u00f3n excepcional debida a la sequ\u00eda en las ayudas del Plan de Desarrollo Rural - ASAJA Palencia<\/title>\n<meta name=\"description\" content=\"La Consejer\u00eda de Agricultura, Ganader\u00eda y Desarrollo Rural public\u00f3 el mi\u00e9rcoles 28 de junio la orden que recoge medidas excepcionales de flexibilizaci\u00f3n\" \/>\n<meta name=\"robots\" content=\"index, follow, max-snippet:-1, max-image-preview:large, max-video-preview:-1\" \/>\n<link rel=\"canonical\" href=\"https:\/\/www.asajacyl.com\/palencia\/asaja-palencia-informa\/flexibilizacion-excepcional-debida-a-la-sequia-en-las-ayudas-del-plan-de-desarrollo-rural\" \/>\n<meta property=\"og:locale\" content=\"es_ES\" \/>\n<meta property=\"og:type\" content=\"article\" \/>\n<meta property=\"og:title\" content=\"Flexibilizaci\u00f3n excepcional debida a la sequ\u00eda en las ayudas del Plan de Desarrollo Rural - ASAJA Palencia\" \/>\n<meta property=\"og:description\" content=\"La Consejer\u00eda de Agricultura, Ganader\u00eda y Desarrollo Rural public\u00f3 el mi\u00e9rcoles 28 de junio la orden que recoge medidas excepcionales de flexibilizaci\u00f3n\" \/>\n<meta property=\"og:url\" content=\"https:\/\/www.asajacyl.com\/palencia\/asaja-palencia-informa\/flexibilizacion-excepcional-debida-a-la-sequia-en-las-ayudas-del-plan-de-desarrollo-rural\" \/>\n<meta property=\"og:site_name\" content=\"ASAJA Palencia\" \/>\n<meta property=\"article:published_time\" content=\"2023-07-02T07:05:46+00:00\" \/>\n<meta property=\"og:image\" content=\"https:\/\/www.asajacyl.com\/palencia\/wp-content\/uploads\/sites\/3\/2023\/06\/Ampudia-sequia-2023.jpg\" \/>\n\t<meta property=\"og:image:width\" content=\"2500\" \/>\n\t<meta property=\"og:image:height\" content=\"2188\" \/>\n\t<meta property=\"og:image:type\" content=\"image\/jpeg\" \/>\n<meta name=\"author\" content=\"Administrador\" \/>\n<meta name=\"twitter:card\" content=\"summary_large_image\" \/>\n<meta name=\"twitter:label1\" content=\"Escrito por\" \/>\n\t<meta name=\"twitter:data1\" content=\"Administrador\" \/>\n\t<meta name=\"twitter:label2\" content=\"Tiempo de lectura\" \/>\n\t<meta name=\"twitter:data2\" content=\"2 minutos\" \/>\n<script type=\"application\/ld+json\" class=\"yoast-schema-graph\">{\"@context\":\"https:\/\/schema.org\",\"@graph\":[{\"@type\":\"WebPage\",\"@id\":\"https:\/\/www.asajacyl.com\/palencia\/asaja-palencia-informa\/flexibilizacion-excepcional-debida-a-la-sequia-en-las-ayudas-del-plan-de-desarrollo-rural\",\"url\":\"https:\/\/www.asajacyl.com\/palencia\/asaja-palencia-informa\/flexibilizacion-excepcional-debida-a-la-sequia-en-las-ayudas-del-plan-de-desarrollo-rural\",\"name\":\"Flexibilizaci\u00f3n excepcional debida a la sequ\u00eda en las ayudas del Plan de Desarrollo Rural - ASAJA Palencia\",\"isPartOf\":{\"@id\":\"https:\/\/www.asajacyl.com\/palencia\/#website\"},\"primaryImageOfPage\":{\"@id\":\"https:\/\/www.asajacyl.com\/palencia\/asaja-palencia-informa\/flexibilizacion-excepcional-debida-a-la-sequia-en-las-ayudas-del-plan-de-desarrollo-rural#primaryimage\"},\"image\":{\"@id\":\"https:\/\/www.asajacyl.com\/palencia\/asaja-palencia-informa\/flexibilizacion-excepcional-debida-a-la-sequia-en-las-ayudas-del-plan-de-desarrollo-rural#primaryimage\"},\"thumbnailUrl\":\"https:\/\/www.asajacyl.com\/palencia\/wp-content\/uploads\/sites\/3\/2023\/06\/Ampudia-sequia-2023.jpg\",\"datePublished\":\"2023-07-02T07:05:46+00:00\",\"author\":{\"@id\":\"https:\/\/www.asajacyl.com\/palencia\/#\/schema\/person\/3ab17aeb03527485c317557fae64aab1\"},\"description\":\"La Consejer\u00eda de Agricultura, Ganader\u00eda y Desarrollo Rural public\u00f3 el mi\u00e9rcoles 28 de junio la orden que recoge medidas excepcionales de flexibilizaci\u00f3n\",\"breadcrumb\":{\"@id\":\"https:\/\/www.asajacyl.com\/palencia\/asaja-palencia-informa\/flexibilizacion-excepcional-debida-a-la-sequia-en-las-ayudas-del-plan-de-desarrollo-rural#breadcrumb\"},\"inLanguage\":\"es\",\"potentialAction\":[{\"@type\":\"ReadAction\",\"target\":[\"https:\/\/www.asajacyl.com\/palencia\/asaja-palencia-informa\/flexibilizacion-excepcional-debida-a-la-sequia-en-las-ayudas-del-plan-de-desarrollo-rural\"]}]},{\"@type\":\"ImageObject\",\"inLanguage\":\"es\",\"@id\":\"https:\/\/www.asajacyl.com\/palencia\/asaja-palencia-informa\/flexibilizacion-excepcional-debida-a-la-sequia-en-las-ayudas-del-plan-de-desarrollo-rural#primaryimage\",\"url\":\"https:\/\/www.asajacyl.com\/palencia\/wp-content\/uploads\/sites\/3\/2023\/06\/Ampudia-sequia-2023.jpg\",\"contentUrl\":\"https:\/\/www.asajacyl.com\/palencia\/wp-content\/uploads\/sites\/3\/2023\/06\/Ampudia-sequia-2023.jpg\",\"width\":2500,\"height\":2188},{\"@type\":\"BreadcrumbList\",\"@id\":\"https:\/\/www.asajacyl.com\/palencia\/asaja-palencia-informa\/flexibilizacion-excepcional-debida-a-la-sequia-en-las-ayudas-del-plan-de-desarrollo-rural#breadcrumb\",\"itemListElement\":[{\"@type\":\"ListItem\",\"position\":1,\"name\":\"Portada\",\"item\":\"https:\/\/www.asajacyl.com\/palencia\/\"},{\"@type\":\"ListItem\",\"position\":2,\"name\":\"Flexibilizaci\u00f3n excepcional debida a la sequ\u00eda en las ayudas del Plan de Desarrollo Rural\"}]},{\"@type\":\"WebSite\",\"@id\":\"https:\/\/www.asajacyl.com\/palencia\/#website\",\"url\":\"https:\/\/www.asajacyl.com\/palencia\/\",\"name\":\"ASAJA Palencia\",\"description\":\"Otro sitio m\u00e1s de Provincias ASAJA Castilla y Le\u00f3n\",\"potentialAction\":[{\"@type\":\"SearchAction\",\"target\":{\"@type\":\"EntryPoint\",\"urlTemplate\":\"https:\/\/www.asajacyl.com\/palencia\/?s={search_term_string}\"},\"query-input\":{\"@type\":\"PropertyValueSpecification\",\"valueRequired\":true,\"valueName\":\"search_term_string\"}}],\"inLanguage\":\"es\"},{\"@type\":\"Person\",\"@id\":\"https:\/\/www.asajacyl.com\/palencia\/#\/schema\/person\/3ab17aeb03527485c317557fae64aab1\",\"name\":\"Administrador\",\"image\":{\"@type\":\"ImageObject\",\"inLanguage\":\"es\",\"@id\":\"https:\/\/www.asajacyl.com\/palencia\/#\/schema\/person\/image\/\",\"url\":\"https:\/\/secure.gravatar.com\/avatar\/517384810d242ca9e38c180f3c9fb973?s=96&d=mm&r=g\",\"contentUrl\":\"https:\/\/secure.gravatar.com\/avatar\/517384810d242ca9e38c180f3c9fb973?s=96&d=mm&r=g\",\"caption\":\"Administrador\"},\"url\":\"https:\/\/www.asajacyl.com\/palencia\/author\/carlosrm\"}]}<\/script>\n<!-- \/ Yoast SEO plugin. -->","yoast_head_json":{"title":"Flexibilizaci\u00f3n excepcional debida a la sequ\u00eda en las ayudas del Plan de Desarrollo Rural - ASAJA Palencia","description":"La Consejer\u00eda de Agricultura, Ganader\u00eda y Desarrollo Rural public\u00f3 el mi\u00e9rcoles 28 de junio la orden que recoge medidas excepcionales de flexibilizaci\u00f3n","robots":{"index":"index","follow":"follow","max-snippet":"max-snippet:-1","max-image-preview":"max-image-preview:large","max-video-preview":"max-video-preview:-1"},"canonical":"https:\/\/www.asajacyl.com\/palencia\/asaja-palencia-informa\/flexibilizacion-excepcional-debida-a-la-sequia-en-las-ayudas-del-plan-de-desarrollo-rural","og_locale":"es_ES","og_type":"article","og_title":"Flexibilizaci\u00f3n excepcional debida a la sequ\u00eda en las ayudas del Plan de Desarrollo Rural - ASAJA Palencia","og_description":"La Consejer\u00eda de Agricultura, Ganader\u00eda y Desarrollo Rural public\u00f3 el mi\u00e9rcoles 28 de junio la orden que recoge medidas excepcionales de flexibilizaci\u00f3n","og_url":"https:\/\/www.asajacyl.com\/palencia\/asaja-palencia-informa\/flexibilizacion-excepcional-debida-a-la-sequia-en-las-ayudas-del-plan-de-desarrollo-rural","og_site_name":"ASAJA Palencia","article_published_time":"2023-07-02T07:05:46+00:00","og_image":[{"width":2500,"height":2188,"url":"https:\/\/www.asajacyl.com\/palencia\/wp-content\/uploads\/sites\/3\/2023\/06\/Ampudia-sequia-2023.jpg","type":"image\/jpeg"}],"author":"Administrador","twitter_card":"summary_large_image","twitter_misc":{"Escrito por":"Administrador","Tiempo de lectura":"2 minutos"},"schema":{"@context":"https:\/\/schema.org","@graph":[{"@type":"WebPage","@id":"https:\/\/www.asajacyl.com\/palencia\/asaja-palencia-informa\/flexibilizacion-excepcional-debida-a-la-sequia-en-las-ayudas-del-plan-de-desarrollo-rural","url":"https:\/\/www.asajacyl.com\/palencia\/asaja-palencia-informa\/flexibilizacion-excepcional-debida-a-la-sequia-en-las-ayudas-del-plan-de-desarrollo-rural","name":"Flexibilizaci\u00f3n excepcional debida a la sequ\u00eda en las ayudas del Plan de Desarrollo Rural - ASAJA Palencia","isPartOf":{"@id":"https:\/\/www.asajacyl.com\/palencia\/#website"},"primaryImageOfPage":{"@id":"https:\/\/www.asajacyl.com\/palencia\/asaja-palencia-informa\/flexibilizacion-excepcional-debida-a-la-sequia-en-las-ayudas-del-plan-de-desarrollo-rural#primaryimage"},"image":{"@id":"https:\/\/www.asajacyl.com\/palencia\/asaja-palencia-informa\/flexibilizacion-excepcional-debida-a-la-sequia-en-las-ayudas-del-plan-de-desarrollo-rural#primaryimage"},"thumbnailUrl":"https:\/\/www.asajacyl.com\/palencia\/wp-content\/uploads\/sites\/3\/2023\/06\/Ampudia-sequia-2023.jpg","datePublished":"2023-07-02T07:05:46+00:00","author":{"@id":"https:\/\/www.asajacyl.com\/palencia\/#\/schema\/person\/3ab17aeb03527485c317557fae64aab1"},"description":"La Consejer\u00eda de Agricultura, Ganader\u00eda y Desarrollo Rural public\u00f3 el mi\u00e9rcoles 28 de junio la orden que recoge medidas excepcionales de flexibilizaci\u00f3n","breadcrumb":{"@id":"https:\/\/www.asajacyl.com\/palencia\/asaja-palencia-informa\/flexibilizacion-excepcional-debida-a-la-sequia-en-las-ayudas-del-plan-de-desarrollo-rural#breadcrumb"},"inLanguage":"es","potentialAction":[{"@type":"ReadAction","target":["https:\/\/www.asajacyl.com\/palencia\/asaja-palencia-informa\/flexibilizacion-excepcional-debida-a-la-sequia-en-las-ayudas-del-plan-de-desarrollo-rural"]}]},{"@type":"ImageObject","inLanguage":"es","@id":"https:\/\/www.asajacyl.com\/palencia\/asaja-palencia-informa\/flexibilizacion-excepcional-debida-a-la-sequia-en-las-ayudas-del-plan-de-desarrollo-rural#primaryimage","url":"https:\/\/www.asajacyl.com\/palencia\/wp-content\/uploads\/sites\/3\/2023\/06\/Ampudia-sequia-2023.jpg","contentUrl":"https:\/\/www.asajacyl.com\/palencia\/wp-content\/uploads\/sites\/3\/2023\/06\/Ampudia-sequia-2023.jpg","width":2500,"height":2188},{"@type":"BreadcrumbList","@id":"https:\/\/www.asajacyl.com\/palencia\/asaja-palencia-informa\/flexibilizacion-excepcional-debida-a-la-sequia-en-las-ayudas-del-plan-de-desarrollo-rural#breadcrumb","itemListElement":[{"@type":"ListItem","position":1,"name":"Portada","item":"https:\/\/www.asajacyl.com\/palencia\/"},{"@type":"ListItem","position":2,"name":"Flexibilizaci\u00f3n excepcional debida a la sequ\u00eda en las ayudas del Plan de Desarrollo Rural"}]},{"@type":"WebSite","@id":"https:\/\/www.asajacyl.com\/palencia\/#website","url":"https:\/\/www.asajacyl.com\/palencia\/","name":"ASAJA Palencia","description":"Otro sitio m\u00e1s de Provincias ASAJA Castilla y Le\u00f3n","potentialAction":[{"@type":"SearchAction","target":{"@type":"EntryPoint","urlTemplate":"https:\/\/www.asajacyl.com\/palencia\/?s={search_term_string}"},"query-input":{"@type":"PropertyValueSpecification","valueRequired":true,"valueName":"search_term_string"}}],"inLanguage":"es"},{"@type":"Person","@id":"https:\/\/www.asajacyl.com\/palencia\/#\/schema\/person\/3ab17aeb03527485c317557fae64aab1","name":"Administrador","image":{"@type":"ImageObject","inLanguage":"es","@id":"https:\/\/www.asajacyl.com\/palencia\/#\/schema\/person\/image\/","url":"https:\/\/secure.gravatar.com\/avatar\/517384810d242ca9e38c180f3c9fb973?s=96&d=mm&r=g","contentUrl":"https:\/\/secure.gravatar.com\/avatar\/517384810d242ca9e38c180f3c9fb973?s=96&d=mm&r=g","caption":"Administrador"},"url":"https:\/\/www.asajacyl.com\/palencia\/author\/carlosrm"}]}},"_links":{"self":[{"href":"https:\/\/www.asajacyl.com\/palencia\/wp-json\/wp\/v2\/posts\/13632"}],"collection":[{"href":"https:\/\/www.asajacyl.com\/palencia\/wp-json\/wp\/v2\/posts"}],"about":[{"href":"https:\/\/www.asajacyl.com\/palencia\/wp-json\/wp\/v2\/types\/post"}],"author":[{"embeddable":true,"href":"https:\/\/www.asajacyl.com\/palencia\/wp-json\/wp\/v2\/users\/9"}],"replies":[{"embeddable":true,"href":"https:\/\/www.asajacyl.com\/palencia\/wp-json\/wp\/v2\/comments?post=13632"}],"version-history":[{"count":1,"href":"https:\/\/www.asajacyl.com\/palencia\/wp-json\/wp\/v2\/posts\/13632\/revisions"}],"predecessor-version":[{"id":13634,"href":"https:\/\/www.asajacyl.com\/palencia\/wp-json\/wp\/v2\/posts\/13632\/revisions\/13634"}],"wp:featuredmedia":[{"embeddable":true,"href":"https:\/\/www.asajacyl.com\/palencia\/wp-json\/wp\/v2\/media\/13633"}],"wp:attachment":[{"href":"https:\/\/www.asajacyl.com\/palencia\/wp-json\/wp\/v2\/media?parent=13632"}],"wp:term":[{"taxonomy":"category","embeddable":true,"href":"https:\/\/www.asajacyl.com\/palencia\/wp-json\/wp\/v2\/categories?post=13632"},{"taxonomy":"post_tag","embeddable":true,"href":"https:\/\/www.asajacyl.com\/palencia\/wp-json\/wp\/v2\/tags?post=13632"}],"curies":[{"name":"wp","href":"https:\/\/api.w.org\/{rel}","templated":true}]}}