{"id":13640,"date":"2023-06-30T12:00:00","date_gmt":"2023-06-30T10:00:00","guid":{"rendered":"https:\/\/www.asajacyl.com\/palencia\/?p=13640"},"modified":"2023-06-30T14:09:52","modified_gmt":"2023-06-30T12:09:52","slug":"los-embalses-del-carrion-llegan-a-julio-con-mas-agua-que-hace-un-ano-pero-los-del-pisuerga-con-similar-escasez","status":"publish","type":"post","link":"https:\/\/www.asajacyl.com\/palencia\/asaja-palencia-informa\/los-embalses-del-carrion-llegan-a-julio-con-mas-agua-que-hace-un-ano-pero-los-del-pisuerga-con-similar-escasez","title":{"rendered":"Los embalses del Carri\u00f3n llegan a julio con m\u00e1s agua que hace un a\u00f1o, pero los del Pisuerga con similar escasez"},"content":{"rendered":"\n<h2 class=\"wp-block-heading\">Las lluvias de finales de primavera han amortiguado en parte los bajos niveles que arrastraban de meses anteriores los embalses de los dos sistemas de la provincia de Palencia, pero la perspectiva es diferente en el Carri\u00f3n y en el Pisuerga, donde contin\u00faa siendo preocupante. En este caso, los tres embalses (Cervera-Ruesga, La Requejada y Aguilar de Campoo) llegan a julio con una escasez muy similar al del pasado a\u00f1o por estas mismas fechas, con reservas por debajo de los 123 hect\u00f3metros c\u00fabicos, lejos de la media de la \u00faltima d\u00e9cada (223 hect\u00f3metros) a estas alturas de a\u00f1o. Mejores cifras presentan los embalses del sistema Carri\u00f3n (Camporredondo y Compuerto), que entran en julio con 106 hect\u00f3metros c\u00fabicos, sensiblemente superior a los niveles del pasado a\u00f1o, que ya vienen sobrepasando desde hace m\u00e1s de un mes.<\/h2>\n\n\n\n<p>La preocupaci\u00f3n entre los regantes del sistema Pisuerga es l\u00f3gica, dado el precedente del pasado a\u00f1o: sus embalses llegan al coraz\u00f3n del per\u00edodo estival en situaci\u00f3n an\u00e1loga a la de 2022, pese a las precipitaciones registradas en mayo y en junio. <\/p>\n\n\n\n<p>La Confederaci\u00f3n Hidrogr\u00e1fica del Duero y los regantes se han comprometido en junta de explotaci\u00f3n a intentar asegurar el riego hasta final de campa\u00f1a: los agricultores asumen economizar los consumos en determinados cultivos y el organismo regulador intentar\u00e1 prolongar el riego hasta finales de septiembre.<\/p>\n\n\n\n<p><strong>\u00daNICA V\u00cdA. <\/strong>Sin embargo, todo depender\u00e1 del comportamiento atmosf\u00e9rico de estos meses centrales del verano. En cualquier caso, los regantes del Pisuerga aguas arriba de Torquemada, localidad donde desemboca el Arlanza, tendr\u00e1n m\u00e1s dif\u00edcil asegurar el agua para sus cultivos que los agricultores del bajo Duero, ya que aqu\u00e9llos s\u00f3lo reciben aportes desde los embalses de Cervera, La Requejada y Aguilar.<\/p>\n\n\n\n<p>Mejor situaci\u00f3n se presenta en el sistema Carri\u00f3n, que desde finales de mayo super\u00f3 los registros del pasado a\u00f1o y se ha ido aproximando a unas reservas de agua embalsada dentro de los intervalos habituales por estas fechas, frente al sistema Pisuerga, que est\u00e1 acusando mucho los dos a\u00f1os consecutivos de sequ\u00eda, y sus d\u00e9ficits estructurales.<\/p>\n\n\n\n<p>Los embalses de Camporredondo y Compuerto entran en julio con 106,4 hect\u00f3metros c\u00fabicos, cifra sensiblemente superior a la de hace un a\u00f1o (76,6 hm3) y no muy distante de los 115,8 de promedio de los \u00faltimos diez a\u00f1os.<\/p>\n\n\n\n<figure class=\"wp-block-image size-large is-resized\"><img loading=\"lazy\" decoding=\"async\" src=\"https:\/\/www.asajacyl.com\/palencia\/wp-content\/uploads\/sites\/3\/2023\/06\/Embalses-Palencia-CHD-30junio2023-1024x445.png\" alt=\"\" class=\"wp-image-13642\" width=\"1069\" height=\"486\" \/><figcaption class=\"wp-element-caption\">Situaci\u00f3n de los embalses del los sistemas Carri\u00f3n y Pisuerga a 30 de junio de 2023 | Fuente: Confederaci\u00f3n Hidrogr\u00e1fica del Duero.<\/figcaption><\/figure>\n","protected":false},"excerpt":{"rendered":"<p>Las lluvias de finales de primavera han amortiguado en parte los bajos niveles que arrastraban de meses anteriores los embalses de los dos sistemas de la provincia de Palencia, pero la perspectiva es diferente en el Carri\u00f3n y en el Pisuerga, donde contin\u00faa siendo preocupante. En este caso, los tres embalses (Cervera-Ruesga, La Requejada y [&hellip;]<\/p>\n","protected":false},"author":9,"featured_media":13644,"comment_status":"open","ping_status":"open","sticky":false,"template":"","format":"standard","meta":{"footnotes":""},"categories":[9,29,28],"tags":[58,83,55,131,93,136,135],"yoast_head":"<!-- This site is optimized with the Yoast SEO plugin v24.5 - https:\/\/yoast.com\/wordpress\/plugins\/seo\/ -->\n<title>Los embalses del Carri\u00f3n llegan a julio con m\u00e1s agua que hace un a\u00f1o, pero los del Pisuerga con similar escasez - ASAJA Palencia<\/title>\n<meta name=\"description\" content=\"Las lluvias de finales de primavera han amortiguado en parte los bajos niveles que arrastraban de meses anteriores los embalses de los dos sistemas de la\" \/>\n<meta name=\"robots\" content=\"index, follow, max-snippet:-1, max-image-preview:large, max-video-preview:-1\" \/>\n<link rel=\"canonical\" href=\"https:\/\/www.asajacyl.com\/palencia\/asaja-palencia-informa\/los-embalses-del-carrion-llegan-a-julio-con-mas-agua-que-hace-un-ano-pero-los-del-pisuerga-con-similar-escasez\" \/>\n<meta property=\"og:locale\" content=\"es_ES\" \/>\n<meta property=\"og:type\" content=\"article\" \/>\n<meta property=\"og:title\" content=\"Los embalses del Carri\u00f3n llegan a julio con m\u00e1s agua que hace un a\u00f1o, pero los del Pisuerga con similar escasez - ASAJA Palencia\" \/>\n<meta property=\"og:description\" content=\"Las lluvias de finales de primavera han amortiguado en parte los bajos niveles que arrastraban de meses anteriores los embalses de los dos sistemas de la\" \/>\n<meta property=\"og:url\" content=\"https:\/\/www.asajacyl.com\/palencia\/asaja-palencia-informa\/los-embalses-del-carrion-llegan-a-julio-con-mas-agua-que-hace-un-ano-pero-los-del-pisuerga-con-similar-escasez\" \/>\n<meta property=\"og:site_name\" content=\"ASAJA Palencia\" \/>\n<meta property=\"article:published_time\" content=\"2023-06-30T10:00:00+00:00\" \/>\n<meta property=\"article:modified_time\" content=\"2023-06-30T12:09:52+00:00\" \/>\n<meta property=\"og:image\" content=\"https:\/\/www.asajacyl.com\/palencia\/wp-content\/uploads\/sites\/3\/2023\/06\/EMBALSE-AGUILAR-7-1024x557.jpg\" \/>\n\t<meta property=\"og:image:width\" content=\"1024\" \/>\n\t<meta property=\"og:image:height\" content=\"557\" \/>\n\t<meta property=\"og:image:type\" content=\"image\/jpeg\" \/>\n<meta name=\"author\" content=\"Administrador\" \/>\n<meta name=\"twitter:card\" content=\"summary_large_image\" \/>\n<meta name=\"twitter:label1\" content=\"Escrito por\" \/>\n\t<meta name=\"twitter:data1\" content=\"Administrador\" \/>\n\t<meta name=\"twitter:label2\" content=\"Tiempo de lectura\" \/>\n\t<meta name=\"twitter:data2\" content=\"3 minutos\" \/>\n<script type=\"application\/ld+json\" class=\"yoast-schema-graph\">{\"@context\":\"https:\/\/schema.org\",\"@graph\":[{\"@type\":\"WebPage\",\"@id\":\"https:\/\/www.asajacyl.com\/palencia\/asaja-palencia-informa\/los-embalses-del-carrion-llegan-a-julio-con-mas-agua-que-hace-un-ano-pero-los-del-pisuerga-con-similar-escasez\",\"url\":\"https:\/\/www.asajacyl.com\/palencia\/asaja-palencia-informa\/los-embalses-del-carrion-llegan-a-julio-con-mas-agua-que-hace-un-ano-pero-los-del-pisuerga-con-similar-escasez\",\"name\":\"Los embalses del Carri\u00f3n llegan a julio con m\u00e1s agua que hace un a\u00f1o, pero los del Pisuerga con similar escasez - ASAJA Palencia\",\"isPartOf\":{\"@id\":\"https:\/\/www.asajacyl.com\/palencia\/#website\"},\"primaryImageOfPage\":{\"@id\":\"https:\/\/www.asajacyl.com\/palencia\/asaja-palencia-informa\/los-embalses-del-carrion-llegan-a-julio-con-mas-agua-que-hace-un-ano-pero-los-del-pisuerga-con-similar-escasez#primaryimage\"},\"image\":{\"@id\":\"https:\/\/www.asajacyl.com\/palencia\/asaja-palencia-informa\/los-embalses-del-carrion-llegan-a-julio-con-mas-agua-que-hace-un-ano-pero-los-del-pisuerga-con-similar-escasez#primaryimage\"},\"thumbnailUrl\":\"https:\/\/www.asajacyl.com\/palencia\/wp-content\/uploads\/sites\/3\/2023\/06\/EMBALSE-AGUILAR-7.jpg\",\"datePublished\":\"2023-06-30T10:00:00+00:00\",\"dateModified\":\"2023-06-30T12:09:52+00:00\",\"author\":{\"@id\":\"https:\/\/www.asajacyl.com\/palencia\/#\/schema\/person\/3ab17aeb03527485c317557fae64aab1\"},\"description\":\"Las lluvias de finales de primavera han amortiguado en parte los bajos niveles que arrastraban de meses anteriores los embalses de los dos sistemas de la\",\"breadcrumb\":{\"@id\":\"https:\/\/www.asajacyl.com\/palencia\/asaja-palencia-informa\/los-embalses-del-carrion-llegan-a-julio-con-mas-agua-que-hace-un-ano-pero-los-del-pisuerga-con-similar-escasez#breadcrumb\"},\"inLanguage\":\"es\",\"potentialAction\":[{\"@type\":\"ReadAction\",\"target\":[\"https:\/\/www.asajacyl.com\/palencia\/asaja-palencia-informa\/los-embalses-del-carrion-llegan-a-julio-con-mas-agua-que-hace-un-ano-pero-los-del-pisuerga-con-similar-escasez\"]}]},{\"@type\":\"ImageObject\",\"inLanguage\":\"es\",\"@id\":\"https:\/\/www.asajacyl.com\/palencia\/asaja-palencia-informa\/los-embalses-del-carrion-llegan-a-julio-con-mas-agua-que-hace-un-ano-pero-los-del-pisuerga-con-similar-escasez#primaryimage\",\"url\":\"https:\/\/www.asajacyl.com\/palencia\/wp-content\/uploads\/sites\/3\/2023\/06\/EMBALSE-AGUILAR-7.jpg\",\"contentUrl\":\"https:\/\/www.asajacyl.com\/palencia\/wp-content\/uploads\/sites\/3\/2023\/06\/EMBALSE-AGUILAR-7.jpg\",\"width\":2460,\"height\":1338},{\"@type\":\"BreadcrumbList\",\"@id\":\"https:\/\/www.asajacyl.com\/palencia\/asaja-palencia-informa\/los-embalses-del-carrion-llegan-a-julio-con-mas-agua-que-hace-un-ano-pero-los-del-pisuerga-con-similar-escasez#breadcrumb\",\"itemListElement\":[{\"@type\":\"ListItem\",\"position\":1,\"name\":\"Portada\",\"item\":\"https:\/\/www.asajacyl.com\/palencia\/\"},{\"@type\":\"ListItem\",\"position\":2,\"name\":\"Los embalses del Carri\u00f3n llegan a julio con m\u00e1s agua que hace un a\u00f1o, pero los del Pisuerga con similar escasez\"}]},{\"@type\":\"WebSite\",\"@id\":\"https:\/\/www.asajacyl.com\/palencia\/#website\",\"url\":\"https:\/\/www.asajacyl.com\/palencia\/\",\"name\":\"ASAJA Palencia\",\"description\":\"Otro sitio m\u00e1s de Provincias ASAJA Castilla y Le\u00f3n\",\"potentialAction\":[{\"@type\":\"SearchAction\",\"target\":{\"@type\":\"EntryPoint\",\"urlTemplate\":\"https:\/\/www.asajacyl.com\/palencia\/?s={search_term_string}\"},\"query-input\":{\"@type\":\"PropertyValueSpecification\",\"valueRequired\":true,\"valueName\":\"search_term_string\"}}],\"inLanguage\":\"es\"},{\"@type\":\"Person\",\"@id\":\"https:\/\/www.asajacyl.com\/palencia\/#\/schema\/person\/3ab17aeb03527485c317557fae64aab1\",\"name\":\"Administrador\",\"image\":{\"@type\":\"ImageObject\",\"inLanguage\":\"es\",\"@id\":\"https:\/\/www.asajacyl.com\/palencia\/#\/schema\/person\/image\/\",\"url\":\"https:\/\/secure.gravatar.com\/avatar\/517384810d242ca9e38c180f3c9fb973?s=96&d=mm&r=g\",\"contentUrl\":\"https:\/\/secure.gravatar.com\/avatar\/517384810d242ca9e38c180f3c9fb973?s=96&d=mm&r=g\",\"caption\":\"Administrador\"},\"url\":\"https:\/\/www.asajacyl.com\/palencia\/author\/carlosrm\"}]}<\/script>\n<!-- \/ Yoast SEO plugin. -->","yoast_head_json":{"title":"Los embalses del Carri\u00f3n llegan a julio con m\u00e1s agua que hace un a\u00f1o, pero los del Pisuerga con similar escasez - ASAJA Palencia","description":"Las lluvias de finales de primavera han amortiguado en parte los bajos niveles que arrastraban de meses anteriores los embalses de los dos sistemas de la","robots":{"index":"index","follow":"follow","max-snippet":"max-snippet:-1","max-image-preview":"max-image-preview:large","max-video-preview":"max-video-preview:-1"},"canonical":"https:\/\/www.asajacyl.com\/palencia\/asaja-palencia-informa\/los-embalses-del-carrion-llegan-a-julio-con-mas-agua-que-hace-un-ano-pero-los-del-pisuerga-con-similar-escasez","og_locale":"es_ES","og_type":"article","og_title":"Los embalses del Carri\u00f3n llegan a julio con m\u00e1s agua que hace un a\u00f1o, pero los del Pisuerga con similar escasez - ASAJA Palencia","og_description":"Las lluvias de finales de primavera han amortiguado en parte los bajos niveles que arrastraban de meses anteriores los embalses de los dos sistemas de la","og_url":"https:\/\/www.asajacyl.com\/palencia\/asaja-palencia-informa\/los-embalses-del-carrion-llegan-a-julio-con-mas-agua-que-hace-un-ano-pero-los-del-pisuerga-con-similar-escasez","og_site_name":"ASAJA Palencia","article_published_time":"2023-06-30T10:00:00+00:00","article_modified_time":"2023-06-30T12:09:52+00:00","og_image":[{"width":1024,"height":557,"url":"https:\/\/www.asajacyl.com\/palencia\/wp-content\/uploads\/sites\/3\/2023\/06\/EMBALSE-AGUILAR-7-1024x557.jpg","type":"image\/jpeg"}],"author":"Administrador","twitter_card":"summary_large_image","twitter_misc":{"Escrito por":"Administrador","Tiempo de lectura":"3 minutos"},"schema":{"@context":"https:\/\/schema.org","@graph":[{"@type":"WebPage","@id":"https:\/\/www.asajacyl.com\/palencia\/asaja-palencia-informa\/los-embalses-del-carrion-llegan-a-julio-con-mas-agua-que-hace-un-ano-pero-los-del-pisuerga-con-similar-escasez","url":"https:\/\/www.asajacyl.com\/palencia\/asaja-palencia-informa\/los-embalses-del-carrion-llegan-a-julio-con-mas-agua-que-hace-un-ano-pero-los-del-pisuerga-con-similar-escasez","name":"Los embalses del Carri\u00f3n llegan a julio con m\u00e1s agua que hace un a\u00f1o, pero los del Pisuerga con similar escasez - ASAJA Palencia","isPartOf":{"@id":"https:\/\/www.asajacyl.com\/palencia\/#website"},"primaryImageOfPage":{"@id":"https:\/\/www.asajacyl.com\/palencia\/asaja-palencia-informa\/los-embalses-del-carrion-llegan-a-julio-con-mas-agua-que-hace-un-ano-pero-los-del-pisuerga-con-similar-escasez#primaryimage"},"image":{"@id":"https:\/\/www.asajacyl.com\/palencia\/asaja-palencia-informa\/los-embalses-del-carrion-llegan-a-julio-con-mas-agua-que-hace-un-ano-pero-los-del-pisuerga-con-similar-escasez#primaryimage"},"thumbnailUrl":"https:\/\/www.asajacyl.com\/palencia\/wp-content\/uploads\/sites\/3\/2023\/06\/EMBALSE-AGUILAR-7.jpg","datePublished":"2023-06-30T10:00:00+00:00","dateModified":"2023-06-30T12:09:52+00:00","author":{"@id":"https:\/\/www.asajacyl.com\/palencia\/#\/schema\/person\/3ab17aeb03527485c317557fae64aab1"},"description":"Las lluvias de finales de primavera han amortiguado en parte los bajos niveles que arrastraban de meses anteriores los embalses de los dos sistemas de la","breadcrumb":{"@id":"https:\/\/www.asajacyl.com\/palencia\/asaja-palencia-informa\/los-embalses-del-carrion-llegan-a-julio-con-mas-agua-que-hace-un-ano-pero-los-del-pisuerga-con-similar-escasez#breadcrumb"},"inLanguage":"es","potentialAction":[{"@type":"ReadAction","target":["https:\/\/www.asajacyl.com\/palencia\/asaja-palencia-informa\/los-embalses-del-carrion-llegan-a-julio-con-mas-agua-que-hace-un-ano-pero-los-del-pisuerga-con-similar-escasez"]}]},{"@type":"ImageObject","inLanguage":"es","@id":"https:\/\/www.asajacyl.com\/palencia\/asaja-palencia-informa\/los-embalses-del-carrion-llegan-a-julio-con-mas-agua-que-hace-un-ano-pero-los-del-pisuerga-con-similar-escasez#primaryimage","url":"https:\/\/www.asajacyl.com\/palencia\/wp-content\/uploads\/sites\/3\/2023\/06\/EMBALSE-AGUILAR-7.jpg","contentUrl":"https:\/\/www.asajacyl.com\/palencia\/wp-content\/uploads\/sites\/3\/2023\/06\/EMBALSE-AGUILAR-7.jpg","width":2460,"height":1338},{"@type":"BreadcrumbList","@id":"https:\/\/www.asajacyl.com\/palencia\/asaja-palencia-informa\/los-embalses-del-carrion-llegan-a-julio-con-mas-agua-que-hace-un-ano-pero-los-del-pisuerga-con-similar-escasez#breadcrumb","itemListElement":[{"@type":"ListItem","position":1,"name":"Portada","item":"https:\/\/www.asajacyl.com\/palencia\/"},{"@type":"ListItem","position":2,"name":"Los embalses del Carri\u00f3n llegan a julio con m\u00e1s agua que hace un a\u00f1o, pero los del Pisuerga con similar escasez"}]},{"@type":"WebSite","@id":"https:\/\/www.asajacyl.com\/palencia\/#website","url":"https:\/\/www.asajacyl.com\/palencia\/","name":"ASAJA Palencia","description":"Otro sitio m\u00e1s de Provincias ASAJA Castilla y Le\u00f3n","potentialAction":[{"@type":"SearchAction","target":{"@type":"EntryPoint","urlTemplate":"https:\/\/www.asajacyl.com\/palencia\/?s={search_term_string}"},"query-input":{"@type":"PropertyValueSpecification","valueRequired":true,"valueName":"search_term_string"}}],"inLanguage":"es"},{"@type":"Person","@id":"https:\/\/www.asajacyl.com\/palencia\/#\/schema\/person\/3ab17aeb03527485c317557fae64aab1","name":"Administrador","image":{"@type":"ImageObject","inLanguage":"es","@id":"https:\/\/www.asajacyl.com\/palencia\/#\/schema\/person\/image\/","url":"https:\/\/secure.gravatar.com\/avatar\/517384810d242ca9e38c180f3c9fb973?s=96&d=mm&r=g","contentUrl":"https:\/\/secure.gravatar.com\/avatar\/517384810d242ca9e38c180f3c9fb973?s=96&d=mm&r=g","caption":"Administrador"},"url":"https:\/\/www.asajacyl.com\/palencia\/author\/carlosrm"}]}},"_links":{"self":[{"href":"https:\/\/www.asajacyl.com\/palencia\/wp-json\/wp\/v2\/posts\/13640"}],"collection":[{"href":"https:\/\/www.asajacyl.com\/palencia\/wp-json\/wp\/v2\/posts"}],"about":[{"href":"https:\/\/www.asajacyl.com\/palencia\/wp-json\/wp\/v2\/types\/post"}],"author":[{"embeddable":true,"href":"https:\/\/www.asajacyl.com\/palencia\/wp-json\/wp\/v2\/users\/9"}],"replies":[{"embeddable":true,"href":"https:\/\/www.asajacyl.com\/palencia\/wp-json\/wp\/v2\/comments?post=13640"}],"version-history":[{"count":1,"href":"https:\/\/www.asajacyl.com\/palencia\/wp-json\/wp\/v2\/posts\/13640\/revisions"}],"predecessor-version":[{"id":13645,"href":"https:\/\/www.asajacyl.com\/palencia\/wp-json\/wp\/v2\/posts\/13640\/revisions\/13645"}],"wp:featuredmedia":[{"embeddable":true,"href":"https:\/\/www.asajacyl.com\/palencia\/wp-json\/wp\/v2\/media\/13644"}],"wp:attachment":[{"href":"https:\/\/www.asajacyl.com\/palencia\/wp-json\/wp\/v2\/media?parent=13640"}],"wp:term":[{"taxonomy":"category","embeddable":true,"href":"https:\/\/www.asajacyl.com\/palencia\/wp-json\/wp\/v2\/categories?post=13640"},{"taxonomy":"post_tag","embeddable":true,"href":"https:\/\/www.asajacyl.com\/palencia\/wp-json\/wp\/v2\/tags?post=13640"}],"curies":[{"name":"wp","href":"https:\/\/api.w.org\/{rel}","templated":true}]}}