{"id":13648,"date":"2023-07-03T10:17:49","date_gmt":"2023-07-03T08:17:49","guid":{"rendered":"https:\/\/www.asajacyl.com\/palencia\/?p=13648"},"modified":"2023-07-03T10:17:52","modified_gmt":"2023-07-03T08:17:52","slug":"un-junio-monzonico-en-la-provincia-record-de-lluvias-y-temperaturas-muy-altas","status":"publish","type":"post","link":"https:\/\/www.asajacyl.com\/palencia\/asaja-palencia-informa\/un-junio-monzonico-en-la-provincia-record-de-lluvias-y-temperaturas-muy-altas","title":{"rendered":"Un junio &#8216;monz\u00f3nico&#8217; en la provincia: r\u00e9cord de lluvias y temperaturas muy altas"},"content":{"rendered":"\n<h2 class=\"wp-block-heading\">La meteorolog\u00eda de 2023 no deja de sorprender. Si los primeros meses del a\u00f1o destacaron por la sequ\u00eda, el pasado junio se ha comportado en Palencia como un mes extremadamente lluvioso para esta \u00e9poca del a\u00f1o y m\u00e1s c\u00e1lido de lo normal en nuestra provincia. Un junio, pues, con una cierta vocaci\u00f3n monz\u00f3nica. As\u00ed se desprende del balance mensual del Observatorio Meteorol\u00f3gico de Carralabo, que gestiona en Astudillo el agricultor jubilado Mariano Bustillo, el \u00abhombre del tiempo\u00bb de ASAJA-Palencia.  <\/h2>\n\n\n\n<p>La precipitaci\u00f3n total alcanzada en junio en el observatorio alcanz\u00f3 los 90,6 litros por metro cuadrado, cantidad nunca alcanzada en un mes de junio en los sesenta y cuatro a\u00f1os de los que se poseen registros en esta localidad palentina. \u00daltimamente, habr\u00eda que remontarse a junio de 2015, con 80,8 litros por metro cuadrado, para encontrar unas cifras similares en ese mes; y ya, a una cierta distancia, constan los 70,5 litros por metro cuadrado del mes de junio de 1988.<\/p>\n\n\n\n<p>Mariano Bustillo destaca que ha llovido la mitad de los d\u00edas del mes, pero en dos jornadas, las del domingo 11 y lunes 12, se concentr\u00f3 pr\u00e1cticamente la mitad de lluvia de todo el mes, con 17 y 25,5 litros por metro cuadrado, respectivamente. En total, 42,5 litros (el 47% de las precipitaciones del mes). <\/p>\n\n\n\n<p>En todo caso, estas lluvias de junio (al igual que las registradas en la segunda mitad de mayo) han llegado demasiado tarde para los cultivos de secano de la provincia de Palencia, como lamentablemente est\u00e1n comprobando los agricultores en sus cosechas, con rendimientos sensiblemente inferiores a la media. Asimismo, otros cultivos incluso <\/p>\n\n\n\n<p>En once jornadas de junio se desat\u00f3 tormenta en Astudillo, con precipitaci\u00f3n en todos esos d\u00edas, salvo en uno. En ning\u00fan caso, la precipitaci\u00f3n fue de granizo en el Observatorio de Carralobo, como s\u00ed se produjo en otros muchos puntos de la geograf\u00eda provincial.<\/p>\n\n\n\n<p><strong>LA OSCILACI\u00d3N M\u00c1XIMA, EN EL MISMO D\u00cdA. <\/strong>Por lo que respecta a las temperaturas del pasado junio, la m\u00e1xima (36 \u00baC) y la m\u00ednima (9,5 \u00baC) mensuales se produjeron en la misma jornada, el 25 de junio, d\u00eda en el que se concentr\u00f3, pues, la mayor oscilaci\u00f3n t\u00e9rmica del mes, que lleg\u00f3 a veintis\u00e9is grados y medio.<\/p>\n\n\n\n<p>Mariano Bustillo resalta que las temperaturas alcanzadas el pasado mes se encuentran, en su conjunto, entre las m\u00e1s altas de junio de las que se tiene constancia en el Observatorio. La media de las m\u00e1ximas lleg\u00f3 a 27,3 \u00baC, un registro m\u00e1s propio de los meses centrales del verano; en tanto que el promedio de m\u00ednimas subi\u00f3 hasta los 13,6 \u00baC.<\/p>\n\n\n\n<p>El promedio de las temperaturas medias diarias del mes se aproxim\u00f3 mucho a los 20 \u00baC, list\u00f3n al que se lleg\u00f3 en junio de 2022: en concreto, se qued\u00f3 en 19,5 \u00baC, cifra solo superada en las \u00faltimas d\u00e9cadas (desde 1988) por el pasado a\u00f1o y por los junios de 2001 (19,6 \u00baC), 2002 (19,8 \u00baC), 2003 (21,3 \u00baC), 2004 (19,7 \u00baC), 2005 (21,3 \u00baC) y 2006, y m\u00e1s recientemente, en 2017 (21,1 \u00baC). Los 19,5\u00ba de media tambi\u00e9n se registraron en junio de 2009 y 2015.<\/p>\n\n\n\n<p>Como es costumbre, Bustillo remata su balance mensual con un refr\u00e1n: \u00abEn junio, el mucho calor no asusta al buen labrador\u00bb.<strong>\/<\/strong><\/p>\n\n\n\n<p><\/p>\n\n\n\n<p><\/p>\n\n\n\n<p><\/p>\n\n\n\n<p><\/p>\n\n\n\n<p><\/p>\n","protected":false},"excerpt":{"rendered":"<p>La meteorolog\u00eda de 2023 no deja de sorprender. Si los primeros meses del a\u00f1o destacaron por la sequ\u00eda, el pasado junio se ha comportado en Palencia como un mes extremadamente lluvioso para esta \u00e9poca del a\u00f1o y m\u00e1s c\u00e1lido de lo normal en nuestra provincia. Un junio, pues, con una cierta vocaci\u00f3n monz\u00f3nica. As\u00ed se [&hellip;]<\/p>\n","protected":false},"author":9,"featured_media":12882,"comment_status":"open","ping_status":"open","sticky":false,"template":"","format":"standard","meta":{"footnotes":""},"categories":[9,29,28],"tags":[58,248,77,300,301,92,236,93,303],"yoast_head":"<!-- This site is optimized with the Yoast SEO plugin v24.5 - https:\/\/yoast.com\/wordpress\/plugins\/seo\/ -->\n<title>Un junio &#039;monz\u00f3nico&#039; en la provincia: r\u00e9cord de lluvias y temperaturas muy altas - ASAJA Palencia<\/title>\n<meta name=\"description\" content=\"La meteorolog\u00eda de 2023 no deja de sorprender. Si los primeros meses del a\u00f1o destacaron por la sequ\u00eda, el pasado junio se ha comportado en Palencia como\" \/>\n<meta name=\"robots\" content=\"index, follow, max-snippet:-1, max-image-preview:large, max-video-preview:-1\" \/>\n<link rel=\"canonical\" href=\"https:\/\/www.asajacyl.com\/palencia\/asaja-palencia-informa\/un-junio-monzonico-en-la-provincia-record-de-lluvias-y-temperaturas-muy-altas\" \/>\n<meta property=\"og:locale\" content=\"es_ES\" \/>\n<meta property=\"og:type\" content=\"article\" \/>\n<meta property=\"og:title\" content=\"Un junio &#039;monz\u00f3nico&#039; en la provincia: r\u00e9cord de lluvias y temperaturas muy altas - ASAJA Palencia\" \/>\n<meta property=\"og:description\" content=\"La meteorolog\u00eda de 2023 no deja de sorprender. Si los primeros meses del a\u00f1o destacaron por la sequ\u00eda, el pasado junio se ha comportado en Palencia como\" \/>\n<meta property=\"og:url\" content=\"https:\/\/www.asajacyl.com\/palencia\/asaja-palencia-informa\/un-junio-monzonico-en-la-provincia-record-de-lluvias-y-temperaturas-muy-altas\" \/>\n<meta property=\"og:site_name\" content=\"ASAJA Palencia\" \/>\n<meta property=\"article:published_time\" content=\"2023-07-03T08:17:49+00:00\" \/>\n<meta property=\"article:modified_time\" content=\"2023-07-03T08:17:52+00:00\" \/>\n<meta property=\"og:image\" content=\"https:\/\/www.asajacyl.com\/palencia\/wp-content\/uploads\/sites\/3\/2023\/04\/Mariano-Bustillo-horizontal-web-1024x614.jpg\" \/>\n\t<meta property=\"og:image:width\" content=\"1024\" \/>\n\t<meta property=\"og:image:height\" content=\"614\" \/>\n\t<meta property=\"og:image:type\" content=\"image\/jpeg\" \/>\n<meta name=\"author\" content=\"Administrador\" \/>\n<meta name=\"twitter:card\" content=\"summary_large_image\" \/>\n<meta name=\"twitter:label1\" content=\"Escrito por\" \/>\n\t<meta name=\"twitter:data1\" content=\"Administrador\" \/>\n\t<meta name=\"twitter:label2\" content=\"Tiempo de lectura\" \/>\n\t<meta name=\"twitter:data2\" content=\"3 minutos\" \/>\n<script type=\"application\/ld+json\" class=\"yoast-schema-graph\">{\"@context\":\"https:\/\/schema.org\",\"@graph\":[{\"@type\":\"WebPage\",\"@id\":\"https:\/\/www.asajacyl.com\/palencia\/asaja-palencia-informa\/un-junio-monzonico-en-la-provincia-record-de-lluvias-y-temperaturas-muy-altas\",\"url\":\"https:\/\/www.asajacyl.com\/palencia\/asaja-palencia-informa\/un-junio-monzonico-en-la-provincia-record-de-lluvias-y-temperaturas-muy-altas\",\"name\":\"Un junio 'monz\u00f3nico' en la provincia: r\u00e9cord de lluvias y temperaturas muy altas - ASAJA Palencia\",\"isPartOf\":{\"@id\":\"https:\/\/www.asajacyl.com\/palencia\/#website\"},\"primaryImageOfPage\":{\"@id\":\"https:\/\/www.asajacyl.com\/palencia\/asaja-palencia-informa\/un-junio-monzonico-en-la-provincia-record-de-lluvias-y-temperaturas-muy-altas#primaryimage\"},\"image\":{\"@id\":\"https:\/\/www.asajacyl.com\/palencia\/asaja-palencia-informa\/un-junio-monzonico-en-la-provincia-record-de-lluvias-y-temperaturas-muy-altas#primaryimage\"},\"thumbnailUrl\":\"https:\/\/www.asajacyl.com\/palencia\/wp-content\/uploads\/sites\/3\/2023\/04\/Mariano-Bustillo-horizontal-web.jpg\",\"datePublished\":\"2023-07-03T08:17:49+00:00\",\"dateModified\":\"2023-07-03T08:17:52+00:00\",\"author\":{\"@id\":\"https:\/\/www.asajacyl.com\/palencia\/#\/schema\/person\/3ab17aeb03527485c317557fae64aab1\"},\"description\":\"La meteorolog\u00eda de 2023 no deja de sorprender. Si los primeros meses del a\u00f1o destacaron por la sequ\u00eda, el pasado junio se ha comportado en Palencia como\",\"breadcrumb\":{\"@id\":\"https:\/\/www.asajacyl.com\/palencia\/asaja-palencia-informa\/un-junio-monzonico-en-la-provincia-record-de-lluvias-y-temperaturas-muy-altas#breadcrumb\"},\"inLanguage\":\"es\",\"potentialAction\":[{\"@type\":\"ReadAction\",\"target\":[\"https:\/\/www.asajacyl.com\/palencia\/asaja-palencia-informa\/un-junio-monzonico-en-la-provincia-record-de-lluvias-y-temperaturas-muy-altas\"]}]},{\"@type\":\"ImageObject\",\"inLanguage\":\"es\",\"@id\":\"https:\/\/www.asajacyl.com\/palencia\/asaja-palencia-informa\/un-junio-monzonico-en-la-provincia-record-de-lluvias-y-temperaturas-muy-altas#primaryimage\",\"url\":\"https:\/\/www.asajacyl.com\/palencia\/wp-content\/uploads\/sites\/3\/2023\/04\/Mariano-Bustillo-horizontal-web.jpg\",\"contentUrl\":\"https:\/\/www.asajacyl.com\/palencia\/wp-content\/uploads\/sites\/3\/2023\/04\/Mariano-Bustillo-horizontal-web.jpg\",\"width\":2440,\"height\":1462},{\"@type\":\"BreadcrumbList\",\"@id\":\"https:\/\/www.asajacyl.com\/palencia\/asaja-palencia-informa\/un-junio-monzonico-en-la-provincia-record-de-lluvias-y-temperaturas-muy-altas#breadcrumb\",\"itemListElement\":[{\"@type\":\"ListItem\",\"position\":1,\"name\":\"Portada\",\"item\":\"https:\/\/www.asajacyl.com\/palencia\/\"},{\"@type\":\"ListItem\",\"position\":2,\"name\":\"Un junio &#8216;monz\u00f3nico&#8217; en la provincia: r\u00e9cord de lluvias y temperaturas muy altas\"}]},{\"@type\":\"WebSite\",\"@id\":\"https:\/\/www.asajacyl.com\/palencia\/#website\",\"url\":\"https:\/\/www.asajacyl.com\/palencia\/\",\"name\":\"ASAJA Palencia\",\"description\":\"Otro sitio m\u00e1s de Provincias ASAJA Castilla y Le\u00f3n\",\"potentialAction\":[{\"@type\":\"SearchAction\",\"target\":{\"@type\":\"EntryPoint\",\"urlTemplate\":\"https:\/\/www.asajacyl.com\/palencia\/?s={search_term_string}\"},\"query-input\":{\"@type\":\"PropertyValueSpecification\",\"valueRequired\":true,\"valueName\":\"search_term_string\"}}],\"inLanguage\":\"es\"},{\"@type\":\"Person\",\"@id\":\"https:\/\/www.asajacyl.com\/palencia\/#\/schema\/person\/3ab17aeb03527485c317557fae64aab1\",\"name\":\"Administrador\",\"image\":{\"@type\":\"ImageObject\",\"inLanguage\":\"es\",\"@id\":\"https:\/\/www.asajacyl.com\/palencia\/#\/schema\/person\/image\/\",\"url\":\"https:\/\/secure.gravatar.com\/avatar\/517384810d242ca9e38c180f3c9fb973?s=96&d=mm&r=g\",\"contentUrl\":\"https:\/\/secure.gravatar.com\/avatar\/517384810d242ca9e38c180f3c9fb973?s=96&d=mm&r=g\",\"caption\":\"Administrador\"},\"url\":\"https:\/\/www.asajacyl.com\/palencia\/author\/carlosrm\"}]}<\/script>\n<!-- \/ Yoast SEO plugin. -->","yoast_head_json":{"title":"Un junio 'monz\u00f3nico' en la provincia: r\u00e9cord de lluvias y temperaturas muy altas - ASAJA Palencia","description":"La meteorolog\u00eda de 2023 no deja de sorprender. Si los primeros meses del a\u00f1o destacaron por la sequ\u00eda, el pasado junio se ha comportado en Palencia como","robots":{"index":"index","follow":"follow","max-snippet":"max-snippet:-1","max-image-preview":"max-image-preview:large","max-video-preview":"max-video-preview:-1"},"canonical":"https:\/\/www.asajacyl.com\/palencia\/asaja-palencia-informa\/un-junio-monzonico-en-la-provincia-record-de-lluvias-y-temperaturas-muy-altas","og_locale":"es_ES","og_type":"article","og_title":"Un junio 'monz\u00f3nico' en la provincia: r\u00e9cord de lluvias y temperaturas muy altas - ASAJA Palencia","og_description":"La meteorolog\u00eda de 2023 no deja de sorprender. Si los primeros meses del a\u00f1o destacaron por la sequ\u00eda, el pasado junio se ha comportado en Palencia como","og_url":"https:\/\/www.asajacyl.com\/palencia\/asaja-palencia-informa\/un-junio-monzonico-en-la-provincia-record-de-lluvias-y-temperaturas-muy-altas","og_site_name":"ASAJA Palencia","article_published_time":"2023-07-03T08:17:49+00:00","article_modified_time":"2023-07-03T08:17:52+00:00","og_image":[{"width":1024,"height":614,"url":"https:\/\/www.asajacyl.com\/palencia\/wp-content\/uploads\/sites\/3\/2023\/04\/Mariano-Bustillo-horizontal-web-1024x614.jpg","type":"image\/jpeg"}],"author":"Administrador","twitter_card":"summary_large_image","twitter_misc":{"Escrito por":"Administrador","Tiempo de lectura":"3 minutos"},"schema":{"@context":"https:\/\/schema.org","@graph":[{"@type":"WebPage","@id":"https:\/\/www.asajacyl.com\/palencia\/asaja-palencia-informa\/un-junio-monzonico-en-la-provincia-record-de-lluvias-y-temperaturas-muy-altas","url":"https:\/\/www.asajacyl.com\/palencia\/asaja-palencia-informa\/un-junio-monzonico-en-la-provincia-record-de-lluvias-y-temperaturas-muy-altas","name":"Un junio 'monz\u00f3nico' en la provincia: r\u00e9cord de lluvias y temperaturas muy altas - ASAJA Palencia","isPartOf":{"@id":"https:\/\/www.asajacyl.com\/palencia\/#website"},"primaryImageOfPage":{"@id":"https:\/\/www.asajacyl.com\/palencia\/asaja-palencia-informa\/un-junio-monzonico-en-la-provincia-record-de-lluvias-y-temperaturas-muy-altas#primaryimage"},"image":{"@id":"https:\/\/www.asajacyl.com\/palencia\/asaja-palencia-informa\/un-junio-monzonico-en-la-provincia-record-de-lluvias-y-temperaturas-muy-altas#primaryimage"},"thumbnailUrl":"https:\/\/www.asajacyl.com\/palencia\/wp-content\/uploads\/sites\/3\/2023\/04\/Mariano-Bustillo-horizontal-web.jpg","datePublished":"2023-07-03T08:17:49+00:00","dateModified":"2023-07-03T08:17:52+00:00","author":{"@id":"https:\/\/www.asajacyl.com\/palencia\/#\/schema\/person\/3ab17aeb03527485c317557fae64aab1"},"description":"La meteorolog\u00eda de 2023 no deja de sorprender. Si los primeros meses del a\u00f1o destacaron por la sequ\u00eda, el pasado junio se ha comportado en Palencia como","breadcrumb":{"@id":"https:\/\/www.asajacyl.com\/palencia\/asaja-palencia-informa\/un-junio-monzonico-en-la-provincia-record-de-lluvias-y-temperaturas-muy-altas#breadcrumb"},"inLanguage":"es","potentialAction":[{"@type":"ReadAction","target":["https:\/\/www.asajacyl.com\/palencia\/asaja-palencia-informa\/un-junio-monzonico-en-la-provincia-record-de-lluvias-y-temperaturas-muy-altas"]}]},{"@type":"ImageObject","inLanguage":"es","@id":"https:\/\/www.asajacyl.com\/palencia\/asaja-palencia-informa\/un-junio-monzonico-en-la-provincia-record-de-lluvias-y-temperaturas-muy-altas#primaryimage","url":"https:\/\/www.asajacyl.com\/palencia\/wp-content\/uploads\/sites\/3\/2023\/04\/Mariano-Bustillo-horizontal-web.jpg","contentUrl":"https:\/\/www.asajacyl.com\/palencia\/wp-content\/uploads\/sites\/3\/2023\/04\/Mariano-Bustillo-horizontal-web.jpg","width":2440,"height":1462},{"@type":"BreadcrumbList","@id":"https:\/\/www.asajacyl.com\/palencia\/asaja-palencia-informa\/un-junio-monzonico-en-la-provincia-record-de-lluvias-y-temperaturas-muy-altas#breadcrumb","itemListElement":[{"@type":"ListItem","position":1,"name":"Portada","item":"https:\/\/www.asajacyl.com\/palencia\/"},{"@type":"ListItem","position":2,"name":"Un junio &#8216;monz\u00f3nico&#8217; en la provincia: r\u00e9cord de lluvias y temperaturas muy altas"}]},{"@type":"WebSite","@id":"https:\/\/www.asajacyl.com\/palencia\/#website","url":"https:\/\/www.asajacyl.com\/palencia\/","name":"ASAJA Palencia","description":"Otro sitio m\u00e1s de Provincias ASAJA Castilla y Le\u00f3n","potentialAction":[{"@type":"SearchAction","target":{"@type":"EntryPoint","urlTemplate":"https:\/\/www.asajacyl.com\/palencia\/?s={search_term_string}"},"query-input":{"@type":"PropertyValueSpecification","valueRequired":true,"valueName":"search_term_string"}}],"inLanguage":"es"},{"@type":"Person","@id":"https:\/\/www.asajacyl.com\/palencia\/#\/schema\/person\/3ab17aeb03527485c317557fae64aab1","name":"Administrador","image":{"@type":"ImageObject","inLanguage":"es","@id":"https:\/\/www.asajacyl.com\/palencia\/#\/schema\/person\/image\/","url":"https:\/\/secure.gravatar.com\/avatar\/517384810d242ca9e38c180f3c9fb973?s=96&d=mm&r=g","contentUrl":"https:\/\/secure.gravatar.com\/avatar\/517384810d242ca9e38c180f3c9fb973?s=96&d=mm&r=g","caption":"Administrador"},"url":"https:\/\/www.asajacyl.com\/palencia\/author\/carlosrm"}]}},"_links":{"self":[{"href":"https:\/\/www.asajacyl.com\/palencia\/wp-json\/wp\/v2\/posts\/13648"}],"collection":[{"href":"https:\/\/www.asajacyl.com\/palencia\/wp-json\/wp\/v2\/posts"}],"about":[{"href":"https:\/\/www.asajacyl.com\/palencia\/wp-json\/wp\/v2\/types\/post"}],"author":[{"embeddable":true,"href":"https:\/\/www.asajacyl.com\/palencia\/wp-json\/wp\/v2\/users\/9"}],"replies":[{"embeddable":true,"href":"https:\/\/www.asajacyl.com\/palencia\/wp-json\/wp\/v2\/comments?post=13648"}],"version-history":[{"count":1,"href":"https:\/\/www.asajacyl.com\/palencia\/wp-json\/wp\/v2\/posts\/13648\/revisions"}],"predecessor-version":[{"id":13649,"href":"https:\/\/www.asajacyl.com\/palencia\/wp-json\/wp\/v2\/posts\/13648\/revisions\/13649"}],"wp:featuredmedia":[{"embeddable":true,"href":"https:\/\/www.asajacyl.com\/palencia\/wp-json\/wp\/v2\/media\/12882"}],"wp:attachment":[{"href":"https:\/\/www.asajacyl.com\/palencia\/wp-json\/wp\/v2\/media?parent=13648"}],"wp:term":[{"taxonomy":"category","embeddable":true,"href":"https:\/\/www.asajacyl.com\/palencia\/wp-json\/wp\/v2\/categories?post=13648"},{"taxonomy":"post_tag","embeddable":true,"href":"https:\/\/www.asajacyl.com\/palencia\/wp-json\/wp\/v2\/tags?post=13648"}],"curies":[{"name":"wp","href":"https:\/\/api.w.org\/{rel}","templated":true}]}}